{"id":5212,"date":"2012-01-24T21:04:31","date_gmt":"2012-01-24T19:04:31","guid":{"rendered":"http:\/\/www.tafeldeko.de\/news\/?p=5212"},"modified":"2012-01-24T21:04:31","modified_gmt":"2012-01-24T19:04:31","slug":"die-hochzeitsreise-wohin-darf-es-gehen","status":"publish","type":"post","link":"https:\/\/www.tafeldeko.de\/news\/die-hochzeitsreise-wohin-darf-es-gehen\/","title":{"rendered":"Die Hochzeitsreise &#8211; wohin darf es gehen?"},"content":{"rendered":"<p><b>Die Hochzeitsreise <\/b>&#8211; eine Reise in die Zweisamkeit, eine Reise, die die Heirat beschlie\u00dft, kr\u00f6nender Abschluss der Hochzeit und Beginn der gemeinsamen, weiteren Lebensjahre.<br \/>\nMitunter deshalb ist die <b>Hochzeitsreise <\/b>so beliebt, weil man sich von den Strapazen der Vorbereitungen f\u00fcr die <a href=\"https:\/\/www.tafeldeko.de\/index.php\/cat\/c45_Tischdeko-Hochzeit.html\">Hochzeit<\/a> erholen und die Tage zu zweit genie\u00dfen kann. Denn nach der <b>Hochzeitsreise <\/b>holt einen ganz schnell der Alltag ein. Mitunter sollte man die Tage in den Flitterwochen genie\u00dfen, ganz gleich, wohin die Reise geht.<br \/>\nDenn diese Frage stellt sich nat\u00fcrlich im Vorfeld auch: <b>wohin soll die Hochzeitsreise gehen?<\/b> Welches Reiseziel soll gew\u00e4hlt werden.<br \/>\n<b>Ganz beliebte Reiseziele f\u00fcr die Hochzeitsreise<\/b> sind die s\u00fcdlich gelegenen, warmen L\u00e4nder. <i>Malediven, Hawaii, die Dominikanische Republik, die Karibik <\/i>und viele weitere Ziele sind beliebt. <i>Unter Palmen, am Sandstrand, mit viel Sonne und leckeren Cocktails<\/i> l\u00e4sst man sich gerne verw\u00f6hnen und weil diese Ziele nicht so allt\u00e4glich sind, geh\u00f6ren sie zu den beliebten <b>Hochzeitsreise-Zielen<\/b>.<br \/>\nDoch manche Brautpaare ziehen auch andere Reiseziele f\u00fcr die <b>Hochzeitsreise <\/b>vor. Teilweise ist nat\u00fcrlich auch die Jahreszeit entscheidend f\u00fcr die Wahl des Reiseziels. Heiratet man in den Herbst- und Wintermonaten, zieht es das eine Brautpaar eher in die warmen Gefilde, andere genie\u00dfen die <b>Hochzeitsreise im Schnee und in den Bergen<\/b>, weil ihnen der Winterurlaub am Herzen liegt.<br \/>\nMan sieht, die Reiseziele f\u00fcr die Hochzeitsreise sind sehr vielf\u00e4ltig, obwohl meistens der Gro\u00dfteil der Hochzeitsreisenden in die warmen Gegenden reisen.<br \/>\nDas Reiseziel ist vollkommen gleich, wenn man sich erholen und die Tage im Urlaub genie\u00dfen kann. Und deshalb ist es auch so wichtig, dass das Brautpaar gemeinsam das Reiseziel aus, schlie\u00dflich sollen beide ihre Freude am Reiseziel und an den Flitterwochen haben.<br \/>\nBekommt man die <b>Hochzeitsreise <\/b>dagegen geschenkt, hat man vielleicht nicht unbedingt einen Einfluss auf das Reiseziel. Doch in der Regel ist es so, dass die Person oder Personen, die eine Hochzeitsreise schenken, auch die Vorlieben in Punkto Reiseziele kennen. Und danach wird entsprechend die <b>Hochzeitsreise <\/b>ausgew\u00e4hlt und geschenkt.<\/p>\n","protected":false},"excerpt":{"rendered":"<p>Die Hochzeitsreise &#8211; eine Reise in die Zweisamkeit, eine Reise, die die Heirat beschlie\u00dft, kr\u00f6nender Abschluss der Hochzeit und Beginn der gemeinsamen, weiteren Lebensjahre. Mitunter deshalb ist die Hochzeitsreise so beliebt, weil man sich von den Strapazen der Vorbereitungen f\u00fcr die Hochzeit erholen und die Tage zu zweit genie\u00dfen kann. Denn nach der Hochzeitsreise holt [&hellip;]<\/p>\n","protected":false},"author":2,"featured_media":0,"comment_status":"open","ping_status":"open","sticky":false,"template":"","format":"standard","meta":{"footnotes":""},"categories":[1],"tags":[],"yoast_head":"<!-- This site is optimized with the Yoast SEO plugin v20.4 - https:\/\/yoast.com\/wordpress\/plugins\/seo\/ -->\n<title>Die Hochzeitsreise - wohin darf es gehen? - Tafeldeko<\/title>\n<meta name=\"description\" content=\"Die Hochzeitsreise - eine Reise in die Zweisamkeit, eine Reise, die die Heirat beschlie\u00dft, kr\u00f6nender Abschluss der Hochzeit und Beginn der gemeinsamen,\" \/>\n<meta name=\"robots\" content=\"index, follow, max-snippet:-1, max-image-preview:large, max-video-preview:-1\" \/>\n<link rel=\"canonical\" href=\"https:\/\/www.tafeldeko.de\/news\/die-hochzeitsreise-wohin-darf-es-gehen\/\" \/>\n<meta property=\"og:locale\" content=\"de_DE\" \/>\n<meta property=\"og:type\" content=\"article\" \/>\n<meta property=\"og:title\" content=\"Die Hochzeitsreise - wohin darf es gehen? - Tafeldeko\" \/>\n<meta property=\"og:description\" content=\"Die Hochzeitsreise - eine Reise in die Zweisamkeit, eine Reise, die die Heirat beschlie\u00dft, kr\u00f6nender Abschluss der Hochzeit und Beginn der gemeinsamen,\" \/>\n<meta property=\"og:url\" content=\"https:\/\/www.tafeldeko.de\/news\/die-hochzeitsreise-wohin-darf-es-gehen\/\" \/>\n<meta property=\"og:site_name\" content=\"Tafeldeko\" \/>\n<meta property=\"article:publisher\" content=\"https:\/\/www.facebook.com\/pages\/Tafeldeko-einzigartige-Tischdekoration\/174202655894\" \/>\n<meta property=\"article:published_time\" content=\"2012-01-24T19:04:31+00:00\" \/>\n<meta name=\"author\" content=\"Christiane Stein\" \/>\n<meta name=\"twitter:label1\" content=\"Verfasst von\" \/>\n\t<meta name=\"twitter:data1\" content=\"Christiane Stein\" \/>\n\t<meta name=\"twitter:label2\" content=\"Gesch\u00e4tzte Lesezeit\" \/>\n\t<meta name=\"twitter:data2\" content=\"2 Minuten\" \/>\n<script type=\"application\/ld+json\" class=\"yoast-schema-graph\">{\"@context\":\"https:\/\/schema.org\",\"@graph\":[{\"@type\":\"WebPage\",\"@id\":\"https:\/\/www.tafeldeko.de\/news\/die-hochzeitsreise-wohin-darf-es-gehen\/\",\"url\":\"https:\/\/www.tafeldeko.de\/news\/die-hochzeitsreise-wohin-darf-es-gehen\/\",\"name\":\"Die Hochzeitsreise - wohin darf es gehen? - Tafeldeko\",\"isPartOf\":{\"@id\":\"https:\/\/www.tafeldeko.de\/news\/#website\"},\"datePublished\":\"2012-01-24T19:04:31+00:00\",\"dateModified\":\"2012-01-24T19:04:31+00:00\",\"author\":{\"@id\":\"https:\/\/www.tafeldeko.de\/news\/#\/schema\/person\/d2acd86447ed0b6336089a8ba83164a0\"},\"description\":\"Die Hochzeitsreise - eine Reise in die Zweisamkeit, eine Reise, die die Heirat beschlie\u00dft, kr\u00f6nender Abschluss der Hochzeit und Beginn der gemeinsamen,\",\"breadcrumb\":{\"@id\":\"https:\/\/www.tafeldeko.de\/news\/die-hochzeitsreise-wohin-darf-es-gehen\/#breadcrumb\"},\"inLanguage\":\"de-DE\",\"potentialAction\":[{\"@type\":\"ReadAction\",\"target\":[\"https:\/\/www.tafeldeko.de\/news\/die-hochzeitsreise-wohin-darf-es-gehen\/\"]}]},{\"@type\":\"BreadcrumbList\",\"@id\":\"https:\/\/www.tafeldeko.de\/news\/die-hochzeitsreise-wohin-darf-es-gehen\/#breadcrumb\",\"itemListElement\":[{\"@type\":\"ListItem\",\"position\":1,\"name\":\"Tafeldeko\",\"item\":\"https:\/\/www.tafeldeko.de\/news\/\"},{\"@type\":\"ListItem\",\"position\":2,\"name\":\"Alte Beitr\u00e4ge\",\"item\":\"https:\/\/www.tafeldeko.de\/news\/alte-beitraege\/\"},{\"@type\":\"ListItem\",\"position\":3,\"name\":\"Tischdeko - Blog\",\"item\":\"https:\/\/www.tafeldeko.de\/news\/alte-beitraege\/tischdeko-blog\/\"},{\"@type\":\"ListItem\",\"position\":4,\"name\":\"Die Hochzeitsreise &#8211; wohin darf es gehen?\"}]},{\"@type\":\"WebSite\",\"@id\":\"https:\/\/www.tafeldeko.de\/news\/#website\",\"url\":\"https:\/\/www.tafeldeko.de\/news\/\",\"name\":\"Tafeldeko\",\"description\":\"Blog mit Tischdeko und Tischdekoration Ideen\",\"potentialAction\":[{\"@type\":\"SearchAction\",\"target\":{\"@type\":\"EntryPoint\",\"urlTemplate\":\"https:\/\/www.tafeldeko.de\/news\/?s={search_term_string}\"},\"query-input\":\"required name=search_term_string\"}],\"inLanguage\":\"de-DE\"},{\"@type\":\"Person\",\"@id\":\"https:\/\/www.tafeldeko.de\/news\/#\/schema\/person\/d2acd86447ed0b6336089a8ba83164a0\",\"name\":\"Christiane Stein\",\"image\":{\"@type\":\"ImageObject\",\"inLanguage\":\"de-DE\",\"@id\":\"https:\/\/www.tafeldeko.de\/news\/#\/schema\/person\/image\/\",\"url\":\"https:\/\/secure.gravatar.com\/avatar\/2054729fbfd1ebc9d3cf1fd55361d0b6?s=96&d=mm&r=g\",\"contentUrl\":\"https:\/\/secure.gravatar.com\/avatar\/2054729fbfd1ebc9d3cf1fd55361d0b6?s=96&d=mm&r=g\",\"caption\":\"Christiane Stein\"}}]}<\/script>\n<!-- \/ Yoast SEO plugin. -->","yoast_head_json":{"title":"Die Hochzeitsreise - wohin darf es gehen? - Tafeldeko","description":"Die Hochzeitsreise - eine Reise in die Zweisamkeit, eine Reise, die die Heirat beschlie\u00dft, kr\u00f6nender Abschluss der Hochzeit und Beginn der gemeinsamen,","robots":{"index":"index","follow":"follow","max-snippet":"max-snippet:-1","max-image-preview":"max-image-preview:large","max-video-preview":"max-video-preview:-1"},"canonical":"https:\/\/www.tafeldeko.de\/news\/die-hochzeitsreise-wohin-darf-es-gehen\/","og_locale":"de_DE","og_type":"article","og_title":"Die Hochzeitsreise - wohin darf es gehen? - Tafeldeko","og_description":"Die Hochzeitsreise - eine Reise in die Zweisamkeit, eine Reise, die die Heirat beschlie\u00dft, kr\u00f6nender Abschluss der Hochzeit und Beginn der gemeinsamen,","og_url":"https:\/\/www.tafeldeko.de\/news\/die-hochzeitsreise-wohin-darf-es-gehen\/","og_site_name":"Tafeldeko","article_publisher":"https:\/\/www.facebook.com\/pages\/Tafeldeko-einzigartige-Tischdekoration\/174202655894","article_published_time":"2012-01-24T19:04:31+00:00","author":"Christiane Stein","twitter_misc":{"Verfasst von":"Christiane Stein","Gesch\u00e4tzte Lesezeit":"2 Minuten"},"schema":{"@context":"https:\/\/schema.org","@graph":[{"@type":"WebPage","@id":"https:\/\/www.tafeldeko.de\/news\/die-hochzeitsreise-wohin-darf-es-gehen\/","url":"https:\/\/www.tafeldeko.de\/news\/die-hochzeitsreise-wohin-darf-es-gehen\/","name":"Die Hochzeitsreise - wohin darf es gehen? - Tafeldeko","isPartOf":{"@id":"https:\/\/www.tafeldeko.de\/news\/#website"},"datePublished":"2012-01-24T19:04:31+00:00","dateModified":"2012-01-24T19:04:31+00:00","author":{"@id":"https:\/\/www.tafeldeko.de\/news\/#\/schema\/person\/d2acd86447ed0b6336089a8ba83164a0"},"description":"Die Hochzeitsreise - eine Reise in die Zweisamkeit, eine Reise, die die Heirat beschlie\u00dft, kr\u00f6nender Abschluss der Hochzeit und Beginn der gemeinsamen,","breadcrumb":{"@id":"https:\/\/www.tafeldeko.de\/news\/die-hochzeitsreise-wohin-darf-es-gehen\/#breadcrumb"},"inLanguage":"de-DE","potentialAction":[{"@type":"ReadAction","target":["https:\/\/www.tafeldeko.de\/news\/die-hochzeitsreise-wohin-darf-es-gehen\/"]}]},{"@type":"BreadcrumbList","@id":"https:\/\/www.tafeldeko.de\/news\/die-hochzeitsreise-wohin-darf-es-gehen\/#breadcrumb","itemListElement":[{"@type":"ListItem","position":1,"name":"Tafeldeko","item":"https:\/\/www.tafeldeko.de\/news\/"},{"@type":"ListItem","position":2,"name":"Alte Beitr\u00e4ge","item":"https:\/\/www.tafeldeko.de\/news\/alte-beitraege\/"},{"@type":"ListItem","position":3,"name":"Tischdeko - Blog","item":"https:\/\/www.tafeldeko.de\/news\/alte-beitraege\/tischdeko-blog\/"},{"@type":"ListItem","position":4,"name":"Die Hochzeitsreise &#8211; wohin darf es gehen?"}]},{"@type":"WebSite","@id":"https:\/\/www.tafeldeko.de\/news\/#website","url":"https:\/\/www.tafeldeko.de\/news\/","name":"Tafeldeko","description":"Blog mit Tischdeko und Tischdekoration Ideen","potentialAction":[{"@type":"SearchAction","target":{"@type":"EntryPoint","urlTemplate":"https:\/\/www.tafeldeko.de\/news\/?s={search_term_string}"},"query-input":"required name=search_term_string"}],"inLanguage":"de-DE"},{"@type":"Person","@id":"https:\/\/www.tafeldeko.de\/news\/#\/schema\/person\/d2acd86447ed0b6336089a8ba83164a0","name":"Christiane Stein","image":{"@type":"ImageObject","inLanguage":"de-DE","@id":"https:\/\/www.tafeldeko.de\/news\/#\/schema\/person\/image\/","url":"https:\/\/secure.gravatar.com\/avatar\/2054729fbfd1ebc9d3cf1fd55361d0b6?s=96&d=mm&r=g","contentUrl":"https:\/\/secure.gravatar.com\/avatar\/2054729fbfd1ebc9d3cf1fd55361d0b6?s=96&d=mm&r=g","caption":"Christiane Stein"}}]}},"_links":{"self":[{"href":"https:\/\/www.tafeldeko.de\/news\/wp-json\/wp\/v2\/posts\/5212"}],"collection":[{"href":"https:\/\/www.tafeldeko.de\/news\/wp-json\/wp\/v2\/posts"}],"about":[{"href":"https:\/\/www.tafeldeko.de\/news\/wp-json\/wp\/v2\/types\/post"}],"author":[{"embeddable":true,"href":"https:\/\/www.tafeldeko.de\/news\/wp-json\/wp\/v2\/users\/2"}],"replies":[{"embeddable":true,"href":"https:\/\/www.tafeldeko.de\/news\/wp-json\/wp\/v2\/comments?post=5212"}],"version-history":[{"count":0,"href":"https:\/\/www.tafeldeko.de\/news\/wp-json\/wp\/v2\/posts\/5212\/revisions"}],"wp:attachment":[{"href":"https:\/\/www.tafeldeko.de\/news\/wp-json\/wp\/v2\/media?parent=5212"}],"wp:term":[{"taxonomy":"category","embeddable":true,"href":"https:\/\/www.tafeldeko.de\/news\/wp-json\/wp\/v2\/categories?post=5212"},{"taxonomy":"post_tag","embeddable":true,"href":"https:\/\/www.tafeldeko.de\/news\/wp-json\/wp\/v2\/tags?post=5212"}],"curies":[{"name":"wp","href":"https:\/\/api.w.org\/{rel}","templated":true}]}}