{"id":517,"date":"2014-03-28T15:46:55","date_gmt":"2014-03-28T13:46:55","guid":{"rendered":"http:\/\/www.tafeldeko.de\/news\/?p=517"},"modified":"2023-02-20T09:32:41","modified_gmt":"2023-02-20T08:32:41","slug":"farbenpraechtige-tischdeko-fuer-die-fruehlingsmomente-auf-dem-tisch","status":"publish","type":"post","link":"https:\/\/www.tafeldeko.de\/news\/farbenpraechtige-tischdeko-fuer-die-fruehlingsmomente-auf-dem-tisch\/","title":{"rendered":"Farbenpr\u00e4chtige Tischdeko f\u00fcr die Fr\u00fchlingsmomente auf dem Tisch"},"content":{"rendered":"<p>Farbenpr\u00e4chtige Tischdeko f\u00fcr die Fr\u00fchlingsmomente. Drau\u00dfen erweckt die Natur zum Leben, die ersten w\u00e4rmenden <b>Sonnenstrahlen <\/b>erfreuen uns und unser Gem\u00fct. Die Wiesen gr\u00fcnen, G\u00e4nsebl\u00fcmchen, Osterglocken und Krokusse lassen sich im Garten blicken &#8211; die Natur erweckt zu neuem Leben. Auch wir freuen uns auf diese sch\u00f6ne Jahreszeit, bietet sie uns so viel Buntes, Erfrischendes und Fr\u00f6hliches. Vorbei ist der triste Herbst und der graue, kalte Winter, endlich ist der Fr\u00fchling da. Bunte Farben und frische Blumen inspirieren uns, verbessern unsere Laune.<\/p>\n<p><img decoding=\"async\" loading=\"lazy\" src=\"https:\/\/www.tafeldeko.de\/news\/wp-content\/uploads\/2014\/09\/fruehling_neu_rotgruen.jpg\" sizes=\"(max-width: 403px) 100vw, 403px\" srcset=\"https:\/\/www.tafeldeko.de\/news\/wp-content\/uploads\/2014\/09\/fruehling_neu_rotgruen.jpg 403w, https:\/\/www.tafeldeko.de\/news\/wp-content\/uploads\/2014\/09\/fruehling_neu_rotgruen-300x191.jpg 300w\" alt=\"Farbenpr\u00e4chtige Tischdeko f\u00fcr die Fr\u00fchlingsmomente\" width=\"403\" height=\"257\" \/><\/p>\n<h2>Farbenpr\u00e4chtige Tischdeko f\u00fcr die Fr\u00fchlingsmomente &#8211; so geht&#8217;s<\/h2>\n<p>Nat\u00fcrlich m\u00f6chten wir den Fr\u00fchling nicht drau\u00dfen vor der T\u00fcr lassen, sondern mit in unsere Wohnr\u00e4ume nehmen. Mit einer <b>fr\u00fchlingsfrischen, bunten Deko<\/b> verleihen wir auch unseren Wohnungen ihr sch\u00f6nes Ambiente, ein sch\u00f6nes Fr\u00fchlingsflair.<br \/>\nWer jetzt noch nicht mit Osterhasen, Ostereiern und anderen <b><a title=\"Oster-Accessoires\" href=\"https:\/\/www.tafeldeko.de\/index.php\/cat\/c776_Fr%C3%BChling-Accessoires.html\">Oster-Accessoires<\/a><\/b> dekorieren m\u00f6chte, kann auf eine Fr\u00fchlingsdeko setzen. Es gibt so viele tolle Accessoires, mit denen man beispielsweise eine beeindruckende und farbenfrohe Tischdeko zaubern kann.<br \/>\nLassen Sie sich von dem Fr\u00fchlings-Mustertisch in Rot und Gr\u00fcn inspirieren und schaffen Sie Ihre ganz eigene Tischdekoration f\u00fcr den Fr\u00fchling. Allein die Tischmitte mit der Keramik Feuerstelle Viktor mit Glausaufsatz und Flammenl\u00f6scher, versch\u00f6nert mit einer Filzkordel in Maigrun, best\u00fcckt mit der Kerze Baumstamm, ist ein <b>echter Blickfang<\/b>. Die roten und gr\u00fcnen Accessoires, wie beispielsweise das Kerzenglas in Rot, der Froschk\u00f6nig mit Kugel in Gr\u00fcn und die Mooskugeln in Gr\u00fcn erg\u00e4nzen das Bild der fr\u00fchlingsfrischen und bunten Tischdeko perfekt.<br \/>\n<b>Au\u00dfergew\u00f6hnlich <\/b>bei dieser Tischdeko sind die <b><a title=\"Tischsets\" href=\"https:\/\/www.tafeldeko.de\/index.php\/cat\/c726_Tischsets.html\">Tischsets<\/a><\/b> geflochten in Gr\u00fcn. Warum? Nun, Tischsets kommen bei der edlen Tischdeko eher selten zum Einsatz, die Wahl f\u00e4llt eher auf Tischdecken, Mitteldecken oder Tischl\u00e4ufer. Doch dieser Tisch zeigt, dass Tischsets geradezu perfekt f\u00fcr sch\u00f6n gedeckte Tische sind. In Zusammenspiel mit den roten Duni Servietten wirken die Tischsets sehr edel und ansprechend und sind eine echte Bereicherung f\u00fcr diese tolle Tischdekoration.<br \/>\nFr\u00fchlingsfest, Geburtstag oder anderer Anlass &#8211; dieser wundersch\u00f6ne Tisch bietet die tolle Basis und das sch\u00f6ne Ambiente f\u00fcr Gastgeber und G\u00e4ste.<\/p>\n<p><a role=\"button\" href=\"https:\/\/www.tafeldeko.de\/tischdeko-ideen\/fruehling-tischdeko\/\"><br \/>\n&gt;&gt; Zu den Mustertischen &lt;&lt;<br \/>\n<\/a><\/p>\n<h2>Weitere Beitr\u00e4ge:<\/h2>\n<h2>Dekoartikel von A-Z<\/h2>\n<p><a href=\"https:\/\/www.tafeldeko.de\/tischdeko-artikel\/\"><br \/>\nJetzt entdecken <\/a><\/p>\n","protected":false},"excerpt":{"rendered":"<p>Drau\u00dfen erweckt die Natur zum Leben, die ersten w\u00e4rmenden Sonnenstrahlen erfreuen uns und unser Gem\u00fct. Die Wiesen gr\u00fcnen, G\u00e4nsebl\u00fcmchen, Osterglocken und Krokusse lassen sich im Garten blicken &#8211; die Natur erweckt zu neuem Leben. Auch wir freuen uns auf diese sch\u00f6ne Jahreszeit, bietet sie uns so viel Buntes, Erfrischendes und Fr\u00f6hliches. Vorbei ist der triste Herbst und der graue, kalte Winter, endlich ist der Fr\u00fchling da.<\/p>\n","protected":false},"author":2,"featured_media":518,"comment_status":"open","ping_status":"open","sticky":false,"template":"","format":"standard","meta":{"footnotes":""},"categories":[1],"tags":[],"yoast_head":"<!-- This site is optimized with the Yoast SEO plugin v20.4 - https:\/\/yoast.com\/wordpress\/plugins\/seo\/ -->\n<title>Farbenpr\u00e4chtige Tischdeko f\u00fcr die Fr\u00fchlingsmomente auf dem Tisch - Tafeldeko<\/title>\n<meta name=\"description\" content=\"Farbenpr\u00e4chtige Tischdeko f\u00fcr die Fr\u00fchlingsmomente. Lassen Sie sich von dem Fr\u00fchlings-Mustertisch in Rot und Gr\u00fcn inspirieren und...\" \/>\n<meta name=\"robots\" content=\"index, follow, max-snippet:-1, max-image-preview:large, max-video-preview:-1\" \/>\n<link rel=\"canonical\" href=\"https:\/\/www.tafeldeko.de\/news\/farbenpraechtige-tischdeko-fuer-die-fruehlingsmomente-auf-dem-tisch\/\" \/>\n<meta property=\"og:locale\" content=\"de_DE\" \/>\n<meta property=\"og:type\" content=\"article\" \/>\n<meta property=\"og:title\" content=\"Farbenpr\u00e4chtige Tischdeko f\u00fcr die Fr\u00fchlingsmomente auf dem Tisch - Tafeldeko\" \/>\n<meta property=\"og:description\" content=\"Farbenpr\u00e4chtige Tischdeko f\u00fcr die Fr\u00fchlingsmomente. Lassen Sie sich von dem Fr\u00fchlings-Mustertisch in Rot und Gr\u00fcn inspirieren und...\" \/>\n<meta property=\"og:url\" content=\"https:\/\/www.tafeldeko.de\/news\/farbenpraechtige-tischdeko-fuer-die-fruehlingsmomente-auf-dem-tisch\/\" \/>\n<meta property=\"og:site_name\" content=\"Tafeldeko\" \/>\n<meta property=\"article:publisher\" content=\"https:\/\/www.facebook.com\/pages\/Tafeldeko-einzigartige-Tischdekoration\/174202655894\" \/>\n<meta property=\"article:published_time\" content=\"2014-03-28T13:46:55+00:00\" \/>\n<meta property=\"article:modified_time\" content=\"2023-02-20T08:32:41+00:00\" \/>\n<meta property=\"og:image\" content=\"https:\/\/www.tafeldeko.de\/news\/wp-content\/uploads\/2014\/09\/fruehling_neu_rotgruen.jpg\" \/>\n\t<meta property=\"og:image:width\" content=\"403\" \/>\n\t<meta property=\"og:image:height\" content=\"257\" \/>\n\t<meta property=\"og:image:type\" content=\"image\/jpeg\" \/>\n<meta name=\"author\" content=\"Christiane Stein\" \/>\n<meta name=\"twitter:label1\" content=\"Verfasst von\" \/>\n\t<meta name=\"twitter:data1\" content=\"Christiane Stein\" \/>\n\t<meta name=\"twitter:label2\" content=\"Gesch\u00e4tzte Lesezeit\" \/>\n\t<meta name=\"twitter:data2\" content=\"3 Minuten\" \/>\n<script type=\"application\/ld+json\" class=\"yoast-schema-graph\">{\"@context\":\"https:\/\/schema.org\",\"@graph\":[{\"@type\":\"WebPage\",\"@id\":\"https:\/\/www.tafeldeko.de\/news\/farbenpraechtige-tischdeko-fuer-die-fruehlingsmomente-auf-dem-tisch\/\",\"url\":\"https:\/\/www.tafeldeko.de\/news\/farbenpraechtige-tischdeko-fuer-die-fruehlingsmomente-auf-dem-tisch\/\",\"name\":\"Farbenpr\u00e4chtige Tischdeko f\u00fcr die Fr\u00fchlingsmomente auf dem Tisch - Tafeldeko\",\"isPartOf\":{\"@id\":\"https:\/\/www.tafeldeko.de\/news\/#website\"},\"datePublished\":\"2014-03-28T13:46:55+00:00\",\"dateModified\":\"2023-02-20T08:32:41+00:00\",\"author\":{\"@id\":\"https:\/\/www.tafeldeko.de\/news\/#\/schema\/person\/d2acd86447ed0b6336089a8ba83164a0\"},\"description\":\"Farbenpr\u00e4chtige Tischdeko f\u00fcr die Fr\u00fchlingsmomente. Lassen Sie sich von dem Fr\u00fchlings-Mustertisch in Rot und Gr\u00fcn inspirieren und...\",\"breadcrumb\":{\"@id\":\"https:\/\/www.tafeldeko.de\/news\/farbenpraechtige-tischdeko-fuer-die-fruehlingsmomente-auf-dem-tisch\/#breadcrumb\"},\"inLanguage\":\"de-DE\",\"potentialAction\":[{\"@type\":\"ReadAction\",\"target\":[\"https:\/\/www.tafeldeko.de\/news\/farbenpraechtige-tischdeko-fuer-die-fruehlingsmomente-auf-dem-tisch\/\"]}]},{\"@type\":\"BreadcrumbList\",\"@id\":\"https:\/\/www.tafeldeko.de\/news\/farbenpraechtige-tischdeko-fuer-die-fruehlingsmomente-auf-dem-tisch\/#breadcrumb\",\"itemListElement\":[{\"@type\":\"ListItem\",\"position\":1,\"name\":\"Tafeldeko\",\"item\":\"https:\/\/www.tafeldeko.de\/news\/\"},{\"@type\":\"ListItem\",\"position\":2,\"name\":\"Alte Beitr\u00e4ge\",\"item\":\"https:\/\/www.tafeldeko.de\/news\/alte-beitraege\/\"},{\"@type\":\"ListItem\",\"position\":3,\"name\":\"Tischdeko - Blog\",\"item\":\"https:\/\/www.tafeldeko.de\/news\/alte-beitraege\/tischdeko-blog\/\"},{\"@type\":\"ListItem\",\"position\":4,\"name\":\"Farbenpr\u00e4chtige Tischdeko f\u00fcr die Fr\u00fchlingsmomente auf dem Tisch\"}]},{\"@type\":\"WebSite\",\"@id\":\"https:\/\/www.tafeldeko.de\/news\/#website\",\"url\":\"https:\/\/www.tafeldeko.de\/news\/\",\"name\":\"Tafeldeko\",\"description\":\"Blog mit Tischdeko und Tischdekoration Ideen\",\"potentialAction\":[{\"@type\":\"SearchAction\",\"target\":{\"@type\":\"EntryPoint\",\"urlTemplate\":\"https:\/\/www.tafeldeko.de\/news\/?s={search_term_string}\"},\"query-input\":\"required name=search_term_string\"}],\"inLanguage\":\"de-DE\"},{\"@type\":\"Person\",\"@id\":\"https:\/\/www.tafeldeko.de\/news\/#\/schema\/person\/d2acd86447ed0b6336089a8ba83164a0\",\"name\":\"Christiane Stein\",\"image\":{\"@type\":\"ImageObject\",\"inLanguage\":\"de-DE\",\"@id\":\"https:\/\/www.tafeldeko.de\/news\/#\/schema\/person\/image\/\",\"url\":\"https:\/\/secure.gravatar.com\/avatar\/2054729fbfd1ebc9d3cf1fd55361d0b6?s=96&d=mm&r=g\",\"contentUrl\":\"https:\/\/secure.gravatar.com\/avatar\/2054729fbfd1ebc9d3cf1fd55361d0b6?s=96&d=mm&r=g\",\"caption\":\"Christiane Stein\"}}]}<\/script>\n<!-- \/ Yoast SEO plugin. -->","yoast_head_json":{"title":"Farbenpr\u00e4chtige Tischdeko f\u00fcr die Fr\u00fchlingsmomente auf dem Tisch - Tafeldeko","description":"Farbenpr\u00e4chtige Tischdeko f\u00fcr die Fr\u00fchlingsmomente. Lassen Sie sich von dem Fr\u00fchlings-Mustertisch in Rot und Gr\u00fcn inspirieren und...","robots":{"index":"index","follow":"follow","max-snippet":"max-snippet:-1","max-image-preview":"max-image-preview:large","max-video-preview":"max-video-preview:-1"},"canonical":"https:\/\/www.tafeldeko.de\/news\/farbenpraechtige-tischdeko-fuer-die-fruehlingsmomente-auf-dem-tisch\/","og_locale":"de_DE","og_type":"article","og_title":"Farbenpr\u00e4chtige Tischdeko f\u00fcr die Fr\u00fchlingsmomente auf dem Tisch - Tafeldeko","og_description":"Farbenpr\u00e4chtige Tischdeko f\u00fcr die Fr\u00fchlingsmomente. Lassen Sie sich von dem Fr\u00fchlings-Mustertisch in Rot und Gr\u00fcn inspirieren und...","og_url":"https:\/\/www.tafeldeko.de\/news\/farbenpraechtige-tischdeko-fuer-die-fruehlingsmomente-auf-dem-tisch\/","og_site_name":"Tafeldeko","article_publisher":"https:\/\/www.facebook.com\/pages\/Tafeldeko-einzigartige-Tischdekoration\/174202655894","article_published_time":"2014-03-28T13:46:55+00:00","article_modified_time":"2023-02-20T08:32:41+00:00","og_image":[{"width":403,"height":257,"url":"https:\/\/www.tafeldeko.de\/news\/wp-content\/uploads\/2014\/09\/fruehling_neu_rotgruen.jpg","type":"image\/jpeg"}],"author":"Christiane Stein","twitter_misc":{"Verfasst von":"Christiane Stein","Gesch\u00e4tzte Lesezeit":"3 Minuten"},"schema":{"@context":"https:\/\/schema.org","@graph":[{"@type":"WebPage","@id":"https:\/\/www.tafeldeko.de\/news\/farbenpraechtige-tischdeko-fuer-die-fruehlingsmomente-auf-dem-tisch\/","url":"https:\/\/www.tafeldeko.de\/news\/farbenpraechtige-tischdeko-fuer-die-fruehlingsmomente-auf-dem-tisch\/","name":"Farbenpr\u00e4chtige Tischdeko f\u00fcr die Fr\u00fchlingsmomente auf dem Tisch - Tafeldeko","isPartOf":{"@id":"https:\/\/www.tafeldeko.de\/news\/#website"},"datePublished":"2014-03-28T13:46:55+00:00","dateModified":"2023-02-20T08:32:41+00:00","author":{"@id":"https:\/\/www.tafeldeko.de\/news\/#\/schema\/person\/d2acd86447ed0b6336089a8ba83164a0"},"description":"Farbenpr\u00e4chtige Tischdeko f\u00fcr die Fr\u00fchlingsmomente. Lassen Sie sich von dem Fr\u00fchlings-Mustertisch in Rot und Gr\u00fcn inspirieren und...","breadcrumb":{"@id":"https:\/\/www.tafeldeko.de\/news\/farbenpraechtige-tischdeko-fuer-die-fruehlingsmomente-auf-dem-tisch\/#breadcrumb"},"inLanguage":"de-DE","potentialAction":[{"@type":"ReadAction","target":["https:\/\/www.tafeldeko.de\/news\/farbenpraechtige-tischdeko-fuer-die-fruehlingsmomente-auf-dem-tisch\/"]}]},{"@type":"BreadcrumbList","@id":"https:\/\/www.tafeldeko.de\/news\/farbenpraechtige-tischdeko-fuer-die-fruehlingsmomente-auf-dem-tisch\/#breadcrumb","itemListElement":[{"@type":"ListItem","position":1,"name":"Tafeldeko","item":"https:\/\/www.tafeldeko.de\/news\/"},{"@type":"ListItem","position":2,"name":"Alte Beitr\u00e4ge","item":"https:\/\/www.tafeldeko.de\/news\/alte-beitraege\/"},{"@type":"ListItem","position":3,"name":"Tischdeko - Blog","item":"https:\/\/www.tafeldeko.de\/news\/alte-beitraege\/tischdeko-blog\/"},{"@type":"ListItem","position":4,"name":"Farbenpr\u00e4chtige Tischdeko f\u00fcr die Fr\u00fchlingsmomente auf dem Tisch"}]},{"@type":"WebSite","@id":"https:\/\/www.tafeldeko.de\/news\/#website","url":"https:\/\/www.tafeldeko.de\/news\/","name":"Tafeldeko","description":"Blog mit Tischdeko und Tischdekoration Ideen","potentialAction":[{"@type":"SearchAction","target":{"@type":"EntryPoint","urlTemplate":"https:\/\/www.tafeldeko.de\/news\/?s={search_term_string}"},"query-input":"required name=search_term_string"}],"inLanguage":"de-DE"},{"@type":"Person","@id":"https:\/\/www.tafeldeko.de\/news\/#\/schema\/person\/d2acd86447ed0b6336089a8ba83164a0","name":"Christiane Stein","image":{"@type":"ImageObject","inLanguage":"de-DE","@id":"https:\/\/www.tafeldeko.de\/news\/#\/schema\/person\/image\/","url":"https:\/\/secure.gravatar.com\/avatar\/2054729fbfd1ebc9d3cf1fd55361d0b6?s=96&d=mm&r=g","contentUrl":"https:\/\/secure.gravatar.com\/avatar\/2054729fbfd1ebc9d3cf1fd55361d0b6?s=96&d=mm&r=g","caption":"Christiane Stein"}}]}},"_links":{"self":[{"href":"https:\/\/www.tafeldeko.de\/news\/wp-json\/wp\/v2\/posts\/517"}],"collection":[{"href":"https:\/\/www.tafeldeko.de\/news\/wp-json\/wp\/v2\/posts"}],"about":[{"href":"https:\/\/www.tafeldeko.de\/news\/wp-json\/wp\/v2\/types\/post"}],"author":[{"embeddable":true,"href":"https:\/\/www.tafeldeko.de\/news\/wp-json\/wp\/v2\/users\/2"}],"replies":[{"embeddable":true,"href":"https:\/\/www.tafeldeko.de\/news\/wp-json\/wp\/v2\/comments?post=517"}],"version-history":[{"count":5,"href":"https:\/\/www.tafeldeko.de\/news\/wp-json\/wp\/v2\/posts\/517\/revisions"}],"predecessor-version":[{"id":23784,"href":"https:\/\/www.tafeldeko.de\/news\/wp-json\/wp\/v2\/posts\/517\/revisions\/23784"}],"wp:featuredmedia":[{"embeddable":true,"href":"https:\/\/www.tafeldeko.de\/news\/wp-json\/wp\/v2\/media\/518"}],"wp:attachment":[{"href":"https:\/\/www.tafeldeko.de\/news\/wp-json\/wp\/v2\/media?parent=517"}],"wp:term":[{"taxonomy":"category","embeddable":true,"href":"https:\/\/www.tafeldeko.de\/news\/wp-json\/wp\/v2\/categories?post=517"},{"taxonomy":"post_tag","embeddable":true,"href":"https:\/\/www.tafeldeko.de\/news\/wp-json\/wp\/v2\/tags?post=517"}],"curies":[{"name":"wp","href":"https:\/\/api.w.org\/{rel}","templated":true}]}}