{"id":515,"date":"2014-03-22T11:41:02","date_gmt":"2014-03-22T09:41:02","guid":{"rendered":"http:\/\/www.tafeldeko.de\/news\/?p=515"},"modified":"2023-02-20T09:43:33","modified_gmt":"2023-02-20T08:43:33","slug":"osterdeko-fuer-das-schoene-ambiente-zu-ostern","status":"publish","type":"post","link":"https:\/\/www.tafeldeko.de\/news\/osterdeko-fuer-das-schoene-ambiente-zu-ostern\/","title":{"rendered":"Osterdeko &#8211; f\u00fcr das sch\u00f6ne Ambiente zu Ostern"},"content":{"rendered":"<p>Osterdeko f\u00fcr das sch\u00f6ne Ambiente. Nicht mehr lange und Ostern steht vor der T\u00fcr. Mit der Fr\u00fchlingssonne und der erwachenden Natur steigt bei vielen Menschen das Wohlbefinden. Raus in die Natur, den Tag genie\u00dfen, im Eiscafe das erste Eis sich g\u00f6nnen und vor allen Dingen: die Wohnung<b> fr\u00fchlingshaft dekorieren<\/b>.<br \/>\nIm Hinblick auf Ostern bieten sich neben den verschiedenen <b><a title=\"Fr\u00fchlings-Accessoires\" href=\"https:\/\/www.tafeldeko.de\/index.php\/cat\/c776_Fr%C3%BChling-Accessoires.html\">Fr\u00fchlings-Accessoires<\/a><\/b> nat\u00fcrlich Osterhasen, Ostereier und andere Osterboten f\u00fcr die Deko an.<\/p>\n<p><img decoding=\"async\" loading=\"lazy\" src=\"https:\/\/www.tafeldeko.de\/news\/wp-content\/uploads\/2014\/09\/ostern_orangeneu.jpg\" sizes=\"(max-width: 403px) 100vw, 403px\" srcset=\"https:\/\/www.tafeldeko.de\/news\/wp-content\/uploads\/2014\/09\/ostern_orangeneu.jpg 403w, https:\/\/www.tafeldeko.de\/news\/wp-content\/uploads\/2014\/09\/ostern_orangeneu-300x192.jpg 300w\" alt=\"Osterdeko f\u00fcr das sch\u00f6ne Ambiente\" width=\"403\" height=\"258\" \/><\/p>\n<h2>Osterdeko f\u00fcr das sch\u00f6ne Ambiente &#8211; Orangene und Gelb<\/h2>\n<p>Der <b>Ostertisch in Orange<\/b> verk\u00f6rpert eine fr\u00fchlingsfrische Farbwahl, wundersch\u00f6ne Elemente und macht Lust auf Ostern und den Fr\u00fchling. Die Tischmitte leuchtet im satten Orange, der Taft Stoff Tischl\u00e4ufer mit Beflockung in Orange ist der perfekte Blickpunkt. Dekowolle in Wollwei\u00df und ein orangefarbenes Organza Tischband sorgen f\u00fcr den weiteren Pepp auf dem Tisch.<br \/>\nZu Ostern schm\u00fccken den Tisch Accessoires wie der gro\u00dfe Deko Hase in Holzoptik und die Osternester mit Keramik H\u00fchnern mit Magnetfl\u00fcgeln in Orange.<br \/>\nIst noch einiges an Zeit bis Ostern, man m\u00f6chte die <b><a title=\"Tischdeko\" href=\"https:\/\/www.tafeldeko.de\/fruehling-tischdeko\/\">Tischdeko<\/a><\/b> aber bereits fr\u00fchlingshaft dekorieren, inspiriert Sie dieser Mustertisch garantiert. Verzichten Sie vor Ostern auf die Osterhasen und H\u00fchner und schon ist die <b>Fr\u00fchlingsdeko <\/b>auf dem Tisch arrangiert. Steht dann Ostern vor der T\u00fcr, d\u00fcrfen der gro\u00dfe Deko Hase in Holzoptik und das Keramik Huhn mit Magnetfl\u00fcgeln in Orange zum Einsatz kommen. Mit einem solch sch\u00f6nen Tisch kann Ostern kommen und nat\u00fcrlich auch der Fr\u00fchling.<br \/>\nWer das Besondere liebt, kann die G\u00e4ste mit einem au\u00dfergew\u00f6hnlichen Servietten-Arrangement \u00fcberraschen &#8211; Servietten Modern Colors in Orange, Duni Servietten Dunilin in Creme und Duni Servietten Dunilin in Grau werden zusammen als F\u00e4cher gefaltet und an den Sitzpl\u00e4tzen der G\u00e4ste arrangiert. Ein echter Blickfang und Hingucker.<br \/>\nEin Fr\u00fchlingsgru\u00df in Form der Keramik Vase Origami in Creme, best\u00fcckt mit Narzissenzweigen und Bl\u00e4tterzweigen, sorgt f\u00fcr weitere Akzente auf der Oster- und Fr\u00fchlingstafel. Begr\u00fc\u00dfen Sie Ihre G\u00e4ste zu einem wundersch\u00f6nen Tag.<\/p>\n<p><a role=\"button\" href=\"https:\/\/www.tafeldeko.de\/tischdeko-ideen\/fruehling-tischdeko\/\"><br \/>\n&gt;&gt; Zu den Mustertischen &lt;&lt;<br \/>\n<\/a><\/p>\n<h2>Weitere Beitr\u00e4ge:<\/h2>\n<h2>Dekoartikel von A-Z<\/h2>\n<p><a href=\"https:\/\/www.tafeldeko.de\/tischdeko-artikel\/\"><br \/>\nJetzt entdecken <\/a><\/p>\n","protected":false},"excerpt":{"rendered":"<p>Nicht mehr lange und Ostern steht vor der T\u00fcr. Mit der Fr\u00fchlingssonne und der erwachenden Natur steigt bei vielen Menschen das Wohlbefinden. Raus in die Natur, den Tag genie\u00dfen, im Eiscafe das erste Eis sich g\u00f6nnen und vor allen Dingen: die Wohnung fr\u00fchlingshaft dekorieren.<\/p>\n","protected":false},"author":2,"featured_media":516,"comment_status":"open","ping_status":"open","sticky":false,"template":"","format":"standard","meta":{"footnotes":""},"categories":[1],"tags":[],"yoast_head":"<!-- This site is optimized with the Yoast SEO plugin v20.4 - https:\/\/yoast.com\/wordpress\/plugins\/seo\/ -->\n<title>Osterdeko - f\u00fcr das sch\u00f6ne Ambiente zu Ostern - Tafeldeko<\/title>\n<meta name=\"description\" content=\"Im Hinblick auf Ostern bieten sich neben den verschiedenen Fr\u00fchlings-Accessoires nat\u00fcrlich Osterhasen, Ostereier und andere Osterboten...\" \/>\n<meta name=\"robots\" content=\"index, follow, max-snippet:-1, max-image-preview:large, max-video-preview:-1\" \/>\n<link rel=\"canonical\" href=\"https:\/\/www.tafeldeko.de\/news\/osterdeko-fuer-das-schoene-ambiente-zu-ostern\/\" \/>\n<meta property=\"og:locale\" content=\"de_DE\" \/>\n<meta property=\"og:type\" content=\"article\" \/>\n<meta property=\"og:title\" content=\"Osterdeko - f\u00fcr das sch\u00f6ne Ambiente zu Ostern - Tafeldeko\" \/>\n<meta property=\"og:description\" content=\"Im Hinblick auf Ostern bieten sich neben den verschiedenen Fr\u00fchlings-Accessoires nat\u00fcrlich Osterhasen, Ostereier und andere Osterboten...\" \/>\n<meta property=\"og:url\" content=\"https:\/\/www.tafeldeko.de\/news\/osterdeko-fuer-das-schoene-ambiente-zu-ostern\/\" \/>\n<meta property=\"og:site_name\" content=\"Tafeldeko\" \/>\n<meta property=\"article:publisher\" content=\"https:\/\/www.facebook.com\/pages\/Tafeldeko-einzigartige-Tischdekoration\/174202655894\" \/>\n<meta property=\"article:published_time\" content=\"2014-03-22T09:41:02+00:00\" \/>\n<meta property=\"article:modified_time\" content=\"2023-02-20T08:43:33+00:00\" \/>\n<meta property=\"og:image\" content=\"https:\/\/www.tafeldeko.de\/news\/wp-content\/uploads\/2014\/09\/ostern_orangeneu.jpg\" \/>\n\t<meta property=\"og:image:width\" content=\"403\" \/>\n\t<meta property=\"og:image:height\" content=\"258\" \/>\n\t<meta property=\"og:image:type\" content=\"image\/jpeg\" \/>\n<meta name=\"author\" content=\"Christiane Stein\" \/>\n<meta name=\"twitter:label1\" content=\"Verfasst von\" \/>\n\t<meta name=\"twitter:data1\" content=\"Christiane Stein\" \/>\n\t<meta name=\"twitter:label2\" content=\"Gesch\u00e4tzte Lesezeit\" \/>\n\t<meta name=\"twitter:data2\" content=\"2 Minuten\" \/>\n<script type=\"application\/ld+json\" class=\"yoast-schema-graph\">{\"@context\":\"https:\/\/schema.org\",\"@graph\":[{\"@type\":\"WebPage\",\"@id\":\"https:\/\/www.tafeldeko.de\/news\/osterdeko-fuer-das-schoene-ambiente-zu-ostern\/\",\"url\":\"https:\/\/www.tafeldeko.de\/news\/osterdeko-fuer-das-schoene-ambiente-zu-ostern\/\",\"name\":\"Osterdeko - f\u00fcr das sch\u00f6ne Ambiente zu Ostern - Tafeldeko\",\"isPartOf\":{\"@id\":\"https:\/\/www.tafeldeko.de\/news\/#website\"},\"datePublished\":\"2014-03-22T09:41:02+00:00\",\"dateModified\":\"2023-02-20T08:43:33+00:00\",\"author\":{\"@id\":\"https:\/\/www.tafeldeko.de\/news\/#\/schema\/person\/d2acd86447ed0b6336089a8ba83164a0\"},\"description\":\"Im Hinblick auf Ostern bieten sich neben den verschiedenen Fr\u00fchlings-Accessoires nat\u00fcrlich Osterhasen, Ostereier und andere Osterboten...\",\"breadcrumb\":{\"@id\":\"https:\/\/www.tafeldeko.de\/news\/osterdeko-fuer-das-schoene-ambiente-zu-ostern\/#breadcrumb\"},\"inLanguage\":\"de-DE\",\"potentialAction\":[{\"@type\":\"ReadAction\",\"target\":[\"https:\/\/www.tafeldeko.de\/news\/osterdeko-fuer-das-schoene-ambiente-zu-ostern\/\"]}]},{\"@type\":\"BreadcrumbList\",\"@id\":\"https:\/\/www.tafeldeko.de\/news\/osterdeko-fuer-das-schoene-ambiente-zu-ostern\/#breadcrumb\",\"itemListElement\":[{\"@type\":\"ListItem\",\"position\":1,\"name\":\"Tafeldeko\",\"item\":\"https:\/\/www.tafeldeko.de\/news\/\"},{\"@type\":\"ListItem\",\"position\":2,\"name\":\"Alte Beitr\u00e4ge\",\"item\":\"https:\/\/www.tafeldeko.de\/news\/alte-beitraege\/\"},{\"@type\":\"ListItem\",\"position\":3,\"name\":\"Tischdeko - Blog\",\"item\":\"https:\/\/www.tafeldeko.de\/news\/alte-beitraege\/tischdeko-blog\/\"},{\"@type\":\"ListItem\",\"position\":4,\"name\":\"Osterdeko &#8211; f\u00fcr das sch\u00f6ne Ambiente zu Ostern\"}]},{\"@type\":\"WebSite\",\"@id\":\"https:\/\/www.tafeldeko.de\/news\/#website\",\"url\":\"https:\/\/www.tafeldeko.de\/news\/\",\"name\":\"Tafeldeko\",\"description\":\"Blog mit Tischdeko und Tischdekoration Ideen\",\"potentialAction\":[{\"@type\":\"SearchAction\",\"target\":{\"@type\":\"EntryPoint\",\"urlTemplate\":\"https:\/\/www.tafeldeko.de\/news\/?s={search_term_string}\"},\"query-input\":\"required name=search_term_string\"}],\"inLanguage\":\"de-DE\"},{\"@type\":\"Person\",\"@id\":\"https:\/\/www.tafeldeko.de\/news\/#\/schema\/person\/d2acd86447ed0b6336089a8ba83164a0\",\"name\":\"Christiane Stein\",\"image\":{\"@type\":\"ImageObject\",\"inLanguage\":\"de-DE\",\"@id\":\"https:\/\/www.tafeldeko.de\/news\/#\/schema\/person\/image\/\",\"url\":\"https:\/\/secure.gravatar.com\/avatar\/2054729fbfd1ebc9d3cf1fd55361d0b6?s=96&d=mm&r=g\",\"contentUrl\":\"https:\/\/secure.gravatar.com\/avatar\/2054729fbfd1ebc9d3cf1fd55361d0b6?s=96&d=mm&r=g\",\"caption\":\"Christiane Stein\"}}]}<\/script>\n<!-- \/ Yoast SEO plugin. -->","yoast_head_json":{"title":"Osterdeko - f\u00fcr das sch\u00f6ne Ambiente zu Ostern - Tafeldeko","description":"Im Hinblick auf Ostern bieten sich neben den verschiedenen Fr\u00fchlings-Accessoires nat\u00fcrlich Osterhasen, Ostereier und andere Osterboten...","robots":{"index":"index","follow":"follow","max-snippet":"max-snippet:-1","max-image-preview":"max-image-preview:large","max-video-preview":"max-video-preview:-1"},"canonical":"https:\/\/www.tafeldeko.de\/news\/osterdeko-fuer-das-schoene-ambiente-zu-ostern\/","og_locale":"de_DE","og_type":"article","og_title":"Osterdeko - f\u00fcr das sch\u00f6ne Ambiente zu Ostern - Tafeldeko","og_description":"Im Hinblick auf Ostern bieten sich neben den verschiedenen Fr\u00fchlings-Accessoires nat\u00fcrlich Osterhasen, Ostereier und andere Osterboten...","og_url":"https:\/\/www.tafeldeko.de\/news\/osterdeko-fuer-das-schoene-ambiente-zu-ostern\/","og_site_name":"Tafeldeko","article_publisher":"https:\/\/www.facebook.com\/pages\/Tafeldeko-einzigartige-Tischdekoration\/174202655894","article_published_time":"2014-03-22T09:41:02+00:00","article_modified_time":"2023-02-20T08:43:33+00:00","og_image":[{"width":403,"height":258,"url":"https:\/\/www.tafeldeko.de\/news\/wp-content\/uploads\/2014\/09\/ostern_orangeneu.jpg","type":"image\/jpeg"}],"author":"Christiane Stein","twitter_misc":{"Verfasst von":"Christiane Stein","Gesch\u00e4tzte Lesezeit":"2 Minuten"},"schema":{"@context":"https:\/\/schema.org","@graph":[{"@type":"WebPage","@id":"https:\/\/www.tafeldeko.de\/news\/osterdeko-fuer-das-schoene-ambiente-zu-ostern\/","url":"https:\/\/www.tafeldeko.de\/news\/osterdeko-fuer-das-schoene-ambiente-zu-ostern\/","name":"Osterdeko - f\u00fcr das sch\u00f6ne Ambiente zu Ostern - Tafeldeko","isPartOf":{"@id":"https:\/\/www.tafeldeko.de\/news\/#website"},"datePublished":"2014-03-22T09:41:02+00:00","dateModified":"2023-02-20T08:43:33+00:00","author":{"@id":"https:\/\/www.tafeldeko.de\/news\/#\/schema\/person\/d2acd86447ed0b6336089a8ba83164a0"},"description":"Im Hinblick auf Ostern bieten sich neben den verschiedenen Fr\u00fchlings-Accessoires nat\u00fcrlich Osterhasen, Ostereier und andere Osterboten...","breadcrumb":{"@id":"https:\/\/www.tafeldeko.de\/news\/osterdeko-fuer-das-schoene-ambiente-zu-ostern\/#breadcrumb"},"inLanguage":"de-DE","potentialAction":[{"@type":"ReadAction","target":["https:\/\/www.tafeldeko.de\/news\/osterdeko-fuer-das-schoene-ambiente-zu-ostern\/"]}]},{"@type":"BreadcrumbList","@id":"https:\/\/www.tafeldeko.de\/news\/osterdeko-fuer-das-schoene-ambiente-zu-ostern\/#breadcrumb","itemListElement":[{"@type":"ListItem","position":1,"name":"Tafeldeko","item":"https:\/\/www.tafeldeko.de\/news\/"},{"@type":"ListItem","position":2,"name":"Alte Beitr\u00e4ge","item":"https:\/\/www.tafeldeko.de\/news\/alte-beitraege\/"},{"@type":"ListItem","position":3,"name":"Tischdeko - Blog","item":"https:\/\/www.tafeldeko.de\/news\/alte-beitraege\/tischdeko-blog\/"},{"@type":"ListItem","position":4,"name":"Osterdeko &#8211; f\u00fcr das sch\u00f6ne Ambiente zu Ostern"}]},{"@type":"WebSite","@id":"https:\/\/www.tafeldeko.de\/news\/#website","url":"https:\/\/www.tafeldeko.de\/news\/","name":"Tafeldeko","description":"Blog mit Tischdeko und Tischdekoration Ideen","potentialAction":[{"@type":"SearchAction","target":{"@type":"EntryPoint","urlTemplate":"https:\/\/www.tafeldeko.de\/news\/?s={search_term_string}"},"query-input":"required name=search_term_string"}],"inLanguage":"de-DE"},{"@type":"Person","@id":"https:\/\/www.tafeldeko.de\/news\/#\/schema\/person\/d2acd86447ed0b6336089a8ba83164a0","name":"Christiane Stein","image":{"@type":"ImageObject","inLanguage":"de-DE","@id":"https:\/\/www.tafeldeko.de\/news\/#\/schema\/person\/image\/","url":"https:\/\/secure.gravatar.com\/avatar\/2054729fbfd1ebc9d3cf1fd55361d0b6?s=96&d=mm&r=g","contentUrl":"https:\/\/secure.gravatar.com\/avatar\/2054729fbfd1ebc9d3cf1fd55361d0b6?s=96&d=mm&r=g","caption":"Christiane Stein"}}]}},"_links":{"self":[{"href":"https:\/\/www.tafeldeko.de\/news\/wp-json\/wp\/v2\/posts\/515"}],"collection":[{"href":"https:\/\/www.tafeldeko.de\/news\/wp-json\/wp\/v2\/posts"}],"about":[{"href":"https:\/\/www.tafeldeko.de\/news\/wp-json\/wp\/v2\/types\/post"}],"author":[{"embeddable":true,"href":"https:\/\/www.tafeldeko.de\/news\/wp-json\/wp\/v2\/users\/2"}],"replies":[{"embeddable":true,"href":"https:\/\/www.tafeldeko.de\/news\/wp-json\/wp\/v2\/comments?post=515"}],"version-history":[{"count":5,"href":"https:\/\/www.tafeldeko.de\/news\/wp-json\/wp\/v2\/posts\/515\/revisions"}],"predecessor-version":[{"id":23801,"href":"https:\/\/www.tafeldeko.de\/news\/wp-json\/wp\/v2\/posts\/515\/revisions\/23801"}],"wp:featuredmedia":[{"embeddable":true,"href":"https:\/\/www.tafeldeko.de\/news\/wp-json\/wp\/v2\/media\/516"}],"wp:attachment":[{"href":"https:\/\/www.tafeldeko.de\/news\/wp-json\/wp\/v2\/media?parent=515"}],"wp:term":[{"taxonomy":"category","embeddable":true,"href":"https:\/\/www.tafeldeko.de\/news\/wp-json\/wp\/v2\/categories?post=515"},{"taxonomy":"post_tag","embeddable":true,"href":"https:\/\/www.tafeldeko.de\/news\/wp-json\/wp\/v2\/tags?post=515"}],"curies":[{"name":"wp","href":"https:\/\/api.w.org\/{rel}","templated":true}]}}