{"id":513,"date":"2014-03-08T09:58:09","date_gmt":"2014-03-08T07:58:09","guid":{"rendered":"http:\/\/www.tafeldeko.de\/news\/?p=513"},"modified":"2023-02-20T10:12:02","modified_gmt":"2023-02-20T09:12:02","slug":"ostern-die-trends-in-diesem-jahr","status":"publish","type":"post","link":"https:\/\/www.tafeldeko.de\/news\/ostern-die-trends-in-diesem-jahr\/","title":{"rendered":"Ostern &#8211; die Trends in diesem Jahr"},"content":{"rendered":"<p>Ostern die Trends in diesem Jahr. In gewisser Weise verbindet man die <b>Ostertischdeko <\/b>oftmals mit Gelb, Gr\u00fcn und Orange. Warum ist das so? Woher kommt diese Verbindung?<br \/>\nVielleicht h\u00e4ngt es mit den Fr\u00fchlingsblumen zusammen, die im Fr\u00fchling ihre kleinen Bl\u00fcten in Richtung Himmel strecken. Tulpen, Osterglocken, Hyazinthen, L\u00f6wenzahn, Krokus und viele Blumen mehr stehen als Zeichen des Fr\u00fchlings. Und viele dieser wundersch\u00f6nen Blumen sind gelb. Und das Gr\u00fcn?<\/p>\n<p><img decoding=\"async\" loading=\"lazy\" src=\"https:\/\/www.tafeldeko.de\/news\/wp-content\/uploads\/2014\/09\/ostern_gelb_neu.jpg\" sizes=\"(max-width: 403px) 100vw, 403px\" srcset=\"https:\/\/www.tafeldeko.de\/news\/wp-content\/uploads\/2014\/09\/ostern_gelb_neu.jpg 403w, https:\/\/www.tafeldeko.de\/news\/wp-content\/uploads\/2014\/09\/ostern_gelb_neu-300x195.jpg 300w\" alt=\"Ostern die Trends\" width=\"403\" height=\"263\" \/><\/p>\n<h2>Ostern die Trends &#8211; Mustertische f\u00fcr einen sch\u00f6nen Tag<\/h2>\n<p>Die Wiesen stehen wieder in frischem, saftigem Gr\u00fcn &#8211; ebenfalls ein Zeichen, dass die Natur wieder zum Leben erweckt.<br \/>\nUnd etwas Natur m\u00f6chte man auch bei der Tischdeko an Ostern mit in die R\u00e4umlichkeit einbringen. Lang genug war der Winter, grau und trist alles um einen herum. Jetzt ist es Zeit, wieder in bunten Farben zu dekorieren, den Fr\u00fchling willkommen zu hei\u00dfen.<br \/>\nDer Mustertisch, dekoriert mit wundersch\u00f6nen <b><a title=\"Oster-Accessoires\" href=\"https:\/\/www.tafeldeko.de\/index.php\/cat\/c776_Fr%C3%BChling-Accessoires.html\">Oster-Accessoires<\/a><\/b> in Gelb und Gr\u00fcn zeigt, wie eindrucksvoll sich ein Tisch zu Ostern pr\u00e4sentieren kann. Einige Accessoires, gekonnt platziert, und schon ist die Tischdeko zu Ostern fertig. Nach dem Motto: &#8220;Ostern kann kommen, die Tischdeko ist fertig.&#8221;<br \/>\nIn den <b>erfrischenden, fr\u00fchlingshaften Farben<\/b> wird der Tisch Ihre G\u00e4ste an Ostern begeistern und daran sind nicht nur die kleinen Osterhasen, Ostereier und H\u00fchner beteiligt. Das Filz Blumentischband in Gelb, gekonnt auf einem gr\u00fcnen Tischl\u00e4ufer platziert, sorgt f\u00fcr den gewissen Pepp auf dem Tisch. Die kleinen Osterlandschaften mit der Dekofigur Hasenmann in Gelb und das Feder Huhn mit Drahtf\u00fc\u00dfen &#8211; arrangiert auf dem Kerzenteller Baumscheibe &#8211; sind die <b>Hingucker <\/b>schlechthin. Auch die Tischmitte erstrahlt mit einem Oster-Arrangement aus Keramikh\u00fchnern, Keramikeiern und dem Osternest.<br \/>\nBei den Servietten f\u00e4llt die Wahl auf die <b><a title=\"Servietten\" href=\"https:\/\/www.tafeldeko.de\/index.php\/cat\/c1712_Motivservietten.html\">Servietten<\/a><\/b> Ostermorgen, die hervorragend zum Thema des Tisches passen. Auf dem Mustertisch sind die kleinen Keramik Eierbecher Huhn in verschiedenen Farben als Gastgeschenk gedacht, doch genauso gut k\u00f6nnen diese Eierbecher beim Fr\u00fchst\u00fcck mit der Familie zum Einsatz kommen. Wir w\u00fcnschen Ihnen ein wundersch\u00f6nes Osterfest.<\/p>\n<p><a role=\"button\" href=\"https:\/\/www.tafeldeko.de\/tischdeko-ideen\/fruehling-tischdeko\/\"><br \/>\n&gt;&gt; Zu den Mustertischen &lt;&lt;<br \/>\n<\/a><\/p>\n<h2>Weitere Beitr\u00e4ge:<\/h2>\n<h2>Dekoartikel von A-Z<\/h2>\n<p><a href=\"https:\/\/www.tafeldeko.de\/tischdeko-artikel\/\"><br \/>\nJetzt entdecken <\/a><\/p>\n","protected":false},"excerpt":{"rendered":"<p>In gewisser Weise verbindet man die Ostertischdeko oftmals mit Gelb, Gr\u00fcn und Orange. Warum ist das so? Woher kommt diese Verbindung?<br \/>\nVielleicht h\u00e4ngt es mit den Fr\u00fchlingsblumen zusammen, die im Fr\u00fchling ihre kleinen Bl\u00fcten in Richtung Himmel strecken. Tulpen, Osterglocken, Hyazinthen, L\u00f6wenzahn, Krokus und viele Blumen mehr stehen als Zeichen des Fr\u00fchlings. Und viele dieser wundersch\u00f6nen Blumen sind gelb. Und das Gr\u00fcn?<\/p>\n","protected":false},"author":2,"featured_media":514,"comment_status":"open","ping_status":"open","sticky":false,"template":"","format":"standard","meta":{"footnotes":""},"categories":[1],"tags":[],"yoast_head":"<!-- This site is optimized with the Yoast SEO plugin v20.4 - https:\/\/yoast.com\/wordpress\/plugins\/seo\/ -->\n<title>Ostern - die Trends in diesem Jahr - Tafeldeko<\/title>\n<meta name=\"description\" content=\"Ostern die Trends. Die Tischdeko Ostern in Gelb und Gr\u00fcn - ein echter Blickfang, ein toller Hingucker und eine wundersch\u00f6ne Basis...\" \/>\n<meta name=\"robots\" content=\"index, follow, max-snippet:-1, max-image-preview:large, max-video-preview:-1\" \/>\n<link rel=\"canonical\" href=\"https:\/\/www.tafeldeko.de\/news\/ostern-die-trends-in-diesem-jahr\/\" \/>\n<meta property=\"og:locale\" content=\"de_DE\" \/>\n<meta property=\"og:type\" content=\"article\" \/>\n<meta property=\"og:title\" content=\"Ostern - die Trends in diesem Jahr - Tafeldeko\" \/>\n<meta property=\"og:description\" content=\"Ostern die Trends. Die Tischdeko Ostern in Gelb und Gr\u00fcn - ein echter Blickfang, ein toller Hingucker und eine wundersch\u00f6ne Basis...\" \/>\n<meta property=\"og:url\" content=\"https:\/\/www.tafeldeko.de\/news\/ostern-die-trends-in-diesem-jahr\/\" \/>\n<meta property=\"og:site_name\" content=\"Tafeldeko\" \/>\n<meta property=\"article:publisher\" content=\"https:\/\/www.facebook.com\/pages\/Tafeldeko-einzigartige-Tischdekoration\/174202655894\" \/>\n<meta property=\"article:published_time\" content=\"2014-03-08T07:58:09+00:00\" \/>\n<meta property=\"article:modified_time\" content=\"2023-02-20T09:12:02+00:00\" \/>\n<meta property=\"og:image\" content=\"https:\/\/www.tafeldeko.de\/news\/wp-content\/uploads\/2014\/09\/ostern_gelb_neu.jpg\" \/>\n\t<meta property=\"og:image:width\" content=\"403\" \/>\n\t<meta property=\"og:image:height\" content=\"263\" \/>\n\t<meta property=\"og:image:type\" content=\"image\/jpeg\" \/>\n<meta name=\"author\" content=\"Christiane Stein\" \/>\n<meta name=\"twitter:label1\" content=\"Verfasst von\" \/>\n\t<meta name=\"twitter:data1\" content=\"Christiane Stein\" \/>\n\t<meta name=\"twitter:label2\" content=\"Gesch\u00e4tzte Lesezeit\" \/>\n\t<meta name=\"twitter:data2\" content=\"3 Minuten\" \/>\n<script type=\"application\/ld+json\" class=\"yoast-schema-graph\">{\"@context\":\"https:\/\/schema.org\",\"@graph\":[{\"@type\":\"WebPage\",\"@id\":\"https:\/\/www.tafeldeko.de\/news\/ostern-die-trends-in-diesem-jahr\/\",\"url\":\"https:\/\/www.tafeldeko.de\/news\/ostern-die-trends-in-diesem-jahr\/\",\"name\":\"Ostern - die Trends in diesem Jahr - Tafeldeko\",\"isPartOf\":{\"@id\":\"https:\/\/www.tafeldeko.de\/news\/#website\"},\"datePublished\":\"2014-03-08T07:58:09+00:00\",\"dateModified\":\"2023-02-20T09:12:02+00:00\",\"author\":{\"@id\":\"https:\/\/www.tafeldeko.de\/news\/#\/schema\/person\/d2acd86447ed0b6336089a8ba83164a0\"},\"description\":\"Ostern die Trends. Die Tischdeko Ostern in Gelb und Gr\u00fcn - ein echter Blickfang, ein toller Hingucker und eine wundersch\u00f6ne Basis...\",\"breadcrumb\":{\"@id\":\"https:\/\/www.tafeldeko.de\/news\/ostern-die-trends-in-diesem-jahr\/#breadcrumb\"},\"inLanguage\":\"de-DE\",\"potentialAction\":[{\"@type\":\"ReadAction\",\"target\":[\"https:\/\/www.tafeldeko.de\/news\/ostern-die-trends-in-diesem-jahr\/\"]}]},{\"@type\":\"BreadcrumbList\",\"@id\":\"https:\/\/www.tafeldeko.de\/news\/ostern-die-trends-in-diesem-jahr\/#breadcrumb\",\"itemListElement\":[{\"@type\":\"ListItem\",\"position\":1,\"name\":\"Tafeldeko\",\"item\":\"https:\/\/www.tafeldeko.de\/news\/\"},{\"@type\":\"ListItem\",\"position\":2,\"name\":\"Alte Beitr\u00e4ge\",\"item\":\"https:\/\/www.tafeldeko.de\/news\/alte-beitraege\/\"},{\"@type\":\"ListItem\",\"position\":3,\"name\":\"Tischdeko - Blog\",\"item\":\"https:\/\/www.tafeldeko.de\/news\/alte-beitraege\/tischdeko-blog\/\"},{\"@type\":\"ListItem\",\"position\":4,\"name\":\"Ostern &#8211; die Trends in diesem Jahr\"}]},{\"@type\":\"WebSite\",\"@id\":\"https:\/\/www.tafeldeko.de\/news\/#website\",\"url\":\"https:\/\/www.tafeldeko.de\/news\/\",\"name\":\"Tafeldeko\",\"description\":\"Blog mit Tischdeko und Tischdekoration Ideen\",\"potentialAction\":[{\"@type\":\"SearchAction\",\"target\":{\"@type\":\"EntryPoint\",\"urlTemplate\":\"https:\/\/www.tafeldeko.de\/news\/?s={search_term_string}\"},\"query-input\":\"required name=search_term_string\"}],\"inLanguage\":\"de-DE\"},{\"@type\":\"Person\",\"@id\":\"https:\/\/www.tafeldeko.de\/news\/#\/schema\/person\/d2acd86447ed0b6336089a8ba83164a0\",\"name\":\"Christiane Stein\",\"image\":{\"@type\":\"ImageObject\",\"inLanguage\":\"de-DE\",\"@id\":\"https:\/\/www.tafeldeko.de\/news\/#\/schema\/person\/image\/\",\"url\":\"https:\/\/secure.gravatar.com\/avatar\/2054729fbfd1ebc9d3cf1fd55361d0b6?s=96&d=mm&r=g\",\"contentUrl\":\"https:\/\/secure.gravatar.com\/avatar\/2054729fbfd1ebc9d3cf1fd55361d0b6?s=96&d=mm&r=g\",\"caption\":\"Christiane Stein\"}}]}<\/script>\n<!-- \/ Yoast SEO plugin. -->","yoast_head_json":{"title":"Ostern - die Trends in diesem Jahr - Tafeldeko","description":"Ostern die Trends. Die Tischdeko Ostern in Gelb und Gr\u00fcn - ein echter Blickfang, ein toller Hingucker und eine wundersch\u00f6ne Basis...","robots":{"index":"index","follow":"follow","max-snippet":"max-snippet:-1","max-image-preview":"max-image-preview:large","max-video-preview":"max-video-preview:-1"},"canonical":"https:\/\/www.tafeldeko.de\/news\/ostern-die-trends-in-diesem-jahr\/","og_locale":"de_DE","og_type":"article","og_title":"Ostern - die Trends in diesem Jahr - Tafeldeko","og_description":"Ostern die Trends. Die Tischdeko Ostern in Gelb und Gr\u00fcn - ein echter Blickfang, ein toller Hingucker und eine wundersch\u00f6ne Basis...","og_url":"https:\/\/www.tafeldeko.de\/news\/ostern-die-trends-in-diesem-jahr\/","og_site_name":"Tafeldeko","article_publisher":"https:\/\/www.facebook.com\/pages\/Tafeldeko-einzigartige-Tischdekoration\/174202655894","article_published_time":"2014-03-08T07:58:09+00:00","article_modified_time":"2023-02-20T09:12:02+00:00","og_image":[{"width":403,"height":263,"url":"https:\/\/www.tafeldeko.de\/news\/wp-content\/uploads\/2014\/09\/ostern_gelb_neu.jpg","type":"image\/jpeg"}],"author":"Christiane Stein","twitter_misc":{"Verfasst von":"Christiane Stein","Gesch\u00e4tzte Lesezeit":"3 Minuten"},"schema":{"@context":"https:\/\/schema.org","@graph":[{"@type":"WebPage","@id":"https:\/\/www.tafeldeko.de\/news\/ostern-die-trends-in-diesem-jahr\/","url":"https:\/\/www.tafeldeko.de\/news\/ostern-die-trends-in-diesem-jahr\/","name":"Ostern - die Trends in diesem Jahr - Tafeldeko","isPartOf":{"@id":"https:\/\/www.tafeldeko.de\/news\/#website"},"datePublished":"2014-03-08T07:58:09+00:00","dateModified":"2023-02-20T09:12:02+00:00","author":{"@id":"https:\/\/www.tafeldeko.de\/news\/#\/schema\/person\/d2acd86447ed0b6336089a8ba83164a0"},"description":"Ostern die Trends. Die Tischdeko Ostern in Gelb und Gr\u00fcn - ein echter Blickfang, ein toller Hingucker und eine wundersch\u00f6ne Basis...","breadcrumb":{"@id":"https:\/\/www.tafeldeko.de\/news\/ostern-die-trends-in-diesem-jahr\/#breadcrumb"},"inLanguage":"de-DE","potentialAction":[{"@type":"ReadAction","target":["https:\/\/www.tafeldeko.de\/news\/ostern-die-trends-in-diesem-jahr\/"]}]},{"@type":"BreadcrumbList","@id":"https:\/\/www.tafeldeko.de\/news\/ostern-die-trends-in-diesem-jahr\/#breadcrumb","itemListElement":[{"@type":"ListItem","position":1,"name":"Tafeldeko","item":"https:\/\/www.tafeldeko.de\/news\/"},{"@type":"ListItem","position":2,"name":"Alte Beitr\u00e4ge","item":"https:\/\/www.tafeldeko.de\/news\/alte-beitraege\/"},{"@type":"ListItem","position":3,"name":"Tischdeko - Blog","item":"https:\/\/www.tafeldeko.de\/news\/alte-beitraege\/tischdeko-blog\/"},{"@type":"ListItem","position":4,"name":"Ostern &#8211; die Trends in diesem Jahr"}]},{"@type":"WebSite","@id":"https:\/\/www.tafeldeko.de\/news\/#website","url":"https:\/\/www.tafeldeko.de\/news\/","name":"Tafeldeko","description":"Blog mit Tischdeko und Tischdekoration Ideen","potentialAction":[{"@type":"SearchAction","target":{"@type":"EntryPoint","urlTemplate":"https:\/\/www.tafeldeko.de\/news\/?s={search_term_string}"},"query-input":"required name=search_term_string"}],"inLanguage":"de-DE"},{"@type":"Person","@id":"https:\/\/www.tafeldeko.de\/news\/#\/schema\/person\/d2acd86447ed0b6336089a8ba83164a0","name":"Christiane Stein","image":{"@type":"ImageObject","inLanguage":"de-DE","@id":"https:\/\/www.tafeldeko.de\/news\/#\/schema\/person\/image\/","url":"https:\/\/secure.gravatar.com\/avatar\/2054729fbfd1ebc9d3cf1fd55361d0b6?s=96&d=mm&r=g","contentUrl":"https:\/\/secure.gravatar.com\/avatar\/2054729fbfd1ebc9d3cf1fd55361d0b6?s=96&d=mm&r=g","caption":"Christiane Stein"}}]}},"_links":{"self":[{"href":"https:\/\/www.tafeldeko.de\/news\/wp-json\/wp\/v2\/posts\/513"}],"collection":[{"href":"https:\/\/www.tafeldeko.de\/news\/wp-json\/wp\/v2\/posts"}],"about":[{"href":"https:\/\/www.tafeldeko.de\/news\/wp-json\/wp\/v2\/types\/post"}],"author":[{"embeddable":true,"href":"https:\/\/www.tafeldeko.de\/news\/wp-json\/wp\/v2\/users\/2"}],"replies":[{"embeddable":true,"href":"https:\/\/www.tafeldeko.de\/news\/wp-json\/wp\/v2\/comments?post=513"}],"version-history":[{"count":5,"href":"https:\/\/www.tafeldeko.de\/news\/wp-json\/wp\/v2\/posts\/513\/revisions"}],"predecessor-version":[{"id":23821,"href":"https:\/\/www.tafeldeko.de\/news\/wp-json\/wp\/v2\/posts\/513\/revisions\/23821"}],"wp:featuredmedia":[{"embeddable":true,"href":"https:\/\/www.tafeldeko.de\/news\/wp-json\/wp\/v2\/media\/514"}],"wp:attachment":[{"href":"https:\/\/www.tafeldeko.de\/news\/wp-json\/wp\/v2\/media?parent=513"}],"wp:term":[{"taxonomy":"category","embeddable":true,"href":"https:\/\/www.tafeldeko.de\/news\/wp-json\/wp\/v2\/categories?post=513"},{"taxonomy":"post_tag","embeddable":true,"href":"https:\/\/www.tafeldeko.de\/news\/wp-json\/wp\/v2\/tags?post=513"}],"curies":[{"name":"wp","href":"https:\/\/api.w.org\/{rel}","templated":true}]}}