{"id":493,"date":"2013-09-25T18:17:38","date_gmt":"2013-09-25T16:17:38","guid":{"rendered":"http:\/\/www.tafeldeko.de\/news\/?p=493"},"modified":"2023-02-23T15:12:56","modified_gmt":"2023-02-23T14:12:56","slug":"die-tischdeko-darf-am-grillabend-natuerlich-nicht-fehlen","status":"publish","type":"post","link":"https:\/\/www.tafeldeko.de\/news\/die-tischdeko-darf-am-grillabend-natuerlich-nicht-fehlen\/","title":{"rendered":"Die Tischdeko darf am Grillabend nat\u00fcrlich nicht fehlen"},"content":{"rendered":"<p>Wer die Familie oder auch Freunde zu einem gemeinsamen Grillabend einl\u00e4dt, hat hierf\u00fcr einige Vorbereitungen zu treffen. Es steht nicht nur das leibliche Wohl im Vordergrund, sondern auch die Tischdeko f\u00fcr den <b>Grillabend <\/b>gewinnt an Priorit\u00e4t. Um ein sch\u00f6nes Ambiente f\u00fcr die gemeinsame Zeit zu zaubern, ist eine <b>tolle Tischdeko f\u00fcr den Grillabend<\/b> genau das Richtige.<\/p>\n<p><img decoding=\"async\" loading=\"lazy\" src=\"https:\/\/www.tafeldeko.de\/news\/wp-content\/uploads\/2013\/09\/20220612121144_IMG_6390-1-1024x683.jpg\" sizes=\"(max-width: 800px) 100vw, 800px\" srcset=\"https:\/\/www.tafeldeko.de\/news\/wp-content\/uploads\/2013\/09\/20220612121144_IMG_6390-1-1024x683.jpg 1024w, https:\/\/www.tafeldeko.de\/news\/wp-content\/uploads\/2013\/09\/20220612121144_IMG_6390-1-300x200.jpg 300w, https:\/\/www.tafeldeko.de\/news\/wp-content\/uploads\/2013\/09\/20220612121144_IMG_6390-1-768x512.jpg 768w, https:\/\/www.tafeldeko.de\/news\/wp-content\/uploads\/2013\/09\/20220612121144_IMG_6390-1-1536x1024.jpg 1536w, https:\/\/www.tafeldeko.de\/news\/wp-content\/uploads\/2013\/09\/20220612121144_IMG_6390-1-640x427.jpg 640w, https:\/\/www.tafeldeko.de\/news\/wp-content\/uploads\/2013\/09\/20220612121144_IMG_6390-1.jpg 1920w\" alt=\"Tischdeko Grillabend\" width=\"800\" height=\"534\" \/><\/p>\n<h2>Tischdeko Grillabend<\/h2>\n<p>Nat\u00fcrlich soll die Tischdeko zum Anlass passen und so darf f\u00fcr den Grillabend durchaus eine sommerliche und frische Tischdeko in Frage kommen.<br \/>\nUm Farbe und Frische auf den Tisch zu zaubern, kann man beispielsweise ein Teelichtglas in der Trendfarbe T\u00fcrkis auf dem Tisch <b>in Szene setzen<\/b>. Da ein Teelichtglas keine gro\u00dfe Wirkung erzielt, ist es erforderlich, dass man mehrere Gl\u00e4ser auf dem Tisch drapiert. Die einzigartige Form eines Bogendreiecks ist besonders vielseitig einsetzbar und kann auch als kleine Vase oder Blumentopf in Betracht gezogen werden. Wie man sieht, gibt es hierf\u00fcr viele M\u00f6glichkeiten und so wird jeder eine tolle Tischdeko f\u00fcr seine n\u00e4chste Party zusammenstellen. Zudem hat man die M\u00f6glichkeit, die Kerzengl\u00e4ser auch als Vasen f\u00fcr <a title=\"Kunstblumen\" href=\"https:\/\/www.tafeldeko.de\/index.php\/cat\/c1923_Sommer.html\"><b>Kunstblumen<\/b><\/a> zu verwenden. Ein toller Blickfang, den man so arrangieren kann.<br \/>\nDar\u00fcber hinaus sind <a title=\"Motivservietten\" href=\"https:\/\/www.tafeldeko.de\/index.php\/cat\/c53_Motivservietten.html\"><b>Motivservietten<\/b><\/a> hervorragend geeignet, wenn man weitere Farbe ins Spiel bringen m\u00f6chte.<br \/>\nFalls man unterschiedliche Farben miteinander kombinieren m\u00f6chte, ist es zu empfehlen, dass man ein lustiges Farbenspiel am Ende vermeidet. Farben kombinieren ja, aber nur, wenn sie auch aufeinander abgestimmt sind und zu einem sch\u00f6nen Gesamtbild beitragen. Wer dies beachtet, kann sich auf eine sch\u00f6ne und originelle Dekoration freuen. Ob nun letztlich f\u00fcr den <b>Grillabend<\/b>, den n\u00e4chsten Geburtstag oder sogar f\u00fcr die Hochzeit &#8211; eine sch\u00f6ne Deko darf keinesfalls auf dem Tisch fehlen.<\/p>\n<p><a role=\"button\" href=\"https:\/\/www.tafeldeko.de\/tischdeko-ideen\/sommer-tischdeko\/\"><br \/>\n&gt;&gt; Zu den Mustertischen &lt;&lt;<br \/>\n<\/a><\/p>\n<h2>Weitere Beitr\u00e4ge:<\/h2>\n<h2>Dekoartikel von A-Z<\/h2>\n<p><a href=\"https:\/\/www.tafeldeko.de\/tischdeko-artikel\/\"><br \/>\nJetzt entdecken <\/a><\/p>\n","protected":false},"excerpt":{"rendered":"<p>Wer die Familie oder auch Freunde zu einem gemeinsamen Grillabend einl\u00e4dt, hat hierf\u00fcr einige Vorbereitungen zu treffen. Es steht nicht nur das leibliche Wohl im Vordergrund, sondern auch die Tischdeko f\u00fcr den Grillabend gewinnt an Priorit\u00e4t. Um ein sch\u00f6nes Ambiente f\u00fcr die gemeinsame Zeit zu zaubern, ist eine tolle Tischdeko f\u00fcr den Grillabend genau das Richtige.<br \/>\nNat\u00fcrlich soll die Tischdeko zum Anlass passen und so darf f\u00fcr den Grillabend durchaus eine sommerliche und frische Tischdeko in Frage kommen.<\/p>\n","protected":false},"author":2,"featured_media":24592,"comment_status":"open","ping_status":"open","sticky":false,"template":"","format":"standard","meta":{"footnotes":""},"categories":[1],"tags":[],"yoast_head":"<!-- This site is optimized with the Yoast SEO plugin v20.4 - https:\/\/yoast.com\/wordpress\/plugins\/seo\/ -->\n<title>Die Tischdeko darf am Grillabend nat\u00fcrlich nicht fehlen - Tafeldeko<\/title>\n<meta name=\"description\" content=\"Eine sommerlich erfrischende Tischdeko verleiht dem Grillabend oder der Gartenparty das gewisse Etwas. Tolle Farben, wundersch\u00f6ne...\" \/>\n<meta name=\"robots\" content=\"index, follow, max-snippet:-1, max-image-preview:large, max-video-preview:-1\" \/>\n<link rel=\"canonical\" href=\"https:\/\/www.tafeldeko.de\/news\/die-tischdeko-darf-am-grillabend-natuerlich-nicht-fehlen\/\" \/>\n<meta property=\"og:locale\" content=\"de_DE\" \/>\n<meta property=\"og:type\" content=\"article\" \/>\n<meta property=\"og:title\" content=\"Die Tischdeko darf am Grillabend nat\u00fcrlich nicht fehlen - Tafeldeko\" \/>\n<meta property=\"og:description\" content=\"Eine sommerlich erfrischende Tischdeko verleiht dem Grillabend oder der Gartenparty das gewisse Etwas. Tolle Farben, wundersch\u00f6ne...\" \/>\n<meta property=\"og:url\" content=\"https:\/\/www.tafeldeko.de\/news\/die-tischdeko-darf-am-grillabend-natuerlich-nicht-fehlen\/\" \/>\n<meta property=\"og:site_name\" content=\"Tafeldeko\" \/>\n<meta property=\"article:publisher\" content=\"https:\/\/www.facebook.com\/pages\/Tafeldeko-einzigartige-Tischdekoration\/174202655894\" \/>\n<meta property=\"article:published_time\" content=\"2013-09-25T16:17:38+00:00\" \/>\n<meta property=\"article:modified_time\" content=\"2023-02-23T14:12:56+00:00\" \/>\n<meta property=\"og:image\" content=\"https:\/\/www.tafeldeko.de\/news\/wp-content\/uploads\/2013\/09\/20220612121144_IMG_6390-1.jpg\" \/>\n\t<meta property=\"og:image:width\" content=\"1920\" \/>\n\t<meta property=\"og:image:height\" content=\"1280\" \/>\n\t<meta property=\"og:image:type\" content=\"image\/jpeg\" \/>\n<meta name=\"author\" content=\"Christiane Stein\" \/>\n<meta name=\"twitter:label1\" content=\"Verfasst von\" \/>\n\t<meta name=\"twitter:data1\" content=\"Christiane Stein\" \/>\n\t<meta name=\"twitter:label2\" content=\"Gesch\u00e4tzte Lesezeit\" \/>\n\t<meta name=\"twitter:data2\" content=\"2 Minuten\" \/>\n<script type=\"application\/ld+json\" class=\"yoast-schema-graph\">{\"@context\":\"https:\/\/schema.org\",\"@graph\":[{\"@type\":\"WebPage\",\"@id\":\"https:\/\/www.tafeldeko.de\/news\/die-tischdeko-darf-am-grillabend-natuerlich-nicht-fehlen\/\",\"url\":\"https:\/\/www.tafeldeko.de\/news\/die-tischdeko-darf-am-grillabend-natuerlich-nicht-fehlen\/\",\"name\":\"Die Tischdeko darf am Grillabend nat\u00fcrlich nicht fehlen - Tafeldeko\",\"isPartOf\":{\"@id\":\"https:\/\/www.tafeldeko.de\/news\/#website\"},\"datePublished\":\"2013-09-25T16:17:38+00:00\",\"dateModified\":\"2023-02-23T14:12:56+00:00\",\"author\":{\"@id\":\"https:\/\/www.tafeldeko.de\/news\/#\/schema\/person\/d2acd86447ed0b6336089a8ba83164a0\"},\"description\":\"Eine sommerlich erfrischende Tischdeko verleiht dem Grillabend oder der Gartenparty das gewisse Etwas. Tolle Farben, wundersch\u00f6ne...\",\"breadcrumb\":{\"@id\":\"https:\/\/www.tafeldeko.de\/news\/die-tischdeko-darf-am-grillabend-natuerlich-nicht-fehlen\/#breadcrumb\"},\"inLanguage\":\"de-DE\",\"potentialAction\":[{\"@type\":\"ReadAction\",\"target\":[\"https:\/\/www.tafeldeko.de\/news\/die-tischdeko-darf-am-grillabend-natuerlich-nicht-fehlen\/\"]}]},{\"@type\":\"BreadcrumbList\",\"@id\":\"https:\/\/www.tafeldeko.de\/news\/die-tischdeko-darf-am-grillabend-natuerlich-nicht-fehlen\/#breadcrumb\",\"itemListElement\":[{\"@type\":\"ListItem\",\"position\":1,\"name\":\"Tafeldeko\",\"item\":\"https:\/\/www.tafeldeko.de\/news\/\"},{\"@type\":\"ListItem\",\"position\":2,\"name\":\"Alte Beitr\u00e4ge\",\"item\":\"https:\/\/www.tafeldeko.de\/news\/alte-beitraege\/\"},{\"@type\":\"ListItem\",\"position\":3,\"name\":\"Tischdeko - Blog\",\"item\":\"https:\/\/www.tafeldeko.de\/news\/alte-beitraege\/tischdeko-blog\/\"},{\"@type\":\"ListItem\",\"position\":4,\"name\":\"Die Tischdeko darf am Grillabend nat\u00fcrlich nicht fehlen\"}]},{\"@type\":\"WebSite\",\"@id\":\"https:\/\/www.tafeldeko.de\/news\/#website\",\"url\":\"https:\/\/www.tafeldeko.de\/news\/\",\"name\":\"Tafeldeko\",\"description\":\"Blog mit Tischdeko und Tischdekoration Ideen\",\"potentialAction\":[{\"@type\":\"SearchAction\",\"target\":{\"@type\":\"EntryPoint\",\"urlTemplate\":\"https:\/\/www.tafeldeko.de\/news\/?s={search_term_string}\"},\"query-input\":\"required name=search_term_string\"}],\"inLanguage\":\"de-DE\"},{\"@type\":\"Person\",\"@id\":\"https:\/\/www.tafeldeko.de\/news\/#\/schema\/person\/d2acd86447ed0b6336089a8ba83164a0\",\"name\":\"Christiane Stein\",\"image\":{\"@type\":\"ImageObject\",\"inLanguage\":\"de-DE\",\"@id\":\"https:\/\/www.tafeldeko.de\/news\/#\/schema\/person\/image\/\",\"url\":\"https:\/\/secure.gravatar.com\/avatar\/2054729fbfd1ebc9d3cf1fd55361d0b6?s=96&d=mm&r=g\",\"contentUrl\":\"https:\/\/secure.gravatar.com\/avatar\/2054729fbfd1ebc9d3cf1fd55361d0b6?s=96&d=mm&r=g\",\"caption\":\"Christiane Stein\"}}]}<\/script>\n<!-- \/ Yoast SEO plugin. -->","yoast_head_json":{"title":"Die Tischdeko darf am Grillabend nat\u00fcrlich nicht fehlen - Tafeldeko","description":"Eine sommerlich erfrischende Tischdeko verleiht dem Grillabend oder der Gartenparty das gewisse Etwas. Tolle Farben, wundersch\u00f6ne...","robots":{"index":"index","follow":"follow","max-snippet":"max-snippet:-1","max-image-preview":"max-image-preview:large","max-video-preview":"max-video-preview:-1"},"canonical":"https:\/\/www.tafeldeko.de\/news\/die-tischdeko-darf-am-grillabend-natuerlich-nicht-fehlen\/","og_locale":"de_DE","og_type":"article","og_title":"Die Tischdeko darf am Grillabend nat\u00fcrlich nicht fehlen - Tafeldeko","og_description":"Eine sommerlich erfrischende Tischdeko verleiht dem Grillabend oder der Gartenparty das gewisse Etwas. Tolle Farben, wundersch\u00f6ne...","og_url":"https:\/\/www.tafeldeko.de\/news\/die-tischdeko-darf-am-grillabend-natuerlich-nicht-fehlen\/","og_site_name":"Tafeldeko","article_publisher":"https:\/\/www.facebook.com\/pages\/Tafeldeko-einzigartige-Tischdekoration\/174202655894","article_published_time":"2013-09-25T16:17:38+00:00","article_modified_time":"2023-02-23T14:12:56+00:00","og_image":[{"width":1920,"height":1280,"url":"https:\/\/www.tafeldeko.de\/news\/wp-content\/uploads\/2013\/09\/20220612121144_IMG_6390-1.jpg","type":"image\/jpeg"}],"author":"Christiane Stein","twitter_misc":{"Verfasst von":"Christiane Stein","Gesch\u00e4tzte Lesezeit":"2 Minuten"},"schema":{"@context":"https:\/\/schema.org","@graph":[{"@type":"WebPage","@id":"https:\/\/www.tafeldeko.de\/news\/die-tischdeko-darf-am-grillabend-natuerlich-nicht-fehlen\/","url":"https:\/\/www.tafeldeko.de\/news\/die-tischdeko-darf-am-grillabend-natuerlich-nicht-fehlen\/","name":"Die Tischdeko darf am Grillabend nat\u00fcrlich nicht fehlen - Tafeldeko","isPartOf":{"@id":"https:\/\/www.tafeldeko.de\/news\/#website"},"datePublished":"2013-09-25T16:17:38+00:00","dateModified":"2023-02-23T14:12:56+00:00","author":{"@id":"https:\/\/www.tafeldeko.de\/news\/#\/schema\/person\/d2acd86447ed0b6336089a8ba83164a0"},"description":"Eine sommerlich erfrischende Tischdeko verleiht dem Grillabend oder der Gartenparty das gewisse Etwas. Tolle Farben, wundersch\u00f6ne...","breadcrumb":{"@id":"https:\/\/www.tafeldeko.de\/news\/die-tischdeko-darf-am-grillabend-natuerlich-nicht-fehlen\/#breadcrumb"},"inLanguage":"de-DE","potentialAction":[{"@type":"ReadAction","target":["https:\/\/www.tafeldeko.de\/news\/die-tischdeko-darf-am-grillabend-natuerlich-nicht-fehlen\/"]}]},{"@type":"BreadcrumbList","@id":"https:\/\/www.tafeldeko.de\/news\/die-tischdeko-darf-am-grillabend-natuerlich-nicht-fehlen\/#breadcrumb","itemListElement":[{"@type":"ListItem","position":1,"name":"Tafeldeko","item":"https:\/\/www.tafeldeko.de\/news\/"},{"@type":"ListItem","position":2,"name":"Alte Beitr\u00e4ge","item":"https:\/\/www.tafeldeko.de\/news\/alte-beitraege\/"},{"@type":"ListItem","position":3,"name":"Tischdeko - Blog","item":"https:\/\/www.tafeldeko.de\/news\/alte-beitraege\/tischdeko-blog\/"},{"@type":"ListItem","position":4,"name":"Die Tischdeko darf am Grillabend nat\u00fcrlich nicht fehlen"}]},{"@type":"WebSite","@id":"https:\/\/www.tafeldeko.de\/news\/#website","url":"https:\/\/www.tafeldeko.de\/news\/","name":"Tafeldeko","description":"Blog mit Tischdeko und Tischdekoration Ideen","potentialAction":[{"@type":"SearchAction","target":{"@type":"EntryPoint","urlTemplate":"https:\/\/www.tafeldeko.de\/news\/?s={search_term_string}"},"query-input":"required name=search_term_string"}],"inLanguage":"de-DE"},{"@type":"Person","@id":"https:\/\/www.tafeldeko.de\/news\/#\/schema\/person\/d2acd86447ed0b6336089a8ba83164a0","name":"Christiane Stein","image":{"@type":"ImageObject","inLanguage":"de-DE","@id":"https:\/\/www.tafeldeko.de\/news\/#\/schema\/person\/image\/","url":"https:\/\/secure.gravatar.com\/avatar\/2054729fbfd1ebc9d3cf1fd55361d0b6?s=96&d=mm&r=g","contentUrl":"https:\/\/secure.gravatar.com\/avatar\/2054729fbfd1ebc9d3cf1fd55361d0b6?s=96&d=mm&r=g","caption":"Christiane Stein"}}]}},"_links":{"self":[{"href":"https:\/\/www.tafeldeko.de\/news\/wp-json\/wp\/v2\/posts\/493"}],"collection":[{"href":"https:\/\/www.tafeldeko.de\/news\/wp-json\/wp\/v2\/posts"}],"about":[{"href":"https:\/\/www.tafeldeko.de\/news\/wp-json\/wp\/v2\/types\/post"}],"author":[{"embeddable":true,"href":"https:\/\/www.tafeldeko.de\/news\/wp-json\/wp\/v2\/users\/2"}],"replies":[{"embeddable":true,"href":"https:\/\/www.tafeldeko.de\/news\/wp-json\/wp\/v2\/comments?post=493"}],"version-history":[{"count":5,"href":"https:\/\/www.tafeldeko.de\/news\/wp-json\/wp\/v2\/posts\/493\/revisions"}],"predecessor-version":[{"id":24597,"href":"https:\/\/www.tafeldeko.de\/news\/wp-json\/wp\/v2\/posts\/493\/revisions\/24597"}],"wp:featuredmedia":[{"embeddable":true,"href":"https:\/\/www.tafeldeko.de\/news\/wp-json\/wp\/v2\/media\/24592"}],"wp:attachment":[{"href":"https:\/\/www.tafeldeko.de\/news\/wp-json\/wp\/v2\/media?parent=493"}],"wp:term":[{"taxonomy":"category","embeddable":true,"href":"https:\/\/www.tafeldeko.de\/news\/wp-json\/wp\/v2\/categories?post=493"},{"taxonomy":"post_tag","embeddable":true,"href":"https:\/\/www.tafeldeko.de\/news\/wp-json\/wp\/v2\/tags?post=493"}],"curies":[{"name":"wp","href":"https:\/\/api.w.org\/{rel}","templated":true}]}}