{"id":4916,"date":"2012-01-13T21:26:32","date_gmt":"2012-01-13T19:26:32","guid":{"rendered":"http:\/\/www.tafeldeko.de\/news\/?p=4916"},"modified":"2012-01-13T21:26:32","modified_gmt":"2012-01-13T19:26:32","slug":"hochzeitsmode-nicht-nur-fuer-das-brautpaar-ein-thema","status":"publish","type":"post","link":"https:\/\/www.tafeldeko.de\/news\/hochzeitsmode-nicht-nur-fuer-das-brautpaar-ein-thema\/","title":{"rendered":"Hochzeitsmode &#8211; nicht nur f\u00fcr das Brautpaar ein Thema"},"content":{"rendered":"<p><b>Hochzeiten <\/b>und alles was dazu geh\u00f6rt, ist f\u00fcr viele unter uns ein ganz romantisches Thema. Wenn zwei sich das Ja-Wort geben und dies mit einer <b>Hochzeitsfeier <\/b>mit den G\u00e4sten feiern m\u00f6chten, bedeutet dies: feierliche Stimmung &#8211; die vor allen Dingen wohl nur einmal aufkommt. Schlie\u00dflich soll die Ehe ein Leben lang halten &#8211; so das Abschlusswort des Pfarrers: &#8220;Bis dass der Tod euch scheidet&#8221;. Doch die Scheidungsraten besagen bereits seit Jahren etwas anderes.<br \/>\n<b>Die <a href=\"https:\/\/www.tafeldeko.de\/index.php\/cat\/c45_Tischdeko-Hochzeit.html\">Hochzeit<\/a><\/b> &#8211; sie steht nun bevor und man m\u00f6chte auch als Gast ein gutes Bild abgeben. Diverse Hochzeitsbilder und -videos halten <i>die Kleidung<\/i> und die gesamten Feierlichkeiten f\u00fcr die Nachwelt fest und da sollte man als Gast bei der Hochzeitsfeier entsprechend gekleidet sein.<br \/>\nDas &#8220;kleine Schwarze&#8221; bei den Frauen steht auch bei Hochzeiten hoch im Kurs, doch auch immer \u00f6fter sieht man bunte Kleider, Hosenanz\u00fcge und Kost\u00fcme, die sich nicht so dunkel pr\u00e4sentieren. Die <b>Hochzeit <\/b>ist ein feierlicher und fr\u00f6hlicher Anlass und aus diesem Grund darf die Hochzeitsmode auch gerne bunt, gebl\u00fcmt, gepunktet oder ganz anders aussehen.<br \/>\nGerade die Damenwelt legt meist gesteigerten Wert auf ihr Aussehen und deshalb ist auch f\u00fcr die weiblichen G\u00e4ste das Thema &#8220;<b>Hochzeitsmode<\/b>&#8221; so wichtig.<br \/>\nWas ziehe ich an? &#8211; Dies ist mitunter die Hauptfrage, die sich die weiblichen G\u00e4ste stellen.<br \/>\nBei der Wahl der <b>Hochzeitsmode <\/b>sollte man als Gast etwas ganz Entscheidendes ber\u00fccksichtigen: die eigene Kleidung sollte auf keinen Fall pomp\u00f6ser als das Brautkleid der Braut sein. Als Gast die Braut durch die falsche Auswahl der <b>Hochzeitskleidung <\/b>&#8220;unter den Scheffel zu stellen&#8221;, w\u00e4re ein ganz fataler Fehler.<br \/>\nAls Gast darf man feierlich und auch gerne au\u00dfergew\u00f6hnlich und besonders gekleidet sein, doch alles mit Ma\u00df und Ziel. Und immer mit dem vorgenannten Gedanken im Kopf. Dann hat man auch als Gast bei der Hochzeitsgesellschaft seinen Spa\u00df.<\/p>\n","protected":false},"excerpt":{"rendered":"<p>Hochzeiten und alles was dazu geh\u00f6rt, ist f\u00fcr viele unter uns ein ganz romantisches Thema. Wenn zwei sich das Ja-Wort geben und dies mit einer Hochzeitsfeier mit den G\u00e4sten feiern m\u00f6chten, bedeutet dies: feierliche Stimmung &#8211; die vor allen Dingen wohl nur einmal aufkommt. Schlie\u00dflich soll die Ehe ein Leben lang halten &#8211; so das [&hellip;]<\/p>\n","protected":false},"author":2,"featured_media":0,"comment_status":"open","ping_status":"open","sticky":false,"template":"","format":"standard","meta":{"footnotes":""},"categories":[1],"tags":[],"yoast_head":"<!-- This site is optimized with the Yoast SEO plugin v20.4 - https:\/\/yoast.com\/wordpress\/plugins\/seo\/ -->\n<title>Hochzeitsmode - nicht nur f\u00fcr das Brautpaar ein Thema - Tafeldeko<\/title>\n<meta name=\"description\" content=\"Hochzeiten und alles was dazu geh\u00f6rt, ist f\u00fcr viele unter uns ein ganz romantisches Thema. Wenn zwei sich das Ja-Wort geben und dies mit einer\" \/>\n<meta name=\"robots\" content=\"index, follow, max-snippet:-1, max-image-preview:large, max-video-preview:-1\" \/>\n<link rel=\"canonical\" href=\"https:\/\/www.tafeldeko.de\/news\/hochzeitsmode-nicht-nur-fuer-das-brautpaar-ein-thema\/\" \/>\n<meta property=\"og:locale\" content=\"de_DE\" \/>\n<meta property=\"og:type\" content=\"article\" \/>\n<meta property=\"og:title\" content=\"Hochzeitsmode - nicht nur f\u00fcr das Brautpaar ein Thema - Tafeldeko\" \/>\n<meta property=\"og:description\" content=\"Hochzeiten und alles was dazu geh\u00f6rt, ist f\u00fcr viele unter uns ein ganz romantisches Thema. Wenn zwei sich das Ja-Wort geben und dies mit einer\" \/>\n<meta property=\"og:url\" content=\"https:\/\/www.tafeldeko.de\/news\/hochzeitsmode-nicht-nur-fuer-das-brautpaar-ein-thema\/\" \/>\n<meta property=\"og:site_name\" content=\"Tafeldeko\" \/>\n<meta property=\"article:publisher\" content=\"https:\/\/www.facebook.com\/pages\/Tafeldeko-einzigartige-Tischdekoration\/174202655894\" \/>\n<meta property=\"article:published_time\" content=\"2012-01-13T19:26:32+00:00\" \/>\n<meta name=\"author\" content=\"Christiane Stein\" \/>\n<meta name=\"twitter:label1\" content=\"Verfasst von\" \/>\n\t<meta name=\"twitter:data1\" content=\"Christiane Stein\" \/>\n\t<meta name=\"twitter:label2\" content=\"Gesch\u00e4tzte Lesezeit\" \/>\n\t<meta name=\"twitter:data2\" content=\"2 Minuten\" \/>\n<script type=\"application\/ld+json\" class=\"yoast-schema-graph\">{\"@context\":\"https:\/\/schema.org\",\"@graph\":[{\"@type\":\"WebPage\",\"@id\":\"https:\/\/www.tafeldeko.de\/news\/hochzeitsmode-nicht-nur-fuer-das-brautpaar-ein-thema\/\",\"url\":\"https:\/\/www.tafeldeko.de\/news\/hochzeitsmode-nicht-nur-fuer-das-brautpaar-ein-thema\/\",\"name\":\"Hochzeitsmode - nicht nur f\u00fcr das Brautpaar ein Thema - Tafeldeko\",\"isPartOf\":{\"@id\":\"https:\/\/www.tafeldeko.de\/news\/#website\"},\"datePublished\":\"2012-01-13T19:26:32+00:00\",\"dateModified\":\"2012-01-13T19:26:32+00:00\",\"author\":{\"@id\":\"https:\/\/www.tafeldeko.de\/news\/#\/schema\/person\/d2acd86447ed0b6336089a8ba83164a0\"},\"description\":\"Hochzeiten und alles was dazu geh\u00f6rt, ist f\u00fcr viele unter uns ein ganz romantisches Thema. Wenn zwei sich das Ja-Wort geben und dies mit einer\",\"breadcrumb\":{\"@id\":\"https:\/\/www.tafeldeko.de\/news\/hochzeitsmode-nicht-nur-fuer-das-brautpaar-ein-thema\/#breadcrumb\"},\"inLanguage\":\"de-DE\",\"potentialAction\":[{\"@type\":\"ReadAction\",\"target\":[\"https:\/\/www.tafeldeko.de\/news\/hochzeitsmode-nicht-nur-fuer-das-brautpaar-ein-thema\/\"]}]},{\"@type\":\"BreadcrumbList\",\"@id\":\"https:\/\/www.tafeldeko.de\/news\/hochzeitsmode-nicht-nur-fuer-das-brautpaar-ein-thema\/#breadcrumb\",\"itemListElement\":[{\"@type\":\"ListItem\",\"position\":1,\"name\":\"Tafeldeko\",\"item\":\"https:\/\/www.tafeldeko.de\/news\/\"},{\"@type\":\"ListItem\",\"position\":2,\"name\":\"Alte Beitr\u00e4ge\",\"item\":\"https:\/\/www.tafeldeko.de\/news\/alte-beitraege\/\"},{\"@type\":\"ListItem\",\"position\":3,\"name\":\"Tischdeko - Blog\",\"item\":\"https:\/\/www.tafeldeko.de\/news\/alte-beitraege\/tischdeko-blog\/\"},{\"@type\":\"ListItem\",\"position\":4,\"name\":\"Hochzeitsmode &#8211; nicht nur f\u00fcr das Brautpaar ein Thema\"}]},{\"@type\":\"WebSite\",\"@id\":\"https:\/\/www.tafeldeko.de\/news\/#website\",\"url\":\"https:\/\/www.tafeldeko.de\/news\/\",\"name\":\"Tafeldeko\",\"description\":\"Blog mit Tischdeko und Tischdekoration Ideen\",\"potentialAction\":[{\"@type\":\"SearchAction\",\"target\":{\"@type\":\"EntryPoint\",\"urlTemplate\":\"https:\/\/www.tafeldeko.de\/news\/?s={search_term_string}\"},\"query-input\":\"required name=search_term_string\"}],\"inLanguage\":\"de-DE\"},{\"@type\":\"Person\",\"@id\":\"https:\/\/www.tafeldeko.de\/news\/#\/schema\/person\/d2acd86447ed0b6336089a8ba83164a0\",\"name\":\"Christiane Stein\",\"image\":{\"@type\":\"ImageObject\",\"inLanguage\":\"de-DE\",\"@id\":\"https:\/\/www.tafeldeko.de\/news\/#\/schema\/person\/image\/\",\"url\":\"https:\/\/secure.gravatar.com\/avatar\/2054729fbfd1ebc9d3cf1fd55361d0b6?s=96&d=mm&r=g\",\"contentUrl\":\"https:\/\/secure.gravatar.com\/avatar\/2054729fbfd1ebc9d3cf1fd55361d0b6?s=96&d=mm&r=g\",\"caption\":\"Christiane Stein\"}}]}<\/script>\n<!-- \/ Yoast SEO plugin. -->","yoast_head_json":{"title":"Hochzeitsmode - nicht nur f\u00fcr das Brautpaar ein Thema - Tafeldeko","description":"Hochzeiten und alles was dazu geh\u00f6rt, ist f\u00fcr viele unter uns ein ganz romantisches Thema. Wenn zwei sich das Ja-Wort geben und dies mit einer","robots":{"index":"index","follow":"follow","max-snippet":"max-snippet:-1","max-image-preview":"max-image-preview:large","max-video-preview":"max-video-preview:-1"},"canonical":"https:\/\/www.tafeldeko.de\/news\/hochzeitsmode-nicht-nur-fuer-das-brautpaar-ein-thema\/","og_locale":"de_DE","og_type":"article","og_title":"Hochzeitsmode - nicht nur f\u00fcr das Brautpaar ein Thema - Tafeldeko","og_description":"Hochzeiten und alles was dazu geh\u00f6rt, ist f\u00fcr viele unter uns ein ganz romantisches Thema. Wenn zwei sich das Ja-Wort geben und dies mit einer","og_url":"https:\/\/www.tafeldeko.de\/news\/hochzeitsmode-nicht-nur-fuer-das-brautpaar-ein-thema\/","og_site_name":"Tafeldeko","article_publisher":"https:\/\/www.facebook.com\/pages\/Tafeldeko-einzigartige-Tischdekoration\/174202655894","article_published_time":"2012-01-13T19:26:32+00:00","author":"Christiane Stein","twitter_misc":{"Verfasst von":"Christiane Stein","Gesch\u00e4tzte Lesezeit":"2 Minuten"},"schema":{"@context":"https:\/\/schema.org","@graph":[{"@type":"WebPage","@id":"https:\/\/www.tafeldeko.de\/news\/hochzeitsmode-nicht-nur-fuer-das-brautpaar-ein-thema\/","url":"https:\/\/www.tafeldeko.de\/news\/hochzeitsmode-nicht-nur-fuer-das-brautpaar-ein-thema\/","name":"Hochzeitsmode - nicht nur f\u00fcr das Brautpaar ein Thema - Tafeldeko","isPartOf":{"@id":"https:\/\/www.tafeldeko.de\/news\/#website"},"datePublished":"2012-01-13T19:26:32+00:00","dateModified":"2012-01-13T19:26:32+00:00","author":{"@id":"https:\/\/www.tafeldeko.de\/news\/#\/schema\/person\/d2acd86447ed0b6336089a8ba83164a0"},"description":"Hochzeiten und alles was dazu geh\u00f6rt, ist f\u00fcr viele unter uns ein ganz romantisches Thema. Wenn zwei sich das Ja-Wort geben und dies mit einer","breadcrumb":{"@id":"https:\/\/www.tafeldeko.de\/news\/hochzeitsmode-nicht-nur-fuer-das-brautpaar-ein-thema\/#breadcrumb"},"inLanguage":"de-DE","potentialAction":[{"@type":"ReadAction","target":["https:\/\/www.tafeldeko.de\/news\/hochzeitsmode-nicht-nur-fuer-das-brautpaar-ein-thema\/"]}]},{"@type":"BreadcrumbList","@id":"https:\/\/www.tafeldeko.de\/news\/hochzeitsmode-nicht-nur-fuer-das-brautpaar-ein-thema\/#breadcrumb","itemListElement":[{"@type":"ListItem","position":1,"name":"Tafeldeko","item":"https:\/\/www.tafeldeko.de\/news\/"},{"@type":"ListItem","position":2,"name":"Alte Beitr\u00e4ge","item":"https:\/\/www.tafeldeko.de\/news\/alte-beitraege\/"},{"@type":"ListItem","position":3,"name":"Tischdeko - Blog","item":"https:\/\/www.tafeldeko.de\/news\/alte-beitraege\/tischdeko-blog\/"},{"@type":"ListItem","position":4,"name":"Hochzeitsmode &#8211; nicht nur f\u00fcr das Brautpaar ein Thema"}]},{"@type":"WebSite","@id":"https:\/\/www.tafeldeko.de\/news\/#website","url":"https:\/\/www.tafeldeko.de\/news\/","name":"Tafeldeko","description":"Blog mit Tischdeko und Tischdekoration Ideen","potentialAction":[{"@type":"SearchAction","target":{"@type":"EntryPoint","urlTemplate":"https:\/\/www.tafeldeko.de\/news\/?s={search_term_string}"},"query-input":"required name=search_term_string"}],"inLanguage":"de-DE"},{"@type":"Person","@id":"https:\/\/www.tafeldeko.de\/news\/#\/schema\/person\/d2acd86447ed0b6336089a8ba83164a0","name":"Christiane Stein","image":{"@type":"ImageObject","inLanguage":"de-DE","@id":"https:\/\/www.tafeldeko.de\/news\/#\/schema\/person\/image\/","url":"https:\/\/secure.gravatar.com\/avatar\/2054729fbfd1ebc9d3cf1fd55361d0b6?s=96&d=mm&r=g","contentUrl":"https:\/\/secure.gravatar.com\/avatar\/2054729fbfd1ebc9d3cf1fd55361d0b6?s=96&d=mm&r=g","caption":"Christiane Stein"}}]}},"_links":{"self":[{"href":"https:\/\/www.tafeldeko.de\/news\/wp-json\/wp\/v2\/posts\/4916"}],"collection":[{"href":"https:\/\/www.tafeldeko.de\/news\/wp-json\/wp\/v2\/posts"}],"about":[{"href":"https:\/\/www.tafeldeko.de\/news\/wp-json\/wp\/v2\/types\/post"}],"author":[{"embeddable":true,"href":"https:\/\/www.tafeldeko.de\/news\/wp-json\/wp\/v2\/users\/2"}],"replies":[{"embeddable":true,"href":"https:\/\/www.tafeldeko.de\/news\/wp-json\/wp\/v2\/comments?post=4916"}],"version-history":[{"count":0,"href":"https:\/\/www.tafeldeko.de\/news\/wp-json\/wp\/v2\/posts\/4916\/revisions"}],"wp:attachment":[{"href":"https:\/\/www.tafeldeko.de\/news\/wp-json\/wp\/v2\/media?parent=4916"}],"wp:term":[{"taxonomy":"category","embeddable":true,"href":"https:\/\/www.tafeldeko.de\/news\/wp-json\/wp\/v2\/categories?post=4916"},{"taxonomy":"post_tag","embeddable":true,"href":"https:\/\/www.tafeldeko.de\/news\/wp-json\/wp\/v2\/tags?post=4916"}],"curies":[{"name":"wp","href":"https:\/\/api.w.org\/{rel}","templated":true}]}}