{"id":4915,"date":"2011-12-24T15:45:27","date_gmt":"2011-12-24T13:45:27","guid":{"rendered":"http:\/\/www.tafeldeko.de\/news\/?p=4915"},"modified":"2011-12-24T15:45:27","modified_gmt":"2011-12-24T13:45:27","slug":"hochzeitsmode-das-perfekte-outfit-fuer-den-grossen-tag","status":"publish","type":"post","link":"https:\/\/www.tafeldeko.de\/news\/hochzeitsmode-das-perfekte-outfit-fuer-den-grossen-tag\/","title":{"rendered":"Hochzeitsmode \u2013 das perfekte Outfit f\u00fcr den gro\u00dfen Tag"},"content":{"rendered":"<p><b>Wer im n\u00e4chsten Jahr heiratet<\/b>, hat einiges an Vorbereitungen zu treffen und ist zeitlich sehr beansprucht. Die Planung der Hochzeit, der <b>Hochzeitsfeier <\/b>und all dem, was man f\u00fcr die Hochzeit ber\u00fccksichtigen muss, nimmt viel Zeit in Anspruch. Bei manchen angehenden Hochzeitspaaren liegt das Nervenkost\u00fcm blank.<br \/>\nDoch ein Thema gibt es in Punkto Hochzeitsvorbereitung, bei dem fast jede Braut sehr viel Zeit investiert: das <b>Hochzeitskleid<\/b>.<br \/>\nF\u00fcr die Hochzeit m\u00f6chte man als Braut die Blicke der G\u00e4ste auf sich ziehen, im Mittelpunkt stehen und dies kann man eben mitunter durch ein wundersch\u00f6nes Hochzeitskleid.<br \/>\nIn Punkto <b>Hochzeitsmode <\/b>gibt es einiges zu ber\u00fccksichtigen, f\u00fcr Braut und Br\u00e4utigam gleicherma\u00dfen. Man sollte darauf achten, dass beide Outfits farblich zueinander passen. Zwar hat der angehende Br\u00e4utigam keine Ahnung, in welchem Kleid sich seine Liebste an der Hochzeit zeigen wird, doch sie kann die Stilrichtung und die Farbe beim gemeinsamen Kauf des Hochzeitsanzuges beeinflussen.<br \/>\nMan stelle sich vor, dass die Braut in einem atemberaubenden roten <b>Hochzeitskleid <\/b>vor den Traualtar treten m\u00f6chte und der Br\u00e4utigam erscheint in einem weinroten Anzug oder gar blau \u2013 denn die <b>Hochzeitsmode <\/b>bietet auch f\u00fcr den Mann ein breit gef\u00e4chertes und auch au\u00dfergew\u00f6hnliches Angebot. Diese Farbkombination ist ein no-go und w\u00fcrde auf gewisse Weise die <a href=\"https:\/\/www.tafeldeko.de\/index.php\/cat\/c45_Tischdeko-Hochzeit.html\">Hochzeit<\/a> negativ beeinflussen. Deshalb ist es wichtig, beim Kauf der <b>Hochzeitsmode <\/b>sich abzusprechen oder dass die angehende Braut beim Kauf des <b>Hochzeitsanzuges <\/b>mit von der Partie ist.<br \/>\n<b>Doch beim Kauf des Brautkleides darf der Br\u00e4utigam NICHT dabei sein<\/b>, alte Traditionen besagen, dass dies Ungl\u00fcck bringen w\u00fcrde. Also kauft die Braut das Kleid in der Regel mit der Freundin, der Mutter oder eventuell auch der Schwiegermutter.<br \/>\nFakt ist wohl, dass die Braut bei der Auswahl des passenden <b>Hochzeitskleides <\/b>viel Zeit investiert und sich die Gelegenheit garantiert nicht nehmen l\u00e4sst, viele traumhafte Hochzeitskleider anzuprobieren. <\/p>\n","protected":false},"excerpt":{"rendered":"<p>Wer im n\u00e4chsten Jahr heiratet, hat einiges an Vorbereitungen zu treffen und ist zeitlich sehr beansprucht. Die Planung der Hochzeit, der Hochzeitsfeier und all dem, was man f\u00fcr die Hochzeit ber\u00fccksichtigen muss, nimmt viel Zeit in Anspruch. Bei manchen angehenden Hochzeitspaaren liegt das Nervenkost\u00fcm blank. Doch ein Thema gibt es in Punkto Hochzeitsvorbereitung, bei dem [&hellip;]<\/p>\n","protected":false},"author":2,"featured_media":0,"comment_status":"open","ping_status":"open","sticky":false,"template":"","format":"standard","meta":{"footnotes":""},"categories":[1],"tags":[],"yoast_head":"<!-- This site is optimized with the Yoast SEO plugin v20.4 - https:\/\/yoast.com\/wordpress\/plugins\/seo\/ -->\n<title>Hochzeitsmode \u2013 das perfekte Outfit f\u00fcr den gro\u00dfen Tag - Tafeldeko<\/title>\n<meta name=\"description\" content=\"Wer im n\u00e4chsten Jahr heiratet, hat einiges an Vorbereitungen zu treffen und ist zeitlich sehr beansprucht. Die Planung der Hochzeit, der Hochzeitsfeier\" \/>\n<meta name=\"robots\" content=\"index, follow, max-snippet:-1, max-image-preview:large, max-video-preview:-1\" \/>\n<link rel=\"canonical\" href=\"https:\/\/www.tafeldeko.de\/news\/hochzeitsmode-das-perfekte-outfit-fuer-den-grossen-tag\/\" \/>\n<meta property=\"og:locale\" content=\"de_DE\" \/>\n<meta property=\"og:type\" content=\"article\" \/>\n<meta property=\"og:title\" content=\"Hochzeitsmode \u2013 das perfekte Outfit f\u00fcr den gro\u00dfen Tag - Tafeldeko\" \/>\n<meta property=\"og:description\" content=\"Wer im n\u00e4chsten Jahr heiratet, hat einiges an Vorbereitungen zu treffen und ist zeitlich sehr beansprucht. Die Planung der Hochzeit, der Hochzeitsfeier\" \/>\n<meta property=\"og:url\" content=\"https:\/\/www.tafeldeko.de\/news\/hochzeitsmode-das-perfekte-outfit-fuer-den-grossen-tag\/\" \/>\n<meta property=\"og:site_name\" content=\"Tafeldeko\" \/>\n<meta property=\"article:publisher\" content=\"https:\/\/www.facebook.com\/pages\/Tafeldeko-einzigartige-Tischdekoration\/174202655894\" \/>\n<meta property=\"article:published_time\" content=\"2011-12-24T13:45:27+00:00\" \/>\n<meta name=\"author\" content=\"Christiane Stein\" \/>\n<meta name=\"twitter:label1\" content=\"Verfasst von\" \/>\n\t<meta name=\"twitter:data1\" content=\"Christiane Stein\" \/>\n\t<meta name=\"twitter:label2\" content=\"Gesch\u00e4tzte Lesezeit\" \/>\n\t<meta name=\"twitter:data2\" content=\"2 Minuten\" \/>\n<script type=\"application\/ld+json\" class=\"yoast-schema-graph\">{\"@context\":\"https:\/\/schema.org\",\"@graph\":[{\"@type\":\"WebPage\",\"@id\":\"https:\/\/www.tafeldeko.de\/news\/hochzeitsmode-das-perfekte-outfit-fuer-den-grossen-tag\/\",\"url\":\"https:\/\/www.tafeldeko.de\/news\/hochzeitsmode-das-perfekte-outfit-fuer-den-grossen-tag\/\",\"name\":\"Hochzeitsmode \u2013 das perfekte Outfit f\u00fcr den gro\u00dfen Tag - Tafeldeko\",\"isPartOf\":{\"@id\":\"https:\/\/www.tafeldeko.de\/news\/#website\"},\"datePublished\":\"2011-12-24T13:45:27+00:00\",\"dateModified\":\"2011-12-24T13:45:27+00:00\",\"author\":{\"@id\":\"https:\/\/www.tafeldeko.de\/news\/#\/schema\/person\/d2acd86447ed0b6336089a8ba83164a0\"},\"description\":\"Wer im n\u00e4chsten Jahr heiratet, hat einiges an Vorbereitungen zu treffen und ist zeitlich sehr beansprucht. Die Planung der Hochzeit, der Hochzeitsfeier\",\"breadcrumb\":{\"@id\":\"https:\/\/www.tafeldeko.de\/news\/hochzeitsmode-das-perfekte-outfit-fuer-den-grossen-tag\/#breadcrumb\"},\"inLanguage\":\"de-DE\",\"potentialAction\":[{\"@type\":\"ReadAction\",\"target\":[\"https:\/\/www.tafeldeko.de\/news\/hochzeitsmode-das-perfekte-outfit-fuer-den-grossen-tag\/\"]}]},{\"@type\":\"BreadcrumbList\",\"@id\":\"https:\/\/www.tafeldeko.de\/news\/hochzeitsmode-das-perfekte-outfit-fuer-den-grossen-tag\/#breadcrumb\",\"itemListElement\":[{\"@type\":\"ListItem\",\"position\":1,\"name\":\"Tafeldeko\",\"item\":\"https:\/\/www.tafeldeko.de\/news\/\"},{\"@type\":\"ListItem\",\"position\":2,\"name\":\"Alte Beitr\u00e4ge\",\"item\":\"https:\/\/www.tafeldeko.de\/news\/alte-beitraege\/\"},{\"@type\":\"ListItem\",\"position\":3,\"name\":\"Tischdeko - Blog\",\"item\":\"https:\/\/www.tafeldeko.de\/news\/alte-beitraege\/tischdeko-blog\/\"},{\"@type\":\"ListItem\",\"position\":4,\"name\":\"Hochzeitsmode \u2013 das perfekte Outfit f\u00fcr den gro\u00dfen Tag\"}]},{\"@type\":\"WebSite\",\"@id\":\"https:\/\/www.tafeldeko.de\/news\/#website\",\"url\":\"https:\/\/www.tafeldeko.de\/news\/\",\"name\":\"Tafeldeko\",\"description\":\"Blog mit Tischdeko und Tischdekoration Ideen\",\"potentialAction\":[{\"@type\":\"SearchAction\",\"target\":{\"@type\":\"EntryPoint\",\"urlTemplate\":\"https:\/\/www.tafeldeko.de\/news\/?s={search_term_string}\"},\"query-input\":\"required name=search_term_string\"}],\"inLanguage\":\"de-DE\"},{\"@type\":\"Person\",\"@id\":\"https:\/\/www.tafeldeko.de\/news\/#\/schema\/person\/d2acd86447ed0b6336089a8ba83164a0\",\"name\":\"Christiane Stein\",\"image\":{\"@type\":\"ImageObject\",\"inLanguage\":\"de-DE\",\"@id\":\"https:\/\/www.tafeldeko.de\/news\/#\/schema\/person\/image\/\",\"url\":\"https:\/\/secure.gravatar.com\/avatar\/2054729fbfd1ebc9d3cf1fd55361d0b6?s=96&d=mm&r=g\",\"contentUrl\":\"https:\/\/secure.gravatar.com\/avatar\/2054729fbfd1ebc9d3cf1fd55361d0b6?s=96&d=mm&r=g\",\"caption\":\"Christiane Stein\"}}]}<\/script>\n<!-- \/ Yoast SEO plugin. -->","yoast_head_json":{"title":"Hochzeitsmode \u2013 das perfekte Outfit f\u00fcr den gro\u00dfen Tag - Tafeldeko","description":"Wer im n\u00e4chsten Jahr heiratet, hat einiges an Vorbereitungen zu treffen und ist zeitlich sehr beansprucht. Die Planung der Hochzeit, der Hochzeitsfeier","robots":{"index":"index","follow":"follow","max-snippet":"max-snippet:-1","max-image-preview":"max-image-preview:large","max-video-preview":"max-video-preview:-1"},"canonical":"https:\/\/www.tafeldeko.de\/news\/hochzeitsmode-das-perfekte-outfit-fuer-den-grossen-tag\/","og_locale":"de_DE","og_type":"article","og_title":"Hochzeitsmode \u2013 das perfekte Outfit f\u00fcr den gro\u00dfen Tag - Tafeldeko","og_description":"Wer im n\u00e4chsten Jahr heiratet, hat einiges an Vorbereitungen zu treffen und ist zeitlich sehr beansprucht. Die Planung der Hochzeit, der Hochzeitsfeier","og_url":"https:\/\/www.tafeldeko.de\/news\/hochzeitsmode-das-perfekte-outfit-fuer-den-grossen-tag\/","og_site_name":"Tafeldeko","article_publisher":"https:\/\/www.facebook.com\/pages\/Tafeldeko-einzigartige-Tischdekoration\/174202655894","article_published_time":"2011-12-24T13:45:27+00:00","author":"Christiane Stein","twitter_misc":{"Verfasst von":"Christiane Stein","Gesch\u00e4tzte Lesezeit":"2 Minuten"},"schema":{"@context":"https:\/\/schema.org","@graph":[{"@type":"WebPage","@id":"https:\/\/www.tafeldeko.de\/news\/hochzeitsmode-das-perfekte-outfit-fuer-den-grossen-tag\/","url":"https:\/\/www.tafeldeko.de\/news\/hochzeitsmode-das-perfekte-outfit-fuer-den-grossen-tag\/","name":"Hochzeitsmode \u2013 das perfekte Outfit f\u00fcr den gro\u00dfen Tag - Tafeldeko","isPartOf":{"@id":"https:\/\/www.tafeldeko.de\/news\/#website"},"datePublished":"2011-12-24T13:45:27+00:00","dateModified":"2011-12-24T13:45:27+00:00","author":{"@id":"https:\/\/www.tafeldeko.de\/news\/#\/schema\/person\/d2acd86447ed0b6336089a8ba83164a0"},"description":"Wer im n\u00e4chsten Jahr heiratet, hat einiges an Vorbereitungen zu treffen und ist zeitlich sehr beansprucht. Die Planung der Hochzeit, der Hochzeitsfeier","breadcrumb":{"@id":"https:\/\/www.tafeldeko.de\/news\/hochzeitsmode-das-perfekte-outfit-fuer-den-grossen-tag\/#breadcrumb"},"inLanguage":"de-DE","potentialAction":[{"@type":"ReadAction","target":["https:\/\/www.tafeldeko.de\/news\/hochzeitsmode-das-perfekte-outfit-fuer-den-grossen-tag\/"]}]},{"@type":"BreadcrumbList","@id":"https:\/\/www.tafeldeko.de\/news\/hochzeitsmode-das-perfekte-outfit-fuer-den-grossen-tag\/#breadcrumb","itemListElement":[{"@type":"ListItem","position":1,"name":"Tafeldeko","item":"https:\/\/www.tafeldeko.de\/news\/"},{"@type":"ListItem","position":2,"name":"Alte Beitr\u00e4ge","item":"https:\/\/www.tafeldeko.de\/news\/alte-beitraege\/"},{"@type":"ListItem","position":3,"name":"Tischdeko - Blog","item":"https:\/\/www.tafeldeko.de\/news\/alte-beitraege\/tischdeko-blog\/"},{"@type":"ListItem","position":4,"name":"Hochzeitsmode \u2013 das perfekte Outfit f\u00fcr den gro\u00dfen Tag"}]},{"@type":"WebSite","@id":"https:\/\/www.tafeldeko.de\/news\/#website","url":"https:\/\/www.tafeldeko.de\/news\/","name":"Tafeldeko","description":"Blog mit Tischdeko und Tischdekoration Ideen","potentialAction":[{"@type":"SearchAction","target":{"@type":"EntryPoint","urlTemplate":"https:\/\/www.tafeldeko.de\/news\/?s={search_term_string}"},"query-input":"required name=search_term_string"}],"inLanguage":"de-DE"},{"@type":"Person","@id":"https:\/\/www.tafeldeko.de\/news\/#\/schema\/person\/d2acd86447ed0b6336089a8ba83164a0","name":"Christiane Stein","image":{"@type":"ImageObject","inLanguage":"de-DE","@id":"https:\/\/www.tafeldeko.de\/news\/#\/schema\/person\/image\/","url":"https:\/\/secure.gravatar.com\/avatar\/2054729fbfd1ebc9d3cf1fd55361d0b6?s=96&d=mm&r=g","contentUrl":"https:\/\/secure.gravatar.com\/avatar\/2054729fbfd1ebc9d3cf1fd55361d0b6?s=96&d=mm&r=g","caption":"Christiane Stein"}}]}},"_links":{"self":[{"href":"https:\/\/www.tafeldeko.de\/news\/wp-json\/wp\/v2\/posts\/4915"}],"collection":[{"href":"https:\/\/www.tafeldeko.de\/news\/wp-json\/wp\/v2\/posts"}],"about":[{"href":"https:\/\/www.tafeldeko.de\/news\/wp-json\/wp\/v2\/types\/post"}],"author":[{"embeddable":true,"href":"https:\/\/www.tafeldeko.de\/news\/wp-json\/wp\/v2\/users\/2"}],"replies":[{"embeddable":true,"href":"https:\/\/www.tafeldeko.de\/news\/wp-json\/wp\/v2\/comments?post=4915"}],"version-history":[{"count":0,"href":"https:\/\/www.tafeldeko.de\/news\/wp-json\/wp\/v2\/posts\/4915\/revisions"}],"wp:attachment":[{"href":"https:\/\/www.tafeldeko.de\/news\/wp-json\/wp\/v2\/media?parent=4915"}],"wp:term":[{"taxonomy":"category","embeddable":true,"href":"https:\/\/www.tafeldeko.de\/news\/wp-json\/wp\/v2\/categories?post=4915"},{"taxonomy":"post_tag","embeddable":true,"href":"https:\/\/www.tafeldeko.de\/news\/wp-json\/wp\/v2\/tags?post=4915"}],"curies":[{"name":"wp","href":"https:\/\/api.w.org\/{rel}","templated":true}]}}