{"id":4798,"date":"2011-12-25T19:52:00","date_gmt":"2011-12-25T17:52:00","guid":{"rendered":"http:\/\/www.tafeldeko.de\/news\/?p=4798"},"modified":"2011-12-25T19:52:00","modified_gmt":"2011-12-25T17:52:00","slug":"orte-fuer-die-hochzeit-traumreise-in-die-zweisamkeit","status":"publish","type":"post","link":"https:\/\/www.tafeldeko.de\/news\/orte-fuer-die-hochzeit-traumreise-in-die-zweisamkeit\/","title":{"rendered":"Orte f\u00fcr die Hochzeit \u2013 Traumreise in die Zweisamkeit"},"content":{"rendered":"<p><b>Die Hochzeit<\/b> \u2013 die Monate vor diesem gro\u00dfen Tag sind stressig und mit viel Planung best\u00fcckt und auch der Tag der Hochzeit ist mit Anstrengung und Aufregung verbunden. Klappt alles, hat man an alles in Punkto Hochzeitsplanung gedacht? Oder hat man etwas Wichtiges \u00fcbersehen?<br \/>\nSitzt das <i>Hochzeitskleid<\/i>, l\u00e4uft in der Kirche alles gut und was erwartet mich dann nach der Heirat als Ehefrau?<br \/>\nDiese und viele andere Fragen stellt sich wohl jeder, der vor den Traualtar tritt und heiratet.<br \/>\nUnd vielleicht erwartet noch etwas ganz Besonderes das Brautpaar nach der Hochzeit \u2013 n\u00e4mlich die Hochzeitsreise.<br \/>\nDie Reise ins Gl\u00fcck, in die Zweisamkeit und vielleicht dazu noch an einen Ort, der ganz au\u00dfergew\u00f6hnlich ist und das <i>Traumreiseziel <\/i>des Brautpaares ist. Neben dem <b>Ort der <a href=\"https:\/\/www.tafeldeko.de\/index.php\/cat\/c45_Tischdeko-Hochzeit.html\">Hochzeit<\/a><\/b>, das hei\u00dft, wo man die Hochzeit feiert, spielt das Reiseziel der Hochzeitsreise ebenfalls eine wichtige Rolle.<br \/>\n<b>Orte f\u00fcr die Hochzeit <\/b>\u2013 sie sind schon sehr vielf\u00e4ltig, doch die<b> Orte f\u00fcr die Flitterwochen<\/b> sind noch vielf\u00e4ltiger. Las Vegas \u2013 wo man sich auch das Ja-Wort geben kann \u2013 ebenfalls als ein besonderer Ort f\u00fcr die Hochzeit und die Eheschlie\u00dfung oder auch Traumreiseziele wie die Bahamas, Hawaii, die Malediven und Bali und noch viele Orte mehr.<br \/>\nDoch manche Brautpaare zieht es gar nicht in die Ferne und an die <i>Traumstr\u00e4nde der Welt<\/i>, sondern sie lieben es, zu wandern, zu klettern oder mit dem Fahrrad die Gegen zu erkunden.<br \/>\nWie man die Flitterwochen verbringt, welchen Aktivit\u00e4ten man w\u00e4hrend dieser Zeit der Zweisamkeit nachgeht, ist Ermessenssache des Brautpaares \u2013 ebenso wie die<b> Orte f\u00fcr die Hochzeit<\/b>, wo man heiraten kann.<br \/>\nManche Brautpaare w\u00e4hlen als Ort f\u00fcr die Hochzeit eine Burg oder ein Schloss und verbringen direkt nach der Trauung dort die <b>Flitterwochen<\/b>.<br \/>\n<b>Orte f\u00fcr die Hochzeit und Orte f\u00fcr die Flitterwochen<\/b> \u2013 so vielf\u00e4ltig und auf jeden Fall eine wundersch\u00f6ne Reise in die Zweisamkeit. <\/p>\n","protected":false},"excerpt":{"rendered":"<p>Die Hochzeit \u2013 die Monate vor diesem gro\u00dfen Tag sind stressig und mit viel Planung best\u00fcckt und auch der Tag der Hochzeit ist mit Anstrengung und Aufregung verbunden. Klappt alles, hat man an alles in Punkto Hochzeitsplanung gedacht? Oder hat man etwas Wichtiges \u00fcbersehen? Sitzt das Hochzeitskleid, l\u00e4uft in der Kirche alles gut und was [&hellip;]<\/p>\n","protected":false},"author":2,"featured_media":0,"comment_status":"open","ping_status":"open","sticky":false,"template":"","format":"standard","meta":{"footnotes":""},"categories":[1],"tags":[],"yoast_head":"<!-- This site is optimized with the Yoast SEO plugin v20.4 - https:\/\/yoast.com\/wordpress\/plugins\/seo\/ -->\n<title>Orte f\u00fcr die Hochzeit \u2013 Traumreise in die Zweisamkeit - Tafeldeko<\/title>\n<meta name=\"description\" content=\"Die Hochzeit \u2013 die Monate vor diesem gro\u00dfen Tag sind stressig und mit viel Planung best\u00fcckt und auch der Tag der Hochzeit ist mit Anstrengung und\" \/>\n<meta name=\"robots\" content=\"index, follow, max-snippet:-1, max-image-preview:large, max-video-preview:-1\" \/>\n<link rel=\"canonical\" href=\"https:\/\/www.tafeldeko.de\/news\/orte-fuer-die-hochzeit-traumreise-in-die-zweisamkeit\/\" \/>\n<meta property=\"og:locale\" content=\"de_DE\" \/>\n<meta property=\"og:type\" content=\"article\" \/>\n<meta property=\"og:title\" content=\"Orte f\u00fcr die Hochzeit \u2013 Traumreise in die Zweisamkeit - Tafeldeko\" \/>\n<meta property=\"og:description\" content=\"Die Hochzeit \u2013 die Monate vor diesem gro\u00dfen Tag sind stressig und mit viel Planung best\u00fcckt und auch der Tag der Hochzeit ist mit Anstrengung und\" \/>\n<meta property=\"og:url\" content=\"https:\/\/www.tafeldeko.de\/news\/orte-fuer-die-hochzeit-traumreise-in-die-zweisamkeit\/\" \/>\n<meta property=\"og:site_name\" content=\"Tafeldeko\" \/>\n<meta property=\"article:publisher\" content=\"https:\/\/www.facebook.com\/pages\/Tafeldeko-einzigartige-Tischdekoration\/174202655894\" \/>\n<meta property=\"article:published_time\" content=\"2011-12-25T17:52:00+00:00\" \/>\n<meta name=\"author\" content=\"Christiane Stein\" \/>\n<meta name=\"twitter:label1\" content=\"Verfasst von\" \/>\n\t<meta name=\"twitter:data1\" content=\"Christiane Stein\" \/>\n\t<meta name=\"twitter:label2\" content=\"Gesch\u00e4tzte Lesezeit\" \/>\n\t<meta name=\"twitter:data2\" content=\"2 Minuten\" \/>\n<script type=\"application\/ld+json\" class=\"yoast-schema-graph\">{\"@context\":\"https:\/\/schema.org\",\"@graph\":[{\"@type\":\"WebPage\",\"@id\":\"https:\/\/www.tafeldeko.de\/news\/orte-fuer-die-hochzeit-traumreise-in-die-zweisamkeit\/\",\"url\":\"https:\/\/www.tafeldeko.de\/news\/orte-fuer-die-hochzeit-traumreise-in-die-zweisamkeit\/\",\"name\":\"Orte f\u00fcr die Hochzeit \u2013 Traumreise in die Zweisamkeit - Tafeldeko\",\"isPartOf\":{\"@id\":\"https:\/\/www.tafeldeko.de\/news\/#website\"},\"datePublished\":\"2011-12-25T17:52:00+00:00\",\"dateModified\":\"2011-12-25T17:52:00+00:00\",\"author\":{\"@id\":\"https:\/\/www.tafeldeko.de\/news\/#\/schema\/person\/d2acd86447ed0b6336089a8ba83164a0\"},\"description\":\"Die Hochzeit \u2013 die Monate vor diesem gro\u00dfen Tag sind stressig und mit viel Planung best\u00fcckt und auch der Tag der Hochzeit ist mit Anstrengung und\",\"breadcrumb\":{\"@id\":\"https:\/\/www.tafeldeko.de\/news\/orte-fuer-die-hochzeit-traumreise-in-die-zweisamkeit\/#breadcrumb\"},\"inLanguage\":\"de-DE\",\"potentialAction\":[{\"@type\":\"ReadAction\",\"target\":[\"https:\/\/www.tafeldeko.de\/news\/orte-fuer-die-hochzeit-traumreise-in-die-zweisamkeit\/\"]}]},{\"@type\":\"BreadcrumbList\",\"@id\":\"https:\/\/www.tafeldeko.de\/news\/orte-fuer-die-hochzeit-traumreise-in-die-zweisamkeit\/#breadcrumb\",\"itemListElement\":[{\"@type\":\"ListItem\",\"position\":1,\"name\":\"Tafeldeko\",\"item\":\"https:\/\/www.tafeldeko.de\/news\/\"},{\"@type\":\"ListItem\",\"position\":2,\"name\":\"Alte Beitr\u00e4ge\",\"item\":\"https:\/\/www.tafeldeko.de\/news\/alte-beitraege\/\"},{\"@type\":\"ListItem\",\"position\":3,\"name\":\"Tischdeko - Blog\",\"item\":\"https:\/\/www.tafeldeko.de\/news\/alte-beitraege\/tischdeko-blog\/\"},{\"@type\":\"ListItem\",\"position\":4,\"name\":\"Orte f\u00fcr die Hochzeit \u2013 Traumreise in die Zweisamkeit\"}]},{\"@type\":\"WebSite\",\"@id\":\"https:\/\/www.tafeldeko.de\/news\/#website\",\"url\":\"https:\/\/www.tafeldeko.de\/news\/\",\"name\":\"Tafeldeko\",\"description\":\"Blog mit Tischdeko und Tischdekoration Ideen\",\"potentialAction\":[{\"@type\":\"SearchAction\",\"target\":{\"@type\":\"EntryPoint\",\"urlTemplate\":\"https:\/\/www.tafeldeko.de\/news\/?s={search_term_string}\"},\"query-input\":\"required name=search_term_string\"}],\"inLanguage\":\"de-DE\"},{\"@type\":\"Person\",\"@id\":\"https:\/\/www.tafeldeko.de\/news\/#\/schema\/person\/d2acd86447ed0b6336089a8ba83164a0\",\"name\":\"Christiane Stein\",\"image\":{\"@type\":\"ImageObject\",\"inLanguage\":\"de-DE\",\"@id\":\"https:\/\/www.tafeldeko.de\/news\/#\/schema\/person\/image\/\",\"url\":\"https:\/\/secure.gravatar.com\/avatar\/2054729fbfd1ebc9d3cf1fd55361d0b6?s=96&d=mm&r=g\",\"contentUrl\":\"https:\/\/secure.gravatar.com\/avatar\/2054729fbfd1ebc9d3cf1fd55361d0b6?s=96&d=mm&r=g\",\"caption\":\"Christiane Stein\"}}]}<\/script>\n<!-- \/ Yoast SEO plugin. -->","yoast_head_json":{"title":"Orte f\u00fcr die Hochzeit \u2013 Traumreise in die Zweisamkeit - Tafeldeko","description":"Die Hochzeit \u2013 die Monate vor diesem gro\u00dfen Tag sind stressig und mit viel Planung best\u00fcckt und auch der Tag der Hochzeit ist mit Anstrengung und","robots":{"index":"index","follow":"follow","max-snippet":"max-snippet:-1","max-image-preview":"max-image-preview:large","max-video-preview":"max-video-preview:-1"},"canonical":"https:\/\/www.tafeldeko.de\/news\/orte-fuer-die-hochzeit-traumreise-in-die-zweisamkeit\/","og_locale":"de_DE","og_type":"article","og_title":"Orte f\u00fcr die Hochzeit \u2013 Traumreise in die Zweisamkeit - Tafeldeko","og_description":"Die Hochzeit \u2013 die Monate vor diesem gro\u00dfen Tag sind stressig und mit viel Planung best\u00fcckt und auch der Tag der Hochzeit ist mit Anstrengung und","og_url":"https:\/\/www.tafeldeko.de\/news\/orte-fuer-die-hochzeit-traumreise-in-die-zweisamkeit\/","og_site_name":"Tafeldeko","article_publisher":"https:\/\/www.facebook.com\/pages\/Tafeldeko-einzigartige-Tischdekoration\/174202655894","article_published_time":"2011-12-25T17:52:00+00:00","author":"Christiane Stein","twitter_misc":{"Verfasst von":"Christiane Stein","Gesch\u00e4tzte Lesezeit":"2 Minuten"},"schema":{"@context":"https:\/\/schema.org","@graph":[{"@type":"WebPage","@id":"https:\/\/www.tafeldeko.de\/news\/orte-fuer-die-hochzeit-traumreise-in-die-zweisamkeit\/","url":"https:\/\/www.tafeldeko.de\/news\/orte-fuer-die-hochzeit-traumreise-in-die-zweisamkeit\/","name":"Orte f\u00fcr die Hochzeit \u2013 Traumreise in die Zweisamkeit - Tafeldeko","isPartOf":{"@id":"https:\/\/www.tafeldeko.de\/news\/#website"},"datePublished":"2011-12-25T17:52:00+00:00","dateModified":"2011-12-25T17:52:00+00:00","author":{"@id":"https:\/\/www.tafeldeko.de\/news\/#\/schema\/person\/d2acd86447ed0b6336089a8ba83164a0"},"description":"Die Hochzeit \u2013 die Monate vor diesem gro\u00dfen Tag sind stressig und mit viel Planung best\u00fcckt und auch der Tag der Hochzeit ist mit Anstrengung und","breadcrumb":{"@id":"https:\/\/www.tafeldeko.de\/news\/orte-fuer-die-hochzeit-traumreise-in-die-zweisamkeit\/#breadcrumb"},"inLanguage":"de-DE","potentialAction":[{"@type":"ReadAction","target":["https:\/\/www.tafeldeko.de\/news\/orte-fuer-die-hochzeit-traumreise-in-die-zweisamkeit\/"]}]},{"@type":"BreadcrumbList","@id":"https:\/\/www.tafeldeko.de\/news\/orte-fuer-die-hochzeit-traumreise-in-die-zweisamkeit\/#breadcrumb","itemListElement":[{"@type":"ListItem","position":1,"name":"Tafeldeko","item":"https:\/\/www.tafeldeko.de\/news\/"},{"@type":"ListItem","position":2,"name":"Alte Beitr\u00e4ge","item":"https:\/\/www.tafeldeko.de\/news\/alte-beitraege\/"},{"@type":"ListItem","position":3,"name":"Tischdeko - Blog","item":"https:\/\/www.tafeldeko.de\/news\/alte-beitraege\/tischdeko-blog\/"},{"@type":"ListItem","position":4,"name":"Orte f\u00fcr die Hochzeit \u2013 Traumreise in die Zweisamkeit"}]},{"@type":"WebSite","@id":"https:\/\/www.tafeldeko.de\/news\/#website","url":"https:\/\/www.tafeldeko.de\/news\/","name":"Tafeldeko","description":"Blog mit Tischdeko und Tischdekoration Ideen","potentialAction":[{"@type":"SearchAction","target":{"@type":"EntryPoint","urlTemplate":"https:\/\/www.tafeldeko.de\/news\/?s={search_term_string}"},"query-input":"required name=search_term_string"}],"inLanguage":"de-DE"},{"@type":"Person","@id":"https:\/\/www.tafeldeko.de\/news\/#\/schema\/person\/d2acd86447ed0b6336089a8ba83164a0","name":"Christiane Stein","image":{"@type":"ImageObject","inLanguage":"de-DE","@id":"https:\/\/www.tafeldeko.de\/news\/#\/schema\/person\/image\/","url":"https:\/\/secure.gravatar.com\/avatar\/2054729fbfd1ebc9d3cf1fd55361d0b6?s=96&d=mm&r=g","contentUrl":"https:\/\/secure.gravatar.com\/avatar\/2054729fbfd1ebc9d3cf1fd55361d0b6?s=96&d=mm&r=g","caption":"Christiane Stein"}}]}},"_links":{"self":[{"href":"https:\/\/www.tafeldeko.de\/news\/wp-json\/wp\/v2\/posts\/4798"}],"collection":[{"href":"https:\/\/www.tafeldeko.de\/news\/wp-json\/wp\/v2\/posts"}],"about":[{"href":"https:\/\/www.tafeldeko.de\/news\/wp-json\/wp\/v2\/types\/post"}],"author":[{"embeddable":true,"href":"https:\/\/www.tafeldeko.de\/news\/wp-json\/wp\/v2\/users\/2"}],"replies":[{"embeddable":true,"href":"https:\/\/www.tafeldeko.de\/news\/wp-json\/wp\/v2\/comments?post=4798"}],"version-history":[{"count":0,"href":"https:\/\/www.tafeldeko.de\/news\/wp-json\/wp\/v2\/posts\/4798\/revisions"}],"wp:attachment":[{"href":"https:\/\/www.tafeldeko.de\/news\/wp-json\/wp\/v2\/media?parent=4798"}],"wp:term":[{"taxonomy":"category","embeddable":true,"href":"https:\/\/www.tafeldeko.de\/news\/wp-json\/wp\/v2\/categories?post=4798"},{"taxonomy":"post_tag","embeddable":true,"href":"https:\/\/www.tafeldeko.de\/news\/wp-json\/wp\/v2\/tags?post=4798"}],"curies":[{"name":"wp","href":"https:\/\/api.w.org\/{rel}","templated":true}]}}