{"id":4639,"date":"2012-09-14T15:17:43","date_gmt":"2012-09-14T13:17:43","guid":{"rendered":"http:\/\/www.tafeldeko.de\/news\/?p=4639"},"modified":"2012-09-14T15:17:43","modified_gmt":"2012-09-14T13:17:43","slug":"die-geburtstagseinladung-auf-bayrisch","status":"publish","type":"post","link":"https:\/\/www.tafeldeko.de\/news\/die-geburtstagseinladung-auf-bayrisch\/","title":{"rendered":"Die Geburtstagseinladung \u201eauf bayrisch\u201c"},"content":{"rendered":"<p><b>Geburtstage sollten gefeiert werden.<\/b> Ab einem gewissen Alter ist das \u201e\u00c4lterwerden\u201c nicht mehr so gerne gesehen, doch wer ein Lebensjahr \u00e4lter wird, kann stolz sein und genau das ist der Grund, warum man feiern sollte.<br \/>\nMit der Familie und Freunden kann so ein wundersch\u00f6ner Tag verlebt werden, der allen gleicherma\u00dfen Freude bereitet. Das Geburtstagskind wird geb\u00fchrend gefeiert, die G\u00e4ste feiern ein weiteres Lebensjahr des Geburtstagskindes.<br \/>\nDamit alle Personen, die zu dem Geburtstag eingeladen werden sollen, wissen, wann und wo gefeiert wird, ist eine <b>Geburtstagseinladung <\/b>sinnvoll und vor allen Dingen sch\u00f6n. Zudem k\u00f6nnen noch andere Dinge, wie beispielsweise Geburtstagsw\u00fcnsche in sch\u00f6ner Form mitgeteilt werden.<br \/>\n<i>Doch wie kann die Geburtstagsfeier gestaltet werden?<\/i><br \/>\nWie w\u00e4re es mit einer <b>Geburtstagsfeier im bayrischen Stil <\/b>und mit einer Geburtstagseinladung auf bayrisch?<br \/>\nErh\u00e4lt der Gast eine <b>Geburtstagseinladung in bayrischer Aufmachung<\/b>, geht er davon aus, dass auch die Geburtstagsfeier im bayrischen Stil gefeiert wird. Essen und Getr\u00e4nke fallen entsprechend bayrisch aus, auch die Dekoration der R\u00e4umlichkeit ist dem Motto der Feier angepasst.<br \/>\n<b>Doch wie kann man eine Geburtstagseinladung auf bayrisch gestalten?<\/b><br \/>\nWie w\u00e4re es mit einer <a href=\"https:\/\/www.tafeldeko.de\/index.php\/cat\/c50_Geburtstag.html\">Geburtstagseinladung <\/a><b>in Form einer \u201ekrachledernen Lederhose\u201c?<\/b> Tonkarton in einem Braunton oder auch Lederst\u00fccke k\u00f6nnen die Basis einer au\u00dfergew\u00f6hnlichen Geburtstagseinladung sein. Die Lederhose wird wie eine \u201eEchte\u201c gestaltet, das hei\u00dft, mit Stoffst\u00fccken k\u00f6nnen Taschen aufgeklebt werden, so dass man den Eindruck hat, eine Krachlederne im Kleinformat vor sich zu haben.<br \/>\nBeschriftet wird die <b>Geburtstagseinladung <\/b>beispielsweise mit einem wei\u00dfen Lackstift. Eckdaten wie Datum der Feier, Uhrzeit und Ort geh\u00f6ren auf die <b>Geburtstagseinladung<\/b>, um die G\u00e4ste von dem Fest in Kenntnis zu setzen.<br \/>\nEine andere Variante, die <b>Geburtstagseinladung im bayrischen Stil <\/b>zu pr\u00e4sentieren, ist ein <b>Lebkuchenherz<\/b>. Rezepte daf\u00fcr findet man im Internet und die Beschriftung erfolgt mit Zuckerguss oder auch mit einem Lackstift.<br \/>\nMit diesen beiden Varianten hat man eine <b>au\u00dfergew\u00f6hnliche Geburtstagseinladung <\/b>kreiert, die bestimmt gut bei den G\u00e4sten ankommt. <\/p>\n","protected":false},"excerpt":{"rendered":"<p>Geburtstage sollten gefeiert werden. Ab einem gewissen Alter ist das \u201e\u00c4lterwerden\u201c nicht mehr so gerne gesehen, doch wer ein Lebensjahr \u00e4lter wird, kann stolz sein und genau das ist der Grund, warum man feiern sollte.<br \/>\nMit der Familie und Freunden kann so ein wundersch\u00f6ner Tag verlebt werden, der allen gleicherma\u00dfen Freude bereitet. Das Geburtstagskind wird geb\u00fchrend gefeiert, die G\u00e4ste feiern ein weiteres Lebensjahr des Geburtstagskindes.<br \/>\nDamit alle Personen, die zu dem Geburtstag eingeladen werden sollen, wissen, wann und wo gefeiert wird, ist eine Geburtstagseinladung sinnvoll und vor allen Dingen sch\u00f6n. Zudem k\u00f6nnen noch andere Dinge, wie beispielsweise Geburtstagsw\u00fcnsche in sch\u00f6ner Form mitgeteilt werden.<br \/>\nDoch wie kann die Geburtstagsfeier gestaltet werden?<br \/>\nWie w\u00e4re es mit einer Geburtstagsfeier im bayrischen Stil und mit einer Geburtstagseinladung auf bayrisch?<br \/>\nErh\u00e4lt der Gast eine Geburtstagseinladung in bayrischer Aufmachung, geht er davon aus, dass auch die Geburtstagsfeier im bayrischen Stil gefeiert wird. Essen und Getr\u00e4nke fallen entsprechend bayrisch aus, auch die Dekoration der R\u00e4umlichkeit ist dem Motto der Feier angepasst.<br \/>\nDoch wie kann man eine Geburtstagseinladung auf bayrisch gestalten?<\/p>\n","protected":false},"author":2,"featured_media":0,"comment_status":"open","ping_status":"open","sticky":false,"template":"","format":"standard","meta":{"footnotes":""},"categories":[1],"tags":[],"yoast_head":"<!-- This site is optimized with the Yoast SEO plugin v20.4 - https:\/\/yoast.com\/wordpress\/plugins\/seo\/ -->\n<title>Die Geburtstagseinladung \u201eauf bayrisch\u201c - Tafeldeko<\/title>\n<meta name=\"description\" content=\"Geburtstage sollten gefeiert werden. Ab einem gewissen Alter ist das \u201e\u00c4lterwerden\u201c nicht mehr so gerne gesehen, doch wer ein Lebensjahr \u00e4lter wird, kann stolz sein und genau das ist der Grund, warum man feiern sollte. Mit der Familie und Freunden kann so ein wundersch\u00f6ner Tag verlebt werden, der allen gleicherma\u00dfen Freude bereitet. Das Geburtstagskind wird geb\u00fchrend gefeiert, die G\u00e4ste feiern ein weiteres Lebensjahr des Geburtstagskindes.  Damit alle Personen, die zu dem Geburtstag eingeladen werden sollen, wissen, wann und wo gefeiert wird, ist eine Geburtstagseinladung sinnvoll und vor allen Dingen sch\u00f6n. Zudem k\u00f6nnen noch andere Dinge, wie beispielsweise Geburtstagsw\u00fcnsche in sch\u00f6ner Form mitgeteilt werden.  Doch wie kann die Geburtstagsfeier gestaltet werden? Wie w\u00e4re es mit einer Geburtstagsfeier im bayrischen Stil und mit einer Geburtstagseinladung auf bayrisch? Erh\u00e4lt der Gast eine Geburtstagseinladung in bayrischer Aufmachung, geht er davon aus, dass auch die Geburtstagsfeier im bayrischen Stil gefeiert wird. Essen und Getr\u00e4nke fallen entsprechend bayrisch aus, auch die Dekoration der R\u00e4umlichkeit ist dem Motto der Feier angepasst. Doch wie kann man eine Geburtstagseinladung auf bayrisch gestalten?\" \/>\n<meta name=\"robots\" content=\"index, follow, max-snippet:-1, max-image-preview:large, max-video-preview:-1\" \/>\n<link rel=\"canonical\" href=\"https:\/\/www.tafeldeko.de\/news\/die-geburtstagseinladung-auf-bayrisch\/\" \/>\n<meta property=\"og:locale\" content=\"de_DE\" \/>\n<meta property=\"og:type\" content=\"article\" \/>\n<meta property=\"og:title\" content=\"Die Geburtstagseinladung \u201eauf bayrisch\u201c - Tafeldeko\" \/>\n<meta property=\"og:description\" content=\"Geburtstage sollten gefeiert werden. Ab einem gewissen Alter ist das \u201e\u00c4lterwerden\u201c nicht mehr so gerne gesehen, doch wer ein Lebensjahr \u00e4lter wird, kann stolz sein und genau das ist der Grund, warum man feiern sollte. Mit der Familie und Freunden kann so ein wundersch\u00f6ner Tag verlebt werden, der allen gleicherma\u00dfen Freude bereitet. Das Geburtstagskind wird geb\u00fchrend gefeiert, die G\u00e4ste feiern ein weiteres Lebensjahr des Geburtstagskindes.  Damit alle Personen, die zu dem Geburtstag eingeladen werden sollen, wissen, wann und wo gefeiert wird, ist eine Geburtstagseinladung sinnvoll und vor allen Dingen sch\u00f6n. Zudem k\u00f6nnen noch andere Dinge, wie beispielsweise Geburtstagsw\u00fcnsche in sch\u00f6ner Form mitgeteilt werden.  Doch wie kann die Geburtstagsfeier gestaltet werden? Wie w\u00e4re es mit einer Geburtstagsfeier im bayrischen Stil und mit einer Geburtstagseinladung auf bayrisch? Erh\u00e4lt der Gast eine Geburtstagseinladung in bayrischer Aufmachung, geht er davon aus, dass auch die Geburtstagsfeier im bayrischen Stil gefeiert wird. Essen und Getr\u00e4nke fallen entsprechend bayrisch aus, auch die Dekoration der R\u00e4umlichkeit ist dem Motto der Feier angepasst. Doch wie kann man eine Geburtstagseinladung auf bayrisch gestalten?\" \/>\n<meta property=\"og:url\" content=\"https:\/\/www.tafeldeko.de\/news\/die-geburtstagseinladung-auf-bayrisch\/\" \/>\n<meta property=\"og:site_name\" content=\"Tafeldeko\" \/>\n<meta property=\"article:publisher\" content=\"https:\/\/www.facebook.com\/pages\/Tafeldeko-einzigartige-Tischdekoration\/174202655894\" \/>\n<meta property=\"article:published_time\" content=\"2012-09-14T13:17:43+00:00\" \/>\n<meta name=\"author\" content=\"Christiane Stein\" \/>\n<meta name=\"twitter:label1\" content=\"Verfasst von\" \/>\n\t<meta name=\"twitter:data1\" content=\"Christiane Stein\" \/>\n\t<meta name=\"twitter:label2\" content=\"Gesch\u00e4tzte Lesezeit\" \/>\n\t<meta name=\"twitter:data2\" content=\"2 Minuten\" \/>\n<script type=\"application\/ld+json\" class=\"yoast-schema-graph\">{\"@context\":\"https:\/\/schema.org\",\"@graph\":[{\"@type\":\"WebPage\",\"@id\":\"https:\/\/www.tafeldeko.de\/news\/die-geburtstagseinladung-auf-bayrisch\/\",\"url\":\"https:\/\/www.tafeldeko.de\/news\/die-geburtstagseinladung-auf-bayrisch\/\",\"name\":\"Die Geburtstagseinladung \u201eauf bayrisch\u201c - Tafeldeko\",\"isPartOf\":{\"@id\":\"https:\/\/www.tafeldeko.de\/news\/#website\"},\"datePublished\":\"2012-09-14T13:17:43+00:00\",\"dateModified\":\"2012-09-14T13:17:43+00:00\",\"author\":{\"@id\":\"https:\/\/www.tafeldeko.de\/news\/#\/schema\/person\/d2acd86447ed0b6336089a8ba83164a0\"},\"description\":\"Geburtstage sollten gefeiert werden. Ab einem gewissen Alter ist das \u201e\u00c4lterwerden\u201c nicht mehr so gerne gesehen, doch wer ein Lebensjahr \u00e4lter wird, kann stolz sein und genau das ist der Grund, warum man feiern sollte. Mit der Familie und Freunden kann so ein wundersch\u00f6ner Tag verlebt werden, der allen gleicherma\u00dfen Freude bereitet. Das Geburtstagskind wird geb\u00fchrend gefeiert, die G\u00e4ste feiern ein weiteres Lebensjahr des Geburtstagskindes. Damit alle Personen, die zu dem Geburtstag eingeladen werden sollen, wissen, wann und wo gefeiert wird, ist eine Geburtstagseinladung sinnvoll und vor allen Dingen sch\u00f6n. Zudem k\u00f6nnen noch andere Dinge, wie beispielsweise Geburtstagsw\u00fcnsche in sch\u00f6ner Form mitgeteilt werden. Doch wie kann die Geburtstagsfeier gestaltet werden? Wie w\u00e4re es mit einer Geburtstagsfeier im bayrischen Stil und mit einer Geburtstagseinladung auf bayrisch? Erh\u00e4lt der Gast eine Geburtstagseinladung in bayrischer Aufmachung, geht er davon aus, dass auch die Geburtstagsfeier im bayrischen Stil gefeiert wird. Essen und Getr\u00e4nke fallen entsprechend bayrisch aus, auch die Dekoration der R\u00e4umlichkeit ist dem Motto der Feier angepasst. Doch wie kann man eine Geburtstagseinladung auf bayrisch gestalten?\",\"breadcrumb\":{\"@id\":\"https:\/\/www.tafeldeko.de\/news\/die-geburtstagseinladung-auf-bayrisch\/#breadcrumb\"},\"inLanguage\":\"de-DE\",\"potentialAction\":[{\"@type\":\"ReadAction\",\"target\":[\"https:\/\/www.tafeldeko.de\/news\/die-geburtstagseinladung-auf-bayrisch\/\"]}]},{\"@type\":\"BreadcrumbList\",\"@id\":\"https:\/\/www.tafeldeko.de\/news\/die-geburtstagseinladung-auf-bayrisch\/#breadcrumb\",\"itemListElement\":[{\"@type\":\"ListItem\",\"position\":1,\"name\":\"Tafeldeko\",\"item\":\"https:\/\/www.tafeldeko.de\/news\/\"},{\"@type\":\"ListItem\",\"position\":2,\"name\":\"Alte Beitr\u00e4ge\",\"item\":\"https:\/\/www.tafeldeko.de\/news\/alte-beitraege\/\"},{\"@type\":\"ListItem\",\"position\":3,\"name\":\"Tischdeko - Blog\",\"item\":\"https:\/\/www.tafeldeko.de\/news\/alte-beitraege\/tischdeko-blog\/\"},{\"@type\":\"ListItem\",\"position\":4,\"name\":\"Die Geburtstagseinladung \u201eauf bayrisch\u201c\"}]},{\"@type\":\"WebSite\",\"@id\":\"https:\/\/www.tafeldeko.de\/news\/#website\",\"url\":\"https:\/\/www.tafeldeko.de\/news\/\",\"name\":\"Tafeldeko\",\"description\":\"Blog mit Tischdeko und Tischdekoration Ideen\",\"potentialAction\":[{\"@type\":\"SearchAction\",\"target\":{\"@type\":\"EntryPoint\",\"urlTemplate\":\"https:\/\/www.tafeldeko.de\/news\/?s={search_term_string}\"},\"query-input\":\"required name=search_term_string\"}],\"inLanguage\":\"de-DE\"},{\"@type\":\"Person\",\"@id\":\"https:\/\/www.tafeldeko.de\/news\/#\/schema\/person\/d2acd86447ed0b6336089a8ba83164a0\",\"name\":\"Christiane Stein\",\"image\":{\"@type\":\"ImageObject\",\"inLanguage\":\"de-DE\",\"@id\":\"https:\/\/www.tafeldeko.de\/news\/#\/schema\/person\/image\/\",\"url\":\"https:\/\/secure.gravatar.com\/avatar\/2054729fbfd1ebc9d3cf1fd55361d0b6?s=96&d=mm&r=g\",\"contentUrl\":\"https:\/\/secure.gravatar.com\/avatar\/2054729fbfd1ebc9d3cf1fd55361d0b6?s=96&d=mm&r=g\",\"caption\":\"Christiane Stein\"}}]}<\/script>\n<!-- \/ Yoast SEO plugin. -->","yoast_head_json":{"title":"Die Geburtstagseinladung \u201eauf bayrisch\u201c - Tafeldeko","description":"Geburtstage sollten gefeiert werden. Ab einem gewissen Alter ist das \u201e\u00c4lterwerden\u201c nicht mehr so gerne gesehen, doch wer ein Lebensjahr \u00e4lter wird, kann stolz sein und genau das ist der Grund, warum man feiern sollte. Mit der Familie und Freunden kann so ein wundersch\u00f6ner Tag verlebt werden, der allen gleicherma\u00dfen Freude bereitet. Das Geburtstagskind wird geb\u00fchrend gefeiert, die G\u00e4ste feiern ein weiteres Lebensjahr des Geburtstagskindes.  Damit alle Personen, die zu dem Geburtstag eingeladen werden sollen, wissen, wann und wo gefeiert wird, ist eine Geburtstagseinladung sinnvoll und vor allen Dingen sch\u00f6n. Zudem k\u00f6nnen noch andere Dinge, wie beispielsweise Geburtstagsw\u00fcnsche in sch\u00f6ner Form mitgeteilt werden.  Doch wie kann die Geburtstagsfeier gestaltet werden? Wie w\u00e4re es mit einer Geburtstagsfeier im bayrischen Stil und mit einer Geburtstagseinladung auf bayrisch? Erh\u00e4lt der Gast eine Geburtstagseinladung in bayrischer Aufmachung, geht er davon aus, dass auch die Geburtstagsfeier im bayrischen Stil gefeiert wird. Essen und Getr\u00e4nke fallen entsprechend bayrisch aus, auch die Dekoration der R\u00e4umlichkeit ist dem Motto der Feier angepasst. Doch wie kann man eine Geburtstagseinladung auf bayrisch gestalten?","robots":{"index":"index","follow":"follow","max-snippet":"max-snippet:-1","max-image-preview":"max-image-preview:large","max-video-preview":"max-video-preview:-1"},"canonical":"https:\/\/www.tafeldeko.de\/news\/die-geburtstagseinladung-auf-bayrisch\/","og_locale":"de_DE","og_type":"article","og_title":"Die Geburtstagseinladung \u201eauf bayrisch\u201c - Tafeldeko","og_description":"Geburtstage sollten gefeiert werden. Ab einem gewissen Alter ist das \u201e\u00c4lterwerden\u201c nicht mehr so gerne gesehen, doch wer ein Lebensjahr \u00e4lter wird, kann stolz sein und genau das ist der Grund, warum man feiern sollte. Mit der Familie und Freunden kann so ein wundersch\u00f6ner Tag verlebt werden, der allen gleicherma\u00dfen Freude bereitet. Das Geburtstagskind wird geb\u00fchrend gefeiert, die G\u00e4ste feiern ein weiteres Lebensjahr des Geburtstagskindes.  Damit alle Personen, die zu dem Geburtstag eingeladen werden sollen, wissen, wann und wo gefeiert wird, ist eine Geburtstagseinladung sinnvoll und vor allen Dingen sch\u00f6n. Zudem k\u00f6nnen noch andere Dinge, wie beispielsweise Geburtstagsw\u00fcnsche in sch\u00f6ner Form mitgeteilt werden.  Doch wie kann die Geburtstagsfeier gestaltet werden? Wie w\u00e4re es mit einer Geburtstagsfeier im bayrischen Stil und mit einer Geburtstagseinladung auf bayrisch? Erh\u00e4lt der Gast eine Geburtstagseinladung in bayrischer Aufmachung, geht er davon aus, dass auch die Geburtstagsfeier im bayrischen Stil gefeiert wird. Essen und Getr\u00e4nke fallen entsprechend bayrisch aus, auch die Dekoration der R\u00e4umlichkeit ist dem Motto der Feier angepasst. Doch wie kann man eine Geburtstagseinladung auf bayrisch gestalten?","og_url":"https:\/\/www.tafeldeko.de\/news\/die-geburtstagseinladung-auf-bayrisch\/","og_site_name":"Tafeldeko","article_publisher":"https:\/\/www.facebook.com\/pages\/Tafeldeko-einzigartige-Tischdekoration\/174202655894","article_published_time":"2012-09-14T13:17:43+00:00","author":"Christiane Stein","twitter_misc":{"Verfasst von":"Christiane Stein","Gesch\u00e4tzte Lesezeit":"2 Minuten"},"schema":{"@context":"https:\/\/schema.org","@graph":[{"@type":"WebPage","@id":"https:\/\/www.tafeldeko.de\/news\/die-geburtstagseinladung-auf-bayrisch\/","url":"https:\/\/www.tafeldeko.de\/news\/die-geburtstagseinladung-auf-bayrisch\/","name":"Die Geburtstagseinladung \u201eauf bayrisch\u201c - Tafeldeko","isPartOf":{"@id":"https:\/\/www.tafeldeko.de\/news\/#website"},"datePublished":"2012-09-14T13:17:43+00:00","dateModified":"2012-09-14T13:17:43+00:00","author":{"@id":"https:\/\/www.tafeldeko.de\/news\/#\/schema\/person\/d2acd86447ed0b6336089a8ba83164a0"},"description":"Geburtstage sollten gefeiert werden. Ab einem gewissen Alter ist das \u201e\u00c4lterwerden\u201c nicht mehr so gerne gesehen, doch wer ein Lebensjahr \u00e4lter wird, kann stolz sein und genau das ist der Grund, warum man feiern sollte. Mit der Familie und Freunden kann so ein wundersch\u00f6ner Tag verlebt werden, der allen gleicherma\u00dfen Freude bereitet. Das Geburtstagskind wird geb\u00fchrend gefeiert, die G\u00e4ste feiern ein weiteres Lebensjahr des Geburtstagskindes. Damit alle Personen, die zu dem Geburtstag eingeladen werden sollen, wissen, wann und wo gefeiert wird, ist eine Geburtstagseinladung sinnvoll und vor allen Dingen sch\u00f6n. Zudem k\u00f6nnen noch andere Dinge, wie beispielsweise Geburtstagsw\u00fcnsche in sch\u00f6ner Form mitgeteilt werden. Doch wie kann die Geburtstagsfeier gestaltet werden? Wie w\u00e4re es mit einer Geburtstagsfeier im bayrischen Stil und mit einer Geburtstagseinladung auf bayrisch? Erh\u00e4lt der Gast eine Geburtstagseinladung in bayrischer Aufmachung, geht er davon aus, dass auch die Geburtstagsfeier im bayrischen Stil gefeiert wird. Essen und Getr\u00e4nke fallen entsprechend bayrisch aus, auch die Dekoration der R\u00e4umlichkeit ist dem Motto der Feier angepasst. Doch wie kann man eine Geburtstagseinladung auf bayrisch gestalten?","breadcrumb":{"@id":"https:\/\/www.tafeldeko.de\/news\/die-geburtstagseinladung-auf-bayrisch\/#breadcrumb"},"inLanguage":"de-DE","potentialAction":[{"@type":"ReadAction","target":["https:\/\/www.tafeldeko.de\/news\/die-geburtstagseinladung-auf-bayrisch\/"]}]},{"@type":"BreadcrumbList","@id":"https:\/\/www.tafeldeko.de\/news\/die-geburtstagseinladung-auf-bayrisch\/#breadcrumb","itemListElement":[{"@type":"ListItem","position":1,"name":"Tafeldeko","item":"https:\/\/www.tafeldeko.de\/news\/"},{"@type":"ListItem","position":2,"name":"Alte Beitr\u00e4ge","item":"https:\/\/www.tafeldeko.de\/news\/alte-beitraege\/"},{"@type":"ListItem","position":3,"name":"Tischdeko - Blog","item":"https:\/\/www.tafeldeko.de\/news\/alte-beitraege\/tischdeko-blog\/"},{"@type":"ListItem","position":4,"name":"Die Geburtstagseinladung \u201eauf bayrisch\u201c"}]},{"@type":"WebSite","@id":"https:\/\/www.tafeldeko.de\/news\/#website","url":"https:\/\/www.tafeldeko.de\/news\/","name":"Tafeldeko","description":"Blog mit Tischdeko und Tischdekoration Ideen","potentialAction":[{"@type":"SearchAction","target":{"@type":"EntryPoint","urlTemplate":"https:\/\/www.tafeldeko.de\/news\/?s={search_term_string}"},"query-input":"required name=search_term_string"}],"inLanguage":"de-DE"},{"@type":"Person","@id":"https:\/\/www.tafeldeko.de\/news\/#\/schema\/person\/d2acd86447ed0b6336089a8ba83164a0","name":"Christiane Stein","image":{"@type":"ImageObject","inLanguage":"de-DE","@id":"https:\/\/www.tafeldeko.de\/news\/#\/schema\/person\/image\/","url":"https:\/\/secure.gravatar.com\/avatar\/2054729fbfd1ebc9d3cf1fd55361d0b6?s=96&d=mm&r=g","contentUrl":"https:\/\/secure.gravatar.com\/avatar\/2054729fbfd1ebc9d3cf1fd55361d0b6?s=96&d=mm&r=g","caption":"Christiane Stein"}}]}},"_links":{"self":[{"href":"https:\/\/www.tafeldeko.de\/news\/wp-json\/wp\/v2\/posts\/4639"}],"collection":[{"href":"https:\/\/www.tafeldeko.de\/news\/wp-json\/wp\/v2\/posts"}],"about":[{"href":"https:\/\/www.tafeldeko.de\/news\/wp-json\/wp\/v2\/types\/post"}],"author":[{"embeddable":true,"href":"https:\/\/www.tafeldeko.de\/news\/wp-json\/wp\/v2\/users\/2"}],"replies":[{"embeddable":true,"href":"https:\/\/www.tafeldeko.de\/news\/wp-json\/wp\/v2\/comments?post=4639"}],"version-history":[{"count":0,"href":"https:\/\/www.tafeldeko.de\/news\/wp-json\/wp\/v2\/posts\/4639\/revisions"}],"wp:attachment":[{"href":"https:\/\/www.tafeldeko.de\/news\/wp-json\/wp\/v2\/media?parent=4639"}],"wp:term":[{"taxonomy":"category","embeddable":true,"href":"https:\/\/www.tafeldeko.de\/news\/wp-json\/wp\/v2\/categories?post=4639"},{"taxonomy":"post_tag","embeddable":true,"href":"https:\/\/www.tafeldeko.de\/news\/wp-json\/wp\/v2\/tags?post=4639"}],"curies":[{"name":"wp","href":"https:\/\/api.w.org\/{rel}","templated":true}]}}