{"id":4627,"date":"2012-02-03T20:50:30","date_gmt":"2012-02-03T18:50:30","guid":{"rendered":"http:\/\/www.tafeldeko.de\/news\/?p=4627"},"modified":"2012-02-03T20:50:30","modified_gmt":"2012-02-03T18:50:30","slug":"die-geburtstagseinladung-mit-besonderen-spruechen-kombiniert","status":"publish","type":"post","link":"https:\/\/www.tafeldeko.de\/news\/die-geburtstagseinladung-mit-besonderen-spruechen-kombiniert\/","title":{"rendered":"Die Geburtstagseinladung \u2013 mit besonderen Spr\u00fcchen kombiniert"},"content":{"rendered":"<p>Eine <b>Geburtstagseinladung <\/b>hat den Sinn, die G\u00e4ste zu einem Geburtstag einzuladen. Mit der <b>Geburtstagseinladung <\/b>erh\u00e4lt der Gast alle notwendigen Daten, die f\u00fcr die Geburtstagsfeier wichtig sind.<br \/>\nZu diesen Daten geh\u00f6ren das Datum, wann der Geburtstag gefeiert wird, die Uhrzeit, wann die Feier beginnt und der Ort, wo die Geburtstagsfeier stattfindet. Und was nat\u00fcrlich auf keinem Fall fehlen darf, ist die Person, die den Geburtstag feiert. Denn sie ist die Hauptperson dieser Feier und mit der Geburtstagseinladung m\u00f6chte sie die Menschen einladen, mit denen sie diesen Tag feiern m\u00f6chte.<br \/>\nGeburtstagseinladungen gibt es in verschiedenen Ausf\u00fchrungen. Von den Standard-Geburtstagseinladungen, die es in den Gesch\u00e4ften zu kaufen gibt, m\u00f6chte man sich oftmals sozusagen distanzieren und den G\u00e4sten <b>eine tolle und au\u00dfergew\u00f6hnliche Geburtstagseinladung<\/b> pr\u00e4sentieren.<br \/>\n<b>Mit selbst kreierten Einladungen<\/b> hat man auch mehr M\u00f6glichkeiten, den G\u00e4sten etwas mitzuteilen, wie zum Beispiel den Geburtstagswunsch. Und gerade bei diesem Punkt m\u00f6chte man die G\u00e4ste nicht direkt ansprechen, sondern man m\u00f6chte den Geburtstagswunsch sozusagen \u201esch\u00f6n verpacken\u201c. Das hei\u00dft, mit netten Worten, beispielsweise in gereimter Form, kann man den Geschenkwunsch sch\u00f6ner \u00e4u\u00dfern.<br \/>\nVersetzt man sich in die Lage der G\u00e4ste, dann wird es deutlicher, warum <b>Geburtstagseinladungen, die mit besonderen Spr\u00fcchen kombiniert werden<\/b>, besser ankommen als die Standard-Geburtstagseinladungen.<br \/>\n<b>Besondere Spr\u00fcche k\u00f6nnen die Geburtstagseinladung <\/b>versch\u00f6nern und eben mit netten Worten die W\u00fcnsche mitteilen. So kann zum Beispiel zu dem Spruch <i>\u201eOhne Moos nix los\u201c<\/i> ein Bild mit Geldscheinen gedruckt oder geklebt werden und dann die Aussage: \u201eDoch ihr k\u00f6nnt das \u00e4ndern und mir etwas Geld schenken.\u201c<br \/>\nEs muss sich nicht immer reimen, man kann auch mit besonderen Spr\u00fcchen und passenden Bildern vieles sch\u00f6n gestalten und dadurch die <b>Geburtstagseinladung <\/b>nicht nur als reine Datenkarte \u00fcberreichen, sondern als eine <b>au\u00dfergew\u00f6hnliche Einladung <\/b>zum <a href=\"https:\/\/www.tafeldeko.de\/index.php\/cat\/c50_Geburtstag.html\">Geburtstag<\/a>. <\/p>\n","protected":false},"excerpt":{"rendered":"<p>Eine Geburtstagseinladung hat den Sinn, die G\u00e4ste zu einem Geburtstag einzuladen. Mit der Geburtstagseinladung erh\u00e4lt der Gast alle notwendigen Daten, die f\u00fcr die Geburtstagsfeier wichtig sind. Zu diesen Daten geh\u00f6ren das Datum, wann der Geburtstag gefeiert wird, die Uhrzeit, wann die Feier beginnt und der Ort, wo die Geburtstagsfeier stattfindet. Und was nat\u00fcrlich auf keinem [&hellip;]<\/p>\n","protected":false},"author":2,"featured_media":0,"comment_status":"open","ping_status":"open","sticky":false,"template":"","format":"standard","meta":{"footnotes":""},"categories":[1],"tags":[],"yoast_head":"<!-- This site is optimized with the Yoast SEO plugin v20.4 - https:\/\/yoast.com\/wordpress\/plugins\/seo\/ -->\n<title>Die Geburtstagseinladung \u2013 mit besonderen Spr\u00fcchen kombiniert - Tafeldeko<\/title>\n<meta name=\"description\" content=\"Eine Geburtstagseinladung hat den Sinn, die G\u00e4ste zu einem Geburtstag einzuladen. Mit der Geburtstagseinladung erh\u00e4lt der Gast alle notwendigen Daten, die\" \/>\n<meta name=\"robots\" content=\"index, follow, max-snippet:-1, max-image-preview:large, max-video-preview:-1\" \/>\n<link rel=\"canonical\" href=\"https:\/\/www.tafeldeko.de\/news\/die-geburtstagseinladung-mit-besonderen-spruechen-kombiniert\/\" \/>\n<meta property=\"og:locale\" content=\"de_DE\" \/>\n<meta property=\"og:type\" content=\"article\" \/>\n<meta property=\"og:title\" content=\"Die Geburtstagseinladung \u2013 mit besonderen Spr\u00fcchen kombiniert - Tafeldeko\" \/>\n<meta property=\"og:description\" content=\"Eine Geburtstagseinladung hat den Sinn, die G\u00e4ste zu einem Geburtstag einzuladen. Mit der Geburtstagseinladung erh\u00e4lt der Gast alle notwendigen Daten, die\" \/>\n<meta property=\"og:url\" content=\"https:\/\/www.tafeldeko.de\/news\/die-geburtstagseinladung-mit-besonderen-spruechen-kombiniert\/\" \/>\n<meta property=\"og:site_name\" content=\"Tafeldeko\" \/>\n<meta property=\"article:publisher\" content=\"https:\/\/www.facebook.com\/pages\/Tafeldeko-einzigartige-Tischdekoration\/174202655894\" \/>\n<meta property=\"article:published_time\" content=\"2012-02-03T18:50:30+00:00\" \/>\n<meta name=\"author\" content=\"Christiane Stein\" \/>\n<meta name=\"twitter:label1\" content=\"Verfasst von\" \/>\n\t<meta name=\"twitter:data1\" content=\"Christiane Stein\" \/>\n\t<meta name=\"twitter:label2\" content=\"Gesch\u00e4tzte Lesezeit\" \/>\n\t<meta name=\"twitter:data2\" content=\"2 Minuten\" \/>\n<script type=\"application\/ld+json\" class=\"yoast-schema-graph\">{\"@context\":\"https:\/\/schema.org\",\"@graph\":[{\"@type\":\"WebPage\",\"@id\":\"https:\/\/www.tafeldeko.de\/news\/die-geburtstagseinladung-mit-besonderen-spruechen-kombiniert\/\",\"url\":\"https:\/\/www.tafeldeko.de\/news\/die-geburtstagseinladung-mit-besonderen-spruechen-kombiniert\/\",\"name\":\"Die Geburtstagseinladung \u2013 mit besonderen Spr\u00fcchen kombiniert - Tafeldeko\",\"isPartOf\":{\"@id\":\"https:\/\/www.tafeldeko.de\/news\/#website\"},\"datePublished\":\"2012-02-03T18:50:30+00:00\",\"dateModified\":\"2012-02-03T18:50:30+00:00\",\"author\":{\"@id\":\"https:\/\/www.tafeldeko.de\/news\/#\/schema\/person\/d2acd86447ed0b6336089a8ba83164a0\"},\"description\":\"Eine Geburtstagseinladung hat den Sinn, die G\u00e4ste zu einem Geburtstag einzuladen. Mit der Geburtstagseinladung erh\u00e4lt der Gast alle notwendigen Daten, die\",\"breadcrumb\":{\"@id\":\"https:\/\/www.tafeldeko.de\/news\/die-geburtstagseinladung-mit-besonderen-spruechen-kombiniert\/#breadcrumb\"},\"inLanguage\":\"de-DE\",\"potentialAction\":[{\"@type\":\"ReadAction\",\"target\":[\"https:\/\/www.tafeldeko.de\/news\/die-geburtstagseinladung-mit-besonderen-spruechen-kombiniert\/\"]}]},{\"@type\":\"BreadcrumbList\",\"@id\":\"https:\/\/www.tafeldeko.de\/news\/die-geburtstagseinladung-mit-besonderen-spruechen-kombiniert\/#breadcrumb\",\"itemListElement\":[{\"@type\":\"ListItem\",\"position\":1,\"name\":\"Tafeldeko\",\"item\":\"https:\/\/www.tafeldeko.de\/news\/\"},{\"@type\":\"ListItem\",\"position\":2,\"name\":\"Alte Beitr\u00e4ge\",\"item\":\"https:\/\/www.tafeldeko.de\/news\/alte-beitraege\/\"},{\"@type\":\"ListItem\",\"position\":3,\"name\":\"Tischdeko - Blog\",\"item\":\"https:\/\/www.tafeldeko.de\/news\/alte-beitraege\/tischdeko-blog\/\"},{\"@type\":\"ListItem\",\"position\":4,\"name\":\"Die Geburtstagseinladung \u2013 mit besonderen Spr\u00fcchen kombiniert\"}]},{\"@type\":\"WebSite\",\"@id\":\"https:\/\/www.tafeldeko.de\/news\/#website\",\"url\":\"https:\/\/www.tafeldeko.de\/news\/\",\"name\":\"Tafeldeko\",\"description\":\"Blog mit Tischdeko und Tischdekoration Ideen\",\"potentialAction\":[{\"@type\":\"SearchAction\",\"target\":{\"@type\":\"EntryPoint\",\"urlTemplate\":\"https:\/\/www.tafeldeko.de\/news\/?s={search_term_string}\"},\"query-input\":\"required name=search_term_string\"}],\"inLanguage\":\"de-DE\"},{\"@type\":\"Person\",\"@id\":\"https:\/\/www.tafeldeko.de\/news\/#\/schema\/person\/d2acd86447ed0b6336089a8ba83164a0\",\"name\":\"Christiane Stein\",\"image\":{\"@type\":\"ImageObject\",\"inLanguage\":\"de-DE\",\"@id\":\"https:\/\/www.tafeldeko.de\/news\/#\/schema\/person\/image\/\",\"url\":\"https:\/\/secure.gravatar.com\/avatar\/2054729fbfd1ebc9d3cf1fd55361d0b6?s=96&d=mm&r=g\",\"contentUrl\":\"https:\/\/secure.gravatar.com\/avatar\/2054729fbfd1ebc9d3cf1fd55361d0b6?s=96&d=mm&r=g\",\"caption\":\"Christiane Stein\"}}]}<\/script>\n<!-- \/ Yoast SEO plugin. -->","yoast_head_json":{"title":"Die Geburtstagseinladung \u2013 mit besonderen Spr\u00fcchen kombiniert - Tafeldeko","description":"Eine Geburtstagseinladung hat den Sinn, die G\u00e4ste zu einem Geburtstag einzuladen. Mit der Geburtstagseinladung erh\u00e4lt der Gast alle notwendigen Daten, die","robots":{"index":"index","follow":"follow","max-snippet":"max-snippet:-1","max-image-preview":"max-image-preview:large","max-video-preview":"max-video-preview:-1"},"canonical":"https:\/\/www.tafeldeko.de\/news\/die-geburtstagseinladung-mit-besonderen-spruechen-kombiniert\/","og_locale":"de_DE","og_type":"article","og_title":"Die Geburtstagseinladung \u2013 mit besonderen Spr\u00fcchen kombiniert - Tafeldeko","og_description":"Eine Geburtstagseinladung hat den Sinn, die G\u00e4ste zu einem Geburtstag einzuladen. Mit der Geburtstagseinladung erh\u00e4lt der Gast alle notwendigen Daten, die","og_url":"https:\/\/www.tafeldeko.de\/news\/die-geburtstagseinladung-mit-besonderen-spruechen-kombiniert\/","og_site_name":"Tafeldeko","article_publisher":"https:\/\/www.facebook.com\/pages\/Tafeldeko-einzigartige-Tischdekoration\/174202655894","article_published_time":"2012-02-03T18:50:30+00:00","author":"Christiane Stein","twitter_misc":{"Verfasst von":"Christiane Stein","Gesch\u00e4tzte Lesezeit":"2 Minuten"},"schema":{"@context":"https:\/\/schema.org","@graph":[{"@type":"WebPage","@id":"https:\/\/www.tafeldeko.de\/news\/die-geburtstagseinladung-mit-besonderen-spruechen-kombiniert\/","url":"https:\/\/www.tafeldeko.de\/news\/die-geburtstagseinladung-mit-besonderen-spruechen-kombiniert\/","name":"Die Geburtstagseinladung \u2013 mit besonderen Spr\u00fcchen kombiniert - Tafeldeko","isPartOf":{"@id":"https:\/\/www.tafeldeko.de\/news\/#website"},"datePublished":"2012-02-03T18:50:30+00:00","dateModified":"2012-02-03T18:50:30+00:00","author":{"@id":"https:\/\/www.tafeldeko.de\/news\/#\/schema\/person\/d2acd86447ed0b6336089a8ba83164a0"},"description":"Eine Geburtstagseinladung hat den Sinn, die G\u00e4ste zu einem Geburtstag einzuladen. Mit der Geburtstagseinladung erh\u00e4lt der Gast alle notwendigen Daten, die","breadcrumb":{"@id":"https:\/\/www.tafeldeko.de\/news\/die-geburtstagseinladung-mit-besonderen-spruechen-kombiniert\/#breadcrumb"},"inLanguage":"de-DE","potentialAction":[{"@type":"ReadAction","target":["https:\/\/www.tafeldeko.de\/news\/die-geburtstagseinladung-mit-besonderen-spruechen-kombiniert\/"]}]},{"@type":"BreadcrumbList","@id":"https:\/\/www.tafeldeko.de\/news\/die-geburtstagseinladung-mit-besonderen-spruechen-kombiniert\/#breadcrumb","itemListElement":[{"@type":"ListItem","position":1,"name":"Tafeldeko","item":"https:\/\/www.tafeldeko.de\/news\/"},{"@type":"ListItem","position":2,"name":"Alte Beitr\u00e4ge","item":"https:\/\/www.tafeldeko.de\/news\/alte-beitraege\/"},{"@type":"ListItem","position":3,"name":"Tischdeko - Blog","item":"https:\/\/www.tafeldeko.de\/news\/alte-beitraege\/tischdeko-blog\/"},{"@type":"ListItem","position":4,"name":"Die Geburtstagseinladung \u2013 mit besonderen Spr\u00fcchen kombiniert"}]},{"@type":"WebSite","@id":"https:\/\/www.tafeldeko.de\/news\/#website","url":"https:\/\/www.tafeldeko.de\/news\/","name":"Tafeldeko","description":"Blog mit Tischdeko und Tischdekoration Ideen","potentialAction":[{"@type":"SearchAction","target":{"@type":"EntryPoint","urlTemplate":"https:\/\/www.tafeldeko.de\/news\/?s={search_term_string}"},"query-input":"required name=search_term_string"}],"inLanguage":"de-DE"},{"@type":"Person","@id":"https:\/\/www.tafeldeko.de\/news\/#\/schema\/person\/d2acd86447ed0b6336089a8ba83164a0","name":"Christiane Stein","image":{"@type":"ImageObject","inLanguage":"de-DE","@id":"https:\/\/www.tafeldeko.de\/news\/#\/schema\/person\/image\/","url":"https:\/\/secure.gravatar.com\/avatar\/2054729fbfd1ebc9d3cf1fd55361d0b6?s=96&d=mm&r=g","contentUrl":"https:\/\/secure.gravatar.com\/avatar\/2054729fbfd1ebc9d3cf1fd55361d0b6?s=96&d=mm&r=g","caption":"Christiane Stein"}}]}},"_links":{"self":[{"href":"https:\/\/www.tafeldeko.de\/news\/wp-json\/wp\/v2\/posts\/4627"}],"collection":[{"href":"https:\/\/www.tafeldeko.de\/news\/wp-json\/wp\/v2\/posts"}],"about":[{"href":"https:\/\/www.tafeldeko.de\/news\/wp-json\/wp\/v2\/types\/post"}],"author":[{"embeddable":true,"href":"https:\/\/www.tafeldeko.de\/news\/wp-json\/wp\/v2\/users\/2"}],"replies":[{"embeddable":true,"href":"https:\/\/www.tafeldeko.de\/news\/wp-json\/wp\/v2\/comments?post=4627"}],"version-history":[{"count":0,"href":"https:\/\/www.tafeldeko.de\/news\/wp-json\/wp\/v2\/posts\/4627\/revisions"}],"wp:attachment":[{"href":"https:\/\/www.tafeldeko.de\/news\/wp-json\/wp\/v2\/media?parent=4627"}],"wp:term":[{"taxonomy":"category","embeddable":true,"href":"https:\/\/www.tafeldeko.de\/news\/wp-json\/wp\/v2\/categories?post=4627"},{"taxonomy":"post_tag","embeddable":true,"href":"https:\/\/www.tafeldeko.de\/news\/wp-json\/wp\/v2\/tags?post=4627"}],"curies":[{"name":"wp","href":"https:\/\/api.w.org\/{rel}","templated":true}]}}