{"id":439,"date":"2012-10-26T20:38:10","date_gmt":"2012-10-26T18:38:10","guid":{"rendered":"http:\/\/www.tafeldeko.de\/news\/?p=439"},"modified":"2012-10-26T20:38:10","modified_gmt":"2012-10-26T18:38:10","slug":"die-tischdeko-zu-st-martin-da-kommt-gemuetlichkeit-auf","status":"publish","type":"post","link":"https:\/\/www.tafeldeko.de\/news\/die-tischdeko-zu-st-martin-da-kommt-gemuetlichkeit-auf\/","title":{"rendered":"Die Tischdeko zu St. Martin &#8211; da kommt Gem\u00fctlichkeit auf"},"content":{"rendered":"<div class=\"textumfliessenrechts\"><img decoding=\"async\" loading=\"lazy\" src=\"https:\/\/www.tafeldeko.de\/news\/media\/users\/schnurchristian\/laterne_gruen.jpg\" alt=\"Metall-Laterne\" title=\"Metall-Laterne\" width=\"264\" height=\"264\"\/><br \/><a href=\"https:\/\/www.tafeldeko.de\/product_info.php\/products_id\/7203_Garten-oder-Tischdeko-Laterne-aus-Metall-in-3-Farben.html\" title=\"Tischdeko zu St. Martin\"><b>Tischdeko zu St. Martin<\/b><\/a><\/div>\n<p> Am 11. November ist es soweit, der <b>Martinstag <\/b>steht vor der T\u00fcr.<br \/>\nDer Martinstag ist der Gedenktag des heiligen Martin von Tours und ist durch zahlreiche Br\u00e4uche gepr\u00e4gt. Das Martinsgansessen, das Martinssingen oder der <b>Martinsumzug <\/b>sind wohl die g\u00e4ngigsten Br\u00e4uche, die es in Mitteleuropa gibt.<br \/>\nGerade in Deutschland sind die Laternenumz\u00fcge zum Martinstag \u00fcblich. Vor allem Kinder ziehen mit ihren gebastelten Laternen durch die Stra\u00dfen und der Marsch wird h\u00e4ufig von einem auf einem Schimmel sitzenden, als r\u00f6mischer Soldat verkleideter, Reiter angef\u00fchrt.<br \/>\nIm Anschluss daran findet ein gemeinsames Lagerfeuer statt und der Abend findet mit Gl\u00fchwein und Martinsbrezel seinen Ausklang. Diese Tradition ist sowohl f\u00fcr die Kinder, als auch f\u00fcr die Erwachsenen etwas Sch\u00f6nes.<br \/>\nGerade dann, wenn es fr\u00fcher dunkel wird, sehnt man sich nach Gem\u00fctlichkeit und W\u00e4rme.<br \/>\nDann sollte eine<b> Tischdeko zu St. Martin<\/b> her und was darf hierbei nicht fehlen?<br \/>\nGenau, die Laternen. Wer keine selbstgestalteten Laternen auf dem Tisch in Szene setzen m\u00f6chte, kann zum Beispiel zu einer Metall-Laterne greifen. Solch eine Metall-Laterne gibt es in verschiedenen Farben und erf\u00fcllt den gleichen Zweck, wie die gebastelte Variante.<br \/>\nDie Tischdeko zu St. Martin darf auch die herbstliche Stimmung aufgreifen und das herbstliche Feeling in den Raum bringen. Bunte Bl\u00e4tter, Kastanien oder \u00c4pfel sind f\u00fcr diese Art der Dekoration sehr passend.<br \/>\nSt. Martin ist ein sch\u00f6ner Anlass, um seine Wohnung in Punkto \u201eDekoration\u201c auf Vordermann zu bringen. Nach dem Martinstag findet der <b><a href=\"https:\/\/www.tafeldeko.de\/index.php\/cat\/c49_Tischdeko-Herbst.html\" title=\"Herbst\">Herbst<\/a><\/b> auch langsam sein Ende und man kann sich auf eine sch\u00f6ne, vorweihnachtliche Zeit einstimmen. Dann dauert es nicht mehr lange, bis man die erste Kerze vom Adventskranz anz\u00fcnden kann.<\/p>\n","protected":false},"excerpt":{"rendered":"<p>Am 11. November ist es soweit, der Martinstag steht vor der T\u00fcr.<br \/>\nDer Martinstag ist der Gedenktag des heiligen Martin von Tours und ist durch zahlreiche Br\u00e4uche gepr\u00e4gt. Das Martinsgansessen, das Martinssingen oder der Martinsumzug sind wohl die g\u00e4ngigsten Br\u00e4uche, die es in Mitteleuropa gibt.<br \/>\nGerade in Deutschland sind die Laternenumz\u00fcge zum Martinstag \u00fcblich. Vor allem Kinder ziehen mit ihren gebastelten Laternen durch die Stra\u00dfen und der Marsch wird h\u00e4ufig von einem auf einem Schimmel sitzenden, als r\u00f6mischer Soldat verkleideter, Reiter angef\u00fchrt.<\/p>\n","protected":false},"author":2,"featured_media":440,"comment_status":"open","ping_status":"open","sticky":false,"template":"","format":"standard","meta":{"footnotes":""},"categories":[1],"tags":[],"yoast_head":"<!-- This site is optimized with the Yoast SEO plugin v20.4 - https:\/\/yoast.com\/wordpress\/plugins\/seo\/ -->\n<title>Die Tischdeko zu St. Martin - da kommt Gem\u00fctlichkeit auf - Tafeldeko<\/title>\n<meta name=\"description\" content=\"Die Tischdeko zu St. Martin darf auch die herbstliche Stimmung aufgreifen und das herbstliche Feeling in den Raum bringen.\" \/>\n<meta name=\"robots\" content=\"index, follow, max-snippet:-1, max-image-preview:large, max-video-preview:-1\" \/>\n<link rel=\"canonical\" href=\"https:\/\/www.tafeldeko.de\/news\/die-tischdeko-zu-st-martin-da-kommt-gemuetlichkeit-auf\/\" \/>\n<meta property=\"og:locale\" content=\"de_DE\" \/>\n<meta property=\"og:type\" content=\"article\" \/>\n<meta property=\"og:title\" content=\"Die Tischdeko zu St. Martin - da kommt Gem\u00fctlichkeit auf - Tafeldeko\" \/>\n<meta property=\"og:description\" content=\"Die Tischdeko zu St. Martin darf auch die herbstliche Stimmung aufgreifen und das herbstliche Feeling in den Raum bringen.\" \/>\n<meta property=\"og:url\" content=\"https:\/\/www.tafeldeko.de\/news\/die-tischdeko-zu-st-martin-da-kommt-gemuetlichkeit-auf\/\" \/>\n<meta property=\"og:site_name\" content=\"Tafeldeko\" \/>\n<meta property=\"article:publisher\" content=\"https:\/\/www.facebook.com\/pages\/Tafeldeko-einzigartige-Tischdekoration\/174202655894\" \/>\n<meta property=\"article:published_time\" content=\"2012-10-26T18:38:10+00:00\" \/>\n<meta property=\"og:image\" content=\"https:\/\/www.tafeldeko.de\/news\/wp-content\/uploads\/2014\/09\/laterne_gruen.jpg\" \/>\n\t<meta property=\"og:image:width\" content=\"264\" \/>\n\t<meta property=\"og:image:height\" content=\"264\" \/>\n\t<meta property=\"og:image:type\" content=\"image\/jpeg\" \/>\n<meta name=\"author\" content=\"Christiane Stein\" \/>\n<meta name=\"twitter:label1\" content=\"Verfasst von\" \/>\n\t<meta name=\"twitter:data1\" content=\"Christiane Stein\" \/>\n\t<meta name=\"twitter:label2\" content=\"Gesch\u00e4tzte Lesezeit\" \/>\n\t<meta name=\"twitter:data2\" content=\"1 Minute\" \/>\n<script type=\"application\/ld+json\" class=\"yoast-schema-graph\">{\"@context\":\"https:\/\/schema.org\",\"@graph\":[{\"@type\":\"WebPage\",\"@id\":\"https:\/\/www.tafeldeko.de\/news\/die-tischdeko-zu-st-martin-da-kommt-gemuetlichkeit-auf\/\",\"url\":\"https:\/\/www.tafeldeko.de\/news\/die-tischdeko-zu-st-martin-da-kommt-gemuetlichkeit-auf\/\",\"name\":\"Die Tischdeko zu St. Martin - da kommt Gem\u00fctlichkeit auf - Tafeldeko\",\"isPartOf\":{\"@id\":\"https:\/\/www.tafeldeko.de\/news\/#website\"},\"datePublished\":\"2012-10-26T18:38:10+00:00\",\"dateModified\":\"2012-10-26T18:38:10+00:00\",\"author\":{\"@id\":\"https:\/\/www.tafeldeko.de\/news\/#\/schema\/person\/d2acd86447ed0b6336089a8ba83164a0\"},\"description\":\"Die Tischdeko zu St. Martin darf auch die herbstliche Stimmung aufgreifen und das herbstliche Feeling in den Raum bringen.\",\"breadcrumb\":{\"@id\":\"https:\/\/www.tafeldeko.de\/news\/die-tischdeko-zu-st-martin-da-kommt-gemuetlichkeit-auf\/#breadcrumb\"},\"inLanguage\":\"de-DE\",\"potentialAction\":[{\"@type\":\"ReadAction\",\"target\":[\"https:\/\/www.tafeldeko.de\/news\/die-tischdeko-zu-st-martin-da-kommt-gemuetlichkeit-auf\/\"]}]},{\"@type\":\"BreadcrumbList\",\"@id\":\"https:\/\/www.tafeldeko.de\/news\/die-tischdeko-zu-st-martin-da-kommt-gemuetlichkeit-auf\/#breadcrumb\",\"itemListElement\":[{\"@type\":\"ListItem\",\"position\":1,\"name\":\"Tafeldeko\",\"item\":\"https:\/\/www.tafeldeko.de\/news\/\"},{\"@type\":\"ListItem\",\"position\":2,\"name\":\"Alte Beitr\u00e4ge\",\"item\":\"https:\/\/www.tafeldeko.de\/news\/alte-beitraege\/\"},{\"@type\":\"ListItem\",\"position\":3,\"name\":\"Tischdeko - Blog\",\"item\":\"https:\/\/www.tafeldeko.de\/news\/alte-beitraege\/tischdeko-blog\/\"},{\"@type\":\"ListItem\",\"position\":4,\"name\":\"Die Tischdeko zu St. Martin &#8211; da kommt Gem\u00fctlichkeit auf\"}]},{\"@type\":\"WebSite\",\"@id\":\"https:\/\/www.tafeldeko.de\/news\/#website\",\"url\":\"https:\/\/www.tafeldeko.de\/news\/\",\"name\":\"Tafeldeko\",\"description\":\"Blog mit Tischdeko und Tischdekoration Ideen\",\"potentialAction\":[{\"@type\":\"SearchAction\",\"target\":{\"@type\":\"EntryPoint\",\"urlTemplate\":\"https:\/\/www.tafeldeko.de\/news\/?s={search_term_string}\"},\"query-input\":\"required name=search_term_string\"}],\"inLanguage\":\"de-DE\"},{\"@type\":\"Person\",\"@id\":\"https:\/\/www.tafeldeko.de\/news\/#\/schema\/person\/d2acd86447ed0b6336089a8ba83164a0\",\"name\":\"Christiane Stein\",\"image\":{\"@type\":\"ImageObject\",\"inLanguage\":\"de-DE\",\"@id\":\"https:\/\/www.tafeldeko.de\/news\/#\/schema\/person\/image\/\",\"url\":\"https:\/\/secure.gravatar.com\/avatar\/2054729fbfd1ebc9d3cf1fd55361d0b6?s=96&d=mm&r=g\",\"contentUrl\":\"https:\/\/secure.gravatar.com\/avatar\/2054729fbfd1ebc9d3cf1fd55361d0b6?s=96&d=mm&r=g\",\"caption\":\"Christiane Stein\"}}]}<\/script>\n<!-- \/ Yoast SEO plugin. -->","yoast_head_json":{"title":"Die Tischdeko zu St. Martin - da kommt Gem\u00fctlichkeit auf - Tafeldeko","description":"Die Tischdeko zu St. Martin darf auch die herbstliche Stimmung aufgreifen und das herbstliche Feeling in den Raum bringen.","robots":{"index":"index","follow":"follow","max-snippet":"max-snippet:-1","max-image-preview":"max-image-preview:large","max-video-preview":"max-video-preview:-1"},"canonical":"https:\/\/www.tafeldeko.de\/news\/die-tischdeko-zu-st-martin-da-kommt-gemuetlichkeit-auf\/","og_locale":"de_DE","og_type":"article","og_title":"Die Tischdeko zu St. Martin - da kommt Gem\u00fctlichkeit auf - Tafeldeko","og_description":"Die Tischdeko zu St. Martin darf auch die herbstliche Stimmung aufgreifen und das herbstliche Feeling in den Raum bringen.","og_url":"https:\/\/www.tafeldeko.de\/news\/die-tischdeko-zu-st-martin-da-kommt-gemuetlichkeit-auf\/","og_site_name":"Tafeldeko","article_publisher":"https:\/\/www.facebook.com\/pages\/Tafeldeko-einzigartige-Tischdekoration\/174202655894","article_published_time":"2012-10-26T18:38:10+00:00","og_image":[{"width":264,"height":264,"url":"https:\/\/www.tafeldeko.de\/news\/wp-content\/uploads\/2014\/09\/laterne_gruen.jpg","type":"image\/jpeg"}],"author":"Christiane Stein","twitter_misc":{"Verfasst von":"Christiane Stein","Gesch\u00e4tzte Lesezeit":"1 Minute"},"schema":{"@context":"https:\/\/schema.org","@graph":[{"@type":"WebPage","@id":"https:\/\/www.tafeldeko.de\/news\/die-tischdeko-zu-st-martin-da-kommt-gemuetlichkeit-auf\/","url":"https:\/\/www.tafeldeko.de\/news\/die-tischdeko-zu-st-martin-da-kommt-gemuetlichkeit-auf\/","name":"Die Tischdeko zu St. Martin - da kommt Gem\u00fctlichkeit auf - Tafeldeko","isPartOf":{"@id":"https:\/\/www.tafeldeko.de\/news\/#website"},"datePublished":"2012-10-26T18:38:10+00:00","dateModified":"2012-10-26T18:38:10+00:00","author":{"@id":"https:\/\/www.tafeldeko.de\/news\/#\/schema\/person\/d2acd86447ed0b6336089a8ba83164a0"},"description":"Die Tischdeko zu St. Martin darf auch die herbstliche Stimmung aufgreifen und das herbstliche Feeling in den Raum bringen.","breadcrumb":{"@id":"https:\/\/www.tafeldeko.de\/news\/die-tischdeko-zu-st-martin-da-kommt-gemuetlichkeit-auf\/#breadcrumb"},"inLanguage":"de-DE","potentialAction":[{"@type":"ReadAction","target":["https:\/\/www.tafeldeko.de\/news\/die-tischdeko-zu-st-martin-da-kommt-gemuetlichkeit-auf\/"]}]},{"@type":"BreadcrumbList","@id":"https:\/\/www.tafeldeko.de\/news\/die-tischdeko-zu-st-martin-da-kommt-gemuetlichkeit-auf\/#breadcrumb","itemListElement":[{"@type":"ListItem","position":1,"name":"Tafeldeko","item":"https:\/\/www.tafeldeko.de\/news\/"},{"@type":"ListItem","position":2,"name":"Alte Beitr\u00e4ge","item":"https:\/\/www.tafeldeko.de\/news\/alte-beitraege\/"},{"@type":"ListItem","position":3,"name":"Tischdeko - Blog","item":"https:\/\/www.tafeldeko.de\/news\/alte-beitraege\/tischdeko-blog\/"},{"@type":"ListItem","position":4,"name":"Die Tischdeko zu St. Martin &#8211; da kommt Gem\u00fctlichkeit auf"}]},{"@type":"WebSite","@id":"https:\/\/www.tafeldeko.de\/news\/#website","url":"https:\/\/www.tafeldeko.de\/news\/","name":"Tafeldeko","description":"Blog mit Tischdeko und Tischdekoration Ideen","potentialAction":[{"@type":"SearchAction","target":{"@type":"EntryPoint","urlTemplate":"https:\/\/www.tafeldeko.de\/news\/?s={search_term_string}"},"query-input":"required name=search_term_string"}],"inLanguage":"de-DE"},{"@type":"Person","@id":"https:\/\/www.tafeldeko.de\/news\/#\/schema\/person\/d2acd86447ed0b6336089a8ba83164a0","name":"Christiane Stein","image":{"@type":"ImageObject","inLanguage":"de-DE","@id":"https:\/\/www.tafeldeko.de\/news\/#\/schema\/person\/image\/","url":"https:\/\/secure.gravatar.com\/avatar\/2054729fbfd1ebc9d3cf1fd55361d0b6?s=96&d=mm&r=g","contentUrl":"https:\/\/secure.gravatar.com\/avatar\/2054729fbfd1ebc9d3cf1fd55361d0b6?s=96&d=mm&r=g","caption":"Christiane Stein"}}]}},"_links":{"self":[{"href":"https:\/\/www.tafeldeko.de\/news\/wp-json\/wp\/v2\/posts\/439"}],"collection":[{"href":"https:\/\/www.tafeldeko.de\/news\/wp-json\/wp\/v2\/posts"}],"about":[{"href":"https:\/\/www.tafeldeko.de\/news\/wp-json\/wp\/v2\/types\/post"}],"author":[{"embeddable":true,"href":"https:\/\/www.tafeldeko.de\/news\/wp-json\/wp\/v2\/users\/2"}],"replies":[{"embeddable":true,"href":"https:\/\/www.tafeldeko.de\/news\/wp-json\/wp\/v2\/comments?post=439"}],"version-history":[{"count":0,"href":"https:\/\/www.tafeldeko.de\/news\/wp-json\/wp\/v2\/posts\/439\/revisions"}],"wp:featuredmedia":[{"embeddable":true,"href":"https:\/\/www.tafeldeko.de\/news\/wp-json\/wp\/v2\/media\/440"}],"wp:attachment":[{"href":"https:\/\/www.tafeldeko.de\/news\/wp-json\/wp\/v2\/media?parent=439"}],"wp:term":[{"taxonomy":"category","embeddable":true,"href":"https:\/\/www.tafeldeko.de\/news\/wp-json\/wp\/v2\/categories?post=439"},{"taxonomy":"post_tag","embeddable":true,"href":"https:\/\/www.tafeldeko.de\/news\/wp-json\/wp\/v2\/tags?post=439"}],"curies":[{"name":"wp","href":"https:\/\/api.w.org\/{rel}","templated":true}]}}