{"id":436,"date":"2012-09-27T20:40:59","date_gmt":"2012-09-27T18:40:59","guid":{"rendered":"http:\/\/www.tafeldeko.de\/news\/?p=436"},"modified":"2012-09-27T20:40:59","modified_gmt":"2012-09-27T18:40:59","slug":"schlichte-aber-eindrucksvolle-tischdeko-fuer-den-herbst","status":"publish","type":"post","link":"https:\/\/www.tafeldeko.de\/news\/schlichte-aber-eindrucksvolle-tischdeko-fuer-den-herbst\/","title":{"rendered":"Schlichte, aber eindrucksvolle Tischdeko f\u00fcr den Herbst"},"content":{"rendered":"<div class=\"textumfliessenrechts\"><img decoding=\"async\" loading=\"lazy\" src=\"https:\/\/www.tafeldeko.de\/news\/media\/users\/schnurchristian\/vase_holzgestell_hoch.JPG\" alt=\"Vase im Holzzweiggestell\" title=\"Vase im Holzzweiggestell\" width=\"257\" height=\"257\"\/><br \/><a href=\"https:\/\/www.tafeldeko.de\/product_info.php\/products_id\/12762_Tischvase-R%C3%B6hrchentrio-mit-Herzanh%C3%A4nger.html\" title=\"Tischdeko im Herbst\"><b>Tischdeko im Herbst<\/b><\/a><\/div>\n<p> Eine schlichte Tischdeko, die aber vollkommen eindrucksvoll wirkt \u2013 die muss man zuerst einmal hinbekommen, werden Sie jetzt denken. Dabei ist es mit den entsprechenden Accessoires ein Leichtes, diese Art der herbstlichen Tischdeko zu zaubern.<br \/>\nSchaut man sich verschiedene <b>Herbst-Tischdekorationen<\/b> an, bemerkt man, dass oftmals Naturmaterialien besondere Akzente setzen. Gesammeltes buntes Laub, Kastanien, K\u00fcrbisse, N\u00fcsse und kleinere \u00c4ste und Zweige, doch auch Fr\u00fcchte wie \u00c4pfel und Pflaumen oder Sonnenblumen, Astern und Dahlien, sind oftmals bei einer herbstlichen Tischdeko zu sehen.<br \/>\nWarum werden gerade im Herbst so viele Naturelemente in die Tischdeko integriert? Es ist die Erntezeit der Fr\u00fcchte und Blumen und schaut man sich das bunte Laub der B\u00e4ume an, das in Gelb-, Orange-, Rot- und Braunt\u00f6nen leuchtet, erkennt man, dass diese Elemente Farbe in den teilweise tristen und verregneten Herbst bringen.<br \/>\nUnd genau diese nat\u00fcrlichen Elemente k\u00f6nnen mit anderen Accessoires erg\u00e4nzt werden.<br \/>\nEine schlichte Variante, die jedoch einen wirkungsvollen Akzent innerhalb der Tischdeko setzt, ist die Vase im Holzzweiggestell zur Herbst Tischdeko. Eine eindrucksvolle und moderne Machart f\u00fcr eine Vase, das muss man einfach sagen. Auf eine Art schlicht, doch auf die andere Art dominant und au\u00dfergew\u00f6hnlich \u2013 eben passend zur herbstlich gestalteten Tafel.<br \/>\nMit einer bunten Blume wie beispielsweise einer orangefarbenen Dahlie, wird dieses Holzzweiggestell zum <b>Blickfang Ihrer Tischdeko<\/b>. Werden die anderen Elemente, sprich der Grundton der Tischdeko, ebenfalls in einem sch\u00f6nen Orangeton ausgew\u00e4hlt, ergibt sich ein tolles Gesamtbild.<br \/>\nStellen Sie sich vor:<br \/>\nEine cremefarbene Tischdecke bildet die Basis, darauf wird ein orangefarbenes <b><a href=\"https:\/\/www.tafeldeko.de\/index.php\/cat\/c441_Organza-Stoffe.html\" title=\"Organza Tischband\">Organza Tischband<\/a><\/b> platziert, und den kr\u00f6nenden Abschluss bildet ein Crea Pop Fripe Tischband in Nougat. Servietten in Orange- und Cremet\u00f6nen f\u00fchren das Farbenspiel an den Sitzpl\u00e4tzen der G\u00e4ste fort, orangefarbene Kerzengl\u00e4ser sorgen f\u00fcr die romantische Festbeleuchtung bei dieser herbstlichen Tischdeko.<br \/>\nSchlichte Elemente, die jedoch im Zusammenspiel eine <b>eindrucksvolle Tischdeko <\/b>ergeben, sind genau das richtige f\u00fcr den k\u00fchlen Herbst.<\/p>\n","protected":false},"excerpt":{"rendered":"<p>Eine schlichte Tischdeko, die aber vollkommen eindrucksvoll wirkt \u2013 die muss man zuerst einmal hinbekommen, werden Sie jetzt denken. Dabei ist es mit den entsprechenden Accessoires ein Leichtes, diese Art der herbstlichen Tischdeko zu zaubern.<br \/>\nSchaut man sich verschiedene Herbst-Tischdekorationen an, bemerkt man, dass oftmals Naturmaterialien besondere Akzente setzen. Gesammeltes buntes Laub, Kastanien, K\u00fcrbisse, N\u00fcsse und kleinere \u00c4ste und Zweige, doch auch Fr\u00fcchte wie \u00c4pfel und Pflaumen oder Sonnenblumen, Astern und Dahlien, sind oftmals bei einer herbstlichen Tischdeko zu sehen.<\/p>\n","protected":false},"author":2,"featured_media":437,"comment_status":"open","ping_status":"open","sticky":false,"template":"","format":"standard","meta":{"footnotes":""},"categories":[1],"tags":[],"yoast_head":"<!-- This site is optimized with the Yoast SEO plugin v20.4 - https:\/\/yoast.com\/wordpress\/plugins\/seo\/ -->\n<title>Schlichte, aber eindrucksvolle Tischdeko f\u00fcr den Herbst - Tafeldeko<\/title>\n<meta name=\"description\" content=\"Warum werden gerade im Herbst so viele Naturelemente in die Tischdeko integriert? Es ist die Erntezeit der Fr&#xFC;chte und Blumen.\" \/>\n<meta name=\"robots\" content=\"index, follow, max-snippet:-1, max-image-preview:large, max-video-preview:-1\" \/>\n<link rel=\"canonical\" href=\"https:\/\/www.tafeldeko.de\/news\/schlichte-aber-eindrucksvolle-tischdeko-fuer-den-herbst\/\" \/>\n<meta property=\"og:locale\" content=\"de_DE\" \/>\n<meta property=\"og:type\" content=\"article\" \/>\n<meta property=\"og:title\" content=\"Schlichte, aber eindrucksvolle Tischdeko f\u00fcr den Herbst - Tafeldeko\" \/>\n<meta property=\"og:description\" content=\"Warum werden gerade im Herbst so viele Naturelemente in die Tischdeko integriert? Es ist die Erntezeit der Fr&#xFC;chte und Blumen.\" \/>\n<meta property=\"og:url\" content=\"https:\/\/www.tafeldeko.de\/news\/schlichte-aber-eindrucksvolle-tischdeko-fuer-den-herbst\/\" \/>\n<meta property=\"og:site_name\" content=\"Tafeldeko\" \/>\n<meta property=\"article:publisher\" content=\"https:\/\/www.facebook.com\/pages\/Tafeldeko-einzigartige-Tischdekoration\/174202655894\" \/>\n<meta property=\"article:published_time\" content=\"2012-09-27T18:40:59+00:00\" \/>\n<meta property=\"og:image\" content=\"https:\/\/www.tafeldeko.de\/news\/wp-content\/uploads\/2014\/09\/vase_holzgestell_hoch.JPG\" \/>\n\t<meta property=\"og:image:width\" content=\"257\" \/>\n\t<meta property=\"og:image:height\" content=\"257\" \/>\n\t<meta property=\"og:image:type\" content=\"image\/jpeg\" \/>\n<meta name=\"author\" content=\"Christiane Stein\" \/>\n<meta name=\"twitter:label1\" content=\"Verfasst von\" \/>\n\t<meta name=\"twitter:data1\" content=\"Christiane Stein\" \/>\n\t<meta name=\"twitter:label2\" content=\"Gesch\u00e4tzte Lesezeit\" \/>\n\t<meta name=\"twitter:data2\" content=\"2 Minuten\" \/>\n<script type=\"application\/ld+json\" class=\"yoast-schema-graph\">{\"@context\":\"https:\/\/schema.org\",\"@graph\":[{\"@type\":\"WebPage\",\"@id\":\"https:\/\/www.tafeldeko.de\/news\/schlichte-aber-eindrucksvolle-tischdeko-fuer-den-herbst\/\",\"url\":\"https:\/\/www.tafeldeko.de\/news\/schlichte-aber-eindrucksvolle-tischdeko-fuer-den-herbst\/\",\"name\":\"Schlichte, aber eindrucksvolle Tischdeko f\u00fcr den Herbst - Tafeldeko\",\"isPartOf\":{\"@id\":\"https:\/\/www.tafeldeko.de\/news\/#website\"},\"datePublished\":\"2012-09-27T18:40:59+00:00\",\"dateModified\":\"2012-09-27T18:40:59+00:00\",\"author\":{\"@id\":\"https:\/\/www.tafeldeko.de\/news\/#\/schema\/person\/d2acd86447ed0b6336089a8ba83164a0\"},\"description\":\"Warum werden gerade im Herbst so viele Naturelemente in die Tischdeko integriert? Es ist die Erntezeit der Fr&#xFC;chte und Blumen.\",\"breadcrumb\":{\"@id\":\"https:\/\/www.tafeldeko.de\/news\/schlichte-aber-eindrucksvolle-tischdeko-fuer-den-herbst\/#breadcrumb\"},\"inLanguage\":\"de-DE\",\"potentialAction\":[{\"@type\":\"ReadAction\",\"target\":[\"https:\/\/www.tafeldeko.de\/news\/schlichte-aber-eindrucksvolle-tischdeko-fuer-den-herbst\/\"]}]},{\"@type\":\"BreadcrumbList\",\"@id\":\"https:\/\/www.tafeldeko.de\/news\/schlichte-aber-eindrucksvolle-tischdeko-fuer-den-herbst\/#breadcrumb\",\"itemListElement\":[{\"@type\":\"ListItem\",\"position\":1,\"name\":\"Tafeldeko\",\"item\":\"https:\/\/www.tafeldeko.de\/news\/\"},{\"@type\":\"ListItem\",\"position\":2,\"name\":\"Alte Beitr\u00e4ge\",\"item\":\"https:\/\/www.tafeldeko.de\/news\/alte-beitraege\/\"},{\"@type\":\"ListItem\",\"position\":3,\"name\":\"Tischdeko - Blog\",\"item\":\"https:\/\/www.tafeldeko.de\/news\/alte-beitraege\/tischdeko-blog\/\"},{\"@type\":\"ListItem\",\"position\":4,\"name\":\"Schlichte, aber eindrucksvolle Tischdeko f\u00fcr den Herbst\"}]},{\"@type\":\"WebSite\",\"@id\":\"https:\/\/www.tafeldeko.de\/news\/#website\",\"url\":\"https:\/\/www.tafeldeko.de\/news\/\",\"name\":\"Tafeldeko\",\"description\":\"Blog mit Tischdeko und Tischdekoration Ideen\",\"potentialAction\":[{\"@type\":\"SearchAction\",\"target\":{\"@type\":\"EntryPoint\",\"urlTemplate\":\"https:\/\/www.tafeldeko.de\/news\/?s={search_term_string}\"},\"query-input\":\"required name=search_term_string\"}],\"inLanguage\":\"de-DE\"},{\"@type\":\"Person\",\"@id\":\"https:\/\/www.tafeldeko.de\/news\/#\/schema\/person\/d2acd86447ed0b6336089a8ba83164a0\",\"name\":\"Christiane Stein\",\"image\":{\"@type\":\"ImageObject\",\"inLanguage\":\"de-DE\",\"@id\":\"https:\/\/www.tafeldeko.de\/news\/#\/schema\/person\/image\/\",\"url\":\"https:\/\/secure.gravatar.com\/avatar\/2054729fbfd1ebc9d3cf1fd55361d0b6?s=96&d=mm&r=g\",\"contentUrl\":\"https:\/\/secure.gravatar.com\/avatar\/2054729fbfd1ebc9d3cf1fd55361d0b6?s=96&d=mm&r=g\",\"caption\":\"Christiane Stein\"}}]}<\/script>\n<!-- \/ Yoast SEO plugin. -->","yoast_head_json":{"title":"Schlichte, aber eindrucksvolle Tischdeko f\u00fcr den Herbst - Tafeldeko","description":"Warum werden gerade im Herbst so viele Naturelemente in die Tischdeko integriert? Es ist die Erntezeit der Fr&#xFC;chte und Blumen.","robots":{"index":"index","follow":"follow","max-snippet":"max-snippet:-1","max-image-preview":"max-image-preview:large","max-video-preview":"max-video-preview:-1"},"canonical":"https:\/\/www.tafeldeko.de\/news\/schlichte-aber-eindrucksvolle-tischdeko-fuer-den-herbst\/","og_locale":"de_DE","og_type":"article","og_title":"Schlichte, aber eindrucksvolle Tischdeko f\u00fcr den Herbst - Tafeldeko","og_description":"Warum werden gerade im Herbst so viele Naturelemente in die Tischdeko integriert? Es ist die Erntezeit der Fr&#xFC;chte und Blumen.","og_url":"https:\/\/www.tafeldeko.de\/news\/schlichte-aber-eindrucksvolle-tischdeko-fuer-den-herbst\/","og_site_name":"Tafeldeko","article_publisher":"https:\/\/www.facebook.com\/pages\/Tafeldeko-einzigartige-Tischdekoration\/174202655894","article_published_time":"2012-09-27T18:40:59+00:00","og_image":[{"width":257,"height":257,"url":"https:\/\/www.tafeldeko.de\/news\/wp-content\/uploads\/2014\/09\/vase_holzgestell_hoch.JPG","type":"image\/jpeg"}],"author":"Christiane Stein","twitter_misc":{"Verfasst von":"Christiane Stein","Gesch\u00e4tzte Lesezeit":"2 Minuten"},"schema":{"@context":"https:\/\/schema.org","@graph":[{"@type":"WebPage","@id":"https:\/\/www.tafeldeko.de\/news\/schlichte-aber-eindrucksvolle-tischdeko-fuer-den-herbst\/","url":"https:\/\/www.tafeldeko.de\/news\/schlichte-aber-eindrucksvolle-tischdeko-fuer-den-herbst\/","name":"Schlichte, aber eindrucksvolle Tischdeko f\u00fcr den Herbst - Tafeldeko","isPartOf":{"@id":"https:\/\/www.tafeldeko.de\/news\/#website"},"datePublished":"2012-09-27T18:40:59+00:00","dateModified":"2012-09-27T18:40:59+00:00","author":{"@id":"https:\/\/www.tafeldeko.de\/news\/#\/schema\/person\/d2acd86447ed0b6336089a8ba83164a0"},"description":"Warum werden gerade im Herbst so viele Naturelemente in die Tischdeko integriert? Es ist die Erntezeit der Fr&#xFC;chte und Blumen.","breadcrumb":{"@id":"https:\/\/www.tafeldeko.de\/news\/schlichte-aber-eindrucksvolle-tischdeko-fuer-den-herbst\/#breadcrumb"},"inLanguage":"de-DE","potentialAction":[{"@type":"ReadAction","target":["https:\/\/www.tafeldeko.de\/news\/schlichte-aber-eindrucksvolle-tischdeko-fuer-den-herbst\/"]}]},{"@type":"BreadcrumbList","@id":"https:\/\/www.tafeldeko.de\/news\/schlichte-aber-eindrucksvolle-tischdeko-fuer-den-herbst\/#breadcrumb","itemListElement":[{"@type":"ListItem","position":1,"name":"Tafeldeko","item":"https:\/\/www.tafeldeko.de\/news\/"},{"@type":"ListItem","position":2,"name":"Alte Beitr\u00e4ge","item":"https:\/\/www.tafeldeko.de\/news\/alte-beitraege\/"},{"@type":"ListItem","position":3,"name":"Tischdeko - Blog","item":"https:\/\/www.tafeldeko.de\/news\/alte-beitraege\/tischdeko-blog\/"},{"@type":"ListItem","position":4,"name":"Schlichte, aber eindrucksvolle Tischdeko f\u00fcr den Herbst"}]},{"@type":"WebSite","@id":"https:\/\/www.tafeldeko.de\/news\/#website","url":"https:\/\/www.tafeldeko.de\/news\/","name":"Tafeldeko","description":"Blog mit Tischdeko und Tischdekoration Ideen","potentialAction":[{"@type":"SearchAction","target":{"@type":"EntryPoint","urlTemplate":"https:\/\/www.tafeldeko.de\/news\/?s={search_term_string}"},"query-input":"required name=search_term_string"}],"inLanguage":"de-DE"},{"@type":"Person","@id":"https:\/\/www.tafeldeko.de\/news\/#\/schema\/person\/d2acd86447ed0b6336089a8ba83164a0","name":"Christiane Stein","image":{"@type":"ImageObject","inLanguage":"de-DE","@id":"https:\/\/www.tafeldeko.de\/news\/#\/schema\/person\/image\/","url":"https:\/\/secure.gravatar.com\/avatar\/2054729fbfd1ebc9d3cf1fd55361d0b6?s=96&d=mm&r=g","contentUrl":"https:\/\/secure.gravatar.com\/avatar\/2054729fbfd1ebc9d3cf1fd55361d0b6?s=96&d=mm&r=g","caption":"Christiane Stein"}}]}},"_links":{"self":[{"href":"https:\/\/www.tafeldeko.de\/news\/wp-json\/wp\/v2\/posts\/436"}],"collection":[{"href":"https:\/\/www.tafeldeko.de\/news\/wp-json\/wp\/v2\/posts"}],"about":[{"href":"https:\/\/www.tafeldeko.de\/news\/wp-json\/wp\/v2\/types\/post"}],"author":[{"embeddable":true,"href":"https:\/\/www.tafeldeko.de\/news\/wp-json\/wp\/v2\/users\/2"}],"replies":[{"embeddable":true,"href":"https:\/\/www.tafeldeko.de\/news\/wp-json\/wp\/v2\/comments?post=436"}],"version-history":[{"count":0,"href":"https:\/\/www.tafeldeko.de\/news\/wp-json\/wp\/v2\/posts\/436\/revisions"}],"wp:featuredmedia":[{"embeddable":true,"href":"https:\/\/www.tafeldeko.de\/news\/wp-json\/wp\/v2\/media\/437"}],"wp:attachment":[{"href":"https:\/\/www.tafeldeko.de\/news\/wp-json\/wp\/v2\/media?parent=436"}],"wp:term":[{"taxonomy":"category","embeddable":true,"href":"https:\/\/www.tafeldeko.de\/news\/wp-json\/wp\/v2\/categories?post=436"},{"taxonomy":"post_tag","embeddable":true,"href":"https:\/\/www.tafeldeko.de\/news\/wp-json\/wp\/v2\/tags?post=436"}],"curies":[{"name":"wp","href":"https:\/\/api.w.org\/{rel}","templated":true}]}}