{"id":435,"date":"2012-09-18T19:43:51","date_gmt":"2012-09-18T17:43:51","guid":{"rendered":"http:\/\/www.tafeldeko.de\/news\/?p=435"},"modified":"2012-09-18T19:43:51","modified_gmt":"2012-09-18T17:43:51","slug":"die-saisonale-tischdeko-fuer-den-herbst","status":"publish","type":"post","link":"https:\/\/www.tafeldeko.de\/news\/die-saisonale-tischdeko-fuer-den-herbst\/","title":{"rendered":"Die saisonale Tischdeko f\u00fcr den Herbst"},"content":{"rendered":"<div class=\"textumfliessenrechts\"><img decoding=\"async\" loading=\"lazy\" src=\"https:\/\/www.tafeldeko.de\/news\/media\/users\/schnurchristian\/herbst_neu_braun.jpg\" alt=\"Saisonale Tischdeko\" title=\"Saisonale Tischdeko\" width=\"328\" height=\"226\"\/><br \/><a href=\"https:\/\/www.tafeldeko.de\/mustertische\/tischdeko-herbst\/Tisch-3.html\" title=\"Tischdeko im Herbst\"><b>Tischdeko im Herbst<\/b><\/a><\/div>\n<p> Eine liebevolle, originelle und einzigartige Tischdekoration werden alle diejenigen lieben, die die Liebe zum Detail pflegen.<br \/>\nJede Festlichkeit wie Taufe, Hochzeit, Geburtstag, Konfirmation, Kommunion, Kindergeburtstag, Jubil\u00e4um oder auch eine Party ben\u00f6tigen eine tolle Tischdeko.<br \/>\nDes Weiteren kommt die saisonale Tischdeko in Betracht. Diese kann man Tag f\u00fcr Tag auf dem Tisch belassen und sich daran erfreuen. Die saisonale Tischdeko kann sowohl f\u00fcr eine Feierlichkeit, als auch f\u00fcr den Alltag in Frage kommen.<br \/>\nDie saisonale Tischdeko richtet sich nach der aktuellen Saison, aber auch <b><a href=\"https:\/\/www.tafeldeko.de\/index.php\/cat\/c78_Tischdeko-Fr%C3%BChling---Ostern.html\" title=\"Ostern\">Ostern<\/a><\/b>, Halloween oder Weihnachten k\u00f6nnen als Thema f\u00fcr die Tischdeko in Erw\u00e4gung gezogen werden.<br \/>\nWie man sieht, kann man seiner Fantasie Freiraum lassen und eine selbst kreierte Tischdekoration in die eigenen vier W\u00e4nde bringen. Falls man eine Lokation f\u00fcr die Feier ausgew\u00e4hlt hat, kann diese nat\u00fcrlich auch nach Lust und Laune f\u00fcr den besonderen Tag herrichten. Letztlich spielt es keine Rolle, wo die Feier stattfindet, wichtig ist nur, dass man an die Tischdeko gedacht hat. Der Tisch wirkt erst sch\u00f6n, wenn man gewisse dekorative Accessoires ins rechte Licht ger\u00fcckt hat und so f\u00fcr ein tolles Ambiente sorgt.<br \/>\nOb man eine saisonale Tischdeko oder eine Tischdeko f\u00fcr die Hochzeit oder Taufe sucht, das Internet liefert n\u00fctzliche und tolle Ideen. Anregungen und Inspirationen kann man in Form von Mustertischen finden, die verschiedene M\u00f6glichkeiten aufzeigen. So kann sich f\u00fcr die Variante entscheiden, die einem am meisten zusagt und die man letzten Endes in die Tat umsetzen m\u00f6chte.<br \/>\nDer Mustertisch greift die saisonale Tischdeko \u201e<b><a href=\"https:\/\/www.tafeldeko.de\/index.php\/cat\/c49_Tischdeko-Herbst.html\" title=\"Herbst\">Herbst<\/a><\/b>\u201c auf und setzt die dekorativen Accessoires gekonnt ins rechte Licht.<br \/>\nEine tolle Tischdeko sorgt f\u00fcr ein stimmiges Bild und ist f\u00fcr jeden Anlass passend.<\/p>\n","protected":false},"excerpt":{"rendered":"<p>Eine liebevolle, originelle und einzigartige Tischdekoration werden alle diejenigen lieben, die die Liebe zum Detail pflegen.<br \/>\nJede Festlichkeit wie Taufe, Hochzeit, Geburtstag, Konfirmation, Kommunion, Kindergeburtstag, Jubil\u00e4um oder auch eine Party ben\u00f6tigen eine tolle Tischdeko.<br \/>\nDes Weiteren kommt die saisonale Tischdeko in Betracht. Diese kann man Tag f\u00fcr Tag auf dem Tisch belassen und sich daran erfreuen. Die saisonale Tischdeko kann sowohl f\u00fcr eine Feierlichkeit, als auch f\u00fcr den Alltag in Frage kommen.<\/p>\n","protected":false},"author":2,"featured_media":424,"comment_status":"open","ping_status":"open","sticky":false,"template":"","format":"standard","meta":{"footnotes":""},"categories":[1],"tags":[],"yoast_head":"<!-- This site is optimized with the Yoast SEO plugin v20.4 - https:\/\/yoast.com\/wordpress\/plugins\/seo\/ -->\n<title>Die saisonale Tischdeko f\u00fcr den Herbst - Tafeldeko<\/title>\n<meta name=\"description\" content=\"Eine liebevolle, originelle und einzigartige Tischdekoration werden alle diejenigen lieben, die die Liebe zum Detail pflegen - auch im Herbst.\" \/>\n<meta name=\"robots\" content=\"index, follow, max-snippet:-1, max-image-preview:large, max-video-preview:-1\" \/>\n<link rel=\"canonical\" href=\"https:\/\/www.tafeldeko.de\/news\/die-saisonale-tischdeko-fuer-den-herbst\/\" \/>\n<meta property=\"og:locale\" content=\"de_DE\" \/>\n<meta property=\"og:type\" content=\"article\" \/>\n<meta property=\"og:title\" content=\"Die saisonale Tischdeko f\u00fcr den Herbst - Tafeldeko\" \/>\n<meta property=\"og:description\" content=\"Eine liebevolle, originelle und einzigartige Tischdekoration werden alle diejenigen lieben, die die Liebe zum Detail pflegen - auch im Herbst.\" \/>\n<meta property=\"og:url\" content=\"https:\/\/www.tafeldeko.de\/news\/die-saisonale-tischdeko-fuer-den-herbst\/\" \/>\n<meta property=\"og:site_name\" content=\"Tafeldeko\" \/>\n<meta property=\"article:publisher\" content=\"https:\/\/www.facebook.com\/pages\/Tafeldeko-einzigartige-Tischdekoration\/174202655894\" \/>\n<meta property=\"article:published_time\" content=\"2012-09-18T17:43:51+00:00\" \/>\n<meta property=\"og:image\" content=\"https:\/\/www.tafeldeko.de\/news\/wp-content\/uploads\/2014\/09\/herbst_neu_braun.jpg\" \/>\n\t<meta property=\"og:image:width\" content=\"448\" \/>\n\t<meta property=\"og:image:height\" content=\"276\" \/>\n\t<meta property=\"og:image:type\" content=\"image\/jpeg\" \/>\n<meta name=\"author\" content=\"Christiane Stein\" \/>\n<meta name=\"twitter:label1\" content=\"Verfasst von\" \/>\n\t<meta name=\"twitter:data1\" content=\"Christiane Stein\" \/>\n\t<meta name=\"twitter:label2\" content=\"Gesch\u00e4tzte Lesezeit\" \/>\n\t<meta name=\"twitter:data2\" content=\"1 Minute\" \/>\n<script type=\"application\/ld+json\" class=\"yoast-schema-graph\">{\"@context\":\"https:\/\/schema.org\",\"@graph\":[{\"@type\":\"WebPage\",\"@id\":\"https:\/\/www.tafeldeko.de\/news\/die-saisonale-tischdeko-fuer-den-herbst\/\",\"url\":\"https:\/\/www.tafeldeko.de\/news\/die-saisonale-tischdeko-fuer-den-herbst\/\",\"name\":\"Die saisonale Tischdeko f\u00fcr den Herbst - Tafeldeko\",\"isPartOf\":{\"@id\":\"https:\/\/www.tafeldeko.de\/news\/#website\"},\"datePublished\":\"2012-09-18T17:43:51+00:00\",\"dateModified\":\"2012-09-18T17:43:51+00:00\",\"author\":{\"@id\":\"https:\/\/www.tafeldeko.de\/news\/#\/schema\/person\/d2acd86447ed0b6336089a8ba83164a0\"},\"description\":\"Eine liebevolle, originelle und einzigartige Tischdekoration werden alle diejenigen lieben, die die Liebe zum Detail pflegen - auch im Herbst.\",\"breadcrumb\":{\"@id\":\"https:\/\/www.tafeldeko.de\/news\/die-saisonale-tischdeko-fuer-den-herbst\/#breadcrumb\"},\"inLanguage\":\"de-DE\",\"potentialAction\":[{\"@type\":\"ReadAction\",\"target\":[\"https:\/\/www.tafeldeko.de\/news\/die-saisonale-tischdeko-fuer-den-herbst\/\"]}]},{\"@type\":\"BreadcrumbList\",\"@id\":\"https:\/\/www.tafeldeko.de\/news\/die-saisonale-tischdeko-fuer-den-herbst\/#breadcrumb\",\"itemListElement\":[{\"@type\":\"ListItem\",\"position\":1,\"name\":\"Tafeldeko\",\"item\":\"https:\/\/www.tafeldeko.de\/news\/\"},{\"@type\":\"ListItem\",\"position\":2,\"name\":\"Alte Beitr\u00e4ge\",\"item\":\"https:\/\/www.tafeldeko.de\/news\/alte-beitraege\/\"},{\"@type\":\"ListItem\",\"position\":3,\"name\":\"Tischdeko - Blog\",\"item\":\"https:\/\/www.tafeldeko.de\/news\/alte-beitraege\/tischdeko-blog\/\"},{\"@type\":\"ListItem\",\"position\":4,\"name\":\"Die saisonale Tischdeko f\u00fcr den Herbst\"}]},{\"@type\":\"WebSite\",\"@id\":\"https:\/\/www.tafeldeko.de\/news\/#website\",\"url\":\"https:\/\/www.tafeldeko.de\/news\/\",\"name\":\"Tafeldeko\",\"description\":\"Blog mit Tischdeko und Tischdekoration Ideen\",\"potentialAction\":[{\"@type\":\"SearchAction\",\"target\":{\"@type\":\"EntryPoint\",\"urlTemplate\":\"https:\/\/www.tafeldeko.de\/news\/?s={search_term_string}\"},\"query-input\":\"required name=search_term_string\"}],\"inLanguage\":\"de-DE\"},{\"@type\":\"Person\",\"@id\":\"https:\/\/www.tafeldeko.de\/news\/#\/schema\/person\/d2acd86447ed0b6336089a8ba83164a0\",\"name\":\"Christiane Stein\",\"image\":{\"@type\":\"ImageObject\",\"inLanguage\":\"de-DE\",\"@id\":\"https:\/\/www.tafeldeko.de\/news\/#\/schema\/person\/image\/\",\"url\":\"https:\/\/secure.gravatar.com\/avatar\/2054729fbfd1ebc9d3cf1fd55361d0b6?s=96&d=mm&r=g\",\"contentUrl\":\"https:\/\/secure.gravatar.com\/avatar\/2054729fbfd1ebc9d3cf1fd55361d0b6?s=96&d=mm&r=g\",\"caption\":\"Christiane Stein\"}}]}<\/script>\n<!-- \/ Yoast SEO plugin. -->","yoast_head_json":{"title":"Die saisonale Tischdeko f\u00fcr den Herbst - Tafeldeko","description":"Eine liebevolle, originelle und einzigartige Tischdekoration werden alle diejenigen lieben, die die Liebe zum Detail pflegen - auch im Herbst.","robots":{"index":"index","follow":"follow","max-snippet":"max-snippet:-1","max-image-preview":"max-image-preview:large","max-video-preview":"max-video-preview:-1"},"canonical":"https:\/\/www.tafeldeko.de\/news\/die-saisonale-tischdeko-fuer-den-herbst\/","og_locale":"de_DE","og_type":"article","og_title":"Die saisonale Tischdeko f\u00fcr den Herbst - Tafeldeko","og_description":"Eine liebevolle, originelle und einzigartige Tischdekoration werden alle diejenigen lieben, die die Liebe zum Detail pflegen - auch im Herbst.","og_url":"https:\/\/www.tafeldeko.de\/news\/die-saisonale-tischdeko-fuer-den-herbst\/","og_site_name":"Tafeldeko","article_publisher":"https:\/\/www.facebook.com\/pages\/Tafeldeko-einzigartige-Tischdekoration\/174202655894","article_published_time":"2012-09-18T17:43:51+00:00","og_image":[{"width":448,"height":276,"url":"https:\/\/www.tafeldeko.de\/news\/wp-content\/uploads\/2014\/09\/herbst_neu_braun.jpg","type":"image\/jpeg"}],"author":"Christiane Stein","twitter_misc":{"Verfasst von":"Christiane Stein","Gesch\u00e4tzte Lesezeit":"1 Minute"},"schema":{"@context":"https:\/\/schema.org","@graph":[{"@type":"WebPage","@id":"https:\/\/www.tafeldeko.de\/news\/die-saisonale-tischdeko-fuer-den-herbst\/","url":"https:\/\/www.tafeldeko.de\/news\/die-saisonale-tischdeko-fuer-den-herbst\/","name":"Die saisonale Tischdeko f\u00fcr den Herbst - Tafeldeko","isPartOf":{"@id":"https:\/\/www.tafeldeko.de\/news\/#website"},"datePublished":"2012-09-18T17:43:51+00:00","dateModified":"2012-09-18T17:43:51+00:00","author":{"@id":"https:\/\/www.tafeldeko.de\/news\/#\/schema\/person\/d2acd86447ed0b6336089a8ba83164a0"},"description":"Eine liebevolle, originelle und einzigartige Tischdekoration werden alle diejenigen lieben, die die Liebe zum Detail pflegen - auch im Herbst.","breadcrumb":{"@id":"https:\/\/www.tafeldeko.de\/news\/die-saisonale-tischdeko-fuer-den-herbst\/#breadcrumb"},"inLanguage":"de-DE","potentialAction":[{"@type":"ReadAction","target":["https:\/\/www.tafeldeko.de\/news\/die-saisonale-tischdeko-fuer-den-herbst\/"]}]},{"@type":"BreadcrumbList","@id":"https:\/\/www.tafeldeko.de\/news\/die-saisonale-tischdeko-fuer-den-herbst\/#breadcrumb","itemListElement":[{"@type":"ListItem","position":1,"name":"Tafeldeko","item":"https:\/\/www.tafeldeko.de\/news\/"},{"@type":"ListItem","position":2,"name":"Alte Beitr\u00e4ge","item":"https:\/\/www.tafeldeko.de\/news\/alte-beitraege\/"},{"@type":"ListItem","position":3,"name":"Tischdeko - Blog","item":"https:\/\/www.tafeldeko.de\/news\/alte-beitraege\/tischdeko-blog\/"},{"@type":"ListItem","position":4,"name":"Die saisonale Tischdeko f\u00fcr den Herbst"}]},{"@type":"WebSite","@id":"https:\/\/www.tafeldeko.de\/news\/#website","url":"https:\/\/www.tafeldeko.de\/news\/","name":"Tafeldeko","description":"Blog mit Tischdeko und Tischdekoration Ideen","potentialAction":[{"@type":"SearchAction","target":{"@type":"EntryPoint","urlTemplate":"https:\/\/www.tafeldeko.de\/news\/?s={search_term_string}"},"query-input":"required name=search_term_string"}],"inLanguage":"de-DE"},{"@type":"Person","@id":"https:\/\/www.tafeldeko.de\/news\/#\/schema\/person\/d2acd86447ed0b6336089a8ba83164a0","name":"Christiane Stein","image":{"@type":"ImageObject","inLanguage":"de-DE","@id":"https:\/\/www.tafeldeko.de\/news\/#\/schema\/person\/image\/","url":"https:\/\/secure.gravatar.com\/avatar\/2054729fbfd1ebc9d3cf1fd55361d0b6?s=96&d=mm&r=g","contentUrl":"https:\/\/secure.gravatar.com\/avatar\/2054729fbfd1ebc9d3cf1fd55361d0b6?s=96&d=mm&r=g","caption":"Christiane Stein"}}]}},"_links":{"self":[{"href":"https:\/\/www.tafeldeko.de\/news\/wp-json\/wp\/v2\/posts\/435"}],"collection":[{"href":"https:\/\/www.tafeldeko.de\/news\/wp-json\/wp\/v2\/posts"}],"about":[{"href":"https:\/\/www.tafeldeko.de\/news\/wp-json\/wp\/v2\/types\/post"}],"author":[{"embeddable":true,"href":"https:\/\/www.tafeldeko.de\/news\/wp-json\/wp\/v2\/users\/2"}],"replies":[{"embeddable":true,"href":"https:\/\/www.tafeldeko.de\/news\/wp-json\/wp\/v2\/comments?post=435"}],"version-history":[{"count":0,"href":"https:\/\/www.tafeldeko.de\/news\/wp-json\/wp\/v2\/posts\/435\/revisions"}],"wp:featuredmedia":[{"embeddable":true,"href":"https:\/\/www.tafeldeko.de\/news\/wp-json\/wp\/v2\/media\/424"}],"wp:attachment":[{"href":"https:\/\/www.tafeldeko.de\/news\/wp-json\/wp\/v2\/media?parent=435"}],"wp:term":[{"taxonomy":"category","embeddable":true,"href":"https:\/\/www.tafeldeko.de\/news\/wp-json\/wp\/v2\/categories?post=435"},{"taxonomy":"post_tag","embeddable":true,"href":"https:\/\/www.tafeldeko.de\/news\/wp-json\/wp\/v2\/tags?post=435"}],"curies":[{"name":"wp","href":"https:\/\/api.w.org\/{rel}","templated":true}]}}