{"id":433,"date":"2012-09-17T20:09:24","date_gmt":"2012-09-17T18:09:24","guid":{"rendered":"http:\/\/www.tafeldeko.de\/news\/?p=433"},"modified":"2012-09-17T20:09:24","modified_gmt":"2012-09-17T18:09:24","slug":"die-tischdeko-im-oktober-da-kommt-herbstlaune-auf-den-tisch","status":"publish","type":"post","link":"https:\/\/www.tafeldeko.de\/news\/die-tischdeko-im-oktober-da-kommt-herbstlaune-auf-den-tisch\/","title":{"rendered":"Die Tischdeko im Oktober &#8211; da kommt Herbstlaune auf den Tisch"},"content":{"rendered":"<div class=\"textumfliessenrechts\"><img decoding=\"async\" loading=\"lazy\" src=\"https:\/\/www.tafeldeko.de\/news\/media\/users\/schnurchristian\/gebu_braun.jpg\" alt=\"Tischdeko im Oktober\" title=\"Tischdeko im Oktober\" width=\"320\" height=\"231\"\/><br \/><a href=\"https:\/\/www.tafeldeko.de\/mustertische\/index.php?t=7&#038;c=3&#038;lang=2\" title=\"Tischdeko im Oktober\"><b>Tischdeko im Oktober<\/b><\/a><\/div>\n<p> Die Tischdeko im Oktober ist dann gefragt, wenn man seinen Geburtstag feiern m\u00f6chte oder wenn man f\u00fcr mehr Gem\u00fctlichkeit sorgen m\u00f6chte.<br \/>\nEine <b><a href=\"https:\/\/www.tafeldeko.de\" title=\"Tischdeko\">Tischdeko<\/a><\/b> bringt Farbe und Leben auf den Tisch und kann f\u00fcr die unterschiedlichsten Anl\u00e4sse in Betracht gezogen werden. Ob man letztlich Geburtstag, Hochzeit oder eine Taufe feiert, die Tischdekoration sollte zum Pflichtinventar der Feierlichkeit z\u00e4hlen.<br \/>\nDie Tischdeko im Oktober darf gerne das Thema \u201eHerbst\u201c aufgreifen und herbstliche Stimmung aufkommen lassen.<br \/>\nWer eine tolle Tischdeko f\u00fcr diese Jahreszeit kreieren m\u00f6chte, kann seiner Fantasie freien Lauf lassen. Der Mustertisch hat sich an den Farben Orange und Gr\u00fcn orientiert. Au\u00dferdem wurde eine Sonnenblume in den Mittelpunkt des Tisches gebracht und stellt einen <b>sch\u00f6nen Blickfang<\/b> dar.<br \/>\nDes Weiteren ist die Weinflasche ein Clou, die mit einer Weinflaschen Krawatte ausgestattet wurde und somit zu etwas besonderem wird. Auch die weiteren dekorativen Accessoires, die man ausgew\u00e4hlt hat, erf\u00fcllen ihren Zweck. Die Deko-Moossteine, die Mooskugeln, der Farbsand oder der Glas Kerzenteller mit der dazu passenden Kerze machen sich hervorragend auf der Festtagstafel.<br \/>\nDar\u00fcber hinaus kann man sich f\u00fcr ein sch\u00f6nes <b><a href=\"https:\/\/www.tafeldeko.de\/index.php\/cat\/c470_B%C3%A4nder.html\" title=\"Tischband\">Tischband<\/a> <\/b>entscheiden, das als Grundlage auf dem Tisch eingesetzt werden kann. Wie die Tischdekoration letztlich aussieht, h\u00e4ngt vom eigenen Geschmack ab und vom Anlass an sich. Ideen und Anregungen findet man \u00fcber das Internet, falls man ideenlos bzw. planlos ist. Man kann sich von vielen Mustertischen inspirieren lassen und seine eigene <b>originelle Tischdekoration<\/b> gestalten.<br \/>\nDas Endergebnis wird alle gl\u00fccklich stimmen, denn eine tolle Deko gibt immer gut bei den G\u00e4sten an. Sind die G\u00e4ste zufrieden, ist man dies als Gastgeber ebenfalls und kann entspannt die Feier genie\u00dfen.<\/p>\n","protected":false},"excerpt":{"rendered":"<p>Die Tischdeko im Oktober ist dann gefragt, wenn man seinen Geburtstag feiern m\u00f6chte oder wenn man f\u00fcr mehr Gem\u00fctlichkeit sorgen m\u00f6chte.<br \/>\nEine  bringt Farbe und Leben auf den Tisch und kann f\u00fcr die unterschiedlichsten Anl\u00e4sse in Betracht gezogen werden. Ob man letztlich Geburtstag, Hochzeit oder eine Taufe feiert, die Tischdekoration sollte zum Pflichtinventar der Feierlichkeit z\u00e4hlen.<br \/>\nDie Tischdeko im Oktober darf gerne das Thema \u201eHerbst\u201c aufgreifen und herbstliche Stimmung aufkommen lassen.<\/p>\n","protected":false},"author":2,"featured_media":434,"comment_status":"open","ping_status":"open","sticky":false,"template":"","format":"standard","meta":{"footnotes":""},"categories":[1],"tags":[],"yoast_head":"<!-- This site is optimized with the Yoast SEO plugin v20.4 - https:\/\/yoast.com\/wordpress\/plugins\/seo\/ -->\n<title>Die Tischdeko im Oktober - da kommt Herbstlaune auf den Tisch - Tafeldeko<\/title>\n<meta name=\"description\" content=\"Die Tischdeko im Oktober darf gerne das Thema &#x201E;Herbst&#x201C; aufgreifen und herbstliche Stimmung aufkommen lassen.\" \/>\n<meta name=\"robots\" content=\"index, follow, max-snippet:-1, max-image-preview:large, max-video-preview:-1\" \/>\n<link rel=\"canonical\" href=\"https:\/\/www.tafeldeko.de\/news\/die-tischdeko-im-oktober-da-kommt-herbstlaune-auf-den-tisch\/\" \/>\n<meta property=\"og:locale\" content=\"de_DE\" \/>\n<meta property=\"og:type\" content=\"article\" \/>\n<meta property=\"og:title\" content=\"Die Tischdeko im Oktober - da kommt Herbstlaune auf den Tisch - Tafeldeko\" \/>\n<meta property=\"og:description\" content=\"Die Tischdeko im Oktober darf gerne das Thema &#x201E;Herbst&#x201C; aufgreifen und herbstliche Stimmung aufkommen lassen.\" \/>\n<meta property=\"og:url\" content=\"https:\/\/www.tafeldeko.de\/news\/die-tischdeko-im-oktober-da-kommt-herbstlaune-auf-den-tisch\/\" \/>\n<meta property=\"og:site_name\" content=\"Tafeldeko\" \/>\n<meta property=\"article:publisher\" content=\"https:\/\/www.facebook.com\/pages\/Tafeldeko-einzigartige-Tischdekoration\/174202655894\" \/>\n<meta property=\"article:published_time\" content=\"2012-09-17T18:09:24+00:00\" \/>\n<meta property=\"og:image\" content=\"https:\/\/www.tafeldeko.de\/news\/wp-content\/uploads\/2014\/09\/gebu_braun.jpg\" \/>\n\t<meta property=\"og:image:width\" content=\"370\" \/>\n\t<meta property=\"og:image:height\" content=\"231\" \/>\n\t<meta property=\"og:image:type\" content=\"image\/jpeg\" \/>\n<meta name=\"author\" content=\"Christiane Stein\" \/>\n<meta name=\"twitter:label1\" content=\"Verfasst von\" \/>\n\t<meta name=\"twitter:data1\" content=\"Christiane Stein\" \/>\n\t<meta name=\"twitter:label2\" content=\"Gesch\u00e4tzte Lesezeit\" \/>\n\t<meta name=\"twitter:data2\" content=\"1 Minute\" \/>\n<script type=\"application\/ld+json\" class=\"yoast-schema-graph\">{\"@context\":\"https:\/\/schema.org\",\"@graph\":[{\"@type\":\"WebPage\",\"@id\":\"https:\/\/www.tafeldeko.de\/news\/die-tischdeko-im-oktober-da-kommt-herbstlaune-auf-den-tisch\/\",\"url\":\"https:\/\/www.tafeldeko.de\/news\/die-tischdeko-im-oktober-da-kommt-herbstlaune-auf-den-tisch\/\",\"name\":\"Die Tischdeko im Oktober - da kommt Herbstlaune auf den Tisch - Tafeldeko\",\"isPartOf\":{\"@id\":\"https:\/\/www.tafeldeko.de\/news\/#website\"},\"datePublished\":\"2012-09-17T18:09:24+00:00\",\"dateModified\":\"2012-09-17T18:09:24+00:00\",\"author\":{\"@id\":\"https:\/\/www.tafeldeko.de\/news\/#\/schema\/person\/d2acd86447ed0b6336089a8ba83164a0\"},\"description\":\"Die Tischdeko im Oktober darf gerne das Thema &#x201E;Herbst&#x201C; aufgreifen und herbstliche Stimmung aufkommen lassen.\",\"breadcrumb\":{\"@id\":\"https:\/\/www.tafeldeko.de\/news\/die-tischdeko-im-oktober-da-kommt-herbstlaune-auf-den-tisch\/#breadcrumb\"},\"inLanguage\":\"de-DE\",\"potentialAction\":[{\"@type\":\"ReadAction\",\"target\":[\"https:\/\/www.tafeldeko.de\/news\/die-tischdeko-im-oktober-da-kommt-herbstlaune-auf-den-tisch\/\"]}]},{\"@type\":\"BreadcrumbList\",\"@id\":\"https:\/\/www.tafeldeko.de\/news\/die-tischdeko-im-oktober-da-kommt-herbstlaune-auf-den-tisch\/#breadcrumb\",\"itemListElement\":[{\"@type\":\"ListItem\",\"position\":1,\"name\":\"Tafeldeko\",\"item\":\"https:\/\/www.tafeldeko.de\/news\/\"},{\"@type\":\"ListItem\",\"position\":2,\"name\":\"Alte Beitr\u00e4ge\",\"item\":\"https:\/\/www.tafeldeko.de\/news\/alte-beitraege\/\"},{\"@type\":\"ListItem\",\"position\":3,\"name\":\"Tischdeko - Blog\",\"item\":\"https:\/\/www.tafeldeko.de\/news\/alte-beitraege\/tischdeko-blog\/\"},{\"@type\":\"ListItem\",\"position\":4,\"name\":\"Die Tischdeko im Oktober &#8211; da kommt Herbstlaune auf den Tisch\"}]},{\"@type\":\"WebSite\",\"@id\":\"https:\/\/www.tafeldeko.de\/news\/#website\",\"url\":\"https:\/\/www.tafeldeko.de\/news\/\",\"name\":\"Tafeldeko\",\"description\":\"Blog mit Tischdeko und Tischdekoration Ideen\",\"potentialAction\":[{\"@type\":\"SearchAction\",\"target\":{\"@type\":\"EntryPoint\",\"urlTemplate\":\"https:\/\/www.tafeldeko.de\/news\/?s={search_term_string}\"},\"query-input\":\"required name=search_term_string\"}],\"inLanguage\":\"de-DE\"},{\"@type\":\"Person\",\"@id\":\"https:\/\/www.tafeldeko.de\/news\/#\/schema\/person\/d2acd86447ed0b6336089a8ba83164a0\",\"name\":\"Christiane Stein\",\"image\":{\"@type\":\"ImageObject\",\"inLanguage\":\"de-DE\",\"@id\":\"https:\/\/www.tafeldeko.de\/news\/#\/schema\/person\/image\/\",\"url\":\"https:\/\/secure.gravatar.com\/avatar\/2054729fbfd1ebc9d3cf1fd55361d0b6?s=96&d=mm&r=g\",\"contentUrl\":\"https:\/\/secure.gravatar.com\/avatar\/2054729fbfd1ebc9d3cf1fd55361d0b6?s=96&d=mm&r=g\",\"caption\":\"Christiane Stein\"}}]}<\/script>\n<!-- \/ Yoast SEO plugin. -->","yoast_head_json":{"title":"Die Tischdeko im Oktober - da kommt Herbstlaune auf den Tisch - Tafeldeko","description":"Die Tischdeko im Oktober darf gerne das Thema &#x201E;Herbst&#x201C; aufgreifen und herbstliche Stimmung aufkommen lassen.","robots":{"index":"index","follow":"follow","max-snippet":"max-snippet:-1","max-image-preview":"max-image-preview:large","max-video-preview":"max-video-preview:-1"},"canonical":"https:\/\/www.tafeldeko.de\/news\/die-tischdeko-im-oktober-da-kommt-herbstlaune-auf-den-tisch\/","og_locale":"de_DE","og_type":"article","og_title":"Die Tischdeko im Oktober - da kommt Herbstlaune auf den Tisch - Tafeldeko","og_description":"Die Tischdeko im Oktober darf gerne das Thema &#x201E;Herbst&#x201C; aufgreifen und herbstliche Stimmung aufkommen lassen.","og_url":"https:\/\/www.tafeldeko.de\/news\/die-tischdeko-im-oktober-da-kommt-herbstlaune-auf-den-tisch\/","og_site_name":"Tafeldeko","article_publisher":"https:\/\/www.facebook.com\/pages\/Tafeldeko-einzigartige-Tischdekoration\/174202655894","article_published_time":"2012-09-17T18:09:24+00:00","og_image":[{"width":370,"height":231,"url":"https:\/\/www.tafeldeko.de\/news\/wp-content\/uploads\/2014\/09\/gebu_braun.jpg","type":"image\/jpeg"}],"author":"Christiane Stein","twitter_misc":{"Verfasst von":"Christiane Stein","Gesch\u00e4tzte Lesezeit":"1 Minute"},"schema":{"@context":"https:\/\/schema.org","@graph":[{"@type":"WebPage","@id":"https:\/\/www.tafeldeko.de\/news\/die-tischdeko-im-oktober-da-kommt-herbstlaune-auf-den-tisch\/","url":"https:\/\/www.tafeldeko.de\/news\/die-tischdeko-im-oktober-da-kommt-herbstlaune-auf-den-tisch\/","name":"Die Tischdeko im Oktober - da kommt Herbstlaune auf den Tisch - Tafeldeko","isPartOf":{"@id":"https:\/\/www.tafeldeko.de\/news\/#website"},"datePublished":"2012-09-17T18:09:24+00:00","dateModified":"2012-09-17T18:09:24+00:00","author":{"@id":"https:\/\/www.tafeldeko.de\/news\/#\/schema\/person\/d2acd86447ed0b6336089a8ba83164a0"},"description":"Die Tischdeko im Oktober darf gerne das Thema &#x201E;Herbst&#x201C; aufgreifen und herbstliche Stimmung aufkommen lassen.","breadcrumb":{"@id":"https:\/\/www.tafeldeko.de\/news\/die-tischdeko-im-oktober-da-kommt-herbstlaune-auf-den-tisch\/#breadcrumb"},"inLanguage":"de-DE","potentialAction":[{"@type":"ReadAction","target":["https:\/\/www.tafeldeko.de\/news\/die-tischdeko-im-oktober-da-kommt-herbstlaune-auf-den-tisch\/"]}]},{"@type":"BreadcrumbList","@id":"https:\/\/www.tafeldeko.de\/news\/die-tischdeko-im-oktober-da-kommt-herbstlaune-auf-den-tisch\/#breadcrumb","itemListElement":[{"@type":"ListItem","position":1,"name":"Tafeldeko","item":"https:\/\/www.tafeldeko.de\/news\/"},{"@type":"ListItem","position":2,"name":"Alte Beitr\u00e4ge","item":"https:\/\/www.tafeldeko.de\/news\/alte-beitraege\/"},{"@type":"ListItem","position":3,"name":"Tischdeko - Blog","item":"https:\/\/www.tafeldeko.de\/news\/alte-beitraege\/tischdeko-blog\/"},{"@type":"ListItem","position":4,"name":"Die Tischdeko im Oktober &#8211; da kommt Herbstlaune auf den Tisch"}]},{"@type":"WebSite","@id":"https:\/\/www.tafeldeko.de\/news\/#website","url":"https:\/\/www.tafeldeko.de\/news\/","name":"Tafeldeko","description":"Blog mit Tischdeko und Tischdekoration Ideen","potentialAction":[{"@type":"SearchAction","target":{"@type":"EntryPoint","urlTemplate":"https:\/\/www.tafeldeko.de\/news\/?s={search_term_string}"},"query-input":"required name=search_term_string"}],"inLanguage":"de-DE"},{"@type":"Person","@id":"https:\/\/www.tafeldeko.de\/news\/#\/schema\/person\/d2acd86447ed0b6336089a8ba83164a0","name":"Christiane Stein","image":{"@type":"ImageObject","inLanguage":"de-DE","@id":"https:\/\/www.tafeldeko.de\/news\/#\/schema\/person\/image\/","url":"https:\/\/secure.gravatar.com\/avatar\/2054729fbfd1ebc9d3cf1fd55361d0b6?s=96&d=mm&r=g","contentUrl":"https:\/\/secure.gravatar.com\/avatar\/2054729fbfd1ebc9d3cf1fd55361d0b6?s=96&d=mm&r=g","caption":"Christiane Stein"}}]}},"_links":{"self":[{"href":"https:\/\/www.tafeldeko.de\/news\/wp-json\/wp\/v2\/posts\/433"}],"collection":[{"href":"https:\/\/www.tafeldeko.de\/news\/wp-json\/wp\/v2\/posts"}],"about":[{"href":"https:\/\/www.tafeldeko.de\/news\/wp-json\/wp\/v2\/types\/post"}],"author":[{"embeddable":true,"href":"https:\/\/www.tafeldeko.de\/news\/wp-json\/wp\/v2\/users\/2"}],"replies":[{"embeddable":true,"href":"https:\/\/www.tafeldeko.de\/news\/wp-json\/wp\/v2\/comments?post=433"}],"version-history":[{"count":0,"href":"https:\/\/www.tafeldeko.de\/news\/wp-json\/wp\/v2\/posts\/433\/revisions"}],"wp:featuredmedia":[{"embeddable":true,"href":"https:\/\/www.tafeldeko.de\/news\/wp-json\/wp\/v2\/media\/434"}],"wp:attachment":[{"href":"https:\/\/www.tafeldeko.de\/news\/wp-json\/wp\/v2\/media?parent=433"}],"wp:term":[{"taxonomy":"category","embeddable":true,"href":"https:\/\/www.tafeldeko.de\/news\/wp-json\/wp\/v2\/categories?post=433"},{"taxonomy":"post_tag","embeddable":true,"href":"https:\/\/www.tafeldeko.de\/news\/wp-json\/wp\/v2\/tags?post=433"}],"curies":[{"name":"wp","href":"https:\/\/api.w.org\/{rel}","templated":true}]}}