{"id":431,"date":"2012-09-13T20:45:51","date_gmt":"2012-09-13T18:45:51","guid":{"rendered":"http:\/\/www.tafeldeko.de\/news\/?p=431"},"modified":"2012-09-13T20:45:51","modified_gmt":"2012-09-13T18:45:51","slug":"schoene-tischdekorationen-und-accessoires-liegen-in-diesem-herbst-im-trend","status":"publish","type":"post","link":"https:\/\/www.tafeldeko.de\/news\/schoene-tischdekorationen-und-accessoires-liegen-in-diesem-herbst-im-trend\/","title":{"rendered":"Sch\u00f6ne Tischdekorationen und Accessoires liegen in diesem Herbst im Trend"},"content":{"rendered":"<div class=\"textumfliessenrechts\"><img decoding=\"async\" loading=\"lazy\" src=\"https:\/\/www.tafeldeko.de\/news\/media\/users\/schnurchristian\/servietten_anton.jpg\" alt=\"Servietten St. Anton\" title=\"Servietten St. Anton\" width=\"194\" height=\"194\"\/><br \/><a href=\"https:\/\/www.tafeldeko.de\/product_info.php\/products_id\/9940_20er%20Pack%20Servietten%20St.%20Anton%2033%20x%2033%20cm.html\" title=\"herbstliche Tischdeko\"><b>herbstliche Tischdeko<\/b><\/a><\/div>\n<p> Langsam aber sicher merken wir, dass der Herbst seinen Einzug h\u00e4lt. Die Tage werden k\u00fcrzer, die Sonne ist nicht mehr so warm und insgesamt wird es ungem\u00fctlicher drau\u00dfen. Umso sch\u00f6ner, wenn man es sich im Haus und in der Wohnung sch\u00f6n macht.<br \/>\n<b>Dekorationen im Herbst <\/b>statten die R\u00e4ume ansprechend aus, ob dezent oder farbenfroh \u2013 der Herbst hat viele Seiten.<br \/>\nDenkt man an Sonnenblumen und K\u00fcrbisse, denkt man wohl zuallererst an die leuchtenden Farben. Gelb, Orange, Gr\u00fcn und ein bunter Farbmix machen diese<b> Accessoires aus der Natur<\/b> zu frischen Boten.<br \/>\nIn Kombination mit Laub, Kastanien, Haseln\u00fcssen und anderen Fr\u00fcchten, die uns die herbstliche Natur so bietet, kann man wundersch\u00f6ne Dekorationen schaffen. Auch in Punkto Tischdekoration, beispielsweise zum Geburtstag, bieten sich viele M\u00f6glichkeiten mit einem Mix aus Naturfundst\u00fccken und herbstlichen Accessoires.<br \/>\nHerbstliche Organzastoffe, Tischb\u00e4nder, Tischl\u00e4ufer oder Tischsets k\u00f6nnen die Tischmitte bei der Tischdeko ausstatten. Dazu die tollen herbstlichen Accessoires und die <b><a href=\"https:\/\/www.tafeldeko.de\/index.php\/cat\/c1329_Naturdeko.html\" title=\"Naturmaterialien\">Naturmaterialien<\/a><\/b>, die man im Wald und auf dem Feld gesammelt hat und im Handumdrehen ist die Herbst Tischdeko fertig.<br \/>\nKerzen und Servietten sollten jedoch nicht vergessen werden.<br \/>\nTeelichtgl\u00e4ser und Teelichthalter liegen in diesem <b>Herbst im Trend<\/b>. Vor allem Kerzenhalter aus Holz in verschiedenen Farben und Gestaltungen setzen tolle Akzente bei der herbstlichen Tischdeko.<br \/>\nWer die etwas dezentere Herbstdeko mag, der kann die Tischdekoration mit den Servietten St. Anton erg\u00e4nzen. Ein heller Beigeton als Basis, auf dem sich Hirsche in braun und Herzen ein Stelldichein geben. Zudem schm\u00fccken wei\u00dfe und rote Karos die <b><a href=\"https:\/\/www.tafeldeko.de\/index.php\/cat\/c1158_Herbst-Servietten.html\" title=\"Serviette\">Serviette<\/a><\/b>, und kleinere Herzen verk\u00f6rpern den l\u00e4ndlichen Touch. Gerade dieser <b>rustikale und l\u00e4ndliche Touch <\/b>ist bei den Herbst Tischdekorationen so beliebt, sie erinnern an wundersch\u00f6ne Urlaubstage in den Bergen und wecken auch so leicht die Sehnsucht nach Schnee und Skifahren.<br \/>\nDoch jetzt ist erst einmal Herbst, das hei\u00dft, sch\u00f6ne <b>Herbst Dekorationen<\/b> haben nun den Vorrang. <\/p>\n","protected":false},"excerpt":{"rendered":"<p>Langsam aber sicher merken wir, dass der Herbst seinen Einzug h\u00e4lt. Die Tage werden k\u00fcrzer, die Sonne ist nicht mehr so warm und insgesamt wird es ungem\u00fctlicher drau\u00dfen. Umso sch\u00f6ner, wenn man es sich im Haus und in der Wohnung sch\u00f6n macht.<br \/>\nDekorationen im Herbst statten die R\u00e4ume ansprechend aus, ob dezent oder farbenfroh \u2013 der Herbst hat viele Seiten.<br \/>\nDenkt man an Sonnenblumen und K\u00fcrbisse, denkt man wohl zuallererst an die leuchtenden Farben. Gelb, Orange, Gr\u00fcn und ein bunter Farbmix machen diese Accessoires aus der Natur zu frischen Boten.<br \/>\nIn Kombination mit Laub, Kastanien, Haseln\u00fcssen und anderen Fr\u00fcchten, die uns die herbstliche Natur so bietet, kann man wundersch\u00f6ne Dekorationen schaffen. Auch in Punkto Tischdekoration, beispielsweise zum Geburtstag, bieten sich viele M\u00f6glichkeiten mit einem Mix aus Naturfundst\u00fccken und herbstlichen Accessoires.<\/p>\n","protected":false},"author":2,"featured_media":432,"comment_status":"open","ping_status":"open","sticky":false,"template":"","format":"standard","meta":{"footnotes":""},"categories":[1],"tags":[],"yoast_head":"<!-- This site is optimized with the Yoast SEO plugin v20.4 - https:\/\/yoast.com\/wordpress\/plugins\/seo\/ -->\n<title>Sch\u00f6ne Tischdekorationen und Accessoires liegen in diesem Herbst im Trend - Tafeldeko<\/title>\n<meta name=\"description\" content=\"Denkt man an Sonnenblumen und K&#xFC;rbisse, denkt man wohl zuallererst an die leuchtenden Farben. Und diese verleihen der Tischdeko einen tollen Effekt.\" \/>\n<meta name=\"robots\" content=\"index, follow, max-snippet:-1, max-image-preview:large, max-video-preview:-1\" \/>\n<link rel=\"canonical\" href=\"https:\/\/www.tafeldeko.de\/news\/schoene-tischdekorationen-und-accessoires-liegen-in-diesem-herbst-im-trend\/\" \/>\n<meta property=\"og:locale\" content=\"de_DE\" \/>\n<meta property=\"og:type\" content=\"article\" \/>\n<meta property=\"og:title\" content=\"Sch\u00f6ne Tischdekorationen und Accessoires liegen in diesem Herbst im Trend - Tafeldeko\" \/>\n<meta property=\"og:description\" content=\"Denkt man an Sonnenblumen und K&#xFC;rbisse, denkt man wohl zuallererst an die leuchtenden Farben. Und diese verleihen der Tischdeko einen tollen Effekt.\" \/>\n<meta property=\"og:url\" content=\"https:\/\/www.tafeldeko.de\/news\/schoene-tischdekorationen-und-accessoires-liegen-in-diesem-herbst-im-trend\/\" \/>\n<meta property=\"og:site_name\" content=\"Tafeldeko\" \/>\n<meta property=\"article:publisher\" content=\"https:\/\/www.facebook.com\/pages\/Tafeldeko-einzigartige-Tischdekoration\/174202655894\" \/>\n<meta property=\"article:published_time\" content=\"2012-09-13T18:45:51+00:00\" \/>\n<meta property=\"og:image\" content=\"https:\/\/www.tafeldeko.de\/news\/wp-content\/uploads\/2014\/09\/servietten_anton.jpg\" \/>\n\t<meta property=\"og:image:width\" content=\"194\" \/>\n\t<meta property=\"og:image:height\" content=\"194\" \/>\n\t<meta property=\"og:image:type\" content=\"image\/jpeg\" \/>\n<meta name=\"author\" content=\"Christiane Stein\" \/>\n<meta name=\"twitter:label1\" content=\"Verfasst von\" \/>\n\t<meta name=\"twitter:data1\" content=\"Christiane Stein\" \/>\n\t<meta name=\"twitter:label2\" content=\"Gesch\u00e4tzte Lesezeit\" \/>\n\t<meta name=\"twitter:data2\" content=\"2 Minuten\" \/>\n<script type=\"application\/ld+json\" class=\"yoast-schema-graph\">{\"@context\":\"https:\/\/schema.org\",\"@graph\":[{\"@type\":\"WebPage\",\"@id\":\"https:\/\/www.tafeldeko.de\/news\/schoene-tischdekorationen-und-accessoires-liegen-in-diesem-herbst-im-trend\/\",\"url\":\"https:\/\/www.tafeldeko.de\/news\/schoene-tischdekorationen-und-accessoires-liegen-in-diesem-herbst-im-trend\/\",\"name\":\"Sch\u00f6ne Tischdekorationen und Accessoires liegen in diesem Herbst im Trend - Tafeldeko\",\"isPartOf\":{\"@id\":\"https:\/\/www.tafeldeko.de\/news\/#website\"},\"datePublished\":\"2012-09-13T18:45:51+00:00\",\"dateModified\":\"2012-09-13T18:45:51+00:00\",\"author\":{\"@id\":\"https:\/\/www.tafeldeko.de\/news\/#\/schema\/person\/d2acd86447ed0b6336089a8ba83164a0\"},\"description\":\"Denkt man an Sonnenblumen und K&#xFC;rbisse, denkt man wohl zuallererst an die leuchtenden Farben. Und diese verleihen der Tischdeko einen tollen Effekt.\",\"breadcrumb\":{\"@id\":\"https:\/\/www.tafeldeko.de\/news\/schoene-tischdekorationen-und-accessoires-liegen-in-diesem-herbst-im-trend\/#breadcrumb\"},\"inLanguage\":\"de-DE\",\"potentialAction\":[{\"@type\":\"ReadAction\",\"target\":[\"https:\/\/www.tafeldeko.de\/news\/schoene-tischdekorationen-und-accessoires-liegen-in-diesem-herbst-im-trend\/\"]}]},{\"@type\":\"BreadcrumbList\",\"@id\":\"https:\/\/www.tafeldeko.de\/news\/schoene-tischdekorationen-und-accessoires-liegen-in-diesem-herbst-im-trend\/#breadcrumb\",\"itemListElement\":[{\"@type\":\"ListItem\",\"position\":1,\"name\":\"Tafeldeko\",\"item\":\"https:\/\/www.tafeldeko.de\/news\/\"},{\"@type\":\"ListItem\",\"position\":2,\"name\":\"Alte Beitr\u00e4ge\",\"item\":\"https:\/\/www.tafeldeko.de\/news\/alte-beitraege\/\"},{\"@type\":\"ListItem\",\"position\":3,\"name\":\"Tischdeko - Blog\",\"item\":\"https:\/\/www.tafeldeko.de\/news\/alte-beitraege\/tischdeko-blog\/\"},{\"@type\":\"ListItem\",\"position\":4,\"name\":\"Sch\u00f6ne Tischdekorationen und Accessoires liegen in diesem Herbst im Trend\"}]},{\"@type\":\"WebSite\",\"@id\":\"https:\/\/www.tafeldeko.de\/news\/#website\",\"url\":\"https:\/\/www.tafeldeko.de\/news\/\",\"name\":\"Tafeldeko\",\"description\":\"Blog mit Tischdeko und Tischdekoration Ideen\",\"potentialAction\":[{\"@type\":\"SearchAction\",\"target\":{\"@type\":\"EntryPoint\",\"urlTemplate\":\"https:\/\/www.tafeldeko.de\/news\/?s={search_term_string}\"},\"query-input\":\"required name=search_term_string\"}],\"inLanguage\":\"de-DE\"},{\"@type\":\"Person\",\"@id\":\"https:\/\/www.tafeldeko.de\/news\/#\/schema\/person\/d2acd86447ed0b6336089a8ba83164a0\",\"name\":\"Christiane Stein\",\"image\":{\"@type\":\"ImageObject\",\"inLanguage\":\"de-DE\",\"@id\":\"https:\/\/www.tafeldeko.de\/news\/#\/schema\/person\/image\/\",\"url\":\"https:\/\/secure.gravatar.com\/avatar\/2054729fbfd1ebc9d3cf1fd55361d0b6?s=96&d=mm&r=g\",\"contentUrl\":\"https:\/\/secure.gravatar.com\/avatar\/2054729fbfd1ebc9d3cf1fd55361d0b6?s=96&d=mm&r=g\",\"caption\":\"Christiane Stein\"}}]}<\/script>\n<!-- \/ Yoast SEO plugin. -->","yoast_head_json":{"title":"Sch\u00f6ne Tischdekorationen und Accessoires liegen in diesem Herbst im Trend - Tafeldeko","description":"Denkt man an Sonnenblumen und K&#xFC;rbisse, denkt man wohl zuallererst an die leuchtenden Farben. Und diese verleihen der Tischdeko einen tollen Effekt.","robots":{"index":"index","follow":"follow","max-snippet":"max-snippet:-1","max-image-preview":"max-image-preview:large","max-video-preview":"max-video-preview:-1"},"canonical":"https:\/\/www.tafeldeko.de\/news\/schoene-tischdekorationen-und-accessoires-liegen-in-diesem-herbst-im-trend\/","og_locale":"de_DE","og_type":"article","og_title":"Sch\u00f6ne Tischdekorationen und Accessoires liegen in diesem Herbst im Trend - Tafeldeko","og_description":"Denkt man an Sonnenblumen und K&#xFC;rbisse, denkt man wohl zuallererst an die leuchtenden Farben. Und diese verleihen der Tischdeko einen tollen Effekt.","og_url":"https:\/\/www.tafeldeko.de\/news\/schoene-tischdekorationen-und-accessoires-liegen-in-diesem-herbst-im-trend\/","og_site_name":"Tafeldeko","article_publisher":"https:\/\/www.facebook.com\/pages\/Tafeldeko-einzigartige-Tischdekoration\/174202655894","article_published_time":"2012-09-13T18:45:51+00:00","og_image":[{"width":194,"height":194,"url":"https:\/\/www.tafeldeko.de\/news\/wp-content\/uploads\/2014\/09\/servietten_anton.jpg","type":"image\/jpeg"}],"author":"Christiane Stein","twitter_misc":{"Verfasst von":"Christiane Stein","Gesch\u00e4tzte Lesezeit":"2 Minuten"},"schema":{"@context":"https:\/\/schema.org","@graph":[{"@type":"WebPage","@id":"https:\/\/www.tafeldeko.de\/news\/schoene-tischdekorationen-und-accessoires-liegen-in-diesem-herbst-im-trend\/","url":"https:\/\/www.tafeldeko.de\/news\/schoene-tischdekorationen-und-accessoires-liegen-in-diesem-herbst-im-trend\/","name":"Sch\u00f6ne Tischdekorationen und Accessoires liegen in diesem Herbst im Trend - Tafeldeko","isPartOf":{"@id":"https:\/\/www.tafeldeko.de\/news\/#website"},"datePublished":"2012-09-13T18:45:51+00:00","dateModified":"2012-09-13T18:45:51+00:00","author":{"@id":"https:\/\/www.tafeldeko.de\/news\/#\/schema\/person\/d2acd86447ed0b6336089a8ba83164a0"},"description":"Denkt man an Sonnenblumen und K&#xFC;rbisse, denkt man wohl zuallererst an die leuchtenden Farben. Und diese verleihen der Tischdeko einen tollen Effekt.","breadcrumb":{"@id":"https:\/\/www.tafeldeko.de\/news\/schoene-tischdekorationen-und-accessoires-liegen-in-diesem-herbst-im-trend\/#breadcrumb"},"inLanguage":"de-DE","potentialAction":[{"@type":"ReadAction","target":["https:\/\/www.tafeldeko.de\/news\/schoene-tischdekorationen-und-accessoires-liegen-in-diesem-herbst-im-trend\/"]}]},{"@type":"BreadcrumbList","@id":"https:\/\/www.tafeldeko.de\/news\/schoene-tischdekorationen-und-accessoires-liegen-in-diesem-herbst-im-trend\/#breadcrumb","itemListElement":[{"@type":"ListItem","position":1,"name":"Tafeldeko","item":"https:\/\/www.tafeldeko.de\/news\/"},{"@type":"ListItem","position":2,"name":"Alte Beitr\u00e4ge","item":"https:\/\/www.tafeldeko.de\/news\/alte-beitraege\/"},{"@type":"ListItem","position":3,"name":"Tischdeko - Blog","item":"https:\/\/www.tafeldeko.de\/news\/alte-beitraege\/tischdeko-blog\/"},{"@type":"ListItem","position":4,"name":"Sch\u00f6ne Tischdekorationen und Accessoires liegen in diesem Herbst im Trend"}]},{"@type":"WebSite","@id":"https:\/\/www.tafeldeko.de\/news\/#website","url":"https:\/\/www.tafeldeko.de\/news\/","name":"Tafeldeko","description":"Blog mit Tischdeko und Tischdekoration Ideen","potentialAction":[{"@type":"SearchAction","target":{"@type":"EntryPoint","urlTemplate":"https:\/\/www.tafeldeko.de\/news\/?s={search_term_string}"},"query-input":"required name=search_term_string"}],"inLanguage":"de-DE"},{"@type":"Person","@id":"https:\/\/www.tafeldeko.de\/news\/#\/schema\/person\/d2acd86447ed0b6336089a8ba83164a0","name":"Christiane Stein","image":{"@type":"ImageObject","inLanguage":"de-DE","@id":"https:\/\/www.tafeldeko.de\/news\/#\/schema\/person\/image\/","url":"https:\/\/secure.gravatar.com\/avatar\/2054729fbfd1ebc9d3cf1fd55361d0b6?s=96&d=mm&r=g","contentUrl":"https:\/\/secure.gravatar.com\/avatar\/2054729fbfd1ebc9d3cf1fd55361d0b6?s=96&d=mm&r=g","caption":"Christiane Stein"}}]}},"_links":{"self":[{"href":"https:\/\/www.tafeldeko.de\/news\/wp-json\/wp\/v2\/posts\/431"}],"collection":[{"href":"https:\/\/www.tafeldeko.de\/news\/wp-json\/wp\/v2\/posts"}],"about":[{"href":"https:\/\/www.tafeldeko.de\/news\/wp-json\/wp\/v2\/types\/post"}],"author":[{"embeddable":true,"href":"https:\/\/www.tafeldeko.de\/news\/wp-json\/wp\/v2\/users\/2"}],"replies":[{"embeddable":true,"href":"https:\/\/www.tafeldeko.de\/news\/wp-json\/wp\/v2\/comments?post=431"}],"version-history":[{"count":0,"href":"https:\/\/www.tafeldeko.de\/news\/wp-json\/wp\/v2\/posts\/431\/revisions"}],"wp:featuredmedia":[{"embeddable":true,"href":"https:\/\/www.tafeldeko.de\/news\/wp-json\/wp\/v2\/media\/432"}],"wp:attachment":[{"href":"https:\/\/www.tafeldeko.de\/news\/wp-json\/wp\/v2\/media?parent=431"}],"wp:term":[{"taxonomy":"category","embeddable":true,"href":"https:\/\/www.tafeldeko.de\/news\/wp-json\/wp\/v2\/categories?post=431"},{"taxonomy":"post_tag","embeddable":true,"href":"https:\/\/www.tafeldeko.de\/news\/wp-json\/wp\/v2\/tags?post=431"}],"curies":[{"name":"wp","href":"https:\/\/api.w.org\/{rel}","templated":true}]}}