{"id":429,"date":"2012-09-04T21:15:30","date_gmt":"2012-09-04T19:15:30","guid":{"rendered":"http:\/\/www.tafeldeko.de\/news\/?p=429"},"modified":"2012-09-04T21:15:30","modified_gmt":"2012-09-04T19:15:30","slug":"herbstliche-tischdekoration-mit-tollen-accessoires","status":"publish","type":"post","link":"https:\/\/www.tafeldeko.de\/news\/herbstliche-tischdekoration-mit-tollen-accessoires\/","title":{"rendered":"Herbstliche Tischdekoration mit tollen Accessoires"},"content":{"rendered":"<div class=\"textumfliessenrechts\"><img decoding=\"async\" loading=\"lazy\" src=\"https:\/\/www.tafeldeko.de\/news\/media\/users\/schnurchristian\/herbst_lila_NEU.jpg\" alt=\"Tischdeko im Herbst\" title=\"Tischdeko im Herbst\" width=\"328\" height=\"220\"\/><br \/><a href=\"https:\/\/www.tafeldeko.de\/mustertische\/tischdeko-herbst\/Tisch-8.html\" title=\"Tischdeko im Herbst\"><b>Tischdeko im Herbst<\/b><\/a><\/div>\n<p> Die Tage werden k\u00fcrzer, in den Morgenstunden sp\u00fcrt man so langsam den <b>Herbst<\/b>, auch wenn wir momentan einen wundersch\u00f6nen Altweibersommer verleben d\u00fcrfen. Doch das sch\u00f6ne Wetter, die Sonne, die wir genie\u00dfen d\u00fcrfen, bleibt nicht ewig, wir m\u00fcssen uns so langsam auf den Herbst einstellen.<br \/>\nIn den Wohnungen und H\u00e4usern macht die sommerliche Deko der herbstlichen Dekoration Platz, was keinesfalls als negativ zu werten ist. Selbst die<b> herbstliche Deko<\/b> kann wundersch\u00f6n und farbenfroh gestaltet sein, gute Launefaktor inklusive.<br \/>\nAuf dem Mustertisch in Lila und Braun zeigt sich die Tischdeko im Herbst von ihrer sch\u00f6nsten Seite.<br \/>\nEine cremefarbene Tischdecke bildet die Grundlage dieser Tischdekoration, deren Tischmitte in tollen Braun- und Lilat\u00f6nen erstrahlt. Ein braunes Sizoweb Tischband, ein lilafarbenes Satin Tischband, ein Tischband Vichy mit Karo Muster in lavendel und wei\u00df und ein Crea Pop Fripe Tischband in Nougat sind die Haupt-Accessoires der Tischmitte.<br \/>\nUm der Tischdeko den gewissen herbstlichen Touch zu verleihen, geben Herzen aus Birkenholzrinde, Rattankugeln im Set, Heuherzen und zwei s\u00fc\u00dfe kleine Igel auf Herbstblatt ihr Stelldichein. Einen <b>sch\u00f6nen Effekt<\/b> setzt zudem der Gei\u00dfbock aus Holz zur Herbstdeko, der die Blicke der G\u00e4ste auf sich ziehen wird. <\/p>\n<p>Was darf bei der <b>Herbstdeko<\/b> nicht fehlen? Ja, <b><a href=\"https:\/\/www.tafeldeko.de\/index.php\/cat\/c528_Runde-Stumpenkerzen.html\" title=\"Kerzen\">Kerzen<\/a><\/b> \u2013 sie geh\u00f6ren einfach zu jeder Tischdekoration dazu. Teelichtgl\u00e4ser mit Ornamenten in braun, innen wollweiss und Teelichtgl\u00e4ser in wollweiss, innen braun und Teelichtgl\u00e4ser Streifen Optik in Braun verleihen der Tischdeko <b>das gewisse Etwas<\/b>. Dieser Mustertisch zeigt, dass auch mit verschiedenen Elementen eine gro\u00dfe Wirkung erzielt werden kann. Es m\u00fcssen nicht immer die gleichen Accessoires auf dem Tisch sein, mit verschiedenartigen Elementen, wie den Teelichtgl\u00e4sern auf dem Mustertisch, wird die Tischdeko abwechslungsreich und ansprechend. <\/p>\n<p>Ein weiterer Blickfang auf dem herbstlichen Tisch bildet das Arrangement aus <b><a href=\"https:\/\/www.tafeldeko.de\/index.php\/cat\/c1159_Weihnacht-Servietten.html\" title=\"Servietten\">Servietten<\/a><\/b> und Herzen aus Holz mit Motiv Hirsch zum Aufh\u00e4ngen in Beige. Hier wurden die Servietten Pepita lila und die Servietten Modern Colors braun miteinander gefaltet und die Holzherzen bilden den <b>besonderen Akzent<\/b> auf dem Teller. <\/p>\n<p>Mit diversen Accessoires, die farblich miteinander harmonieren, erh\u00e4lt man auch in den tristeren Jahreszeiten eine tolle Tischdekoration. <\/p>\n","protected":false},"excerpt":{"rendered":"<p>Die Tage werden k\u00fcrzer, in den Morgenstunden sp\u00fcrt man so langsam den Herbst, auch wenn wir momentan einen wundersch\u00f6nen Altweibersommer verleben d\u00fcrfen. Doch das sch\u00f6ne Wetter, die Sonne, die wir genie\u00dfen d\u00fcrfen, bleibt nicht ewig, wir m\u00fcssen uns so langsam auf den Herbst einstellen.<br \/>\nIn den Wohnungen und H\u00e4usern macht die sommerliche Deko der herbstlichen Dekoration Platz, was keinesfalls als negativ zu werten ist. Selbst die herbstliche Deko kann wundersch\u00f6n und farbenfroh gestaltet sein, gute Launefaktor inklusive.<br \/>\nAuf dem Mustertisch in Lila und Braun zeigt sich die Tischdeko im Herbst von ihrer sch\u00f6nsten Seite.<\/p>\n","protected":false},"author":2,"featured_media":430,"comment_status":"open","ping_status":"open","sticky":false,"template":"","format":"standard","meta":{"footnotes":""},"categories":[1],"tags":[],"yoast_head":"<!-- This site is optimized with the Yoast SEO plugin v20.4 - https:\/\/yoast.com\/wordpress\/plugins\/seo\/ -->\n<title>Herbstliche Tischdekoration mit tollen Accessoires - Tafeldeko<\/title>\n<meta name=\"description\" content=\"Was darf bei der Herbstdeko nicht fehlen? Ja, Kerzen &#x2013; sie geh&#xF6;ren einfach zu jeder herbstlichen Tischdekoration dazu.\" \/>\n<meta name=\"robots\" content=\"index, follow, max-snippet:-1, max-image-preview:large, max-video-preview:-1\" \/>\n<link rel=\"canonical\" href=\"https:\/\/www.tafeldeko.de\/news\/herbstliche-tischdekoration-mit-tollen-accessoires\/\" \/>\n<meta property=\"og:locale\" content=\"de_DE\" \/>\n<meta property=\"og:type\" content=\"article\" \/>\n<meta property=\"og:title\" content=\"Herbstliche Tischdekoration mit tollen Accessoires - Tafeldeko\" \/>\n<meta property=\"og:description\" content=\"Was darf bei der Herbstdeko nicht fehlen? Ja, Kerzen &#x2013; sie geh&#xF6;ren einfach zu jeder herbstlichen Tischdekoration dazu.\" \/>\n<meta property=\"og:url\" content=\"https:\/\/www.tafeldeko.de\/news\/herbstliche-tischdekoration-mit-tollen-accessoires\/\" \/>\n<meta property=\"og:site_name\" content=\"Tafeldeko\" \/>\n<meta property=\"article:publisher\" content=\"https:\/\/www.facebook.com\/pages\/Tafeldeko-einzigartige-Tischdekoration\/174202655894\" \/>\n<meta property=\"article:published_time\" content=\"2012-09-04T19:15:30+00:00\" \/>\n<meta property=\"og:image\" content=\"https:\/\/www.tafeldeko.de\/news\/wp-content\/uploads\/2014\/09\/herbst_lila_NEU.jpg\" \/>\n\t<meta property=\"og:image:width\" content=\"468\" \/>\n\t<meta property=\"og:image:height\" content=\"280\" \/>\n\t<meta property=\"og:image:type\" content=\"image\/jpeg\" \/>\n<meta name=\"author\" content=\"Christiane Stein\" \/>\n<meta name=\"twitter:label1\" content=\"Verfasst von\" \/>\n\t<meta name=\"twitter:data1\" content=\"Christiane Stein\" \/>\n\t<meta name=\"twitter:label2\" content=\"Gesch\u00e4tzte Lesezeit\" \/>\n\t<meta name=\"twitter:data2\" content=\"2 Minuten\" \/>\n<script type=\"application\/ld+json\" class=\"yoast-schema-graph\">{\"@context\":\"https:\/\/schema.org\",\"@graph\":[{\"@type\":\"WebPage\",\"@id\":\"https:\/\/www.tafeldeko.de\/news\/herbstliche-tischdekoration-mit-tollen-accessoires\/\",\"url\":\"https:\/\/www.tafeldeko.de\/news\/herbstliche-tischdekoration-mit-tollen-accessoires\/\",\"name\":\"Herbstliche Tischdekoration mit tollen Accessoires - Tafeldeko\",\"isPartOf\":{\"@id\":\"https:\/\/www.tafeldeko.de\/news\/#website\"},\"datePublished\":\"2012-09-04T19:15:30+00:00\",\"dateModified\":\"2012-09-04T19:15:30+00:00\",\"author\":{\"@id\":\"https:\/\/www.tafeldeko.de\/news\/#\/schema\/person\/d2acd86447ed0b6336089a8ba83164a0\"},\"description\":\"Was darf bei der Herbstdeko nicht fehlen? Ja, Kerzen &#x2013; sie geh&#xF6;ren einfach zu jeder herbstlichen Tischdekoration dazu.\",\"breadcrumb\":{\"@id\":\"https:\/\/www.tafeldeko.de\/news\/herbstliche-tischdekoration-mit-tollen-accessoires\/#breadcrumb\"},\"inLanguage\":\"de-DE\",\"potentialAction\":[{\"@type\":\"ReadAction\",\"target\":[\"https:\/\/www.tafeldeko.de\/news\/herbstliche-tischdekoration-mit-tollen-accessoires\/\"]}]},{\"@type\":\"BreadcrumbList\",\"@id\":\"https:\/\/www.tafeldeko.de\/news\/herbstliche-tischdekoration-mit-tollen-accessoires\/#breadcrumb\",\"itemListElement\":[{\"@type\":\"ListItem\",\"position\":1,\"name\":\"Tafeldeko\",\"item\":\"https:\/\/www.tafeldeko.de\/news\/\"},{\"@type\":\"ListItem\",\"position\":2,\"name\":\"Alte Beitr\u00e4ge\",\"item\":\"https:\/\/www.tafeldeko.de\/news\/alte-beitraege\/\"},{\"@type\":\"ListItem\",\"position\":3,\"name\":\"Tischdeko - Blog\",\"item\":\"https:\/\/www.tafeldeko.de\/news\/alte-beitraege\/tischdeko-blog\/\"},{\"@type\":\"ListItem\",\"position\":4,\"name\":\"Herbstliche Tischdekoration mit tollen Accessoires\"}]},{\"@type\":\"WebSite\",\"@id\":\"https:\/\/www.tafeldeko.de\/news\/#website\",\"url\":\"https:\/\/www.tafeldeko.de\/news\/\",\"name\":\"Tafeldeko\",\"description\":\"Blog mit Tischdeko und Tischdekoration Ideen\",\"potentialAction\":[{\"@type\":\"SearchAction\",\"target\":{\"@type\":\"EntryPoint\",\"urlTemplate\":\"https:\/\/www.tafeldeko.de\/news\/?s={search_term_string}\"},\"query-input\":\"required name=search_term_string\"}],\"inLanguage\":\"de-DE\"},{\"@type\":\"Person\",\"@id\":\"https:\/\/www.tafeldeko.de\/news\/#\/schema\/person\/d2acd86447ed0b6336089a8ba83164a0\",\"name\":\"Christiane Stein\",\"image\":{\"@type\":\"ImageObject\",\"inLanguage\":\"de-DE\",\"@id\":\"https:\/\/www.tafeldeko.de\/news\/#\/schema\/person\/image\/\",\"url\":\"https:\/\/secure.gravatar.com\/avatar\/2054729fbfd1ebc9d3cf1fd55361d0b6?s=96&d=mm&r=g\",\"contentUrl\":\"https:\/\/secure.gravatar.com\/avatar\/2054729fbfd1ebc9d3cf1fd55361d0b6?s=96&d=mm&r=g\",\"caption\":\"Christiane Stein\"}}]}<\/script>\n<!-- \/ Yoast SEO plugin. -->","yoast_head_json":{"title":"Herbstliche Tischdekoration mit tollen Accessoires - Tafeldeko","description":"Was darf bei der Herbstdeko nicht fehlen? Ja, Kerzen &#x2013; sie geh&#xF6;ren einfach zu jeder herbstlichen Tischdekoration dazu.","robots":{"index":"index","follow":"follow","max-snippet":"max-snippet:-1","max-image-preview":"max-image-preview:large","max-video-preview":"max-video-preview:-1"},"canonical":"https:\/\/www.tafeldeko.de\/news\/herbstliche-tischdekoration-mit-tollen-accessoires\/","og_locale":"de_DE","og_type":"article","og_title":"Herbstliche Tischdekoration mit tollen Accessoires - Tafeldeko","og_description":"Was darf bei der Herbstdeko nicht fehlen? Ja, Kerzen &#x2013; sie geh&#xF6;ren einfach zu jeder herbstlichen Tischdekoration dazu.","og_url":"https:\/\/www.tafeldeko.de\/news\/herbstliche-tischdekoration-mit-tollen-accessoires\/","og_site_name":"Tafeldeko","article_publisher":"https:\/\/www.facebook.com\/pages\/Tafeldeko-einzigartige-Tischdekoration\/174202655894","article_published_time":"2012-09-04T19:15:30+00:00","og_image":[{"width":468,"height":280,"url":"https:\/\/www.tafeldeko.de\/news\/wp-content\/uploads\/2014\/09\/herbst_lila_NEU.jpg","type":"image\/jpeg"}],"author":"Christiane Stein","twitter_misc":{"Verfasst von":"Christiane Stein","Gesch\u00e4tzte Lesezeit":"2 Minuten"},"schema":{"@context":"https:\/\/schema.org","@graph":[{"@type":"WebPage","@id":"https:\/\/www.tafeldeko.de\/news\/herbstliche-tischdekoration-mit-tollen-accessoires\/","url":"https:\/\/www.tafeldeko.de\/news\/herbstliche-tischdekoration-mit-tollen-accessoires\/","name":"Herbstliche Tischdekoration mit tollen Accessoires - Tafeldeko","isPartOf":{"@id":"https:\/\/www.tafeldeko.de\/news\/#website"},"datePublished":"2012-09-04T19:15:30+00:00","dateModified":"2012-09-04T19:15:30+00:00","author":{"@id":"https:\/\/www.tafeldeko.de\/news\/#\/schema\/person\/d2acd86447ed0b6336089a8ba83164a0"},"description":"Was darf bei der Herbstdeko nicht fehlen? Ja, Kerzen &#x2013; sie geh&#xF6;ren einfach zu jeder herbstlichen Tischdekoration dazu.","breadcrumb":{"@id":"https:\/\/www.tafeldeko.de\/news\/herbstliche-tischdekoration-mit-tollen-accessoires\/#breadcrumb"},"inLanguage":"de-DE","potentialAction":[{"@type":"ReadAction","target":["https:\/\/www.tafeldeko.de\/news\/herbstliche-tischdekoration-mit-tollen-accessoires\/"]}]},{"@type":"BreadcrumbList","@id":"https:\/\/www.tafeldeko.de\/news\/herbstliche-tischdekoration-mit-tollen-accessoires\/#breadcrumb","itemListElement":[{"@type":"ListItem","position":1,"name":"Tafeldeko","item":"https:\/\/www.tafeldeko.de\/news\/"},{"@type":"ListItem","position":2,"name":"Alte Beitr\u00e4ge","item":"https:\/\/www.tafeldeko.de\/news\/alte-beitraege\/"},{"@type":"ListItem","position":3,"name":"Tischdeko - Blog","item":"https:\/\/www.tafeldeko.de\/news\/alte-beitraege\/tischdeko-blog\/"},{"@type":"ListItem","position":4,"name":"Herbstliche Tischdekoration mit tollen Accessoires"}]},{"@type":"WebSite","@id":"https:\/\/www.tafeldeko.de\/news\/#website","url":"https:\/\/www.tafeldeko.de\/news\/","name":"Tafeldeko","description":"Blog mit Tischdeko und Tischdekoration Ideen","potentialAction":[{"@type":"SearchAction","target":{"@type":"EntryPoint","urlTemplate":"https:\/\/www.tafeldeko.de\/news\/?s={search_term_string}"},"query-input":"required name=search_term_string"}],"inLanguage":"de-DE"},{"@type":"Person","@id":"https:\/\/www.tafeldeko.de\/news\/#\/schema\/person\/d2acd86447ed0b6336089a8ba83164a0","name":"Christiane Stein","image":{"@type":"ImageObject","inLanguage":"de-DE","@id":"https:\/\/www.tafeldeko.de\/news\/#\/schema\/person\/image\/","url":"https:\/\/secure.gravatar.com\/avatar\/2054729fbfd1ebc9d3cf1fd55361d0b6?s=96&d=mm&r=g","contentUrl":"https:\/\/secure.gravatar.com\/avatar\/2054729fbfd1ebc9d3cf1fd55361d0b6?s=96&d=mm&r=g","caption":"Christiane Stein"}}]}},"_links":{"self":[{"href":"https:\/\/www.tafeldeko.de\/news\/wp-json\/wp\/v2\/posts\/429"}],"collection":[{"href":"https:\/\/www.tafeldeko.de\/news\/wp-json\/wp\/v2\/posts"}],"about":[{"href":"https:\/\/www.tafeldeko.de\/news\/wp-json\/wp\/v2\/types\/post"}],"author":[{"embeddable":true,"href":"https:\/\/www.tafeldeko.de\/news\/wp-json\/wp\/v2\/users\/2"}],"replies":[{"embeddable":true,"href":"https:\/\/www.tafeldeko.de\/news\/wp-json\/wp\/v2\/comments?post=429"}],"version-history":[{"count":0,"href":"https:\/\/www.tafeldeko.de\/news\/wp-json\/wp\/v2\/posts\/429\/revisions"}],"wp:featuredmedia":[{"embeddable":true,"href":"https:\/\/www.tafeldeko.de\/news\/wp-json\/wp\/v2\/media\/430"}],"wp:attachment":[{"href":"https:\/\/www.tafeldeko.de\/news\/wp-json\/wp\/v2\/media?parent=429"}],"wp:term":[{"taxonomy":"category","embeddable":true,"href":"https:\/\/www.tafeldeko.de\/news\/wp-json\/wp\/v2\/categories?post=429"},{"taxonomy":"post_tag","embeddable":true,"href":"https:\/\/www.tafeldeko.de\/news\/wp-json\/wp\/v2\/tags?post=429"}],"curies":[{"name":"wp","href":"https:\/\/api.w.org\/{rel}","templated":true}]}}