{"id":425,"date":"2012-08-29T20:40:09","date_gmt":"2012-08-29T18:40:09","guid":{"rendered":"http:\/\/www.tafeldeko.de\/news\/?p=425"},"modified":"2012-08-29T20:40:09","modified_gmt":"2012-08-29T18:40:09","slug":"die-herbsttischdeko-weckt-die-gute-laune","status":"publish","type":"post","link":"https:\/\/www.tafeldeko.de\/news\/die-herbsttischdeko-weckt-die-gute-laune\/","title":{"rendered":"Die Herbsttischdeko weckt die gute Laune"},"content":{"rendered":"<div class=\"textumfliessenrechts\"><img decoding=\"async\" loading=\"lazy\" src=\"https:\/\/www.tafeldeko.de\/news\/media\/users\/schnurchristian\/herbst_oliv.jpg\" alt=\"Herbst Tischdeko\" title=\"Herbst Tischdeko\" width=\"323\" height=\"222\"\/><br \/><a href=\"https:\/\/www.tafeldeko.de\/mustertische\/index.php?t=4&#038;c=3&#038;lang=2\" title=\"Herbst Tischdeko\"><b>Herbst Tischdeko<\/b><\/a><\/div>\n<p> Um eine passende Tischdekoration zu finden, bedarf es etwas Zeit.<br \/>\nEine Tischdeko sollte nicht untersch\u00e4tzt werden, denn die Wirkung ist enorm gro\u00df und sollte zu jeder Feierlichkeit auf dem Tisch vorzufinden sein. Des Weiteren kann man auch eine saisonale Tischdeko auf den Tisch zaubern &#8211; die M\u00f6glichkeiten sind eben grenzenlos, wie auch die Feierlichkeiten an sich.<br \/>\nEine <b>Tischdeko zum Herbst<\/b> ist genau das Richtige, wenn man sich auf diese Jahreszeit einstimmen m\u00f6chte.<br \/>\nF\u00fcr die Herbsttischdeko k\u00f6nnen Tischb\u00e4nder, Servietten und allgemeine dekorative Utensilien zum Thema \u201eHerbst\u201c in Betracht kommen.<br \/>\nDie <b><a href=\"https:\/\/www.tafeldeko.de\/index.php\/cat\/c49_Tischdeko-Herbst.html\" title=\"Herbsttischdeko\">Herbsttischdeko<\/a><\/b> kann beispielweise in olivgr\u00fcn gehalten sein, wie der Mustertisch sch\u00f6n zeigt.<br \/>\nAuf dem Beispieltisch sind die modischen Accessoires gekonnt in Szene gesetzt und harmonieren perfekt miteinander. Das gro\u00dfe Glas, das unter anderem mit Sand, Steinen und gr\u00fcnen Zweigen gef\u00fcllt ist, stellt den Mittelpunkt des Tisches dar. Die Mischung aus Olivenkranz, <b><a href=\"https:\/\/www.tafeldeko.de\/index.php\/cat\/c897_Kugelkerzen.html\" title=\"Kugelkerzen\">Kugelkerzen<\/a><\/b>, Moosherzen, Rattan-Kugeln, die Gartenkinder aus Porzellan oder Blattstreu aus Holz sind eine tolle Kombination, bei der Herbstlaune aufkommt. Der Herbst muss keinesfalls trostlos und trist sein, denn der Herbst steht f\u00fcr sch\u00f6ne Farben.<br \/>\nAlso wer <b>Herbst-Feeling<\/b> nach Hause in die eigenen vier W\u00e4nde bringen m\u00f6chte, ob f\u00fcr den Alltag oder f\u00fcr einen besonderen Anlass &#8211; die Herbsttischdeko gibt immer ein sch\u00f6nes und vor allem gem\u00fctliches Bild ab.<br \/>\nAuf die Deko sollte man nicht verzichten, denn der \u201eAha-Effekt\u201c wird sich definitiv einstellen. Sp\u00e4testens dann, wenn die G\u00e4ste kommen, wird man das ein oder andere Lob f\u00fcr seine Arbeit erhalten. Tritt dies ein, kann man sicher sein, dass man die richtige Wahl getroffen hat und sobald die G\u00e4ste zufrieden sind, kann man sich als Gastgeber entspannt zur\u00fccklehnen.<\/p>\n","protected":false},"excerpt":{"rendered":"<p>Um eine passende Tischdekoration zu finden, bedarf es etwas Zeit.<br \/>\nEine Tischdeko sollte nicht untersch\u00e4tzt werden, denn die Wirkung ist enorm gro\u00df und sollte zu jeder Feierlichkeit auf dem Tisch vorzufinden sein. Des Weiteren kann man auch eine saisonale Tischdeko auf den Tisch zaubern &#8211; die M\u00f6glichkeiten sind eben grenzenlos, wie auch die Feierlichkeiten an sich.<br \/>\nEine Tischdeko zum Herbst ist genau das Richtige, wenn man sich auf diese Jahreszeit einstimmen m\u00f6chte.<br \/>\nF\u00fcr die Herbsttischdeko k\u00f6nnen Tischb\u00e4nder, Servietten und allgemeine dekorative Utensilien zum Thema \u201eHerbst\u201c in Betracht kommen.<\/p>\n","protected":false},"author":2,"featured_media":426,"comment_status":"open","ping_status":"open","sticky":false,"template":"","format":"standard","meta":{"footnotes":""},"categories":[1],"tags":[],"yoast_head":"<!-- This site is optimized with the Yoast SEO plugin v20.4 - https:\/\/yoast.com\/wordpress\/plugins\/seo\/ -->\n<title>Die Herbsttischdeko weckt die gute Laune - Tafeldeko<\/title>\n<meta name=\"description\" content=\"F&#xFC;r die Herbsttischdeko k&#xF6;nnen Tischb&#xE4;nder, Servietten und allgemeine dekorative Utensilien zum Thema &#x201E;Herbst&#x201C; in Betracht kommen.\" \/>\n<meta name=\"robots\" content=\"index, follow, max-snippet:-1, max-image-preview:large, max-video-preview:-1\" \/>\n<link rel=\"canonical\" href=\"https:\/\/www.tafeldeko.de\/news\/die-herbsttischdeko-weckt-die-gute-laune\/\" \/>\n<meta property=\"og:locale\" content=\"de_DE\" \/>\n<meta property=\"og:type\" content=\"article\" \/>\n<meta property=\"og:title\" content=\"Die Herbsttischdeko weckt die gute Laune - Tafeldeko\" \/>\n<meta property=\"og:description\" content=\"F&#xFC;r die Herbsttischdeko k&#xF6;nnen Tischb&#xE4;nder, Servietten und allgemeine dekorative Utensilien zum Thema &#x201E;Herbst&#x201C; in Betracht kommen.\" \/>\n<meta property=\"og:url\" content=\"https:\/\/www.tafeldeko.de\/news\/die-herbsttischdeko-weckt-die-gute-laune\/\" \/>\n<meta property=\"og:site_name\" content=\"Tafeldeko\" \/>\n<meta property=\"article:publisher\" content=\"https:\/\/www.facebook.com\/pages\/Tafeldeko-einzigartige-Tischdekoration\/174202655894\" \/>\n<meta property=\"article:published_time\" content=\"2012-08-29T18:40:09+00:00\" \/>\n<meta property=\"og:image\" content=\"https:\/\/www.tafeldeko.de\/news\/wp-content\/uploads\/2014\/09\/herbst_oliv.jpg\" \/>\n\t<meta property=\"og:image:width\" content=\"563\" \/>\n\t<meta property=\"og:image:height\" content=\"352\" \/>\n\t<meta property=\"og:image:type\" content=\"image\/jpeg\" \/>\n<meta name=\"author\" content=\"Christiane Stein\" \/>\n<meta name=\"twitter:label1\" content=\"Verfasst von\" \/>\n\t<meta name=\"twitter:data1\" content=\"Christiane Stein\" \/>\n\t<meta name=\"twitter:label2\" content=\"Gesch\u00e4tzte Lesezeit\" \/>\n\t<meta name=\"twitter:data2\" content=\"1 Minute\" \/>\n<script type=\"application\/ld+json\" class=\"yoast-schema-graph\">{\"@context\":\"https:\/\/schema.org\",\"@graph\":[{\"@type\":\"WebPage\",\"@id\":\"https:\/\/www.tafeldeko.de\/news\/die-herbsttischdeko-weckt-die-gute-laune\/\",\"url\":\"https:\/\/www.tafeldeko.de\/news\/die-herbsttischdeko-weckt-die-gute-laune\/\",\"name\":\"Die Herbsttischdeko weckt die gute Laune - Tafeldeko\",\"isPartOf\":{\"@id\":\"https:\/\/www.tafeldeko.de\/news\/#website\"},\"datePublished\":\"2012-08-29T18:40:09+00:00\",\"dateModified\":\"2012-08-29T18:40:09+00:00\",\"author\":{\"@id\":\"https:\/\/www.tafeldeko.de\/news\/#\/schema\/person\/d2acd86447ed0b6336089a8ba83164a0\"},\"description\":\"F&#xFC;r die Herbsttischdeko k&#xF6;nnen Tischb&#xE4;nder, Servietten und allgemeine dekorative Utensilien zum Thema &#x201E;Herbst&#x201C; in Betracht kommen.\",\"breadcrumb\":{\"@id\":\"https:\/\/www.tafeldeko.de\/news\/die-herbsttischdeko-weckt-die-gute-laune\/#breadcrumb\"},\"inLanguage\":\"de-DE\",\"potentialAction\":[{\"@type\":\"ReadAction\",\"target\":[\"https:\/\/www.tafeldeko.de\/news\/die-herbsttischdeko-weckt-die-gute-laune\/\"]}]},{\"@type\":\"BreadcrumbList\",\"@id\":\"https:\/\/www.tafeldeko.de\/news\/die-herbsttischdeko-weckt-die-gute-laune\/#breadcrumb\",\"itemListElement\":[{\"@type\":\"ListItem\",\"position\":1,\"name\":\"Tafeldeko\",\"item\":\"https:\/\/www.tafeldeko.de\/news\/\"},{\"@type\":\"ListItem\",\"position\":2,\"name\":\"Alte Beitr\u00e4ge\",\"item\":\"https:\/\/www.tafeldeko.de\/news\/alte-beitraege\/\"},{\"@type\":\"ListItem\",\"position\":3,\"name\":\"Tischdeko - Blog\",\"item\":\"https:\/\/www.tafeldeko.de\/news\/alte-beitraege\/tischdeko-blog\/\"},{\"@type\":\"ListItem\",\"position\":4,\"name\":\"Die Herbsttischdeko weckt die gute Laune\"}]},{\"@type\":\"WebSite\",\"@id\":\"https:\/\/www.tafeldeko.de\/news\/#website\",\"url\":\"https:\/\/www.tafeldeko.de\/news\/\",\"name\":\"Tafeldeko\",\"description\":\"Blog mit Tischdeko und Tischdekoration Ideen\",\"potentialAction\":[{\"@type\":\"SearchAction\",\"target\":{\"@type\":\"EntryPoint\",\"urlTemplate\":\"https:\/\/www.tafeldeko.de\/news\/?s={search_term_string}\"},\"query-input\":\"required name=search_term_string\"}],\"inLanguage\":\"de-DE\"},{\"@type\":\"Person\",\"@id\":\"https:\/\/www.tafeldeko.de\/news\/#\/schema\/person\/d2acd86447ed0b6336089a8ba83164a0\",\"name\":\"Christiane Stein\",\"image\":{\"@type\":\"ImageObject\",\"inLanguage\":\"de-DE\",\"@id\":\"https:\/\/www.tafeldeko.de\/news\/#\/schema\/person\/image\/\",\"url\":\"https:\/\/secure.gravatar.com\/avatar\/2054729fbfd1ebc9d3cf1fd55361d0b6?s=96&d=mm&r=g\",\"contentUrl\":\"https:\/\/secure.gravatar.com\/avatar\/2054729fbfd1ebc9d3cf1fd55361d0b6?s=96&d=mm&r=g\",\"caption\":\"Christiane Stein\"}}]}<\/script>\n<!-- \/ Yoast SEO plugin. -->","yoast_head_json":{"title":"Die Herbsttischdeko weckt die gute Laune - Tafeldeko","description":"F&#xFC;r die Herbsttischdeko k&#xF6;nnen Tischb&#xE4;nder, Servietten und allgemeine dekorative Utensilien zum Thema &#x201E;Herbst&#x201C; in Betracht kommen.","robots":{"index":"index","follow":"follow","max-snippet":"max-snippet:-1","max-image-preview":"max-image-preview:large","max-video-preview":"max-video-preview:-1"},"canonical":"https:\/\/www.tafeldeko.de\/news\/die-herbsttischdeko-weckt-die-gute-laune\/","og_locale":"de_DE","og_type":"article","og_title":"Die Herbsttischdeko weckt die gute Laune - Tafeldeko","og_description":"F&#xFC;r die Herbsttischdeko k&#xF6;nnen Tischb&#xE4;nder, Servietten und allgemeine dekorative Utensilien zum Thema &#x201E;Herbst&#x201C; in Betracht kommen.","og_url":"https:\/\/www.tafeldeko.de\/news\/die-herbsttischdeko-weckt-die-gute-laune\/","og_site_name":"Tafeldeko","article_publisher":"https:\/\/www.facebook.com\/pages\/Tafeldeko-einzigartige-Tischdekoration\/174202655894","article_published_time":"2012-08-29T18:40:09+00:00","og_image":[{"width":563,"height":352,"url":"https:\/\/www.tafeldeko.de\/news\/wp-content\/uploads\/2014\/09\/herbst_oliv.jpg","type":"image\/jpeg"}],"author":"Christiane Stein","twitter_misc":{"Verfasst von":"Christiane Stein","Gesch\u00e4tzte Lesezeit":"1 Minute"},"schema":{"@context":"https:\/\/schema.org","@graph":[{"@type":"WebPage","@id":"https:\/\/www.tafeldeko.de\/news\/die-herbsttischdeko-weckt-die-gute-laune\/","url":"https:\/\/www.tafeldeko.de\/news\/die-herbsttischdeko-weckt-die-gute-laune\/","name":"Die Herbsttischdeko weckt die gute Laune - Tafeldeko","isPartOf":{"@id":"https:\/\/www.tafeldeko.de\/news\/#website"},"datePublished":"2012-08-29T18:40:09+00:00","dateModified":"2012-08-29T18:40:09+00:00","author":{"@id":"https:\/\/www.tafeldeko.de\/news\/#\/schema\/person\/d2acd86447ed0b6336089a8ba83164a0"},"description":"F&#xFC;r die Herbsttischdeko k&#xF6;nnen Tischb&#xE4;nder, Servietten und allgemeine dekorative Utensilien zum Thema &#x201E;Herbst&#x201C; in Betracht kommen.","breadcrumb":{"@id":"https:\/\/www.tafeldeko.de\/news\/die-herbsttischdeko-weckt-die-gute-laune\/#breadcrumb"},"inLanguage":"de-DE","potentialAction":[{"@type":"ReadAction","target":["https:\/\/www.tafeldeko.de\/news\/die-herbsttischdeko-weckt-die-gute-laune\/"]}]},{"@type":"BreadcrumbList","@id":"https:\/\/www.tafeldeko.de\/news\/die-herbsttischdeko-weckt-die-gute-laune\/#breadcrumb","itemListElement":[{"@type":"ListItem","position":1,"name":"Tafeldeko","item":"https:\/\/www.tafeldeko.de\/news\/"},{"@type":"ListItem","position":2,"name":"Alte Beitr\u00e4ge","item":"https:\/\/www.tafeldeko.de\/news\/alte-beitraege\/"},{"@type":"ListItem","position":3,"name":"Tischdeko - Blog","item":"https:\/\/www.tafeldeko.de\/news\/alte-beitraege\/tischdeko-blog\/"},{"@type":"ListItem","position":4,"name":"Die Herbsttischdeko weckt die gute Laune"}]},{"@type":"WebSite","@id":"https:\/\/www.tafeldeko.de\/news\/#website","url":"https:\/\/www.tafeldeko.de\/news\/","name":"Tafeldeko","description":"Blog mit Tischdeko und Tischdekoration Ideen","potentialAction":[{"@type":"SearchAction","target":{"@type":"EntryPoint","urlTemplate":"https:\/\/www.tafeldeko.de\/news\/?s={search_term_string}"},"query-input":"required name=search_term_string"}],"inLanguage":"de-DE"},{"@type":"Person","@id":"https:\/\/www.tafeldeko.de\/news\/#\/schema\/person\/d2acd86447ed0b6336089a8ba83164a0","name":"Christiane Stein","image":{"@type":"ImageObject","inLanguage":"de-DE","@id":"https:\/\/www.tafeldeko.de\/news\/#\/schema\/person\/image\/","url":"https:\/\/secure.gravatar.com\/avatar\/2054729fbfd1ebc9d3cf1fd55361d0b6?s=96&d=mm&r=g","contentUrl":"https:\/\/secure.gravatar.com\/avatar\/2054729fbfd1ebc9d3cf1fd55361d0b6?s=96&d=mm&r=g","caption":"Christiane Stein"}}]}},"_links":{"self":[{"href":"https:\/\/www.tafeldeko.de\/news\/wp-json\/wp\/v2\/posts\/425"}],"collection":[{"href":"https:\/\/www.tafeldeko.de\/news\/wp-json\/wp\/v2\/posts"}],"about":[{"href":"https:\/\/www.tafeldeko.de\/news\/wp-json\/wp\/v2\/types\/post"}],"author":[{"embeddable":true,"href":"https:\/\/www.tafeldeko.de\/news\/wp-json\/wp\/v2\/users\/2"}],"replies":[{"embeddable":true,"href":"https:\/\/www.tafeldeko.de\/news\/wp-json\/wp\/v2\/comments?post=425"}],"version-history":[{"count":0,"href":"https:\/\/www.tafeldeko.de\/news\/wp-json\/wp\/v2\/posts\/425\/revisions"}],"wp:featuredmedia":[{"embeddable":true,"href":"https:\/\/www.tafeldeko.de\/news\/wp-json\/wp\/v2\/media\/426"}],"wp:attachment":[{"href":"https:\/\/www.tafeldeko.de\/news\/wp-json\/wp\/v2\/media?parent=425"}],"wp:term":[{"taxonomy":"category","embeddable":true,"href":"https:\/\/www.tafeldeko.de\/news\/wp-json\/wp\/v2\/categories?post=425"},{"taxonomy":"post_tag","embeddable":true,"href":"https:\/\/www.tafeldeko.de\/news\/wp-json\/wp\/v2\/tags?post=425"}],"curies":[{"name":"wp","href":"https:\/\/api.w.org\/{rel}","templated":true}]}}