{"id":423,"date":"2012-08-22T20:37:34","date_gmt":"2012-08-22T18:37:34","guid":{"rendered":"http:\/\/www.tafeldeko.de\/news\/?p=423"},"modified":"2012-08-22T20:37:34","modified_gmt":"2012-08-22T18:37:34","slug":"tolle-herbstliche-tischdekoration-ein-hauch-von-natur-liegt-in-der-luft","status":"publish","type":"post","link":"https:\/\/www.tafeldeko.de\/news\/tolle-herbstliche-tischdekoration-ein-hauch-von-natur-liegt-in-der-luft\/","title":{"rendered":"Tolle herbstliche Tischdekoration \u2013 ein Hauch von Natur liegt in der Luft"},"content":{"rendered":"<div class=\"textumfliessenrechts\"><img decoding=\"async\" loading=\"lazy\" src=\"https:\/\/www.tafeldeko.de\/news\/media\/users\/schnurchristian\/herbst_neu_braun.jpg\" alt=\"herbstliche Tischdeko\" title=\"herbstliche Tischdeko\" width=\"328\" height=\"226\"\/><br \/><a href=\"https:\/\/www.tafeldeko.de\/mustertische\/index.php?t=2&#038;c=3&#038;lang=2\" title=\"Herbstliche Tischdeko\"><b>Herbstliche Tischdeko<\/b><\/a><\/div>\n<p> Der Herbst h\u00e4lt nun bald Einzug, die Tage werden k\u00fcrzer, die Sonne wird uns weniger beschieden sein und auch in Punkto Temperatur werden wir einiges zur\u00fcckstecken m\u00fcssen.<br \/>\nDoch es gibt auch M\u00f6glichkeiten, den Herbst auf dekorative Art zu erleben und zu versch\u00f6nern. Herbstliche Dekorationen und auch Tischdekorationen sind hier zu nennen.<br \/>\nGerade die herbstlichen Dekorationen bieten uns viele Darstellungs- und Gestaltungsm\u00f6glichkeiten, von kleiner Deko bis hin zu gro\u00dffl\u00e4chigen Deko-Arrangements auf M\u00f6beln, Treppen und auf Fu\u00dfb\u00f6den.<br \/>\nHerbstliche Landschaften mit vielen kleinen Details k\u00f6nnen gezaubert werden und wenn eine Feier ansteht kann man auch eine tolle Deko auf dem Tisch arrangieren. Je nachdem, wie viel Platz auf dem Tisch ist, muss sich die Tischdeko nicht immer \u00fcber den gesamten Tisch erstrecken, sondern kann auf einer Ecke platziert werden.<br \/>\nAuf dem Mustertisch erstreckt sich die Tischdeko \u00fcber den gesamten Tisch, eine <b><a href=\"https:\/\/www.tafeldeko.de\/index.php\/cat\/c525_Tischdecken.html\" title=\"Tischdecke\">Tischdecke<\/a><\/b> bildet die Basis, denn so k\u00f6nnen zum einen unsch\u00f6ne Flecken auf den M\u00f6beln vermieden und zum anderen ein sch\u00f6nes Bild erzielt werden. Auf dieser Tischdecke werden platziert:<br \/>\nGr\u00fcnes Sizoweb Tischband, brauner Organzastoff und gr\u00fcnes Crea Pop Fripeband schm\u00fccken als Arrangement die Tischmitte. Hierauf werden Hirschfiguren, Bastherzen und Sisalherzen locker arrangiert, <b>dekorative Highlights <\/b>bei dieser Tischdeko bilden kleine Anh\u00e4ufungen mit Dekosand. Da auch bei der herbstlichen Tischdeko die Kerzen nicht fehlen sollten, empfehlen wir die neuen trendigen <b><a href=\"https:\/\/www.tafeldeko.de\/index.php\/cat\/c533_Teelichthalter.html\" title=\"Teelichtgl\u00e4ser\">Teelichtgl\u00e4ser<\/a><\/b> mit Stoffbezug und dekorativen Anh\u00e4nger.<br \/>\nGr\u00fcne Servietten mit l\u00e4ndlichen Motiven runden das Gesamtbild der Tischdekoration ab.<br \/>\nSie m\u00f6chten neben dieser beeindruckenden Deko noch einen Blickpunkt in der Tischmitte platzieren? Bef\u00fcllen Sie eine <i>moderne Vase mit beigefarbenem Dekokies und darauf geben Sie einen St\u00e4ngel Zierlauch Allium in gr\u00fcn-wei\u00df. Kleinere \u00c4ste, die Sie im Garten oder auf dem Feld gesammelt haben, runden das Bild wundersch\u00f6n ab.<br \/>\nMit dieser herbstlichen Tischdekoration k\u00f6nnen die Tage drau\u00dfen ruhig grau werden, umso mehr freut man sich, an diesem Tisch Platz zu nehmen.<br \/>\n<\/i><\/p>\n","protected":false},"excerpt":{"rendered":"<p>Der Herbst h\u00e4lt nun bald Einzug, die Tage werden k\u00fcrzer, die Sonne wird uns weniger beschieden sein und auch in Punkto Temperatur werden wir einiges zur\u00fcckstecken m\u00fcssen.<br \/>\nDoch es gibt auch M\u00f6glichkeiten, den Herbst auf dekorative Art zu erleben und zu versch\u00f6nern. Herbstliche Dekorationen und auch Tischdekorationen sind hier zu nennen.<br \/>\nGerade die herbstlichen Dekorationen bieten uns viele Darstellungs- und Gestaltungsm\u00f6glichkeiten, von kleiner Deko bis hin zu gro\u00dffl\u00e4chigen Deko-Arrangements auf M\u00f6beln, Treppen und auf Fu\u00dfb\u00f6den.<\/p>\n","protected":false},"author":2,"featured_media":424,"comment_status":"open","ping_status":"open","sticky":false,"template":"","format":"standard","meta":{"footnotes":""},"categories":[1],"tags":[],"yoast_head":"<!-- This site is optimized with the Yoast SEO plugin v20.4 - https:\/\/yoast.com\/wordpress\/plugins\/seo\/ -->\n<title>Tolle herbstliche Tischdekoration \u2013 ein Hauch von Natur liegt in der Luft - Tafeldeko<\/title>\n<meta name=\"description\" content=\"Mit dieser herbstlichen Tischdekoration k&#xF6;nnen die Tage drau&#xDF;en ruhig grau werden, umso mehr freut man sich, an diesem Tisch Platz zu nehmen.\" \/>\n<meta name=\"robots\" content=\"index, follow, max-snippet:-1, max-image-preview:large, max-video-preview:-1\" \/>\n<link rel=\"canonical\" href=\"https:\/\/www.tafeldeko.de\/news\/tolle-herbstliche-tischdekoration-ein-hauch-von-natur-liegt-in-der-luft\/\" \/>\n<meta property=\"og:locale\" content=\"de_DE\" \/>\n<meta property=\"og:type\" content=\"article\" \/>\n<meta property=\"og:title\" content=\"Tolle herbstliche Tischdekoration \u2013 ein Hauch von Natur liegt in der Luft - Tafeldeko\" \/>\n<meta property=\"og:description\" content=\"Mit dieser herbstlichen Tischdekoration k&#xF6;nnen die Tage drau&#xDF;en ruhig grau werden, umso mehr freut man sich, an diesem Tisch Platz zu nehmen.\" \/>\n<meta property=\"og:url\" content=\"https:\/\/www.tafeldeko.de\/news\/tolle-herbstliche-tischdekoration-ein-hauch-von-natur-liegt-in-der-luft\/\" \/>\n<meta property=\"og:site_name\" content=\"Tafeldeko\" \/>\n<meta property=\"article:publisher\" content=\"https:\/\/www.facebook.com\/pages\/Tafeldeko-einzigartige-Tischdekoration\/174202655894\" \/>\n<meta property=\"article:published_time\" content=\"2012-08-22T18:37:34+00:00\" \/>\n<meta property=\"og:image\" content=\"https:\/\/www.tafeldeko.de\/news\/wp-content\/uploads\/2014\/09\/herbst_neu_braun.jpg\" \/>\n\t<meta property=\"og:image:width\" content=\"448\" \/>\n\t<meta property=\"og:image:height\" content=\"276\" \/>\n\t<meta property=\"og:image:type\" content=\"image\/jpeg\" \/>\n<meta name=\"author\" content=\"Christiane Stein\" \/>\n<meta name=\"twitter:label1\" content=\"Verfasst von\" \/>\n\t<meta name=\"twitter:data1\" content=\"Christiane Stein\" \/>\n\t<meta name=\"twitter:label2\" content=\"Gesch\u00e4tzte Lesezeit\" \/>\n\t<meta name=\"twitter:data2\" content=\"2 Minuten\" \/>\n<script type=\"application\/ld+json\" class=\"yoast-schema-graph\">{\"@context\":\"https:\/\/schema.org\",\"@graph\":[{\"@type\":\"WebPage\",\"@id\":\"https:\/\/www.tafeldeko.de\/news\/tolle-herbstliche-tischdekoration-ein-hauch-von-natur-liegt-in-der-luft\/\",\"url\":\"https:\/\/www.tafeldeko.de\/news\/tolle-herbstliche-tischdekoration-ein-hauch-von-natur-liegt-in-der-luft\/\",\"name\":\"Tolle herbstliche Tischdekoration \u2013 ein Hauch von Natur liegt in der Luft - Tafeldeko\",\"isPartOf\":{\"@id\":\"https:\/\/www.tafeldeko.de\/news\/#website\"},\"datePublished\":\"2012-08-22T18:37:34+00:00\",\"dateModified\":\"2012-08-22T18:37:34+00:00\",\"author\":{\"@id\":\"https:\/\/www.tafeldeko.de\/news\/#\/schema\/person\/d2acd86447ed0b6336089a8ba83164a0\"},\"description\":\"Mit dieser herbstlichen Tischdekoration k&#xF6;nnen die Tage drau&#xDF;en ruhig grau werden, umso mehr freut man sich, an diesem Tisch Platz zu nehmen.\",\"breadcrumb\":{\"@id\":\"https:\/\/www.tafeldeko.de\/news\/tolle-herbstliche-tischdekoration-ein-hauch-von-natur-liegt-in-der-luft\/#breadcrumb\"},\"inLanguage\":\"de-DE\",\"potentialAction\":[{\"@type\":\"ReadAction\",\"target\":[\"https:\/\/www.tafeldeko.de\/news\/tolle-herbstliche-tischdekoration-ein-hauch-von-natur-liegt-in-der-luft\/\"]}]},{\"@type\":\"BreadcrumbList\",\"@id\":\"https:\/\/www.tafeldeko.de\/news\/tolle-herbstliche-tischdekoration-ein-hauch-von-natur-liegt-in-der-luft\/#breadcrumb\",\"itemListElement\":[{\"@type\":\"ListItem\",\"position\":1,\"name\":\"Tafeldeko\",\"item\":\"https:\/\/www.tafeldeko.de\/news\/\"},{\"@type\":\"ListItem\",\"position\":2,\"name\":\"Alte Beitr\u00e4ge\",\"item\":\"https:\/\/www.tafeldeko.de\/news\/alte-beitraege\/\"},{\"@type\":\"ListItem\",\"position\":3,\"name\":\"Tischdeko - Blog\",\"item\":\"https:\/\/www.tafeldeko.de\/news\/alte-beitraege\/tischdeko-blog\/\"},{\"@type\":\"ListItem\",\"position\":4,\"name\":\"Tolle herbstliche Tischdekoration \u2013 ein Hauch von Natur liegt in der Luft\"}]},{\"@type\":\"WebSite\",\"@id\":\"https:\/\/www.tafeldeko.de\/news\/#website\",\"url\":\"https:\/\/www.tafeldeko.de\/news\/\",\"name\":\"Tafeldeko\",\"description\":\"Blog mit Tischdeko und Tischdekoration Ideen\",\"potentialAction\":[{\"@type\":\"SearchAction\",\"target\":{\"@type\":\"EntryPoint\",\"urlTemplate\":\"https:\/\/www.tafeldeko.de\/news\/?s={search_term_string}\"},\"query-input\":\"required name=search_term_string\"}],\"inLanguage\":\"de-DE\"},{\"@type\":\"Person\",\"@id\":\"https:\/\/www.tafeldeko.de\/news\/#\/schema\/person\/d2acd86447ed0b6336089a8ba83164a0\",\"name\":\"Christiane Stein\",\"image\":{\"@type\":\"ImageObject\",\"inLanguage\":\"de-DE\",\"@id\":\"https:\/\/www.tafeldeko.de\/news\/#\/schema\/person\/image\/\",\"url\":\"https:\/\/secure.gravatar.com\/avatar\/2054729fbfd1ebc9d3cf1fd55361d0b6?s=96&d=mm&r=g\",\"contentUrl\":\"https:\/\/secure.gravatar.com\/avatar\/2054729fbfd1ebc9d3cf1fd55361d0b6?s=96&d=mm&r=g\",\"caption\":\"Christiane Stein\"}}]}<\/script>\n<!-- \/ Yoast SEO plugin. -->","yoast_head_json":{"title":"Tolle herbstliche Tischdekoration \u2013 ein Hauch von Natur liegt in der Luft - Tafeldeko","description":"Mit dieser herbstlichen Tischdekoration k&#xF6;nnen die Tage drau&#xDF;en ruhig grau werden, umso mehr freut man sich, an diesem Tisch Platz zu nehmen.","robots":{"index":"index","follow":"follow","max-snippet":"max-snippet:-1","max-image-preview":"max-image-preview:large","max-video-preview":"max-video-preview:-1"},"canonical":"https:\/\/www.tafeldeko.de\/news\/tolle-herbstliche-tischdekoration-ein-hauch-von-natur-liegt-in-der-luft\/","og_locale":"de_DE","og_type":"article","og_title":"Tolle herbstliche Tischdekoration \u2013 ein Hauch von Natur liegt in der Luft - Tafeldeko","og_description":"Mit dieser herbstlichen Tischdekoration k&#xF6;nnen die Tage drau&#xDF;en ruhig grau werden, umso mehr freut man sich, an diesem Tisch Platz zu nehmen.","og_url":"https:\/\/www.tafeldeko.de\/news\/tolle-herbstliche-tischdekoration-ein-hauch-von-natur-liegt-in-der-luft\/","og_site_name":"Tafeldeko","article_publisher":"https:\/\/www.facebook.com\/pages\/Tafeldeko-einzigartige-Tischdekoration\/174202655894","article_published_time":"2012-08-22T18:37:34+00:00","og_image":[{"width":448,"height":276,"url":"https:\/\/www.tafeldeko.de\/news\/wp-content\/uploads\/2014\/09\/herbst_neu_braun.jpg","type":"image\/jpeg"}],"author":"Christiane Stein","twitter_misc":{"Verfasst von":"Christiane Stein","Gesch\u00e4tzte Lesezeit":"2 Minuten"},"schema":{"@context":"https:\/\/schema.org","@graph":[{"@type":"WebPage","@id":"https:\/\/www.tafeldeko.de\/news\/tolle-herbstliche-tischdekoration-ein-hauch-von-natur-liegt-in-der-luft\/","url":"https:\/\/www.tafeldeko.de\/news\/tolle-herbstliche-tischdekoration-ein-hauch-von-natur-liegt-in-der-luft\/","name":"Tolle herbstliche Tischdekoration \u2013 ein Hauch von Natur liegt in der Luft - Tafeldeko","isPartOf":{"@id":"https:\/\/www.tafeldeko.de\/news\/#website"},"datePublished":"2012-08-22T18:37:34+00:00","dateModified":"2012-08-22T18:37:34+00:00","author":{"@id":"https:\/\/www.tafeldeko.de\/news\/#\/schema\/person\/d2acd86447ed0b6336089a8ba83164a0"},"description":"Mit dieser herbstlichen Tischdekoration k&#xF6;nnen die Tage drau&#xDF;en ruhig grau werden, umso mehr freut man sich, an diesem Tisch Platz zu nehmen.","breadcrumb":{"@id":"https:\/\/www.tafeldeko.de\/news\/tolle-herbstliche-tischdekoration-ein-hauch-von-natur-liegt-in-der-luft\/#breadcrumb"},"inLanguage":"de-DE","potentialAction":[{"@type":"ReadAction","target":["https:\/\/www.tafeldeko.de\/news\/tolle-herbstliche-tischdekoration-ein-hauch-von-natur-liegt-in-der-luft\/"]}]},{"@type":"BreadcrumbList","@id":"https:\/\/www.tafeldeko.de\/news\/tolle-herbstliche-tischdekoration-ein-hauch-von-natur-liegt-in-der-luft\/#breadcrumb","itemListElement":[{"@type":"ListItem","position":1,"name":"Tafeldeko","item":"https:\/\/www.tafeldeko.de\/news\/"},{"@type":"ListItem","position":2,"name":"Alte Beitr\u00e4ge","item":"https:\/\/www.tafeldeko.de\/news\/alte-beitraege\/"},{"@type":"ListItem","position":3,"name":"Tischdeko - Blog","item":"https:\/\/www.tafeldeko.de\/news\/alte-beitraege\/tischdeko-blog\/"},{"@type":"ListItem","position":4,"name":"Tolle herbstliche Tischdekoration \u2013 ein Hauch von Natur liegt in der Luft"}]},{"@type":"WebSite","@id":"https:\/\/www.tafeldeko.de\/news\/#website","url":"https:\/\/www.tafeldeko.de\/news\/","name":"Tafeldeko","description":"Blog mit Tischdeko und Tischdekoration Ideen","potentialAction":[{"@type":"SearchAction","target":{"@type":"EntryPoint","urlTemplate":"https:\/\/www.tafeldeko.de\/news\/?s={search_term_string}"},"query-input":"required name=search_term_string"}],"inLanguage":"de-DE"},{"@type":"Person","@id":"https:\/\/www.tafeldeko.de\/news\/#\/schema\/person\/d2acd86447ed0b6336089a8ba83164a0","name":"Christiane Stein","image":{"@type":"ImageObject","inLanguage":"de-DE","@id":"https:\/\/www.tafeldeko.de\/news\/#\/schema\/person\/image\/","url":"https:\/\/secure.gravatar.com\/avatar\/2054729fbfd1ebc9d3cf1fd55361d0b6?s=96&d=mm&r=g","contentUrl":"https:\/\/secure.gravatar.com\/avatar\/2054729fbfd1ebc9d3cf1fd55361d0b6?s=96&d=mm&r=g","caption":"Christiane Stein"}}]}},"_links":{"self":[{"href":"https:\/\/www.tafeldeko.de\/news\/wp-json\/wp\/v2\/posts\/423"}],"collection":[{"href":"https:\/\/www.tafeldeko.de\/news\/wp-json\/wp\/v2\/posts"}],"about":[{"href":"https:\/\/www.tafeldeko.de\/news\/wp-json\/wp\/v2\/types\/post"}],"author":[{"embeddable":true,"href":"https:\/\/www.tafeldeko.de\/news\/wp-json\/wp\/v2\/users\/2"}],"replies":[{"embeddable":true,"href":"https:\/\/www.tafeldeko.de\/news\/wp-json\/wp\/v2\/comments?post=423"}],"version-history":[{"count":0,"href":"https:\/\/www.tafeldeko.de\/news\/wp-json\/wp\/v2\/posts\/423\/revisions"}],"wp:featuredmedia":[{"embeddable":true,"href":"https:\/\/www.tafeldeko.de\/news\/wp-json\/wp\/v2\/media\/424"}],"wp:attachment":[{"href":"https:\/\/www.tafeldeko.de\/news\/wp-json\/wp\/v2\/media?parent=423"}],"wp:term":[{"taxonomy":"category","embeddable":true,"href":"https:\/\/www.tafeldeko.de\/news\/wp-json\/wp\/v2\/categories?post=423"},{"taxonomy":"post_tag","embeddable":true,"href":"https:\/\/www.tafeldeko.de\/news\/wp-json\/wp\/v2\/tags?post=423"}],"curies":[{"name":"wp","href":"https:\/\/api.w.org\/{rel}","templated":true}]}}