{"id":415,"date":"2012-06-28T16:33:15","date_gmt":"2012-06-28T14:33:15","guid":{"rendered":"http:\/\/www.tafeldeko.de\/news\/?p=415"},"modified":"2012-06-28T16:33:15","modified_gmt":"2012-06-28T14:33:15","slug":"tolle-tischdeko-fuer-den-abc-schuetzen-bald-ist-es-wieder-so-weit","status":"publish","type":"post","link":"https:\/\/www.tafeldeko.de\/news\/tolle-tischdeko-fuer-den-abc-schuetzen-bald-ist-es-wieder-so-weit\/","title":{"rendered":"Tolle Tischdeko f\u00fcr den ABC-Sch\u00fctzen \u2013 bald ist es wieder so weit"},"content":{"rendered":"<div class=\"textumfliessenrechts\"><img decoding=\"async\" loading=\"lazy\" src=\"https:\/\/www.tafeldeko.de\/news\/media\/users\/schnurchristian\/servietten_firstschoolday.jpg\" alt=\"Servietten First School Day\" title=\"Servietten First School Day\" width=\"225\" height=\"225\"\/><br \/><a href=\"https:\/\/www.tafeldeko.de\/product_info.php\/products_id\/8660_20er-Pack-Servietten-First-School-Day-33-x-33-cm.html\" title=\"Tischdeko zum Schulanfang\"><b>Tischdeko zum Schulanfang<\/b><\/a><\/div>\n<p> In wenigen Tagen beginnen die gro\u00dfen Ferien und dann hei\u00dft es f\u00fcr viele: ab in den Urlaub, mit den Eltern die Urlaubszeit genie\u00dfen und sich vor allen Dingen von der Schule erholen. Sch\u00fcler, ganz gleich in welcher Altersklasse, genie\u00dfen die Sommerferien und denken wohl nur recht selten an die Schule.<br \/>\nAnders sieht es bei den ABC-Sch\u00fctzen aus, die nach den gro\u00dfen Ferien in die Schule kommen. F\u00fcr sie hei\u00dft es, sich von den Freunden im Kindergarten verabschieden und dann hei\u00dft es: auf in die Schule.<br \/>\nEltern und Kinder werden die freie Zeit noch genie\u00dfen und dann ist es so weit: der erste Schultag. <\/p>\n<p><b>Es ist so weit &#8211; der erste Schultag <\/b><br \/>\nDie Einschulung ist f\u00fcr die Schulneulinge ganz besonders, in den meisten Schulen findet ein Schulgottesdienst statt, mit dem die Kinder in der Schule empfangen werden. \u00c4ltere Schulkinder singen Lieder, sagen Gedichte auf und hei\u00dfen die neuen Schulkinder willkommen. Die <b><a href=\"https:\/\/www.tafeldeko.de\/index.php\/cat\/c1895_Tischdeko-Kinderfeste.html\" title=\"Einschulung\">Einschulung<\/a><\/b>: ein Fest in lockerer Runde innerhalb der Schule.<br \/>\nUnd im Anschluss an diesen besonderen Tag wird auch meist zu Hause noch etwas gefeiert oder man geht gemeinsam essen. Am Nachmittag wird zu Kaffee und Kuchen eingeladen \u2013 kurzum der erste Schultag wird entsprechend gefeiert.<br \/>\nUnd was geh\u00f6rt zu einer Feier? Ja, eine Tischdekoration.<br \/>\nDie Tischdekoration zum Schulanfang ist auf das Schulkind ausgerichtet, das hei\u00dft, kindliche Motive sind auf dem Tisch zu finden.<br \/>\nEine ganz tolle M\u00f6glichkeit, passend zum Schulanfang zu dekorieren, bieten die Servietten \u201eFirst School Day\u201c. Buntstifte und eine Tafel, mit Bl\u00fcmchen und Strichm\u00e4nnchen zieren die Servietten und sind demnach genau die Basis f\u00fcr die Tischdekoration zum Schulanfang. <\/p>\n<p>Welche Accessoires k\u00f6nnen die Tischdeko f\u00fcr den ersten Schultag noch erg\u00e4nzen?<br \/>\n<b><a href=\"https:\/\/www.tafeldeko.de\/index.php\/cat\/c1897_Deko---Accessoires.html\" title=\"Streudeko\">Streudeko<\/a><\/b> in Form von bunten Buchstaben k\u00f6nnen auf dem Tisch verteilt werden, Buntstifte und kleine bunte Bl\u00e4tter passen ebenfalls perfekt zur Tischdeko und animieren die G\u00e4ste zum Malen. Zudem eine <b>witzige Idee<\/b>, denn diese kleinen Gem\u00e4lde k\u00f6nnen als Erinnerungsst\u00fccke an diesen ersten Schultag aufbewahrt werden. <\/p>\n","protected":false},"excerpt":{"rendered":"<p>In wenigen Tagen beginnen die gro\u00dfen Ferien und dann hei\u00dft es f\u00fcr viele: ab in den Urlaub, mit den Eltern die Urlaubszeit genie\u00dfen und sich vor allen Dingen von der Schule erholen. Sch\u00fcler, ganz gleich in welcher Altersklasse, genie\u00dfen die Sommerferien und denken wohl nur recht selten an die Schule.<br \/>\nAnders sieht es bei den ABC-Sch\u00fctzen aus, die nach den gro\u00dfen Ferien in die Schule kommen. F\u00fcr sie hei\u00dft es, sich von den Freunden im Kindergarten verabschieden und dann hei\u00dft es: auf in die Schule.<br \/>\nEltern und Kinder werden die freie Zeit noch genie\u00dfen und dann ist es so weit: der erste Schultag. <\/p>\n<p>Es ist so weit &#8211; der erste Schultag<\/p>\n","protected":false},"author":2,"featured_media":416,"comment_status":"open","ping_status":"open","sticky":false,"template":"","format":"standard","meta":{"footnotes":""},"categories":[1],"tags":[],"yoast_head":"<!-- This site is optimized with the Yoast SEO plugin v20.4 - https:\/\/yoast.com\/wordpress\/plugins\/seo\/ -->\n<title>Tolle Tischdeko f\u00fcr den ABC-Sch\u00fctzen \u2013 bald ist es wieder so weit - Tafeldeko<\/title>\n<meta name=\"description\" content=\"Eine ganz tolle M&#xF6;glichkeit, passend zum Schulanfang zu dekorieren, bieten die Servietten &#x201E;First School Day&#x201C;. Weitere Accessoires finden Sie hier.\" \/>\n<meta name=\"robots\" content=\"index, follow, max-snippet:-1, max-image-preview:large, max-video-preview:-1\" \/>\n<link rel=\"canonical\" href=\"https:\/\/www.tafeldeko.de\/news\/tolle-tischdeko-fuer-den-abc-schuetzen-bald-ist-es-wieder-so-weit\/\" \/>\n<meta property=\"og:locale\" content=\"de_DE\" \/>\n<meta property=\"og:type\" content=\"article\" \/>\n<meta property=\"og:title\" content=\"Tolle Tischdeko f\u00fcr den ABC-Sch\u00fctzen \u2013 bald ist es wieder so weit - Tafeldeko\" \/>\n<meta property=\"og:description\" content=\"Eine ganz tolle M&#xF6;glichkeit, passend zum Schulanfang zu dekorieren, bieten die Servietten &#x201E;First School Day&#x201C;. Weitere Accessoires finden Sie hier.\" \/>\n<meta property=\"og:url\" content=\"https:\/\/www.tafeldeko.de\/news\/tolle-tischdeko-fuer-den-abc-schuetzen-bald-ist-es-wieder-so-weit\/\" \/>\n<meta property=\"og:site_name\" content=\"Tafeldeko\" \/>\n<meta property=\"article:publisher\" content=\"https:\/\/www.facebook.com\/pages\/Tafeldeko-einzigartige-Tischdekoration\/174202655894\" \/>\n<meta property=\"article:published_time\" content=\"2012-06-28T14:33:15+00:00\" \/>\n<meta property=\"og:image\" content=\"https:\/\/www.tafeldeko.de\/news\/wp-content\/uploads\/2014\/09\/servietten_firstschoolday.jpg\" \/>\n\t<meta property=\"og:image:width\" content=\"225\" \/>\n\t<meta property=\"og:image:height\" content=\"225\" \/>\n\t<meta property=\"og:image:type\" content=\"image\/jpeg\" \/>\n<meta name=\"author\" content=\"Christiane Stein\" \/>\n<meta name=\"twitter:label1\" content=\"Verfasst von\" \/>\n\t<meta name=\"twitter:data1\" content=\"Christiane Stein\" \/>\n\t<meta name=\"twitter:label2\" content=\"Gesch\u00e4tzte Lesezeit\" \/>\n\t<meta name=\"twitter:data2\" content=\"2 Minuten\" \/>\n<script type=\"application\/ld+json\" class=\"yoast-schema-graph\">{\"@context\":\"https:\/\/schema.org\",\"@graph\":[{\"@type\":\"WebPage\",\"@id\":\"https:\/\/www.tafeldeko.de\/news\/tolle-tischdeko-fuer-den-abc-schuetzen-bald-ist-es-wieder-so-weit\/\",\"url\":\"https:\/\/www.tafeldeko.de\/news\/tolle-tischdeko-fuer-den-abc-schuetzen-bald-ist-es-wieder-so-weit\/\",\"name\":\"Tolle Tischdeko f\u00fcr den ABC-Sch\u00fctzen \u2013 bald ist es wieder so weit - Tafeldeko\",\"isPartOf\":{\"@id\":\"https:\/\/www.tafeldeko.de\/news\/#website\"},\"datePublished\":\"2012-06-28T14:33:15+00:00\",\"dateModified\":\"2012-06-28T14:33:15+00:00\",\"author\":{\"@id\":\"https:\/\/www.tafeldeko.de\/news\/#\/schema\/person\/d2acd86447ed0b6336089a8ba83164a0\"},\"description\":\"Eine ganz tolle M&#xF6;glichkeit, passend zum Schulanfang zu dekorieren, bieten die Servietten &#x201E;First School Day&#x201C;. Weitere Accessoires finden Sie hier.\",\"breadcrumb\":{\"@id\":\"https:\/\/www.tafeldeko.de\/news\/tolle-tischdeko-fuer-den-abc-schuetzen-bald-ist-es-wieder-so-weit\/#breadcrumb\"},\"inLanguage\":\"de-DE\",\"potentialAction\":[{\"@type\":\"ReadAction\",\"target\":[\"https:\/\/www.tafeldeko.de\/news\/tolle-tischdeko-fuer-den-abc-schuetzen-bald-ist-es-wieder-so-weit\/\"]}]},{\"@type\":\"BreadcrumbList\",\"@id\":\"https:\/\/www.tafeldeko.de\/news\/tolle-tischdeko-fuer-den-abc-schuetzen-bald-ist-es-wieder-so-weit\/#breadcrumb\",\"itemListElement\":[{\"@type\":\"ListItem\",\"position\":1,\"name\":\"Tafeldeko\",\"item\":\"https:\/\/www.tafeldeko.de\/news\/\"},{\"@type\":\"ListItem\",\"position\":2,\"name\":\"Alte Beitr\u00e4ge\",\"item\":\"https:\/\/www.tafeldeko.de\/news\/alte-beitraege\/\"},{\"@type\":\"ListItem\",\"position\":3,\"name\":\"Tischdeko - Blog\",\"item\":\"https:\/\/www.tafeldeko.de\/news\/alte-beitraege\/tischdeko-blog\/\"},{\"@type\":\"ListItem\",\"position\":4,\"name\":\"Tolle Tischdeko f\u00fcr den ABC-Sch\u00fctzen \u2013 bald ist es wieder so weit\"}]},{\"@type\":\"WebSite\",\"@id\":\"https:\/\/www.tafeldeko.de\/news\/#website\",\"url\":\"https:\/\/www.tafeldeko.de\/news\/\",\"name\":\"Tafeldeko\",\"description\":\"Blog mit Tischdeko und Tischdekoration Ideen\",\"potentialAction\":[{\"@type\":\"SearchAction\",\"target\":{\"@type\":\"EntryPoint\",\"urlTemplate\":\"https:\/\/www.tafeldeko.de\/news\/?s={search_term_string}\"},\"query-input\":\"required name=search_term_string\"}],\"inLanguage\":\"de-DE\"},{\"@type\":\"Person\",\"@id\":\"https:\/\/www.tafeldeko.de\/news\/#\/schema\/person\/d2acd86447ed0b6336089a8ba83164a0\",\"name\":\"Christiane Stein\",\"image\":{\"@type\":\"ImageObject\",\"inLanguage\":\"de-DE\",\"@id\":\"https:\/\/www.tafeldeko.de\/news\/#\/schema\/person\/image\/\",\"url\":\"https:\/\/secure.gravatar.com\/avatar\/2054729fbfd1ebc9d3cf1fd55361d0b6?s=96&d=mm&r=g\",\"contentUrl\":\"https:\/\/secure.gravatar.com\/avatar\/2054729fbfd1ebc9d3cf1fd55361d0b6?s=96&d=mm&r=g\",\"caption\":\"Christiane Stein\"}}]}<\/script>\n<!-- \/ Yoast SEO plugin. -->","yoast_head_json":{"title":"Tolle Tischdeko f\u00fcr den ABC-Sch\u00fctzen \u2013 bald ist es wieder so weit - Tafeldeko","description":"Eine ganz tolle M&#xF6;glichkeit, passend zum Schulanfang zu dekorieren, bieten die Servietten &#x201E;First School Day&#x201C;. Weitere Accessoires finden Sie hier.","robots":{"index":"index","follow":"follow","max-snippet":"max-snippet:-1","max-image-preview":"max-image-preview:large","max-video-preview":"max-video-preview:-1"},"canonical":"https:\/\/www.tafeldeko.de\/news\/tolle-tischdeko-fuer-den-abc-schuetzen-bald-ist-es-wieder-so-weit\/","og_locale":"de_DE","og_type":"article","og_title":"Tolle Tischdeko f\u00fcr den ABC-Sch\u00fctzen \u2013 bald ist es wieder so weit - Tafeldeko","og_description":"Eine ganz tolle M&#xF6;glichkeit, passend zum Schulanfang zu dekorieren, bieten die Servietten &#x201E;First School Day&#x201C;. Weitere Accessoires finden Sie hier.","og_url":"https:\/\/www.tafeldeko.de\/news\/tolle-tischdeko-fuer-den-abc-schuetzen-bald-ist-es-wieder-so-weit\/","og_site_name":"Tafeldeko","article_publisher":"https:\/\/www.facebook.com\/pages\/Tafeldeko-einzigartige-Tischdekoration\/174202655894","article_published_time":"2012-06-28T14:33:15+00:00","og_image":[{"width":225,"height":225,"url":"https:\/\/www.tafeldeko.de\/news\/wp-content\/uploads\/2014\/09\/servietten_firstschoolday.jpg","type":"image\/jpeg"}],"author":"Christiane Stein","twitter_misc":{"Verfasst von":"Christiane Stein","Gesch\u00e4tzte Lesezeit":"2 Minuten"},"schema":{"@context":"https:\/\/schema.org","@graph":[{"@type":"WebPage","@id":"https:\/\/www.tafeldeko.de\/news\/tolle-tischdeko-fuer-den-abc-schuetzen-bald-ist-es-wieder-so-weit\/","url":"https:\/\/www.tafeldeko.de\/news\/tolle-tischdeko-fuer-den-abc-schuetzen-bald-ist-es-wieder-so-weit\/","name":"Tolle Tischdeko f\u00fcr den ABC-Sch\u00fctzen \u2013 bald ist es wieder so weit - Tafeldeko","isPartOf":{"@id":"https:\/\/www.tafeldeko.de\/news\/#website"},"datePublished":"2012-06-28T14:33:15+00:00","dateModified":"2012-06-28T14:33:15+00:00","author":{"@id":"https:\/\/www.tafeldeko.de\/news\/#\/schema\/person\/d2acd86447ed0b6336089a8ba83164a0"},"description":"Eine ganz tolle M&#xF6;glichkeit, passend zum Schulanfang zu dekorieren, bieten die Servietten &#x201E;First School Day&#x201C;. Weitere Accessoires finden Sie hier.","breadcrumb":{"@id":"https:\/\/www.tafeldeko.de\/news\/tolle-tischdeko-fuer-den-abc-schuetzen-bald-ist-es-wieder-so-weit\/#breadcrumb"},"inLanguage":"de-DE","potentialAction":[{"@type":"ReadAction","target":["https:\/\/www.tafeldeko.de\/news\/tolle-tischdeko-fuer-den-abc-schuetzen-bald-ist-es-wieder-so-weit\/"]}]},{"@type":"BreadcrumbList","@id":"https:\/\/www.tafeldeko.de\/news\/tolle-tischdeko-fuer-den-abc-schuetzen-bald-ist-es-wieder-so-weit\/#breadcrumb","itemListElement":[{"@type":"ListItem","position":1,"name":"Tafeldeko","item":"https:\/\/www.tafeldeko.de\/news\/"},{"@type":"ListItem","position":2,"name":"Alte Beitr\u00e4ge","item":"https:\/\/www.tafeldeko.de\/news\/alte-beitraege\/"},{"@type":"ListItem","position":3,"name":"Tischdeko - Blog","item":"https:\/\/www.tafeldeko.de\/news\/alte-beitraege\/tischdeko-blog\/"},{"@type":"ListItem","position":4,"name":"Tolle Tischdeko f\u00fcr den ABC-Sch\u00fctzen \u2013 bald ist es wieder so weit"}]},{"@type":"WebSite","@id":"https:\/\/www.tafeldeko.de\/news\/#website","url":"https:\/\/www.tafeldeko.de\/news\/","name":"Tafeldeko","description":"Blog mit Tischdeko und Tischdekoration Ideen","potentialAction":[{"@type":"SearchAction","target":{"@type":"EntryPoint","urlTemplate":"https:\/\/www.tafeldeko.de\/news\/?s={search_term_string}"},"query-input":"required name=search_term_string"}],"inLanguage":"de-DE"},{"@type":"Person","@id":"https:\/\/www.tafeldeko.de\/news\/#\/schema\/person\/d2acd86447ed0b6336089a8ba83164a0","name":"Christiane Stein","image":{"@type":"ImageObject","inLanguage":"de-DE","@id":"https:\/\/www.tafeldeko.de\/news\/#\/schema\/person\/image\/","url":"https:\/\/secure.gravatar.com\/avatar\/2054729fbfd1ebc9d3cf1fd55361d0b6?s=96&d=mm&r=g","contentUrl":"https:\/\/secure.gravatar.com\/avatar\/2054729fbfd1ebc9d3cf1fd55361d0b6?s=96&d=mm&r=g","caption":"Christiane Stein"}}]}},"_links":{"self":[{"href":"https:\/\/www.tafeldeko.de\/news\/wp-json\/wp\/v2\/posts\/415"}],"collection":[{"href":"https:\/\/www.tafeldeko.de\/news\/wp-json\/wp\/v2\/posts"}],"about":[{"href":"https:\/\/www.tafeldeko.de\/news\/wp-json\/wp\/v2\/types\/post"}],"author":[{"embeddable":true,"href":"https:\/\/www.tafeldeko.de\/news\/wp-json\/wp\/v2\/users\/2"}],"replies":[{"embeddable":true,"href":"https:\/\/www.tafeldeko.de\/news\/wp-json\/wp\/v2\/comments?post=415"}],"version-history":[{"count":0,"href":"https:\/\/www.tafeldeko.de\/news\/wp-json\/wp\/v2\/posts\/415\/revisions"}],"wp:featuredmedia":[{"embeddable":true,"href":"https:\/\/www.tafeldeko.de\/news\/wp-json\/wp\/v2\/media\/416"}],"wp:attachment":[{"href":"https:\/\/www.tafeldeko.de\/news\/wp-json\/wp\/v2\/media?parent=415"}],"wp:term":[{"taxonomy":"category","embeddable":true,"href":"https:\/\/www.tafeldeko.de\/news\/wp-json\/wp\/v2\/categories?post=415"},{"taxonomy":"post_tag","embeddable":true,"href":"https:\/\/www.tafeldeko.de\/news\/wp-json\/wp\/v2\/tags?post=415"}],"curies":[{"name":"wp","href":"https:\/\/api.w.org\/{rel}","templated":true}]}}