{"id":4124,"date":"2012-01-05T21:00:35","date_gmt":"2012-01-05T19:00:35","guid":{"rendered":"http:\/\/www.tafeldeko.de\/news\/?p=4124"},"modified":"2012-01-05T21:00:35","modified_gmt":"2012-01-05T19:00:35","slug":"geburtstagssprueche-fuer-besondere-geburtstage","status":"publish","type":"post","link":"https:\/\/www.tafeldeko.de\/news\/geburtstagssprueche-fuer-besondere-geburtstage\/","title":{"rendered":"Geburtstagsspr\u00fcche f\u00fcr besondere Geburtstage"},"content":{"rendered":"<p><b>Geburtstagsspr\u00fcche <\/b>werden sowohl im privaten als auch im beruflichen Bereich gern angewendet. H\u00e4ufig werden kurze und gereimte Zweizeiler verwendet. Aber auch mehrzeilige Verse sind sehr beliebt. Die Auswahl ist gro\u00df und reicht von allgemeinen,  h\u00f6flichen, liebevollen und freundschaftlichen bis hin zu ernsthaften und nachdenklichen Worten.<br \/>\nAlle <b>Geburtstagsspr\u00fcche <\/b>haben aber eines gemeinsam \u2013 sie dr\u00fccken die guten W\u00fcnsche f\u00fcr das weitere Leben sowie die pers\u00f6nliche Wertsch\u00e4tzung aus. Alles, was gesagt werden soll und muss, wird quasi direkt auf den Punkt gebracht.<br \/>\nEigentlich ist jeder <b><a href=\"https:\/\/www.tafeldeko.de\/index.php\/cat\/c50_Geburtstag.html\">Geburtstag<\/a><\/b> ist ein besonderer Ehrentag. Einige Geburtstage werden aber ganz besonders begangen. Dazu z\u00e4hlen die bekannten <i>runden Geburtstage sowie die Schnapszahlen-Geburtstage<\/i>. Aber auch der 25., das Vierteljahrhundert, ist ein besonderes Wiegenfest. Zu diesen Anl\u00e4ssen darf es dann auch schon mal ein au\u00dfergew\u00f6hnlicher Spruch sein. Mit 25 Jahren ist man noch jung.<br \/>\nSo sind <b>Gl\u00fcckw\u00fcnsche <\/b>f\u00fcr die Zukunft ein wesentliches Thema. Auch nach drei Jahrzehnten ist der Jubilar noch jung. Und dennoch z\u00e4hlt er nicht mehr ganz zur Jugend. Sowohl privat als auch beruflich sind die Wurzeln bereits fest verankert. Hier k\u00f6nnen die Gl\u00fcckw\u00fcnsche bereits auf ein gewisses \u201eLeben\u201c und das Erreichte Bezug nehmen und nat\u00fcrlich auch die Zukunftspl\u00e4ne ber\u00fccksichtigen. Der Vierzigste ist f\u00fcr viele der Geburtstag, an dem sie sich zur\u00fcckerinnern und fragen: <i>\u201eWas habe ich erreicht? Welche Pl\u00e4ne und Ziele habe ich umgesetzt? Was m\u00f6chte ich noch f\u00fcr mich verwirklichen?\u201c<\/i><br \/>\nUnd dann ist da noch der <b>f\u00fcnfzigste Geburtstag<\/b>. Ein halbes Jahrhundert ist vergangen und der Jubilar blickt auf eine m\u00f6glicherweise bewegte Vergangenheit zur\u00fcck. Die <b>Gl\u00fcckw\u00fcnsche zum F\u00fcnfzigsten<\/b> k\u00f6nnen ganz individuell ausfallen. Gewiss hat er noch viel vor in seinem Leben und das soll auch so sein. Dennoch ist es an der Zeit, sich f\u00fcr ein paar Minuten zu besinnen und alles einmal Revue passieren zu lassen.<\/p>\n","protected":false},"excerpt":{"rendered":"<p>Geburtstagsspr\u00fcche werden sowohl im privaten als auch im beruflichen Bereich gern angewendet. H\u00e4ufig werden kurze und gereimte Zweizeiler verwendet. Aber auch mehrzeilige Verse sind sehr beliebt. Die Auswahl ist gro\u00df und reicht von allgemeinen,  h\u00f6flichen, liebevollen und freundschaftlichen bis hin zu ernsthaften und nachdenklichen Worten.<br \/>\nAlle Geburtstagsspr\u00fcche haben aber eines gemeinsam \u2013 sie dr\u00fccken die guten W\u00fcnsche f\u00fcr das weitere Leben sowie die pers\u00f6nliche Wertsch\u00e4tzung aus. Alles, was gesagt werden soll und muss, wird quasi direkt auf den Punkt gebracht.<br \/>\nEigentlich ist jeder  ist ein besonderer Ehrentag. Einige Geburtstage werden aber ganz besonders begangen. Dazu z\u00e4hlen die bekannten runden Geburtstage sowie die Schnapszahlen-Geburtstage. Aber auch der 25., das Vierteljahrhundert, ist ein besonderes Wiegenfest. Zu diesen Anl\u00e4ssen darf es dann auch schon mal ein au\u00dfergew\u00f6hnlicher Spruch sein. Mit 25 Jahren ist man noch jung.<\/p>\n","protected":false},"author":2,"featured_media":0,"comment_status":"open","ping_status":"open","sticky":false,"template":"","format":"standard","meta":{"footnotes":""},"categories":[1],"tags":[],"yoast_head":"<!-- This site is optimized with the Yoast SEO plugin v20.4 - https:\/\/yoast.com\/wordpress\/plugins\/seo\/ -->\n<title>Geburtstagsspr\u00fcche f\u00fcr besondere Geburtstage - Tafeldeko<\/title>\n<meta name=\"description\" content=\"Geburtstagsspr\u00fcche werden sowohl im privaten als auch im beruflichen Bereich gern angewendet. H\u00e4ufig werden kurze und gereimte Zweizeiler verwendet. Aber auch mehrzeilige Verse sind sehr beliebt. Die Auswahl ist gro\u00df und reicht von allgemeinen, h\u00f6flichen, liebevollen und freundschaftlichen bis hin zu ernsthaften und nachdenklichen Worten.  Alle Geburtstagsspr\u00fcche haben aber eines gemeinsam \u2013 sie dr\u00fccken die guten W\u00fcnsche f\u00fcr das weitere Leben sowie die pers\u00f6nliche Wertsch\u00e4tzung aus. Alles, was gesagt werden soll und muss, wird quasi direkt auf den Punkt gebracht. Eigentlich ist jeder ist ein besonderer Ehrentag. Einige Geburtstage werden aber ganz besonders begangen. Dazu z\u00e4hlen die bekannten runden Geburtstage sowie die Schnapszahlen-Geburtstage. Aber auch der 25., das Vierteljahrhundert, ist ein besonderes Wiegenfest. Zu diesen Anl\u00e4ssen darf es dann auch schon mal ein au\u00dfergew\u00f6hnlicher Spruch sein. Mit 25 Jahren ist man noch jung.\" \/>\n<meta name=\"robots\" content=\"index, follow, max-snippet:-1, max-image-preview:large, max-video-preview:-1\" \/>\n<link rel=\"canonical\" href=\"https:\/\/www.tafeldeko.de\/news\/geburtstagssprueche-fuer-besondere-geburtstage\/\" \/>\n<meta property=\"og:locale\" content=\"de_DE\" \/>\n<meta property=\"og:type\" content=\"article\" \/>\n<meta property=\"og:title\" content=\"Geburtstagsspr\u00fcche f\u00fcr besondere Geburtstage - Tafeldeko\" \/>\n<meta property=\"og:description\" content=\"Geburtstagsspr\u00fcche werden sowohl im privaten als auch im beruflichen Bereich gern angewendet. H\u00e4ufig werden kurze und gereimte Zweizeiler verwendet. Aber auch mehrzeilige Verse sind sehr beliebt. Die Auswahl ist gro\u00df und reicht von allgemeinen, h\u00f6flichen, liebevollen und freundschaftlichen bis hin zu ernsthaften und nachdenklichen Worten.  Alle Geburtstagsspr\u00fcche haben aber eines gemeinsam \u2013 sie dr\u00fccken die guten W\u00fcnsche f\u00fcr das weitere Leben sowie die pers\u00f6nliche Wertsch\u00e4tzung aus. Alles, was gesagt werden soll und muss, wird quasi direkt auf den Punkt gebracht. Eigentlich ist jeder ist ein besonderer Ehrentag. Einige Geburtstage werden aber ganz besonders begangen. Dazu z\u00e4hlen die bekannten runden Geburtstage sowie die Schnapszahlen-Geburtstage. Aber auch der 25., das Vierteljahrhundert, ist ein besonderes Wiegenfest. Zu diesen Anl\u00e4ssen darf es dann auch schon mal ein au\u00dfergew\u00f6hnlicher Spruch sein. Mit 25 Jahren ist man noch jung.\" \/>\n<meta property=\"og:url\" content=\"https:\/\/www.tafeldeko.de\/news\/geburtstagssprueche-fuer-besondere-geburtstage\/\" \/>\n<meta property=\"og:site_name\" content=\"Tafeldeko\" \/>\n<meta property=\"article:publisher\" content=\"https:\/\/www.facebook.com\/pages\/Tafeldeko-einzigartige-Tischdekoration\/174202655894\" \/>\n<meta property=\"article:published_time\" content=\"2012-01-05T19:00:35+00:00\" \/>\n<meta name=\"author\" content=\"Christiane Stein\" \/>\n<meta name=\"twitter:label1\" content=\"Verfasst von\" \/>\n\t<meta name=\"twitter:data1\" content=\"Christiane Stein\" \/>\n\t<meta name=\"twitter:label2\" content=\"Gesch\u00e4tzte Lesezeit\" \/>\n\t<meta name=\"twitter:data2\" content=\"2 Minuten\" \/>\n<script type=\"application\/ld+json\" class=\"yoast-schema-graph\">{\"@context\":\"https:\/\/schema.org\",\"@graph\":[{\"@type\":\"WebPage\",\"@id\":\"https:\/\/www.tafeldeko.de\/news\/geburtstagssprueche-fuer-besondere-geburtstage\/\",\"url\":\"https:\/\/www.tafeldeko.de\/news\/geburtstagssprueche-fuer-besondere-geburtstage\/\",\"name\":\"Geburtstagsspr\u00fcche f\u00fcr besondere Geburtstage - Tafeldeko\",\"isPartOf\":{\"@id\":\"https:\/\/www.tafeldeko.de\/news\/#website\"},\"datePublished\":\"2012-01-05T19:00:35+00:00\",\"dateModified\":\"2012-01-05T19:00:35+00:00\",\"author\":{\"@id\":\"https:\/\/www.tafeldeko.de\/news\/#\/schema\/person\/d2acd86447ed0b6336089a8ba83164a0\"},\"description\":\"Geburtstagsspr\u00fcche werden sowohl im privaten als auch im beruflichen Bereich gern angewendet. H\u00e4ufig werden kurze und gereimte Zweizeiler verwendet. Aber auch mehrzeilige Verse sind sehr beliebt. Die Auswahl ist gro\u00df und reicht von allgemeinen, h\u00f6flichen, liebevollen und freundschaftlichen bis hin zu ernsthaften und nachdenklichen Worten. Alle Geburtstagsspr\u00fcche haben aber eines gemeinsam \u2013 sie dr\u00fccken die guten W\u00fcnsche f\u00fcr das weitere Leben sowie die pers\u00f6nliche Wertsch\u00e4tzung aus. Alles, was gesagt werden soll und muss, wird quasi direkt auf den Punkt gebracht. Eigentlich ist jeder ist ein besonderer Ehrentag. Einige Geburtstage werden aber ganz besonders begangen. Dazu z\u00e4hlen die bekannten runden Geburtstage sowie die Schnapszahlen-Geburtstage. Aber auch der 25., das Vierteljahrhundert, ist ein besonderes Wiegenfest. Zu diesen Anl\u00e4ssen darf es dann auch schon mal ein au\u00dfergew\u00f6hnlicher Spruch sein. Mit 25 Jahren ist man noch jung.\",\"breadcrumb\":{\"@id\":\"https:\/\/www.tafeldeko.de\/news\/geburtstagssprueche-fuer-besondere-geburtstage\/#breadcrumb\"},\"inLanguage\":\"de-DE\",\"potentialAction\":[{\"@type\":\"ReadAction\",\"target\":[\"https:\/\/www.tafeldeko.de\/news\/geburtstagssprueche-fuer-besondere-geburtstage\/\"]}]},{\"@type\":\"BreadcrumbList\",\"@id\":\"https:\/\/www.tafeldeko.de\/news\/geburtstagssprueche-fuer-besondere-geburtstage\/#breadcrumb\",\"itemListElement\":[{\"@type\":\"ListItem\",\"position\":1,\"name\":\"Tafeldeko\",\"item\":\"https:\/\/www.tafeldeko.de\/news\/\"},{\"@type\":\"ListItem\",\"position\":2,\"name\":\"Alte Beitr\u00e4ge\",\"item\":\"https:\/\/www.tafeldeko.de\/news\/alte-beitraege\/\"},{\"@type\":\"ListItem\",\"position\":3,\"name\":\"Tischdeko - Blog\",\"item\":\"https:\/\/www.tafeldeko.de\/news\/alte-beitraege\/tischdeko-blog\/\"},{\"@type\":\"ListItem\",\"position\":4,\"name\":\"Geburtstagsspr\u00fcche f\u00fcr besondere Geburtstage\"}]},{\"@type\":\"WebSite\",\"@id\":\"https:\/\/www.tafeldeko.de\/news\/#website\",\"url\":\"https:\/\/www.tafeldeko.de\/news\/\",\"name\":\"Tafeldeko\",\"description\":\"Blog mit Tischdeko und Tischdekoration Ideen\",\"potentialAction\":[{\"@type\":\"SearchAction\",\"target\":{\"@type\":\"EntryPoint\",\"urlTemplate\":\"https:\/\/www.tafeldeko.de\/news\/?s={search_term_string}\"},\"query-input\":\"required name=search_term_string\"}],\"inLanguage\":\"de-DE\"},{\"@type\":\"Person\",\"@id\":\"https:\/\/www.tafeldeko.de\/news\/#\/schema\/person\/d2acd86447ed0b6336089a8ba83164a0\",\"name\":\"Christiane Stein\",\"image\":{\"@type\":\"ImageObject\",\"inLanguage\":\"de-DE\",\"@id\":\"https:\/\/www.tafeldeko.de\/news\/#\/schema\/person\/image\/\",\"url\":\"https:\/\/secure.gravatar.com\/avatar\/2054729fbfd1ebc9d3cf1fd55361d0b6?s=96&d=mm&r=g\",\"contentUrl\":\"https:\/\/secure.gravatar.com\/avatar\/2054729fbfd1ebc9d3cf1fd55361d0b6?s=96&d=mm&r=g\",\"caption\":\"Christiane Stein\"}}]}<\/script>\n<!-- \/ Yoast SEO plugin. -->","yoast_head_json":{"title":"Geburtstagsspr\u00fcche f\u00fcr besondere Geburtstage - Tafeldeko","description":"Geburtstagsspr\u00fcche werden sowohl im privaten als auch im beruflichen Bereich gern angewendet. H\u00e4ufig werden kurze und gereimte Zweizeiler verwendet. Aber auch mehrzeilige Verse sind sehr beliebt. Die Auswahl ist gro\u00df und reicht von allgemeinen, h\u00f6flichen, liebevollen und freundschaftlichen bis hin zu ernsthaften und nachdenklichen Worten.  Alle Geburtstagsspr\u00fcche haben aber eines gemeinsam \u2013 sie dr\u00fccken die guten W\u00fcnsche f\u00fcr das weitere Leben sowie die pers\u00f6nliche Wertsch\u00e4tzung aus. Alles, was gesagt werden soll und muss, wird quasi direkt auf den Punkt gebracht. Eigentlich ist jeder ist ein besonderer Ehrentag. Einige Geburtstage werden aber ganz besonders begangen. Dazu z\u00e4hlen die bekannten runden Geburtstage sowie die Schnapszahlen-Geburtstage. Aber auch der 25., das Vierteljahrhundert, ist ein besonderes Wiegenfest. Zu diesen Anl\u00e4ssen darf es dann auch schon mal ein au\u00dfergew\u00f6hnlicher Spruch sein. Mit 25 Jahren ist man noch jung.","robots":{"index":"index","follow":"follow","max-snippet":"max-snippet:-1","max-image-preview":"max-image-preview:large","max-video-preview":"max-video-preview:-1"},"canonical":"https:\/\/www.tafeldeko.de\/news\/geburtstagssprueche-fuer-besondere-geburtstage\/","og_locale":"de_DE","og_type":"article","og_title":"Geburtstagsspr\u00fcche f\u00fcr besondere Geburtstage - Tafeldeko","og_description":"Geburtstagsspr\u00fcche werden sowohl im privaten als auch im beruflichen Bereich gern angewendet. H\u00e4ufig werden kurze und gereimte Zweizeiler verwendet. Aber auch mehrzeilige Verse sind sehr beliebt. Die Auswahl ist gro\u00df und reicht von allgemeinen, h\u00f6flichen, liebevollen und freundschaftlichen bis hin zu ernsthaften und nachdenklichen Worten.  Alle Geburtstagsspr\u00fcche haben aber eines gemeinsam \u2013 sie dr\u00fccken die guten W\u00fcnsche f\u00fcr das weitere Leben sowie die pers\u00f6nliche Wertsch\u00e4tzung aus. Alles, was gesagt werden soll und muss, wird quasi direkt auf den Punkt gebracht. Eigentlich ist jeder ist ein besonderer Ehrentag. Einige Geburtstage werden aber ganz besonders begangen. Dazu z\u00e4hlen die bekannten runden Geburtstage sowie die Schnapszahlen-Geburtstage. Aber auch der 25., das Vierteljahrhundert, ist ein besonderes Wiegenfest. Zu diesen Anl\u00e4ssen darf es dann auch schon mal ein au\u00dfergew\u00f6hnlicher Spruch sein. Mit 25 Jahren ist man noch jung.","og_url":"https:\/\/www.tafeldeko.de\/news\/geburtstagssprueche-fuer-besondere-geburtstage\/","og_site_name":"Tafeldeko","article_publisher":"https:\/\/www.facebook.com\/pages\/Tafeldeko-einzigartige-Tischdekoration\/174202655894","article_published_time":"2012-01-05T19:00:35+00:00","author":"Christiane Stein","twitter_misc":{"Verfasst von":"Christiane Stein","Gesch\u00e4tzte Lesezeit":"2 Minuten"},"schema":{"@context":"https:\/\/schema.org","@graph":[{"@type":"WebPage","@id":"https:\/\/www.tafeldeko.de\/news\/geburtstagssprueche-fuer-besondere-geburtstage\/","url":"https:\/\/www.tafeldeko.de\/news\/geburtstagssprueche-fuer-besondere-geburtstage\/","name":"Geburtstagsspr\u00fcche f\u00fcr besondere Geburtstage - Tafeldeko","isPartOf":{"@id":"https:\/\/www.tafeldeko.de\/news\/#website"},"datePublished":"2012-01-05T19:00:35+00:00","dateModified":"2012-01-05T19:00:35+00:00","author":{"@id":"https:\/\/www.tafeldeko.de\/news\/#\/schema\/person\/d2acd86447ed0b6336089a8ba83164a0"},"description":"Geburtstagsspr\u00fcche werden sowohl im privaten als auch im beruflichen Bereich gern angewendet. H\u00e4ufig werden kurze und gereimte Zweizeiler verwendet. Aber auch mehrzeilige Verse sind sehr beliebt. Die Auswahl ist gro\u00df und reicht von allgemeinen, h\u00f6flichen, liebevollen und freundschaftlichen bis hin zu ernsthaften und nachdenklichen Worten. Alle Geburtstagsspr\u00fcche haben aber eines gemeinsam \u2013 sie dr\u00fccken die guten W\u00fcnsche f\u00fcr das weitere Leben sowie die pers\u00f6nliche Wertsch\u00e4tzung aus. Alles, was gesagt werden soll und muss, wird quasi direkt auf den Punkt gebracht. Eigentlich ist jeder ist ein besonderer Ehrentag. Einige Geburtstage werden aber ganz besonders begangen. Dazu z\u00e4hlen die bekannten runden Geburtstage sowie die Schnapszahlen-Geburtstage. Aber auch der 25., das Vierteljahrhundert, ist ein besonderes Wiegenfest. Zu diesen Anl\u00e4ssen darf es dann auch schon mal ein au\u00dfergew\u00f6hnlicher Spruch sein. Mit 25 Jahren ist man noch jung.","breadcrumb":{"@id":"https:\/\/www.tafeldeko.de\/news\/geburtstagssprueche-fuer-besondere-geburtstage\/#breadcrumb"},"inLanguage":"de-DE","potentialAction":[{"@type":"ReadAction","target":["https:\/\/www.tafeldeko.de\/news\/geburtstagssprueche-fuer-besondere-geburtstage\/"]}]},{"@type":"BreadcrumbList","@id":"https:\/\/www.tafeldeko.de\/news\/geburtstagssprueche-fuer-besondere-geburtstage\/#breadcrumb","itemListElement":[{"@type":"ListItem","position":1,"name":"Tafeldeko","item":"https:\/\/www.tafeldeko.de\/news\/"},{"@type":"ListItem","position":2,"name":"Alte Beitr\u00e4ge","item":"https:\/\/www.tafeldeko.de\/news\/alte-beitraege\/"},{"@type":"ListItem","position":3,"name":"Tischdeko - Blog","item":"https:\/\/www.tafeldeko.de\/news\/alte-beitraege\/tischdeko-blog\/"},{"@type":"ListItem","position":4,"name":"Geburtstagsspr\u00fcche f\u00fcr besondere Geburtstage"}]},{"@type":"WebSite","@id":"https:\/\/www.tafeldeko.de\/news\/#website","url":"https:\/\/www.tafeldeko.de\/news\/","name":"Tafeldeko","description":"Blog mit Tischdeko und Tischdekoration Ideen","potentialAction":[{"@type":"SearchAction","target":{"@type":"EntryPoint","urlTemplate":"https:\/\/www.tafeldeko.de\/news\/?s={search_term_string}"},"query-input":"required name=search_term_string"}],"inLanguage":"de-DE"},{"@type":"Person","@id":"https:\/\/www.tafeldeko.de\/news\/#\/schema\/person\/d2acd86447ed0b6336089a8ba83164a0","name":"Christiane Stein","image":{"@type":"ImageObject","inLanguage":"de-DE","@id":"https:\/\/www.tafeldeko.de\/news\/#\/schema\/person\/image\/","url":"https:\/\/secure.gravatar.com\/avatar\/2054729fbfd1ebc9d3cf1fd55361d0b6?s=96&d=mm&r=g","contentUrl":"https:\/\/secure.gravatar.com\/avatar\/2054729fbfd1ebc9d3cf1fd55361d0b6?s=96&d=mm&r=g","caption":"Christiane Stein"}}]}},"_links":{"self":[{"href":"https:\/\/www.tafeldeko.de\/news\/wp-json\/wp\/v2\/posts\/4124"}],"collection":[{"href":"https:\/\/www.tafeldeko.de\/news\/wp-json\/wp\/v2\/posts"}],"about":[{"href":"https:\/\/www.tafeldeko.de\/news\/wp-json\/wp\/v2\/types\/post"}],"author":[{"embeddable":true,"href":"https:\/\/www.tafeldeko.de\/news\/wp-json\/wp\/v2\/users\/2"}],"replies":[{"embeddable":true,"href":"https:\/\/www.tafeldeko.de\/news\/wp-json\/wp\/v2\/comments?post=4124"}],"version-history":[{"count":0,"href":"https:\/\/www.tafeldeko.de\/news\/wp-json\/wp\/v2\/posts\/4124\/revisions"}],"wp:attachment":[{"href":"https:\/\/www.tafeldeko.de\/news\/wp-json\/wp\/v2\/media?parent=4124"}],"wp:term":[{"taxonomy":"category","embeddable":true,"href":"https:\/\/www.tafeldeko.de\/news\/wp-json\/wp\/v2\/categories?post=4124"},{"taxonomy":"post_tag","embeddable":true,"href":"https:\/\/www.tafeldeko.de\/news\/wp-json\/wp\/v2\/tags?post=4124"}],"curies":[{"name":"wp","href":"https:\/\/api.w.org\/{rel}","templated":true}]}}