{"id":411,"date":"2012-04-30T20:57:45","date_gmt":"2012-04-30T18:57:45","guid":{"rendered":"http:\/\/www.tafeldeko.de\/news\/?p=411"},"modified":"2015-02-10T16:21:45","modified_gmt":"2015-02-10T14:21:45","slug":"die-spargelzeit-leckere-gerichte-und-schoene-tischdeko","status":"publish","type":"post","link":"https:\/\/www.tafeldeko.de\/news\/die-spargelzeit-leckere-gerichte-und-schoene-tischdeko\/","title":{"rendered":"Die Spargelzeit \u2013 leckere Gerichte und sch\u00f6ne Tischdeko"},"content":{"rendered":"<div class=\"textumfliessenrechts\"><img decoding=\"async\" loading=\"lazy\" src=\"https:\/\/www.tafeldeko.de\/news\/media\/users\/schnurchristian\/spargelzeit.jpg\" alt=\"Duni Spargelzeit\" title=\"Duni Spargelzeit\" width=\"175\" height=\"175\" \/><br \/><a href=\"https:\/\/www.tafeldeko.de\/advanced_search_result.php?keywords=Spargel\" title=\"Tischdeko Spargelzeit\"><b>Tischdeko Spargelzeit<\/b><\/a><\/div>\n<p> Die <b>Spargelzeit<\/b> \u2013 sie beginnt meist Mitte April und endet etwa Mitte oder Ende Juni.<br \/>\nSpargel \u2013 nicht nur lecker, sondern auch gesund und sehr vielseitig in seiner Zubereitung. Klassisch mit Kartoffeln, Kochschinken und Sauce Hollandaise oder bis hin zu \u00fcberbackenen Varianten oder auch die Variante als Vorspeise k\u00f6nnen sehr lecker sein. Dass die langen, schlanken St\u00e4ngel nicht nur kulinarisch eine K\u00f6stlichkeit sind, sondern auch gesund sind, wusste man bereits vor vielen Tausend Jahren. Die R\u00f6mer setzten Spargel als Heilpflanze ein, bauten ihn sp\u00e4ter auch selbst an.<br \/>\nDiverse Rezepte und Anregungen, wie der Spargel zubereitet und serviert werden kann, findet man in Zeitschriften, Kochb\u00fcchern und nat\u00fcrlich im Internet.<br \/>\nUnd wer zum Spargelessen einl\u00e4dt, sollte auch die Tischdekoration an dieses Essen anpassen. Denn auch hier \u201eisst das Auge mit\u201c und aus diesem Grund sollte man auf die Tischdeko nicht verzichten. Spargel ist nicht nur zum Essen da, sondern kann auch als Accessoires bei der Tischdeko dienen. Die Spargelschalen, die normalerweise als Biom\u00fcll entsorgt werden, k\u00f6nnen als Deko-Accessoires in Verbindung mit <b><a href=\"https:\/\/www.tafeldeko.de\/index.php\/cat\/c527_Kerzengl%C3%A4ser.html\" title=\"Kerzengl\u00e4sern\">Kerzengl\u00e4sern<\/a><\/b> und weiteren Streudekoteilen Platz auf dem Tisch finden. Dies sieht sehr <b>dekorativ <\/b>aus und passt die Tischdeko dem Thema der Einladung an.<br \/>\nMittlerweile kann man auch Spargel als Deko-Accessoires kaufen und mit diesen Spargeln lassen sich nat\u00fcrlich auch wundersch\u00f6ne Arrangements zaubern. So k\u00f6nnen zum Beispiel wei\u00dfe Kerzen mit den k\u00fcnstlichen St\u00e4ngeln umrandet werden \u2013 eine Schleife dient als Befestigung und dekoratives Accessoire.<br \/>\nAls Erg\u00e4nzung zu dieser Tischdeko k\u00f6nnen zum Beispiel die Servietten \u201eDuni Spargelzeit\u201c dienen. Sehr dekorativ und appetitlich anzusehen, erg\u00e4nzen sie die <b><a href=\"https:\/\/www.tafeldeko.de\" title=\"Tischdeko\">Tischdeko<\/a><\/b> hervorragend. Und so, wie die Spargel geb\u00fcndelt auf den Servietten zu sehen sind, k\u00f6nnen die Spargel auch in die Tischdeko \u201eeingearbeitet\u201c werden.<br \/>\nSie sehen, es gibt viele Varianten, die <b>Tischdeko zum Spargelessen<\/b> auszustatten. Und generell gilt: Mit etwas Idee und Pfiff kann man mit Spargel eine sch\u00f6ne Tischdekoration zaubern.<\/p>\n","protected":false},"excerpt":{"rendered":"<p>Die Spargelzeit \u2013 sie beginnt meist Mitte April und endet etwa Mitte oder Ende Juni.<br \/>\nSpargel \u2013 nicht nur lecker, sondern auch gesund und sehr vielseitig in seiner Zubereitung. Klassisch mit Kartoffeln, Kochschinken und Sauce Hollandaise oder bis hin zu \u00fcberbackenen Varianten oder auch die Variante als Vorspeise k\u00f6nnen sehr lecker sein. Dass die langen, schlanken St\u00e4ngel nicht nur kulinarisch eine K\u00f6stlichkeit sind, sondern auch gesund sind, wusste man bereits vor vielen Tausend Jahren. Die R\u00f6mer setzten Spargel als Heilpflanze ein, bauten ihn sp\u00e4ter auch selbst an.<\/p>\n","protected":false},"author":2,"featured_media":412,"comment_status":"open","ping_status":"open","sticky":false,"template":"","format":"standard","meta":{"footnotes":""},"categories":[1],"tags":[],"yoast_head":"<!-- This site is optimized with the Yoast SEO plugin v20.4 - https:\/\/yoast.com\/wordpress\/plugins\/seo\/ -->\n<title>Die Spargelzeit \u2013 leckere Gerichte und sch\u00f6ne Tischdeko - Tafeldeko<\/title>\n<meta name=\"description\" content=\"Und wer zum Spargelessen einl\u00e4dt, sollte auch die Tischdekoration an dieses Essen anpassen.\" \/>\n<meta name=\"robots\" content=\"index, follow, max-snippet:-1, max-image-preview:large, max-video-preview:-1\" \/>\n<link rel=\"canonical\" href=\"https:\/\/www.tafeldeko.de\/news\/die-spargelzeit-leckere-gerichte-und-schoene-tischdeko\/\" \/>\n<meta property=\"og:locale\" content=\"de_DE\" \/>\n<meta property=\"og:type\" content=\"article\" \/>\n<meta property=\"og:title\" content=\"Die Spargelzeit \u2013 leckere Gerichte und sch\u00f6ne Tischdeko - Tafeldeko\" \/>\n<meta property=\"og:description\" content=\"Und wer zum Spargelessen einl\u00e4dt, sollte auch die Tischdekoration an dieses Essen anpassen.\" \/>\n<meta property=\"og:url\" content=\"https:\/\/www.tafeldeko.de\/news\/die-spargelzeit-leckere-gerichte-und-schoene-tischdeko\/\" \/>\n<meta property=\"og:site_name\" content=\"Tafeldeko\" \/>\n<meta property=\"article:publisher\" content=\"https:\/\/www.facebook.com\/pages\/Tafeldeko-einzigartige-Tischdekoration\/174202655894\" \/>\n<meta property=\"article:published_time\" content=\"2012-04-30T18:57:45+00:00\" \/>\n<meta property=\"article:modified_time\" content=\"2015-02-10T14:21:45+00:00\" \/>\n<meta property=\"og:image\" content=\"https:\/\/www.tafeldeko.de\/news\/wp-content\/uploads\/2014\/09\/spargelzeit.jpg\" \/>\n\t<meta property=\"og:image:width\" content=\"175\" \/>\n\t<meta property=\"og:image:height\" content=\"175\" \/>\n\t<meta property=\"og:image:type\" content=\"image\/jpeg\" \/>\n<meta name=\"author\" content=\"Christiane Stein\" \/>\n<meta name=\"twitter:label1\" content=\"Verfasst von\" \/>\n\t<meta name=\"twitter:data1\" content=\"Christiane Stein\" \/>\n\t<meta name=\"twitter:label2\" content=\"Gesch\u00e4tzte Lesezeit\" \/>\n\t<meta name=\"twitter:data2\" content=\"2 Minuten\" \/>\n<script type=\"application\/ld+json\" class=\"yoast-schema-graph\">{\"@context\":\"https:\/\/schema.org\",\"@graph\":[{\"@type\":\"WebPage\",\"@id\":\"https:\/\/www.tafeldeko.de\/news\/die-spargelzeit-leckere-gerichte-und-schoene-tischdeko\/\",\"url\":\"https:\/\/www.tafeldeko.de\/news\/die-spargelzeit-leckere-gerichte-und-schoene-tischdeko\/\",\"name\":\"Die Spargelzeit \u2013 leckere Gerichte und sch\u00f6ne Tischdeko - Tafeldeko\",\"isPartOf\":{\"@id\":\"https:\/\/www.tafeldeko.de\/news\/#website\"},\"datePublished\":\"2012-04-30T18:57:45+00:00\",\"dateModified\":\"2015-02-10T14:21:45+00:00\",\"author\":{\"@id\":\"https:\/\/www.tafeldeko.de\/news\/#\/schema\/person\/d2acd86447ed0b6336089a8ba83164a0\"},\"description\":\"Und wer zum Spargelessen einl\u00e4dt, sollte auch die Tischdekoration an dieses Essen anpassen.\",\"breadcrumb\":{\"@id\":\"https:\/\/www.tafeldeko.de\/news\/die-spargelzeit-leckere-gerichte-und-schoene-tischdeko\/#breadcrumb\"},\"inLanguage\":\"de-DE\",\"potentialAction\":[{\"@type\":\"ReadAction\",\"target\":[\"https:\/\/www.tafeldeko.de\/news\/die-spargelzeit-leckere-gerichte-und-schoene-tischdeko\/\"]}]},{\"@type\":\"BreadcrumbList\",\"@id\":\"https:\/\/www.tafeldeko.de\/news\/die-spargelzeit-leckere-gerichte-und-schoene-tischdeko\/#breadcrumb\",\"itemListElement\":[{\"@type\":\"ListItem\",\"position\":1,\"name\":\"Tafeldeko\",\"item\":\"https:\/\/www.tafeldeko.de\/news\/\"},{\"@type\":\"ListItem\",\"position\":2,\"name\":\"Alte Beitr\u00e4ge\",\"item\":\"https:\/\/www.tafeldeko.de\/news\/alte-beitraege\/\"},{\"@type\":\"ListItem\",\"position\":3,\"name\":\"Tischdeko - Blog\",\"item\":\"https:\/\/www.tafeldeko.de\/news\/alte-beitraege\/tischdeko-blog\/\"},{\"@type\":\"ListItem\",\"position\":4,\"name\":\"Die Spargelzeit \u2013 leckere Gerichte und sch\u00f6ne Tischdeko\"}]},{\"@type\":\"WebSite\",\"@id\":\"https:\/\/www.tafeldeko.de\/news\/#website\",\"url\":\"https:\/\/www.tafeldeko.de\/news\/\",\"name\":\"Tafeldeko\",\"description\":\"Blog mit Tischdeko und Tischdekoration Ideen\",\"potentialAction\":[{\"@type\":\"SearchAction\",\"target\":{\"@type\":\"EntryPoint\",\"urlTemplate\":\"https:\/\/www.tafeldeko.de\/news\/?s={search_term_string}\"},\"query-input\":\"required name=search_term_string\"}],\"inLanguage\":\"de-DE\"},{\"@type\":\"Person\",\"@id\":\"https:\/\/www.tafeldeko.de\/news\/#\/schema\/person\/d2acd86447ed0b6336089a8ba83164a0\",\"name\":\"Christiane Stein\",\"image\":{\"@type\":\"ImageObject\",\"inLanguage\":\"de-DE\",\"@id\":\"https:\/\/www.tafeldeko.de\/news\/#\/schema\/person\/image\/\",\"url\":\"https:\/\/secure.gravatar.com\/avatar\/2054729fbfd1ebc9d3cf1fd55361d0b6?s=96&d=mm&r=g\",\"contentUrl\":\"https:\/\/secure.gravatar.com\/avatar\/2054729fbfd1ebc9d3cf1fd55361d0b6?s=96&d=mm&r=g\",\"caption\":\"Christiane Stein\"}}]}<\/script>\n<!-- \/ Yoast SEO plugin. -->","yoast_head_json":{"title":"Die Spargelzeit \u2013 leckere Gerichte und sch\u00f6ne Tischdeko - Tafeldeko","description":"Und wer zum Spargelessen einl\u00e4dt, sollte auch die Tischdekoration an dieses Essen anpassen.","robots":{"index":"index","follow":"follow","max-snippet":"max-snippet:-1","max-image-preview":"max-image-preview:large","max-video-preview":"max-video-preview:-1"},"canonical":"https:\/\/www.tafeldeko.de\/news\/die-spargelzeit-leckere-gerichte-und-schoene-tischdeko\/","og_locale":"de_DE","og_type":"article","og_title":"Die Spargelzeit \u2013 leckere Gerichte und sch\u00f6ne Tischdeko - Tafeldeko","og_description":"Und wer zum Spargelessen einl\u00e4dt, sollte auch die Tischdekoration an dieses Essen anpassen.","og_url":"https:\/\/www.tafeldeko.de\/news\/die-spargelzeit-leckere-gerichte-und-schoene-tischdeko\/","og_site_name":"Tafeldeko","article_publisher":"https:\/\/www.facebook.com\/pages\/Tafeldeko-einzigartige-Tischdekoration\/174202655894","article_published_time":"2012-04-30T18:57:45+00:00","article_modified_time":"2015-02-10T14:21:45+00:00","og_image":[{"width":175,"height":175,"url":"https:\/\/www.tafeldeko.de\/news\/wp-content\/uploads\/2014\/09\/spargelzeit.jpg","type":"image\/jpeg"}],"author":"Christiane Stein","twitter_misc":{"Verfasst von":"Christiane Stein","Gesch\u00e4tzte Lesezeit":"2 Minuten"},"schema":{"@context":"https:\/\/schema.org","@graph":[{"@type":"WebPage","@id":"https:\/\/www.tafeldeko.de\/news\/die-spargelzeit-leckere-gerichte-und-schoene-tischdeko\/","url":"https:\/\/www.tafeldeko.de\/news\/die-spargelzeit-leckere-gerichte-und-schoene-tischdeko\/","name":"Die Spargelzeit \u2013 leckere Gerichte und sch\u00f6ne Tischdeko - Tafeldeko","isPartOf":{"@id":"https:\/\/www.tafeldeko.de\/news\/#website"},"datePublished":"2012-04-30T18:57:45+00:00","dateModified":"2015-02-10T14:21:45+00:00","author":{"@id":"https:\/\/www.tafeldeko.de\/news\/#\/schema\/person\/d2acd86447ed0b6336089a8ba83164a0"},"description":"Und wer zum Spargelessen einl\u00e4dt, sollte auch die Tischdekoration an dieses Essen anpassen.","breadcrumb":{"@id":"https:\/\/www.tafeldeko.de\/news\/die-spargelzeit-leckere-gerichte-und-schoene-tischdeko\/#breadcrumb"},"inLanguage":"de-DE","potentialAction":[{"@type":"ReadAction","target":["https:\/\/www.tafeldeko.de\/news\/die-spargelzeit-leckere-gerichte-und-schoene-tischdeko\/"]}]},{"@type":"BreadcrumbList","@id":"https:\/\/www.tafeldeko.de\/news\/die-spargelzeit-leckere-gerichte-und-schoene-tischdeko\/#breadcrumb","itemListElement":[{"@type":"ListItem","position":1,"name":"Tafeldeko","item":"https:\/\/www.tafeldeko.de\/news\/"},{"@type":"ListItem","position":2,"name":"Alte Beitr\u00e4ge","item":"https:\/\/www.tafeldeko.de\/news\/alte-beitraege\/"},{"@type":"ListItem","position":3,"name":"Tischdeko - Blog","item":"https:\/\/www.tafeldeko.de\/news\/alte-beitraege\/tischdeko-blog\/"},{"@type":"ListItem","position":4,"name":"Die Spargelzeit \u2013 leckere Gerichte und sch\u00f6ne Tischdeko"}]},{"@type":"WebSite","@id":"https:\/\/www.tafeldeko.de\/news\/#website","url":"https:\/\/www.tafeldeko.de\/news\/","name":"Tafeldeko","description":"Blog mit Tischdeko und Tischdekoration Ideen","potentialAction":[{"@type":"SearchAction","target":{"@type":"EntryPoint","urlTemplate":"https:\/\/www.tafeldeko.de\/news\/?s={search_term_string}"},"query-input":"required name=search_term_string"}],"inLanguage":"de-DE"},{"@type":"Person","@id":"https:\/\/www.tafeldeko.de\/news\/#\/schema\/person\/d2acd86447ed0b6336089a8ba83164a0","name":"Christiane Stein","image":{"@type":"ImageObject","inLanguage":"de-DE","@id":"https:\/\/www.tafeldeko.de\/news\/#\/schema\/person\/image\/","url":"https:\/\/secure.gravatar.com\/avatar\/2054729fbfd1ebc9d3cf1fd55361d0b6?s=96&d=mm&r=g","contentUrl":"https:\/\/secure.gravatar.com\/avatar\/2054729fbfd1ebc9d3cf1fd55361d0b6?s=96&d=mm&r=g","caption":"Christiane Stein"}}]}},"_links":{"self":[{"href":"https:\/\/www.tafeldeko.de\/news\/wp-json\/wp\/v2\/posts\/411"}],"collection":[{"href":"https:\/\/www.tafeldeko.de\/news\/wp-json\/wp\/v2\/posts"}],"about":[{"href":"https:\/\/www.tafeldeko.de\/news\/wp-json\/wp\/v2\/types\/post"}],"author":[{"embeddable":true,"href":"https:\/\/www.tafeldeko.de\/news\/wp-json\/wp\/v2\/users\/2"}],"replies":[{"embeddable":true,"href":"https:\/\/www.tafeldeko.de\/news\/wp-json\/wp\/v2\/comments?post=411"}],"version-history":[{"count":1,"href":"https:\/\/www.tafeldeko.de\/news\/wp-json\/wp\/v2\/posts\/411\/revisions"}],"predecessor-version":[{"id":5945,"href":"https:\/\/www.tafeldeko.de\/news\/wp-json\/wp\/v2\/posts\/411\/revisions\/5945"}],"wp:featuredmedia":[{"embeddable":true,"href":"https:\/\/www.tafeldeko.de\/news\/wp-json\/wp\/v2\/media\/412"}],"wp:attachment":[{"href":"https:\/\/www.tafeldeko.de\/news\/wp-json\/wp\/v2\/media?parent=411"}],"wp:term":[{"taxonomy":"category","embeddable":true,"href":"https:\/\/www.tafeldeko.de\/news\/wp-json\/wp\/v2\/categories?post=411"},{"taxonomy":"post_tag","embeddable":true,"href":"https:\/\/www.tafeldeko.de\/news\/wp-json\/wp\/v2\/tags?post=411"}],"curies":[{"name":"wp","href":"https:\/\/api.w.org\/{rel}","templated":true}]}}