{"id":409,"date":"2012-04-23T21:10:10","date_gmt":"2012-04-23T19:10:10","guid":{"rendered":"http:\/\/www.tafeldeko.de\/news\/?p=409"},"modified":"2012-04-23T21:10:10","modified_gmt":"2012-04-23T19:10:10","slug":"tanz-in-den-mai-dies-ist-eine-feier-wert","status":"publish","type":"post","link":"https:\/\/www.tafeldeko.de\/news\/tanz-in-den-mai-dies-ist-eine-feier-wert\/","title":{"rendered":"Tanz in den Mai &#8211; dies ist eine Feier wert"},"content":{"rendered":"<div class=\"textumfliessenrechts\"><img decoding=\"async\" loading=\"lazy\" src=\"https:\/\/www.tafeldeko.de\/news\/media\/users\/schnurchristian\/tisch_blau.jpg\" alt=\"\" title=\"\" width=\"308\" height=\"202\"\/><br \/><b><a href=\"https:\/\/www.tafeldeko.de\/mustertische\/tischdeko-geburtstag\/Tisch-15.html\" title=\"Tischdeko Tanz in den Mai\">Tischdeko Tanz in den Mai<\/a><\/b><\/div>\n<p> Die Walpurgisnacht ist ein traditionelles Fest, das am 30. April in Europa gefeiert werden und ist auch unter dem Namen \u201eTanz in den Mai\u201c bekannt. Der <b>Tanz in den Mai<\/b> gibt einem die M\u00f6glichkeit, zu tanzen und einen geselligen Vorabend des Maifeiertags zu verbringen.<br \/>\nWer den Tanz in den Mai privat feiern m\u00f6chte, kann hierf\u00fcr die Familie, Freunde und Bekannte einladen und eine sch\u00f6ne Fete feiern. Wenn man sich f\u00fcr eine Feier zu Hause entscheidet, sollte man auch f\u00fcr eine <b>gem\u00fctliche Atmosph\u00e4re <\/b>sorgen. Damit man eine stimmige Feier erleben kann, m\u00fcssen einige Vorbereitungen im Vorfeld getroffen werden. Dazu z\u00e4hlen nicht nur das Essen und die Getr\u00e4nke, sondern auch das Anordnen der Tische und die Tischdeko im Allgemeinen.<br \/>\nDie <b><a href=\"https:\/\/www.tafeldeko.de\" title=\"Tischdekoration\">Tischdekoration<\/a><\/b> kann f\u00fcr die Mai-Party kann die Frische des Fr\u00fchlings darstellen und voller Farbe sein. M\u00f6chte man seinen Tisch entsprechend des Beispieltisches dekorieren, kann man zu der Farbkombination Erdt\u00f6ne und Blaut\u00f6ne greifen. Diese Kombination wird f\u00fcr sch\u00f6ne Momente sorgen und zu einem gelungenen Fest beitragen.<br \/>\nAuf dem Beispieltisch wurden zwei Hortensienzweige in einer wei\u00dfen Vase auf den Tisch gestellt. Dar\u00fcber hinaus hat man gepunktete <b><a href=\"https:\/\/www.tafeldeko.de\/index.php\/cat\/c486_Servietten.html\" title=\"Servietten\">Servietten<\/a><\/b> sch\u00f6n gefaltet und mit dazu passenden Kerzen kombiniert. Wer m\u00f6chte, kann Rattan-Kugeln oder auch Herzen auf der Tafel f\u00fcr das Mai-Fest drapieren. Der Fantasie sind keine Grenzen gesetzt und somit kann man alle dekorativen Accessoires ins rechte Licht r\u00fccken. Alles ist erlaubt und nichts verboten.<br \/>\nWichtig ist, dass man sich f\u00fcr die Dingen entscheidet, die einem selbst auch gefallen und zum entsprechenden Anlass des Treffens passen. L\u00e4dt man sich beispielsweise Freunde zum Geburtstag an, sollte eine andere Tischdekoration auf dem Tisch sein, wie bei einer Hawaii-Party oder bei einer Hochzeit.<\/p>\n","protected":false},"excerpt":{"rendered":"<p>Die Walpurgisnacht ist ein traditionelles Fest, das am 30. April in Europa gefeiert werden und ist auch unter dem Namen \u201eTanz in den Mai\u201c bekannt. Der Tanz in den Mai gibt einem die M\u00f6glichkeit, zu tanzen und einen geselligen Vorabend des Maifeiertags zu verbringen.<\/p>\n","protected":false},"author":2,"featured_media":410,"comment_status":"open","ping_status":"open","sticky":false,"template":"","format":"standard","meta":{"footnotes":""},"categories":[1],"tags":[],"yoast_head":"<!-- This site is optimized with the Yoast SEO plugin v20.4 - https:\/\/yoast.com\/wordpress\/plugins\/seo\/ -->\n<title>Tanz in den Mai - dies ist eine Feier wert - Tafeldeko<\/title>\n<meta name=\"description\" content=\"Die Tischdekoration kann f&#xFC;r die Mai-Party kann die Frische des Fr&#xFC;hlings darstellen und voller Farbe sein.\" \/>\n<meta name=\"robots\" content=\"index, follow, max-snippet:-1, max-image-preview:large, max-video-preview:-1\" \/>\n<link rel=\"canonical\" href=\"https:\/\/www.tafeldeko.de\/news\/tanz-in-den-mai-dies-ist-eine-feier-wert\/\" \/>\n<meta property=\"og:locale\" content=\"de_DE\" \/>\n<meta property=\"og:type\" content=\"article\" \/>\n<meta property=\"og:title\" content=\"Tanz in den Mai - dies ist eine Feier wert - Tafeldeko\" \/>\n<meta property=\"og:description\" content=\"Die Tischdekoration kann f&#xFC;r die Mai-Party kann die Frische des Fr&#xFC;hlings darstellen und voller Farbe sein.\" \/>\n<meta property=\"og:url\" content=\"https:\/\/www.tafeldeko.de\/news\/tanz-in-den-mai-dies-ist-eine-feier-wert\/\" \/>\n<meta property=\"og:site_name\" content=\"Tafeldeko\" \/>\n<meta property=\"article:publisher\" content=\"https:\/\/www.facebook.com\/pages\/Tafeldeko-einzigartige-Tischdekoration\/174202655894\" \/>\n<meta property=\"article:published_time\" content=\"2012-04-23T19:10:10+00:00\" \/>\n<meta property=\"og:image\" content=\"https:\/\/www.tafeldeko.de\/news\/wp-content\/uploads\/2014\/09\/tisch_blau.jpg\" \/>\n\t<meta property=\"og:image:width\" content=\"448\" \/>\n\t<meta property=\"og:image:height\" content=\"272\" \/>\n\t<meta property=\"og:image:type\" content=\"image\/jpeg\" \/>\n<meta name=\"author\" content=\"Christiane Stein\" \/>\n<meta name=\"twitter:label1\" content=\"Verfasst von\" \/>\n\t<meta name=\"twitter:data1\" content=\"Christiane Stein\" \/>\n\t<meta name=\"twitter:label2\" content=\"Gesch\u00e4tzte Lesezeit\" \/>\n\t<meta name=\"twitter:data2\" content=\"2 Minuten\" \/>\n<script type=\"application\/ld+json\" class=\"yoast-schema-graph\">{\"@context\":\"https:\/\/schema.org\",\"@graph\":[{\"@type\":\"WebPage\",\"@id\":\"https:\/\/www.tafeldeko.de\/news\/tanz-in-den-mai-dies-ist-eine-feier-wert\/\",\"url\":\"https:\/\/www.tafeldeko.de\/news\/tanz-in-den-mai-dies-ist-eine-feier-wert\/\",\"name\":\"Tanz in den Mai - dies ist eine Feier wert - Tafeldeko\",\"isPartOf\":{\"@id\":\"https:\/\/www.tafeldeko.de\/news\/#website\"},\"datePublished\":\"2012-04-23T19:10:10+00:00\",\"dateModified\":\"2012-04-23T19:10:10+00:00\",\"author\":{\"@id\":\"https:\/\/www.tafeldeko.de\/news\/#\/schema\/person\/d2acd86447ed0b6336089a8ba83164a0\"},\"description\":\"Die Tischdekoration kann f&#xFC;r die Mai-Party kann die Frische des Fr&#xFC;hlings darstellen und voller Farbe sein.\",\"breadcrumb\":{\"@id\":\"https:\/\/www.tafeldeko.de\/news\/tanz-in-den-mai-dies-ist-eine-feier-wert\/#breadcrumb\"},\"inLanguage\":\"de-DE\",\"potentialAction\":[{\"@type\":\"ReadAction\",\"target\":[\"https:\/\/www.tafeldeko.de\/news\/tanz-in-den-mai-dies-ist-eine-feier-wert\/\"]}]},{\"@type\":\"BreadcrumbList\",\"@id\":\"https:\/\/www.tafeldeko.de\/news\/tanz-in-den-mai-dies-ist-eine-feier-wert\/#breadcrumb\",\"itemListElement\":[{\"@type\":\"ListItem\",\"position\":1,\"name\":\"Tafeldeko\",\"item\":\"https:\/\/www.tafeldeko.de\/news\/\"},{\"@type\":\"ListItem\",\"position\":2,\"name\":\"Alte Beitr\u00e4ge\",\"item\":\"https:\/\/www.tafeldeko.de\/news\/alte-beitraege\/\"},{\"@type\":\"ListItem\",\"position\":3,\"name\":\"Tischdeko - Blog\",\"item\":\"https:\/\/www.tafeldeko.de\/news\/alte-beitraege\/tischdeko-blog\/\"},{\"@type\":\"ListItem\",\"position\":4,\"name\":\"Tanz in den Mai &#8211; dies ist eine Feier wert\"}]},{\"@type\":\"WebSite\",\"@id\":\"https:\/\/www.tafeldeko.de\/news\/#website\",\"url\":\"https:\/\/www.tafeldeko.de\/news\/\",\"name\":\"Tafeldeko\",\"description\":\"Blog mit Tischdeko und Tischdekoration Ideen\",\"potentialAction\":[{\"@type\":\"SearchAction\",\"target\":{\"@type\":\"EntryPoint\",\"urlTemplate\":\"https:\/\/www.tafeldeko.de\/news\/?s={search_term_string}\"},\"query-input\":\"required name=search_term_string\"}],\"inLanguage\":\"de-DE\"},{\"@type\":\"Person\",\"@id\":\"https:\/\/www.tafeldeko.de\/news\/#\/schema\/person\/d2acd86447ed0b6336089a8ba83164a0\",\"name\":\"Christiane Stein\",\"image\":{\"@type\":\"ImageObject\",\"inLanguage\":\"de-DE\",\"@id\":\"https:\/\/www.tafeldeko.de\/news\/#\/schema\/person\/image\/\",\"url\":\"https:\/\/secure.gravatar.com\/avatar\/2054729fbfd1ebc9d3cf1fd55361d0b6?s=96&d=mm&r=g\",\"contentUrl\":\"https:\/\/secure.gravatar.com\/avatar\/2054729fbfd1ebc9d3cf1fd55361d0b6?s=96&d=mm&r=g\",\"caption\":\"Christiane Stein\"}}]}<\/script>\n<!-- \/ Yoast SEO plugin. -->","yoast_head_json":{"title":"Tanz in den Mai - dies ist eine Feier wert - Tafeldeko","description":"Die Tischdekoration kann f&#xFC;r die Mai-Party kann die Frische des Fr&#xFC;hlings darstellen und voller Farbe sein.","robots":{"index":"index","follow":"follow","max-snippet":"max-snippet:-1","max-image-preview":"max-image-preview:large","max-video-preview":"max-video-preview:-1"},"canonical":"https:\/\/www.tafeldeko.de\/news\/tanz-in-den-mai-dies-ist-eine-feier-wert\/","og_locale":"de_DE","og_type":"article","og_title":"Tanz in den Mai - dies ist eine Feier wert - Tafeldeko","og_description":"Die Tischdekoration kann f&#xFC;r die Mai-Party kann die Frische des Fr&#xFC;hlings darstellen und voller Farbe sein.","og_url":"https:\/\/www.tafeldeko.de\/news\/tanz-in-den-mai-dies-ist-eine-feier-wert\/","og_site_name":"Tafeldeko","article_publisher":"https:\/\/www.facebook.com\/pages\/Tafeldeko-einzigartige-Tischdekoration\/174202655894","article_published_time":"2012-04-23T19:10:10+00:00","og_image":[{"width":448,"height":272,"url":"https:\/\/www.tafeldeko.de\/news\/wp-content\/uploads\/2014\/09\/tisch_blau.jpg","type":"image\/jpeg"}],"author":"Christiane Stein","twitter_misc":{"Verfasst von":"Christiane Stein","Gesch\u00e4tzte Lesezeit":"2 Minuten"},"schema":{"@context":"https:\/\/schema.org","@graph":[{"@type":"WebPage","@id":"https:\/\/www.tafeldeko.de\/news\/tanz-in-den-mai-dies-ist-eine-feier-wert\/","url":"https:\/\/www.tafeldeko.de\/news\/tanz-in-den-mai-dies-ist-eine-feier-wert\/","name":"Tanz in den Mai - dies ist eine Feier wert - Tafeldeko","isPartOf":{"@id":"https:\/\/www.tafeldeko.de\/news\/#website"},"datePublished":"2012-04-23T19:10:10+00:00","dateModified":"2012-04-23T19:10:10+00:00","author":{"@id":"https:\/\/www.tafeldeko.de\/news\/#\/schema\/person\/d2acd86447ed0b6336089a8ba83164a0"},"description":"Die Tischdekoration kann f&#xFC;r die Mai-Party kann die Frische des Fr&#xFC;hlings darstellen und voller Farbe sein.","breadcrumb":{"@id":"https:\/\/www.tafeldeko.de\/news\/tanz-in-den-mai-dies-ist-eine-feier-wert\/#breadcrumb"},"inLanguage":"de-DE","potentialAction":[{"@type":"ReadAction","target":["https:\/\/www.tafeldeko.de\/news\/tanz-in-den-mai-dies-ist-eine-feier-wert\/"]}]},{"@type":"BreadcrumbList","@id":"https:\/\/www.tafeldeko.de\/news\/tanz-in-den-mai-dies-ist-eine-feier-wert\/#breadcrumb","itemListElement":[{"@type":"ListItem","position":1,"name":"Tafeldeko","item":"https:\/\/www.tafeldeko.de\/news\/"},{"@type":"ListItem","position":2,"name":"Alte Beitr\u00e4ge","item":"https:\/\/www.tafeldeko.de\/news\/alte-beitraege\/"},{"@type":"ListItem","position":3,"name":"Tischdeko - Blog","item":"https:\/\/www.tafeldeko.de\/news\/alte-beitraege\/tischdeko-blog\/"},{"@type":"ListItem","position":4,"name":"Tanz in den Mai &#8211; dies ist eine Feier wert"}]},{"@type":"WebSite","@id":"https:\/\/www.tafeldeko.de\/news\/#website","url":"https:\/\/www.tafeldeko.de\/news\/","name":"Tafeldeko","description":"Blog mit Tischdeko und Tischdekoration Ideen","potentialAction":[{"@type":"SearchAction","target":{"@type":"EntryPoint","urlTemplate":"https:\/\/www.tafeldeko.de\/news\/?s={search_term_string}"},"query-input":"required name=search_term_string"}],"inLanguage":"de-DE"},{"@type":"Person","@id":"https:\/\/www.tafeldeko.de\/news\/#\/schema\/person\/d2acd86447ed0b6336089a8ba83164a0","name":"Christiane Stein","image":{"@type":"ImageObject","inLanguage":"de-DE","@id":"https:\/\/www.tafeldeko.de\/news\/#\/schema\/person\/image\/","url":"https:\/\/secure.gravatar.com\/avatar\/2054729fbfd1ebc9d3cf1fd55361d0b6?s=96&d=mm&r=g","contentUrl":"https:\/\/secure.gravatar.com\/avatar\/2054729fbfd1ebc9d3cf1fd55361d0b6?s=96&d=mm&r=g","caption":"Christiane Stein"}}]}},"_links":{"self":[{"href":"https:\/\/www.tafeldeko.de\/news\/wp-json\/wp\/v2\/posts\/409"}],"collection":[{"href":"https:\/\/www.tafeldeko.de\/news\/wp-json\/wp\/v2\/posts"}],"about":[{"href":"https:\/\/www.tafeldeko.de\/news\/wp-json\/wp\/v2\/types\/post"}],"author":[{"embeddable":true,"href":"https:\/\/www.tafeldeko.de\/news\/wp-json\/wp\/v2\/users\/2"}],"replies":[{"embeddable":true,"href":"https:\/\/www.tafeldeko.de\/news\/wp-json\/wp\/v2\/comments?post=409"}],"version-history":[{"count":0,"href":"https:\/\/www.tafeldeko.de\/news\/wp-json\/wp\/v2\/posts\/409\/revisions"}],"wp:featuredmedia":[{"embeddable":true,"href":"https:\/\/www.tafeldeko.de\/news\/wp-json\/wp\/v2\/media\/410"}],"wp:attachment":[{"href":"https:\/\/www.tafeldeko.de\/news\/wp-json\/wp\/v2\/media?parent=409"}],"wp:term":[{"taxonomy":"category","embeddable":true,"href":"https:\/\/www.tafeldeko.de\/news\/wp-json\/wp\/v2\/categories?post=409"},{"taxonomy":"post_tag","embeddable":true,"href":"https:\/\/www.tafeldeko.de\/news\/wp-json\/wp\/v2\/tags?post=409"}],"curies":[{"name":"wp","href":"https:\/\/api.w.org\/{rel}","templated":true}]}}