{"id":405,"date":"2012-03-23T16:52:42","date_gmt":"2012-03-23T14:52:42","guid":{"rendered":"http:\/\/www.tafeldeko.de\/news\/?p=405"},"modified":"2012-03-23T16:52:42","modified_gmt":"2012-03-23T14:52:42","slug":"wunderschoene-tischdeko-fuer-den-osterbrunch","status":"publish","type":"post","link":"https:\/\/www.tafeldeko.de\/news\/wunderschoene-tischdeko-fuer-den-osterbrunch\/","title":{"rendered":"Wundersch\u00f6ne Tischdeko f\u00fcr den Osterbrunch"},"content":{"rendered":"<div class=\"textumfliessenrechts\"><img decoding=\"async\" loading=\"lazy\" src=\"https:\/\/www.tafeldeko.de\/news\/media\/users\/schnurchristian\/osterei_kerze.JPG\" alt=\"Osterei Kerze im Glas\" title=\"Osterei Kerze im Glas\" width=\"238\" height=\"238\" \/><br \/><a href=\"https:\/\/www.tafeldeko.de\/product_info.php\/products_id\/7213_Ostereier-Kerze-60-x-40-mm.html\" title=\"Hier Osterkerzen\"><b>Hier Osterkerzen<\/b><\/a><\/div>\n<p> Das Osterfest macht nicht nur den Kindern viel Spa\u00df und Freude, sondern auch die Erwachsenen genie\u00dfen die <b>Ostertage<\/b>. Zum einen kann man sich einige Tage Urlaub g\u00f6nnen, die Zeit nutzen, um einige Tage in Urlaub zu fahren oder zum anderen mit der Familie die Ostertage verbringen.<br \/>\nDas Osterfest ist die j\u00e4hrliche Ged\u00e4chtnisfeier anl\u00e4sslich der Auferstehung von Jesu Christi. Beginnend mit dem Gr\u00fcndonnerstag, darauffolgend der Karfreitag und der Ostersonntag und Ostermontag. Gerade an Ostern werden viele Traditionen Jahr f\u00fcr Jahr zelebriert, wie beispielsweise das Ostereiersuchen, das F\u00e4rben der Ostereier und in manchen Gegenden auch das Osterfeuer.<br \/>\nUnd so freut man sich auch in diesem Jahr wieder auf das Osterfest, um mit der Familie sch\u00f6ne Stunden zu verbringen. Um Abwechslung in das famili\u00e4re Zusammensein bringen zu k\u00f6nnen, bietet sich in diesem Jahr vielleicht einmal ein Osterbrunch an?<br \/>\nIn gem\u00fctlicher Runde, an Ostersonntag oder Ostermontag, trifft man sich am Morgen, fr\u00fchst\u00fcckt gemeinsam, isst irgendwann zu Mittag und l\u00e4sst den Tag gem\u00fctlich ausklingen. Mit welchen K\u00f6stlichkeiten man die G\u00e4ste begeistern kann, ist ein anderes Thema. Wir m\u00f6chten uns hier mit der <b>Tischdeko f\u00fcr den Osterbrunch<\/b> besch\u00e4ftigen.<br \/>\nEine sch\u00f6ne Tischdeko ist die halbe Miete f\u00fcr das Gelingen der Feierlichkeit. Und gerade an Ostern bieten sich viele ansprechende und bunte Accessoires, die f\u00fcr eine Tischdeko verwendet werden k\u00f6nnen.<br \/>\nOft f\u00e4llt die erste Wahl bei den Accessoires f\u00fcr die Oster-Tischdeko auch auf Osterfiguren und Ostermotive. <b><a href=\"https:\/\/www.tafeldeko.de\/index.php\/cat\/c1434_Fr%C3%BChling-Tischl%C3%A4ufer.html\" title=\"Tischl\u00e4ufer\">Tischl\u00e4ufer<\/a><\/b>, Mitteldecken, Tischb\u00e4nder und Servietten zieren die Tafel in \u00f6sterlichem Glanz. Osterhasen, kleine L\u00e4mmchen, K\u00fcken und Osterhennen pr\u00e4sentieren sich als Accessoires auf dem Tisch, verleihen dem Tisch das Oster-Ambiente.<br \/>\nMoos, vielleicht drau\u00dfen im Garten \u201egesammelt\u201c, kleine Wurzeln und \u00c4ste erg\u00e4nzen das Bild der<b> Oster-Tischdeko<\/b>. <b><a href=\"https:\/\/www.tafeldeko.de\/index.php\/cat\/c528_Runde-Stumpenkerzen.html\" title=\"Kerzen\">Kerzen<\/a><\/b>, zum Beispiel die Osterei Kerzen im Glas in Gelb, sorgen f\u00fcr das feierliche Licht auf dem Tisch.<br \/>\nDie Kerze hat die Form eines Ostereis und bildet deshalb die ideale Erg\u00e4nzung f\u00fcr die Oster-Tischdeko f\u00fcr den Brunch. Mit kleinen, aber bedeutungsvollen Accessoires hat man im Handumdrehen eine sch\u00f6ne Tischdeko f\u00fcr das Osterfest geschaffen. <\/p>\n","protected":false},"excerpt":{"rendered":"<p>Das Osterfest macht nicht nur den Kindern viel Spa\u00df und Freude, sondern auch die Erwachsenen genie\u00dfen die Ostertage. Zum einen kann man sich einige Tage Urlaub g\u00f6nnen, die Zeit nutzen, um einige Tage in Urlaub zu fahren oder zum anderen mit der Familie die Ostertage verbringen.<br \/>\nDas Osterfest ist die j\u00e4hrliche Ged\u00e4chtnisfeier anl\u00e4sslich der Auferstehung von Jesu Christi. Beginnend mit dem Gr\u00fcndonnerstag, darauffolgend der Karfreitag und der Ostersonntag und Ostermontag. Gerade an Ostern werden viele Traditionen Jahr f\u00fcr Jahr zelebriert, wie beispielsweise das Ostereiersuchen, das F\u00e4rben der Ostereier und in manchen Gegenden auch das Osterfeuer.<\/p>\n","protected":false},"author":2,"featured_media":406,"comment_status":"open","ping_status":"open","sticky":false,"template":"","format":"standard","meta":{"footnotes":""},"categories":[1],"tags":[],"yoast_head":"<!-- This site is optimized with the Yoast SEO plugin v20.4 - https:\/\/yoast.com\/wordpress\/plugins\/seo\/ -->\n<title>Wundersch\u00f6ne Tischdeko f\u00fcr den Osterbrunch - Tafeldeko<\/title>\n<meta name=\"description\" content=\"Gerade an Ostern bieten sich viele ansprechende und bunte Accessoires, die f&#xFC;r eine Tischdeko verwendet werden k&#xF6;nnen.\" \/>\n<meta name=\"robots\" content=\"index, follow, max-snippet:-1, max-image-preview:large, max-video-preview:-1\" \/>\n<link rel=\"canonical\" href=\"https:\/\/www.tafeldeko.de\/news\/wunderschoene-tischdeko-fuer-den-osterbrunch\/\" \/>\n<meta property=\"og:locale\" content=\"de_DE\" \/>\n<meta property=\"og:type\" content=\"article\" \/>\n<meta property=\"og:title\" content=\"Wundersch\u00f6ne Tischdeko f\u00fcr den Osterbrunch - Tafeldeko\" \/>\n<meta property=\"og:description\" content=\"Gerade an Ostern bieten sich viele ansprechende und bunte Accessoires, die f&#xFC;r eine Tischdeko verwendet werden k&#xF6;nnen.\" \/>\n<meta property=\"og:url\" content=\"https:\/\/www.tafeldeko.de\/news\/wunderschoene-tischdeko-fuer-den-osterbrunch\/\" \/>\n<meta property=\"og:site_name\" content=\"Tafeldeko\" \/>\n<meta property=\"article:publisher\" content=\"https:\/\/www.facebook.com\/pages\/Tafeldeko-einzigartige-Tischdekoration\/174202655894\" \/>\n<meta property=\"article:published_time\" content=\"2012-03-23T14:52:42+00:00\" \/>\n<meta property=\"og:image\" content=\"https:\/\/www.tafeldeko.de\/news\/wp-content\/uploads\/2014\/09\/osterei_kerze.JPG\" \/>\n\t<meta property=\"og:image:width\" content=\"238\" \/>\n\t<meta property=\"og:image:height\" content=\"238\" \/>\n\t<meta property=\"og:image:type\" content=\"image\/jpeg\" \/>\n<meta name=\"author\" content=\"Christiane Stein\" \/>\n<meta name=\"twitter:label1\" content=\"Verfasst von\" \/>\n\t<meta name=\"twitter:data1\" content=\"Christiane Stein\" \/>\n\t<meta name=\"twitter:label2\" content=\"Gesch\u00e4tzte Lesezeit\" \/>\n\t<meta name=\"twitter:data2\" content=\"2 Minuten\" \/>\n<script type=\"application\/ld+json\" class=\"yoast-schema-graph\">{\"@context\":\"https:\/\/schema.org\",\"@graph\":[{\"@type\":\"WebPage\",\"@id\":\"https:\/\/www.tafeldeko.de\/news\/wunderschoene-tischdeko-fuer-den-osterbrunch\/\",\"url\":\"https:\/\/www.tafeldeko.de\/news\/wunderschoene-tischdeko-fuer-den-osterbrunch\/\",\"name\":\"Wundersch\u00f6ne Tischdeko f\u00fcr den Osterbrunch - Tafeldeko\",\"isPartOf\":{\"@id\":\"https:\/\/www.tafeldeko.de\/news\/#website\"},\"datePublished\":\"2012-03-23T14:52:42+00:00\",\"dateModified\":\"2012-03-23T14:52:42+00:00\",\"author\":{\"@id\":\"https:\/\/www.tafeldeko.de\/news\/#\/schema\/person\/d2acd86447ed0b6336089a8ba83164a0\"},\"description\":\"Gerade an Ostern bieten sich viele ansprechende und bunte Accessoires, die f&#xFC;r eine Tischdeko verwendet werden k&#xF6;nnen.\",\"breadcrumb\":{\"@id\":\"https:\/\/www.tafeldeko.de\/news\/wunderschoene-tischdeko-fuer-den-osterbrunch\/#breadcrumb\"},\"inLanguage\":\"de-DE\",\"potentialAction\":[{\"@type\":\"ReadAction\",\"target\":[\"https:\/\/www.tafeldeko.de\/news\/wunderschoene-tischdeko-fuer-den-osterbrunch\/\"]}]},{\"@type\":\"BreadcrumbList\",\"@id\":\"https:\/\/www.tafeldeko.de\/news\/wunderschoene-tischdeko-fuer-den-osterbrunch\/#breadcrumb\",\"itemListElement\":[{\"@type\":\"ListItem\",\"position\":1,\"name\":\"Tafeldeko\",\"item\":\"https:\/\/www.tafeldeko.de\/news\/\"},{\"@type\":\"ListItem\",\"position\":2,\"name\":\"Alte Beitr\u00e4ge\",\"item\":\"https:\/\/www.tafeldeko.de\/news\/alte-beitraege\/\"},{\"@type\":\"ListItem\",\"position\":3,\"name\":\"Tischdeko - Blog\",\"item\":\"https:\/\/www.tafeldeko.de\/news\/alte-beitraege\/tischdeko-blog\/\"},{\"@type\":\"ListItem\",\"position\":4,\"name\":\"Wundersch\u00f6ne Tischdeko f\u00fcr den Osterbrunch\"}]},{\"@type\":\"WebSite\",\"@id\":\"https:\/\/www.tafeldeko.de\/news\/#website\",\"url\":\"https:\/\/www.tafeldeko.de\/news\/\",\"name\":\"Tafeldeko\",\"description\":\"Blog mit Tischdeko und Tischdekoration Ideen\",\"potentialAction\":[{\"@type\":\"SearchAction\",\"target\":{\"@type\":\"EntryPoint\",\"urlTemplate\":\"https:\/\/www.tafeldeko.de\/news\/?s={search_term_string}\"},\"query-input\":\"required name=search_term_string\"}],\"inLanguage\":\"de-DE\"},{\"@type\":\"Person\",\"@id\":\"https:\/\/www.tafeldeko.de\/news\/#\/schema\/person\/d2acd86447ed0b6336089a8ba83164a0\",\"name\":\"Christiane Stein\",\"image\":{\"@type\":\"ImageObject\",\"inLanguage\":\"de-DE\",\"@id\":\"https:\/\/www.tafeldeko.de\/news\/#\/schema\/person\/image\/\",\"url\":\"https:\/\/secure.gravatar.com\/avatar\/2054729fbfd1ebc9d3cf1fd55361d0b6?s=96&d=mm&r=g\",\"contentUrl\":\"https:\/\/secure.gravatar.com\/avatar\/2054729fbfd1ebc9d3cf1fd55361d0b6?s=96&d=mm&r=g\",\"caption\":\"Christiane Stein\"}}]}<\/script>\n<!-- \/ Yoast SEO plugin. -->","yoast_head_json":{"title":"Wundersch\u00f6ne Tischdeko f\u00fcr den Osterbrunch - Tafeldeko","description":"Gerade an Ostern bieten sich viele ansprechende und bunte Accessoires, die f&#xFC;r eine Tischdeko verwendet werden k&#xF6;nnen.","robots":{"index":"index","follow":"follow","max-snippet":"max-snippet:-1","max-image-preview":"max-image-preview:large","max-video-preview":"max-video-preview:-1"},"canonical":"https:\/\/www.tafeldeko.de\/news\/wunderschoene-tischdeko-fuer-den-osterbrunch\/","og_locale":"de_DE","og_type":"article","og_title":"Wundersch\u00f6ne Tischdeko f\u00fcr den Osterbrunch - Tafeldeko","og_description":"Gerade an Ostern bieten sich viele ansprechende und bunte Accessoires, die f&#xFC;r eine Tischdeko verwendet werden k&#xF6;nnen.","og_url":"https:\/\/www.tafeldeko.de\/news\/wunderschoene-tischdeko-fuer-den-osterbrunch\/","og_site_name":"Tafeldeko","article_publisher":"https:\/\/www.facebook.com\/pages\/Tafeldeko-einzigartige-Tischdekoration\/174202655894","article_published_time":"2012-03-23T14:52:42+00:00","og_image":[{"width":238,"height":238,"url":"https:\/\/www.tafeldeko.de\/news\/wp-content\/uploads\/2014\/09\/osterei_kerze.JPG","type":"image\/jpeg"}],"author":"Christiane Stein","twitter_misc":{"Verfasst von":"Christiane Stein","Gesch\u00e4tzte Lesezeit":"2 Minuten"},"schema":{"@context":"https:\/\/schema.org","@graph":[{"@type":"WebPage","@id":"https:\/\/www.tafeldeko.de\/news\/wunderschoene-tischdeko-fuer-den-osterbrunch\/","url":"https:\/\/www.tafeldeko.de\/news\/wunderschoene-tischdeko-fuer-den-osterbrunch\/","name":"Wundersch\u00f6ne Tischdeko f\u00fcr den Osterbrunch - Tafeldeko","isPartOf":{"@id":"https:\/\/www.tafeldeko.de\/news\/#website"},"datePublished":"2012-03-23T14:52:42+00:00","dateModified":"2012-03-23T14:52:42+00:00","author":{"@id":"https:\/\/www.tafeldeko.de\/news\/#\/schema\/person\/d2acd86447ed0b6336089a8ba83164a0"},"description":"Gerade an Ostern bieten sich viele ansprechende und bunte Accessoires, die f&#xFC;r eine Tischdeko verwendet werden k&#xF6;nnen.","breadcrumb":{"@id":"https:\/\/www.tafeldeko.de\/news\/wunderschoene-tischdeko-fuer-den-osterbrunch\/#breadcrumb"},"inLanguage":"de-DE","potentialAction":[{"@type":"ReadAction","target":["https:\/\/www.tafeldeko.de\/news\/wunderschoene-tischdeko-fuer-den-osterbrunch\/"]}]},{"@type":"BreadcrumbList","@id":"https:\/\/www.tafeldeko.de\/news\/wunderschoene-tischdeko-fuer-den-osterbrunch\/#breadcrumb","itemListElement":[{"@type":"ListItem","position":1,"name":"Tafeldeko","item":"https:\/\/www.tafeldeko.de\/news\/"},{"@type":"ListItem","position":2,"name":"Alte Beitr\u00e4ge","item":"https:\/\/www.tafeldeko.de\/news\/alte-beitraege\/"},{"@type":"ListItem","position":3,"name":"Tischdeko - Blog","item":"https:\/\/www.tafeldeko.de\/news\/alte-beitraege\/tischdeko-blog\/"},{"@type":"ListItem","position":4,"name":"Wundersch\u00f6ne Tischdeko f\u00fcr den Osterbrunch"}]},{"@type":"WebSite","@id":"https:\/\/www.tafeldeko.de\/news\/#website","url":"https:\/\/www.tafeldeko.de\/news\/","name":"Tafeldeko","description":"Blog mit Tischdeko und Tischdekoration Ideen","potentialAction":[{"@type":"SearchAction","target":{"@type":"EntryPoint","urlTemplate":"https:\/\/www.tafeldeko.de\/news\/?s={search_term_string}"},"query-input":"required name=search_term_string"}],"inLanguage":"de-DE"},{"@type":"Person","@id":"https:\/\/www.tafeldeko.de\/news\/#\/schema\/person\/d2acd86447ed0b6336089a8ba83164a0","name":"Christiane Stein","image":{"@type":"ImageObject","inLanguage":"de-DE","@id":"https:\/\/www.tafeldeko.de\/news\/#\/schema\/person\/image\/","url":"https:\/\/secure.gravatar.com\/avatar\/2054729fbfd1ebc9d3cf1fd55361d0b6?s=96&d=mm&r=g","contentUrl":"https:\/\/secure.gravatar.com\/avatar\/2054729fbfd1ebc9d3cf1fd55361d0b6?s=96&d=mm&r=g","caption":"Christiane Stein"}}]}},"_links":{"self":[{"href":"https:\/\/www.tafeldeko.de\/news\/wp-json\/wp\/v2\/posts\/405"}],"collection":[{"href":"https:\/\/www.tafeldeko.de\/news\/wp-json\/wp\/v2\/posts"}],"about":[{"href":"https:\/\/www.tafeldeko.de\/news\/wp-json\/wp\/v2\/types\/post"}],"author":[{"embeddable":true,"href":"https:\/\/www.tafeldeko.de\/news\/wp-json\/wp\/v2\/users\/2"}],"replies":[{"embeddable":true,"href":"https:\/\/www.tafeldeko.de\/news\/wp-json\/wp\/v2\/comments?post=405"}],"version-history":[{"count":0,"href":"https:\/\/www.tafeldeko.de\/news\/wp-json\/wp\/v2\/posts\/405\/revisions"}],"wp:featuredmedia":[{"embeddable":true,"href":"https:\/\/www.tafeldeko.de\/news\/wp-json\/wp\/v2\/media\/406"}],"wp:attachment":[{"href":"https:\/\/www.tafeldeko.de\/news\/wp-json\/wp\/v2\/media?parent=405"}],"wp:term":[{"taxonomy":"category","embeddable":true,"href":"https:\/\/www.tafeldeko.de\/news\/wp-json\/wp\/v2\/categories?post=405"},{"taxonomy":"post_tag","embeddable":true,"href":"https:\/\/www.tafeldeko.de\/news\/wp-json\/wp\/v2\/tags?post=405"}],"curies":[{"name":"wp","href":"https:\/\/api.w.org\/{rel}","templated":true}]}}