{"id":403,"date":"2012-03-22T20:40:42","date_gmt":"2012-03-22T18:40:42","guid":{"rendered":"http:\/\/www.tafeldeko.de\/news\/?p=403"},"modified":"2012-03-22T20:40:42","modified_gmt":"2012-03-22T18:40:42","slug":"tischdeko-fuer-die-feier-in-den-fruehlings-und-sommermonaten","status":"publish","type":"post","link":"https:\/\/www.tafeldeko.de\/news\/tischdeko-fuer-die-feier-in-den-fruehlings-und-sommermonaten\/","title":{"rendered":"Tischdeko f\u00fcr die Feier in den Fr\u00fchlings- und Sommermonaten"},"content":{"rendered":"<div class=\"textumfliessenrechts\"><img decoding=\"async\" loading=\"lazy\" src=\"https:\/\/www.tafeldeko.de\/news\/media\/users\/schnurchristian\/deko_tasche.JPG\" alt=\"Deko Textiltasche mit Blumen\" title=\"Deko Textiltasche mit Blumen\" width=\"250\" height=\"250\" \/><br \/><a href=\"https:\/\/www.tafeldeko.de\/index.php\/cat\/c68_Accessoires.html\" title=\"Geburtstags Accessoires\"><b>Geburtstags Accessoires<\/b><\/a><\/div>\n<p> Die Sonne mit ihren w\u00e4rmenden Strahlen erfreut uns in den letzten Tagen. Und das Sch\u00f6ne: es soll noch einige Tage so bleiben.<br \/>\nMit den Sonnenstrahlen steigt auch die gute Laune und man freut sich, dass endlich der <b>Fr\u00fchling <\/b>da ist. Fr\u00fchlingsanfang war erst vor einigen Tagen und p\u00fcnktlich zum Fr\u00fchlingsanfang kam die Sonne heraus \u2013 was gibt es Sch\u00f6neres?<br \/>\nMit dem Fr\u00fchling kommt auch die Vorfreude auf die lauen Fr\u00fchlings- und Sommerabende, an denen man im Garten, auf der Terrasse oder dem Balkon sitzt und die Ruhe genie\u00dft. Und dabei m\u00f6chte man es auch entsprechend gem\u00fctlich haben, das hei\u00dft, eine sch\u00f6ne Deko \u2013 sei es in Form von diversen Figuren oder einer ansprechenden Tischdeko \u2013 sollte schon sein. Gerade wenn man Freunde zu diesem Treffen eingeladen hat, ist es eine sch\u00f6ne Geste, den Tisch einladend zu decken.<br \/>\nDie Tischdeko f\u00fcr den <b>Au\u00dfenbereich <\/b>kann im Prinzip gar nicht so \u00fcppig ausfallen, da man auch den Wind mit einkalkulieren muss. Manche Accessoires, die eine sch\u00f6ne Wirkung auf dem Tisch erzielen, verschwinden beim kleinsten Windhauch von der Bildfl\u00e4che. Damit dies nicht geschieht, sollte man sich entsprechend gewichtige Accessoires ausw\u00e4hlen.<br \/>\nFr\u00fchling und Sommer sind farbenfroh \u2013 zum einen zeigen sich wundersch\u00f6ne Fr\u00fchlings- und Sommerblumen auf den Wiesen, die Wiesen an sich erstrahlen in saftigem Gr\u00fcn und die V\u00f6gel zwitschern ein sch\u00f6nes Lied. Und aus diesem Grund darf die Tischdeko ebenfalls bunt ausgestattet sein. Ton-in-Ton kann man bei besonderen Anl\u00e4ssen eindecken, f\u00fcr die kleine <b>Gartenparty <\/b>darf es gerne bunt und schillernd sein.<br \/>\nDas hei\u00dft, bunte <b><a href=\"https:\/\/www.tafeldeko.de\/index.php\/cat\/c486_Servietten.html\" title=\"Servietten\">Servietten<\/a><\/b> \u2013 entweder in einem Serviettenhalter sch\u00f6n angeordnet \u2013 oder unter die Bestecke oder Teller der G\u00e4ste gelegt, ergeben sie ein sch\u00f6nes Bild und halten auch den einen oder anderen Windsto\u00df unbeschadet aus.<br \/>\nDa es in den Abendstunden dann dunkler wird, setzen Kerzen <b>sch\u00f6ne Akzente<\/b>.<br \/>\n<b><a href=\"https:\/\/www.tafeldeko.de\/index.php\/cat\/c527_Kerzengl%C3%A4ser.html\" title=\"Kerzengl\u00e4ser\">Kerzengl\u00e4ser<\/a><\/b>, Teelichtgl\u00e4ser und Windlichter sind M\u00f6glichkeiten, f\u00fcr das sch\u00f6ne Kerzenlicht zu sorgen \u2013 eine andere M\u00f6glichkeit bietet die Deko Textiltasche mit Drahtb\u00fcgel und Blumenmuster. Ein sch\u00f6ner, <b>sommerlicher Blickfang<\/b>, der f\u00fcr ein angenehmes und stimmungsvolles Licht sorgt.<\/p>\n","protected":false},"excerpt":{"rendered":"<p>Die Sonne mit ihren w\u00e4rmenden Strahlen erfreut uns in den letzten Tagen. Und das Sch\u00f6ne: es soll noch einige Tage so bleiben.<br \/>\nMit den Sonnenstrahlen steigt auch die gute Laune und man freut sich, dass endlich der Fr\u00fchling da ist. Fr\u00fchlingsanfang war erst vor einigen Tagen und p\u00fcnktlich zum Fr\u00fchlingsanfang kam die Sonne heraus \u2013 was gibt es Sch\u00f6neres?<br \/>\nMit dem Fr\u00fchling kommt auch die Vorfreude auf die lauen Fr\u00fchlings- und Sommerabende, an denen man im Garten, auf der Terrasse oder dem Balkon sitzt und die Ruhe genie\u00dft. Und dabei m\u00f6chte man es auch entsprechend gem\u00fctlich haben, das hei\u00dft, eine sch\u00f6ne Deko \u2013 sei es in Form von diversen Figuren oder einer ansprechenden Tischdeko \u2013 sollte schon sein. Gerade wenn man Freunde zu diesem Treffen eingeladen hat, ist es eine sch\u00f6ne Geste, den Tisch einladend zu decken.<\/p>\n","protected":false},"author":2,"featured_media":404,"comment_status":"open","ping_status":"open","sticky":false,"template":"","format":"standard","meta":{"footnotes":""},"categories":[1],"tags":[],"yoast_head":"<!-- This site is optimized with the Yoast SEO plugin v20.4 - https:\/\/yoast.com\/wordpress\/plugins\/seo\/ -->\n<title>Tischdeko f\u00fcr die Feier in den Fr\u00fchlings- und Sommermonaten - Tafeldeko<\/title>\n<meta name=\"description\" content=\"Bunte Accessoires sind perfekt f&#xFC;r die Tischdeko im Fr&#xFC;hling. Zaubern Sie Fr&#xFC;hlingslaune auf den Tisch, beleben Sie Ihre Gartenparty mit einer tollen Tischdeko.\" \/>\n<meta name=\"robots\" content=\"index, follow, max-snippet:-1, max-image-preview:large, max-video-preview:-1\" \/>\n<link rel=\"canonical\" href=\"https:\/\/www.tafeldeko.de\/news\/tischdeko-fuer-die-feier-in-den-fruehlings-und-sommermonaten\/\" \/>\n<meta property=\"og:locale\" content=\"de_DE\" \/>\n<meta property=\"og:type\" content=\"article\" \/>\n<meta property=\"og:title\" content=\"Tischdeko f\u00fcr die Feier in den Fr\u00fchlings- und Sommermonaten - Tafeldeko\" \/>\n<meta property=\"og:description\" content=\"Bunte Accessoires sind perfekt f&#xFC;r die Tischdeko im Fr&#xFC;hling. Zaubern Sie Fr&#xFC;hlingslaune auf den Tisch, beleben Sie Ihre Gartenparty mit einer tollen Tischdeko.\" \/>\n<meta property=\"og:url\" content=\"https:\/\/www.tafeldeko.de\/news\/tischdeko-fuer-die-feier-in-den-fruehlings-und-sommermonaten\/\" \/>\n<meta property=\"og:site_name\" content=\"Tafeldeko\" \/>\n<meta property=\"article:publisher\" content=\"https:\/\/www.facebook.com\/pages\/Tafeldeko-einzigartige-Tischdekoration\/174202655894\" \/>\n<meta property=\"article:published_time\" content=\"2012-03-22T18:40:42+00:00\" \/>\n<meta property=\"og:image\" content=\"https:\/\/www.tafeldeko.de\/news\/wp-content\/uploads\/2014\/09\/deko_tasche.JPG\" \/>\n\t<meta property=\"og:image:width\" content=\"250\" \/>\n\t<meta property=\"og:image:height\" content=\"250\" \/>\n\t<meta property=\"og:image:type\" content=\"image\/jpeg\" \/>\n<meta name=\"author\" content=\"Christiane Stein\" \/>\n<meta name=\"twitter:label1\" content=\"Verfasst von\" \/>\n\t<meta name=\"twitter:data1\" content=\"Christiane Stein\" \/>\n\t<meta name=\"twitter:label2\" content=\"Gesch\u00e4tzte Lesezeit\" \/>\n\t<meta name=\"twitter:data2\" content=\"2 Minuten\" \/>\n<script type=\"application\/ld+json\" class=\"yoast-schema-graph\">{\"@context\":\"https:\/\/schema.org\",\"@graph\":[{\"@type\":\"WebPage\",\"@id\":\"https:\/\/www.tafeldeko.de\/news\/tischdeko-fuer-die-feier-in-den-fruehlings-und-sommermonaten\/\",\"url\":\"https:\/\/www.tafeldeko.de\/news\/tischdeko-fuer-die-feier-in-den-fruehlings-und-sommermonaten\/\",\"name\":\"Tischdeko f\u00fcr die Feier in den Fr\u00fchlings- und Sommermonaten - Tafeldeko\",\"isPartOf\":{\"@id\":\"https:\/\/www.tafeldeko.de\/news\/#website\"},\"datePublished\":\"2012-03-22T18:40:42+00:00\",\"dateModified\":\"2012-03-22T18:40:42+00:00\",\"author\":{\"@id\":\"https:\/\/www.tafeldeko.de\/news\/#\/schema\/person\/d2acd86447ed0b6336089a8ba83164a0\"},\"description\":\"Bunte Accessoires sind perfekt f&#xFC;r die Tischdeko im Fr&#xFC;hling. Zaubern Sie Fr&#xFC;hlingslaune auf den Tisch, beleben Sie Ihre Gartenparty mit einer tollen Tischdeko.\",\"breadcrumb\":{\"@id\":\"https:\/\/www.tafeldeko.de\/news\/tischdeko-fuer-die-feier-in-den-fruehlings-und-sommermonaten\/#breadcrumb\"},\"inLanguage\":\"de-DE\",\"potentialAction\":[{\"@type\":\"ReadAction\",\"target\":[\"https:\/\/www.tafeldeko.de\/news\/tischdeko-fuer-die-feier-in-den-fruehlings-und-sommermonaten\/\"]}]},{\"@type\":\"BreadcrumbList\",\"@id\":\"https:\/\/www.tafeldeko.de\/news\/tischdeko-fuer-die-feier-in-den-fruehlings-und-sommermonaten\/#breadcrumb\",\"itemListElement\":[{\"@type\":\"ListItem\",\"position\":1,\"name\":\"Tafeldeko\",\"item\":\"https:\/\/www.tafeldeko.de\/news\/\"},{\"@type\":\"ListItem\",\"position\":2,\"name\":\"Alte Beitr\u00e4ge\",\"item\":\"https:\/\/www.tafeldeko.de\/news\/alte-beitraege\/\"},{\"@type\":\"ListItem\",\"position\":3,\"name\":\"Tischdeko - Blog\",\"item\":\"https:\/\/www.tafeldeko.de\/news\/alte-beitraege\/tischdeko-blog\/\"},{\"@type\":\"ListItem\",\"position\":4,\"name\":\"Tischdeko f\u00fcr die Feier in den Fr\u00fchlings- und Sommermonaten\"}]},{\"@type\":\"WebSite\",\"@id\":\"https:\/\/www.tafeldeko.de\/news\/#website\",\"url\":\"https:\/\/www.tafeldeko.de\/news\/\",\"name\":\"Tafeldeko\",\"description\":\"Blog mit Tischdeko und Tischdekoration Ideen\",\"potentialAction\":[{\"@type\":\"SearchAction\",\"target\":{\"@type\":\"EntryPoint\",\"urlTemplate\":\"https:\/\/www.tafeldeko.de\/news\/?s={search_term_string}\"},\"query-input\":\"required name=search_term_string\"}],\"inLanguage\":\"de-DE\"},{\"@type\":\"Person\",\"@id\":\"https:\/\/www.tafeldeko.de\/news\/#\/schema\/person\/d2acd86447ed0b6336089a8ba83164a0\",\"name\":\"Christiane Stein\",\"image\":{\"@type\":\"ImageObject\",\"inLanguage\":\"de-DE\",\"@id\":\"https:\/\/www.tafeldeko.de\/news\/#\/schema\/person\/image\/\",\"url\":\"https:\/\/secure.gravatar.com\/avatar\/2054729fbfd1ebc9d3cf1fd55361d0b6?s=96&d=mm&r=g\",\"contentUrl\":\"https:\/\/secure.gravatar.com\/avatar\/2054729fbfd1ebc9d3cf1fd55361d0b6?s=96&d=mm&r=g\",\"caption\":\"Christiane Stein\"}}]}<\/script>\n<!-- \/ Yoast SEO plugin. -->","yoast_head_json":{"title":"Tischdeko f\u00fcr die Feier in den Fr\u00fchlings- und Sommermonaten - Tafeldeko","description":"Bunte Accessoires sind perfekt f&#xFC;r die Tischdeko im Fr&#xFC;hling. Zaubern Sie Fr&#xFC;hlingslaune auf den Tisch, beleben Sie Ihre Gartenparty mit einer tollen Tischdeko.","robots":{"index":"index","follow":"follow","max-snippet":"max-snippet:-1","max-image-preview":"max-image-preview:large","max-video-preview":"max-video-preview:-1"},"canonical":"https:\/\/www.tafeldeko.de\/news\/tischdeko-fuer-die-feier-in-den-fruehlings-und-sommermonaten\/","og_locale":"de_DE","og_type":"article","og_title":"Tischdeko f\u00fcr die Feier in den Fr\u00fchlings- und Sommermonaten - Tafeldeko","og_description":"Bunte Accessoires sind perfekt f&#xFC;r die Tischdeko im Fr&#xFC;hling. Zaubern Sie Fr&#xFC;hlingslaune auf den Tisch, beleben Sie Ihre Gartenparty mit einer tollen Tischdeko.","og_url":"https:\/\/www.tafeldeko.de\/news\/tischdeko-fuer-die-feier-in-den-fruehlings-und-sommermonaten\/","og_site_name":"Tafeldeko","article_publisher":"https:\/\/www.facebook.com\/pages\/Tafeldeko-einzigartige-Tischdekoration\/174202655894","article_published_time":"2012-03-22T18:40:42+00:00","og_image":[{"width":250,"height":250,"url":"https:\/\/www.tafeldeko.de\/news\/wp-content\/uploads\/2014\/09\/deko_tasche.JPG","type":"image\/jpeg"}],"author":"Christiane Stein","twitter_misc":{"Verfasst von":"Christiane Stein","Gesch\u00e4tzte Lesezeit":"2 Minuten"},"schema":{"@context":"https:\/\/schema.org","@graph":[{"@type":"WebPage","@id":"https:\/\/www.tafeldeko.de\/news\/tischdeko-fuer-die-feier-in-den-fruehlings-und-sommermonaten\/","url":"https:\/\/www.tafeldeko.de\/news\/tischdeko-fuer-die-feier-in-den-fruehlings-und-sommermonaten\/","name":"Tischdeko f\u00fcr die Feier in den Fr\u00fchlings- und Sommermonaten - Tafeldeko","isPartOf":{"@id":"https:\/\/www.tafeldeko.de\/news\/#website"},"datePublished":"2012-03-22T18:40:42+00:00","dateModified":"2012-03-22T18:40:42+00:00","author":{"@id":"https:\/\/www.tafeldeko.de\/news\/#\/schema\/person\/d2acd86447ed0b6336089a8ba83164a0"},"description":"Bunte Accessoires sind perfekt f&#xFC;r die Tischdeko im Fr&#xFC;hling. Zaubern Sie Fr&#xFC;hlingslaune auf den Tisch, beleben Sie Ihre Gartenparty mit einer tollen Tischdeko.","breadcrumb":{"@id":"https:\/\/www.tafeldeko.de\/news\/tischdeko-fuer-die-feier-in-den-fruehlings-und-sommermonaten\/#breadcrumb"},"inLanguage":"de-DE","potentialAction":[{"@type":"ReadAction","target":["https:\/\/www.tafeldeko.de\/news\/tischdeko-fuer-die-feier-in-den-fruehlings-und-sommermonaten\/"]}]},{"@type":"BreadcrumbList","@id":"https:\/\/www.tafeldeko.de\/news\/tischdeko-fuer-die-feier-in-den-fruehlings-und-sommermonaten\/#breadcrumb","itemListElement":[{"@type":"ListItem","position":1,"name":"Tafeldeko","item":"https:\/\/www.tafeldeko.de\/news\/"},{"@type":"ListItem","position":2,"name":"Alte Beitr\u00e4ge","item":"https:\/\/www.tafeldeko.de\/news\/alte-beitraege\/"},{"@type":"ListItem","position":3,"name":"Tischdeko - Blog","item":"https:\/\/www.tafeldeko.de\/news\/alte-beitraege\/tischdeko-blog\/"},{"@type":"ListItem","position":4,"name":"Tischdeko f\u00fcr die Feier in den Fr\u00fchlings- und Sommermonaten"}]},{"@type":"WebSite","@id":"https:\/\/www.tafeldeko.de\/news\/#website","url":"https:\/\/www.tafeldeko.de\/news\/","name":"Tafeldeko","description":"Blog mit Tischdeko und Tischdekoration Ideen","potentialAction":[{"@type":"SearchAction","target":{"@type":"EntryPoint","urlTemplate":"https:\/\/www.tafeldeko.de\/news\/?s={search_term_string}"},"query-input":"required name=search_term_string"}],"inLanguage":"de-DE"},{"@type":"Person","@id":"https:\/\/www.tafeldeko.de\/news\/#\/schema\/person\/d2acd86447ed0b6336089a8ba83164a0","name":"Christiane Stein","image":{"@type":"ImageObject","inLanguage":"de-DE","@id":"https:\/\/www.tafeldeko.de\/news\/#\/schema\/person\/image\/","url":"https:\/\/secure.gravatar.com\/avatar\/2054729fbfd1ebc9d3cf1fd55361d0b6?s=96&d=mm&r=g","contentUrl":"https:\/\/secure.gravatar.com\/avatar\/2054729fbfd1ebc9d3cf1fd55361d0b6?s=96&d=mm&r=g","caption":"Christiane Stein"}}]}},"_links":{"self":[{"href":"https:\/\/www.tafeldeko.de\/news\/wp-json\/wp\/v2\/posts\/403"}],"collection":[{"href":"https:\/\/www.tafeldeko.de\/news\/wp-json\/wp\/v2\/posts"}],"about":[{"href":"https:\/\/www.tafeldeko.de\/news\/wp-json\/wp\/v2\/types\/post"}],"author":[{"embeddable":true,"href":"https:\/\/www.tafeldeko.de\/news\/wp-json\/wp\/v2\/users\/2"}],"replies":[{"embeddable":true,"href":"https:\/\/www.tafeldeko.de\/news\/wp-json\/wp\/v2\/comments?post=403"}],"version-history":[{"count":0,"href":"https:\/\/www.tafeldeko.de\/news\/wp-json\/wp\/v2\/posts\/403\/revisions"}],"wp:featuredmedia":[{"embeddable":true,"href":"https:\/\/www.tafeldeko.de\/news\/wp-json\/wp\/v2\/media\/404"}],"wp:attachment":[{"href":"https:\/\/www.tafeldeko.de\/news\/wp-json\/wp\/v2\/media?parent=403"}],"wp:term":[{"taxonomy":"category","embeddable":true,"href":"https:\/\/www.tafeldeko.de\/news\/wp-json\/wp\/v2\/categories?post=403"},{"taxonomy":"post_tag","embeddable":true,"href":"https:\/\/www.tafeldeko.de\/news\/wp-json\/wp\/v2\/tags?post=403"}],"curies":[{"name":"wp","href":"https:\/\/api.w.org\/{rel}","templated":true}]}}