{"id":402,"date":"2012-03-15T20:30:21","date_gmt":"2012-03-15T18:30:21","guid":{"rendered":"http:\/\/www.tafeldeko.de\/news\/?p=402"},"modified":"2012-03-15T20:30:21","modified_gmt":"2012-03-15T18:30:21","slug":"tischdeko-fuer-die-tage-vor-ostern-und-das-osterfest","status":"publish","type":"post","link":"https:\/\/www.tafeldeko.de\/news\/tischdeko-fuer-die-tage-vor-ostern-und-das-osterfest\/","title":{"rendered":"Tischdeko f\u00fcr die Tage vor Ostern und das Osterfest"},"content":{"rendered":"<div class=\"textumfliessenrechts\"><img decoding=\"async\" loading=\"lazy\" src=\"https:\/\/www.tafeldeko.de\/news\/media\/users\/schnurchristian\/Ostern.jpg\" alt=\"Tischdeko Ostern\" title=\"Tischdeko Ostern\" width=\"300\" height=\"217\" \/><br \/><a href=\"https:\/\/www.tafeldeko.de\/mustertische\/index.php?t=2&#038;c=6&#038;lang=2\" title=\"Oster Tischdeko\"><b>Oster Tischdeko<\/b><\/a><\/div>\n<p> Im Kirchenjahr z\u00e4hlt <b>Ostern <\/b>zu den wichtigsten Festen innerhalb eines Jahres. Viele Br\u00e4uche, die an Ostern immer noch zelebriert werden, lassen erkennen, dass unsere Vorfahren eine germanische Fruchtbarkeitsg\u00f6ttin ehrten. Zu diesen Br\u00e4uchen und damit auch als Symbole f\u00fcr das Osterfest z\u00e4hlen Hase und Ei &#8211; beide stellen Symbole des Lebens dar.<br \/>\nIn manchen Gegenden werden am Sonntag vor Ostern, dem Palmsonntag, von den Kindern Palmwedel oder auch andere \u00c4ste in die Kirche gebracht.<br \/>\nDiese Palmwedel oder \u00c4ste werden gesegnet. Und der damit verbundene Brauch besagt, dass die Person, die an diesem Sonntag als Letzter aus dem Bett steigt, der &#8220;Palmesel&#8221; ist. Einen Tag lang wird der Palmesel von den anderen verspottet.<br \/>\nAndere Br\u00e4uche vor und zu Ostern erleben wir an Gr\u00fcndonnerstag und Karfreitag. Am Gr\u00fcndonnerstag d\u00fcrfen nur &#8220;gr\u00fcne&#8221; Speisen zu sich genommen werden, der Karfreitag &#8211; als Tag der Trauer &#8211; bringt Fisch auf den Tisch. Zudem werden am Karfreitag in manchen Gegenden die Bilder verh\u00e4ngt und auch die Kirchturmglocken l\u00e4uten nicht.<br \/>\nWie dem auch sei und welche Br\u00e4uche man zelebriert, auf eine gewisse <b>Osterdeko<\/b> m\u00f6chte niemand verzichten. Osterhasen, K\u00fcken, Ostereier, Osternester und viele mehr lachen uns aus der Osterdeko an und steigern die Vorfreude auf das Osterfest.<br \/>\nAm Osterfest selbst, wenn sich die Familie zum traditionellen Ostermahl trifft, wird der <b>Tisch sch\u00f6n dekoriert<\/b>.<br \/>\nDie Tischdeko zum Osterfest pr\u00e4sentiert sich sehr h\u00e4ufig in Gelb und Gr\u00fcn. Mitunter auch deshalb, weil sich zum Osterfest auch die Natur wieder zur\u00fcckmeldet. Wiesen leuchten in saftigem Gr\u00fcn, Osterglocken, Narzissen und <b><a href=\"https:\/\/www.tafeldeko.de\/index.php\/cat\/c1922_Fr%C3%BChling.html\" title=\"Tulpen\">Tulpen<\/a><\/b> strahlen in den Vorg\u00e4rten und in Blumenk\u00fcbeln um die Wette.<br \/>\nDie Oster Tischdeko ist schnell gezaubert, mit einer gelben <b><a href=\"https:\/\/www.tafeldeko.de\/index.php\/cat\/c525_Tischdecken.html\" title=\"Tischdecke\">Tischdecke<\/a><\/b> und gr\u00fcnem Sizoflor Tischband ist der erste Schritt schon getan. Ein gelbes Satinband wird leicht gezwirbelt und l\u00e4ngs auf die Tischmitte gelegt. Gr\u00fcne Rattankugeln, gelbe Bl\u00fcten, gr\u00fcne und gelbe Acrylbl\u00fcten und Margeriten Streu runden das Erscheinungsbild gekonnt ab.<br \/>\nUnd was nat\u00fcrlich bei der Tischdeko zu Ostern nicht fehlen darf: der Osterhase als Dekofigur auf dem Tisch. Dieser kleine Blickfang ist nicht nur f\u00fcr Kinderaugen sch\u00f6n anzuschauen.<br \/>\nDie \u00f6sterliche Tischdeko &#8211; sch\u00f6ne Umrahmung f\u00fcr eine sch\u00f6ne Familienfeier.<\/p>\n","protected":false},"excerpt":{"rendered":"<p>Im Kirchenjahr z\u00e4hlt Ostern zu den wichtigsten Festen innerhalb eines Jahres. Viele Br\u00e4uche, die an Ostern immer noch zelebriert werden, lassen erkennen, dass unsere Vorfahren eine germanische Fruchtbarkeitsg\u00f6ttin ehrten. Zu diesen Br\u00e4uchen und damit auch als Symbole f\u00fcr das Osterfest z\u00e4hlen Hase und Ei &#8211; beide stellen Symbole des Lebens dar.<br \/>\nIn manchen Gegenden werden am Sonntag vor Ostern, dem Palmsonntag, von den Kindern Palmwedel oder auch andere \u00c4ste in die Kirche gebracht.<\/p>\n","protected":false},"author":2,"featured_media":128,"comment_status":"open","ping_status":"open","sticky":false,"template":"","format":"standard","meta":{"footnotes":""},"categories":[1],"tags":[],"yoast_head":"<!-- This site is optimized with the Yoast SEO plugin v20.4 - https:\/\/yoast.com\/wordpress\/plugins\/seo\/ -->\n<title>Tischdeko f\u00fcr die Tage vor Ostern und das Osterfest - Tafeldeko<\/title>\n<meta name=\"description\" content=\"Die Tischdeko zum Osterfest pr&#xE4;sentiert sich sehr h&#xE4;ufig in Gelb und Gr&#xFC;n. Erfrischend und sch&#xF6;n - so kann man die Tischdeko kurz beschreiben.\" \/>\n<meta name=\"robots\" content=\"index, follow, max-snippet:-1, max-image-preview:large, max-video-preview:-1\" \/>\n<link rel=\"canonical\" href=\"https:\/\/www.tafeldeko.de\/news\/tischdeko-fuer-die-tage-vor-ostern-und-das-osterfest\/\" \/>\n<meta property=\"og:locale\" content=\"de_DE\" \/>\n<meta property=\"og:type\" content=\"article\" \/>\n<meta property=\"og:title\" content=\"Tischdeko f\u00fcr die Tage vor Ostern und das Osterfest - Tafeldeko\" \/>\n<meta property=\"og:description\" content=\"Die Tischdeko zum Osterfest pr&#xE4;sentiert sich sehr h&#xE4;ufig in Gelb und Gr&#xFC;n. Erfrischend und sch&#xF6;n - so kann man die Tischdeko kurz beschreiben.\" \/>\n<meta property=\"og:url\" content=\"https:\/\/www.tafeldeko.de\/news\/tischdeko-fuer-die-tage-vor-ostern-und-das-osterfest\/\" \/>\n<meta property=\"og:site_name\" content=\"Tafeldeko\" \/>\n<meta property=\"article:publisher\" content=\"https:\/\/www.facebook.com\/pages\/Tafeldeko-einzigartige-Tischdekoration\/174202655894\" \/>\n<meta property=\"article:published_time\" content=\"2012-03-15T18:30:21+00:00\" \/>\n<meta property=\"og:image\" content=\"https:\/\/www.tafeldeko.de\/news\/wp-content\/uploads\/2014\/09\/Ostern.jpg\" \/>\n\t<meta property=\"og:image:width\" content=\"300\" \/>\n\t<meta property=\"og:image:height\" content=\"217\" \/>\n\t<meta property=\"og:image:type\" content=\"image\/jpeg\" \/>\n<meta name=\"author\" content=\"Christiane Stein\" \/>\n<meta name=\"twitter:label1\" content=\"Verfasst von\" \/>\n\t<meta name=\"twitter:data1\" content=\"Christiane Stein\" \/>\n\t<meta name=\"twitter:label2\" content=\"Gesch\u00e4tzte Lesezeit\" \/>\n\t<meta name=\"twitter:data2\" content=\"2 Minuten\" \/>\n<script type=\"application\/ld+json\" class=\"yoast-schema-graph\">{\"@context\":\"https:\/\/schema.org\",\"@graph\":[{\"@type\":\"WebPage\",\"@id\":\"https:\/\/www.tafeldeko.de\/news\/tischdeko-fuer-die-tage-vor-ostern-und-das-osterfest\/\",\"url\":\"https:\/\/www.tafeldeko.de\/news\/tischdeko-fuer-die-tage-vor-ostern-und-das-osterfest\/\",\"name\":\"Tischdeko f\u00fcr die Tage vor Ostern und das Osterfest - Tafeldeko\",\"isPartOf\":{\"@id\":\"https:\/\/www.tafeldeko.de\/news\/#website\"},\"datePublished\":\"2012-03-15T18:30:21+00:00\",\"dateModified\":\"2012-03-15T18:30:21+00:00\",\"author\":{\"@id\":\"https:\/\/www.tafeldeko.de\/news\/#\/schema\/person\/d2acd86447ed0b6336089a8ba83164a0\"},\"description\":\"Die Tischdeko zum Osterfest pr&#xE4;sentiert sich sehr h&#xE4;ufig in Gelb und Gr&#xFC;n. Erfrischend und sch&#xF6;n - so kann man die Tischdeko kurz beschreiben.\",\"breadcrumb\":{\"@id\":\"https:\/\/www.tafeldeko.de\/news\/tischdeko-fuer-die-tage-vor-ostern-und-das-osterfest\/#breadcrumb\"},\"inLanguage\":\"de-DE\",\"potentialAction\":[{\"@type\":\"ReadAction\",\"target\":[\"https:\/\/www.tafeldeko.de\/news\/tischdeko-fuer-die-tage-vor-ostern-und-das-osterfest\/\"]}]},{\"@type\":\"BreadcrumbList\",\"@id\":\"https:\/\/www.tafeldeko.de\/news\/tischdeko-fuer-die-tage-vor-ostern-und-das-osterfest\/#breadcrumb\",\"itemListElement\":[{\"@type\":\"ListItem\",\"position\":1,\"name\":\"Tafeldeko\",\"item\":\"https:\/\/www.tafeldeko.de\/news\/\"},{\"@type\":\"ListItem\",\"position\":2,\"name\":\"Alte Beitr\u00e4ge\",\"item\":\"https:\/\/www.tafeldeko.de\/news\/alte-beitraege\/\"},{\"@type\":\"ListItem\",\"position\":3,\"name\":\"Tischdeko - Blog\",\"item\":\"https:\/\/www.tafeldeko.de\/news\/alte-beitraege\/tischdeko-blog\/\"},{\"@type\":\"ListItem\",\"position\":4,\"name\":\"Tischdeko f\u00fcr die Tage vor Ostern und das Osterfest\"}]},{\"@type\":\"WebSite\",\"@id\":\"https:\/\/www.tafeldeko.de\/news\/#website\",\"url\":\"https:\/\/www.tafeldeko.de\/news\/\",\"name\":\"Tafeldeko\",\"description\":\"Blog mit Tischdeko und Tischdekoration Ideen\",\"potentialAction\":[{\"@type\":\"SearchAction\",\"target\":{\"@type\":\"EntryPoint\",\"urlTemplate\":\"https:\/\/www.tafeldeko.de\/news\/?s={search_term_string}\"},\"query-input\":\"required name=search_term_string\"}],\"inLanguage\":\"de-DE\"},{\"@type\":\"Person\",\"@id\":\"https:\/\/www.tafeldeko.de\/news\/#\/schema\/person\/d2acd86447ed0b6336089a8ba83164a0\",\"name\":\"Christiane Stein\",\"image\":{\"@type\":\"ImageObject\",\"inLanguage\":\"de-DE\",\"@id\":\"https:\/\/www.tafeldeko.de\/news\/#\/schema\/person\/image\/\",\"url\":\"https:\/\/secure.gravatar.com\/avatar\/2054729fbfd1ebc9d3cf1fd55361d0b6?s=96&d=mm&r=g\",\"contentUrl\":\"https:\/\/secure.gravatar.com\/avatar\/2054729fbfd1ebc9d3cf1fd55361d0b6?s=96&d=mm&r=g\",\"caption\":\"Christiane Stein\"}}]}<\/script>\n<!-- \/ Yoast SEO plugin. -->","yoast_head_json":{"title":"Tischdeko f\u00fcr die Tage vor Ostern und das Osterfest - Tafeldeko","description":"Die Tischdeko zum Osterfest pr&#xE4;sentiert sich sehr h&#xE4;ufig in Gelb und Gr&#xFC;n. Erfrischend und sch&#xF6;n - so kann man die Tischdeko kurz beschreiben.","robots":{"index":"index","follow":"follow","max-snippet":"max-snippet:-1","max-image-preview":"max-image-preview:large","max-video-preview":"max-video-preview:-1"},"canonical":"https:\/\/www.tafeldeko.de\/news\/tischdeko-fuer-die-tage-vor-ostern-und-das-osterfest\/","og_locale":"de_DE","og_type":"article","og_title":"Tischdeko f\u00fcr die Tage vor Ostern und das Osterfest - Tafeldeko","og_description":"Die Tischdeko zum Osterfest pr&#xE4;sentiert sich sehr h&#xE4;ufig in Gelb und Gr&#xFC;n. Erfrischend und sch&#xF6;n - so kann man die Tischdeko kurz beschreiben.","og_url":"https:\/\/www.tafeldeko.de\/news\/tischdeko-fuer-die-tage-vor-ostern-und-das-osterfest\/","og_site_name":"Tafeldeko","article_publisher":"https:\/\/www.facebook.com\/pages\/Tafeldeko-einzigartige-Tischdekoration\/174202655894","article_published_time":"2012-03-15T18:30:21+00:00","og_image":[{"width":300,"height":217,"url":"https:\/\/www.tafeldeko.de\/news\/wp-content\/uploads\/2014\/09\/Ostern.jpg","type":"image\/jpeg"}],"author":"Christiane Stein","twitter_misc":{"Verfasst von":"Christiane Stein","Gesch\u00e4tzte Lesezeit":"2 Minuten"},"schema":{"@context":"https:\/\/schema.org","@graph":[{"@type":"WebPage","@id":"https:\/\/www.tafeldeko.de\/news\/tischdeko-fuer-die-tage-vor-ostern-und-das-osterfest\/","url":"https:\/\/www.tafeldeko.de\/news\/tischdeko-fuer-die-tage-vor-ostern-und-das-osterfest\/","name":"Tischdeko f\u00fcr die Tage vor Ostern und das Osterfest - Tafeldeko","isPartOf":{"@id":"https:\/\/www.tafeldeko.de\/news\/#website"},"datePublished":"2012-03-15T18:30:21+00:00","dateModified":"2012-03-15T18:30:21+00:00","author":{"@id":"https:\/\/www.tafeldeko.de\/news\/#\/schema\/person\/d2acd86447ed0b6336089a8ba83164a0"},"description":"Die Tischdeko zum Osterfest pr&#xE4;sentiert sich sehr h&#xE4;ufig in Gelb und Gr&#xFC;n. Erfrischend und sch&#xF6;n - so kann man die Tischdeko kurz beschreiben.","breadcrumb":{"@id":"https:\/\/www.tafeldeko.de\/news\/tischdeko-fuer-die-tage-vor-ostern-und-das-osterfest\/#breadcrumb"},"inLanguage":"de-DE","potentialAction":[{"@type":"ReadAction","target":["https:\/\/www.tafeldeko.de\/news\/tischdeko-fuer-die-tage-vor-ostern-und-das-osterfest\/"]}]},{"@type":"BreadcrumbList","@id":"https:\/\/www.tafeldeko.de\/news\/tischdeko-fuer-die-tage-vor-ostern-und-das-osterfest\/#breadcrumb","itemListElement":[{"@type":"ListItem","position":1,"name":"Tafeldeko","item":"https:\/\/www.tafeldeko.de\/news\/"},{"@type":"ListItem","position":2,"name":"Alte Beitr\u00e4ge","item":"https:\/\/www.tafeldeko.de\/news\/alte-beitraege\/"},{"@type":"ListItem","position":3,"name":"Tischdeko - Blog","item":"https:\/\/www.tafeldeko.de\/news\/alte-beitraege\/tischdeko-blog\/"},{"@type":"ListItem","position":4,"name":"Tischdeko f\u00fcr die Tage vor Ostern und das Osterfest"}]},{"@type":"WebSite","@id":"https:\/\/www.tafeldeko.de\/news\/#website","url":"https:\/\/www.tafeldeko.de\/news\/","name":"Tafeldeko","description":"Blog mit Tischdeko und Tischdekoration Ideen","potentialAction":[{"@type":"SearchAction","target":{"@type":"EntryPoint","urlTemplate":"https:\/\/www.tafeldeko.de\/news\/?s={search_term_string}"},"query-input":"required name=search_term_string"}],"inLanguage":"de-DE"},{"@type":"Person","@id":"https:\/\/www.tafeldeko.de\/news\/#\/schema\/person\/d2acd86447ed0b6336089a8ba83164a0","name":"Christiane Stein","image":{"@type":"ImageObject","inLanguage":"de-DE","@id":"https:\/\/www.tafeldeko.de\/news\/#\/schema\/person\/image\/","url":"https:\/\/secure.gravatar.com\/avatar\/2054729fbfd1ebc9d3cf1fd55361d0b6?s=96&d=mm&r=g","contentUrl":"https:\/\/secure.gravatar.com\/avatar\/2054729fbfd1ebc9d3cf1fd55361d0b6?s=96&d=mm&r=g","caption":"Christiane Stein"}}]}},"_links":{"self":[{"href":"https:\/\/www.tafeldeko.de\/news\/wp-json\/wp\/v2\/posts\/402"}],"collection":[{"href":"https:\/\/www.tafeldeko.de\/news\/wp-json\/wp\/v2\/posts"}],"about":[{"href":"https:\/\/www.tafeldeko.de\/news\/wp-json\/wp\/v2\/types\/post"}],"author":[{"embeddable":true,"href":"https:\/\/www.tafeldeko.de\/news\/wp-json\/wp\/v2\/users\/2"}],"replies":[{"embeddable":true,"href":"https:\/\/www.tafeldeko.de\/news\/wp-json\/wp\/v2\/comments?post=402"}],"version-history":[{"count":0,"href":"https:\/\/www.tafeldeko.de\/news\/wp-json\/wp\/v2\/posts\/402\/revisions"}],"wp:featuredmedia":[{"embeddable":true,"href":"https:\/\/www.tafeldeko.de\/news\/wp-json\/wp\/v2\/media\/128"}],"wp:attachment":[{"href":"https:\/\/www.tafeldeko.de\/news\/wp-json\/wp\/v2\/media?parent=402"}],"wp:term":[{"taxonomy":"category","embeddable":true,"href":"https:\/\/www.tafeldeko.de\/news\/wp-json\/wp\/v2\/categories?post=402"},{"taxonomy":"post_tag","embeddable":true,"href":"https:\/\/www.tafeldeko.de\/news\/wp-json\/wp\/v2\/tags?post=402"}],"curies":[{"name":"wp","href":"https:\/\/api.w.org\/{rel}","templated":true}]}}