{"id":396,"date":"2012-01-26T21:00:01","date_gmt":"2012-01-26T19:00:01","guid":{"rendered":"http:\/\/www.tafeldeko.de\/news\/?p=396"},"modified":"2012-01-26T21:00:01","modified_gmt":"2012-01-26T19:00:01","slug":"der-fruehling-auf-dem-tisch-die-neuen-fruehlings-servietten-von-duni","status":"publish","type":"post","link":"https:\/\/www.tafeldeko.de\/news\/der-fruehling-auf-dem-tisch-die-neuen-fruehlings-servietten-von-duni\/","title":{"rendered":"Der Fr\u00fchling auf dem Tisch &#8211; die neuen Fr\u00fchlings-Servietten von Duni"},"content":{"rendered":"<div class=\"textumfliessenrechts\"><img decoding=\"async\" loading=\"lazy\" src=\"https:\/\/www.tafeldeko.de\/news\/media\/users\/schnurchristian\/duni_gelb.jpg\" alt=\"Duni Fr\u00fchling\" title=\"Duni Fr\u00fchling\" width=\"250\" height=\"170\" \/><br \/><a href=\"https:\/\/www.tafeldeko.de\/index.php\/cat\/c383_Duni-Fr%C3%BChling.html\" title=\"Fr\u00fchlings-Tischdeko\"><b>Fr\u00fchlings-Tischdeko<\/b><\/a><\/div>\n<p> Langsam aber sicher geht dem grauen Winter die Puste aus. Der Fr\u00fchling steht vor der T\u00fcr. Wer es kaum noch erwarten kann, holt sich das Fr\u00fchjahr mit kleinen Tricks einfach schon in das eigene Wohnzimmer oder in die Gastst\u00e4tte. Ein Hingucker in der Fr\u00fchlingszeit sind <b>florale Dekorationen<\/b>. Gibt der Garten noch keine Blumen her, kann man auf Textilblumen und Gestecke zur\u00fcckgreifen. Tulpen und Narzissen sind im Handel aber sehr zeitig erh\u00e4ltlich.<br \/>\nUnd so kommen auch frische Str\u00e4u\u00dfe auf den Tisch. Gestecke haben nat\u00fcrlich den Vorteil, dass sie immer wieder neu arrangiert werden k\u00f6nnen und l\u00e4nger halten. An den Ostertagen werden sie etwa mit \u00f6sterlichen Figuren wie Hasen und Eiern aufgepeppt. Anschlie\u00dfend k\u00f6nnen diese durch kleine Lichterketten, Tiere oder andere Dekorationsartikel ersetzt werden. Eine <b>fr\u00fchlingshafte Tischdekoration<\/b> l\u00e4sst sich in jedem zu Hause und jeder Gastst\u00e4tte im Handumdrehen zaubern.<br \/>\nF\u00fcr einen einladenden Fr\u00fchlingstisch braucht es vor allem eines &#8211; Kreativit\u00e4t. Mit der neuen Duni-Serie Fr\u00fchling gelingt jede Fr\u00fchlingsdekoration, ob in kleinem oder gro\u00dfem Stil. Je nach Anlass und Geschmack bringen die <b><a href=\"https:\/\/www.tafeldeko.de\/index.php\/cat\/c1283_Fr%C3%BChlings-Servietten.html\" title=\"Servietten\">Servietten<\/a> <\/b>frische Farbtupfer und Licht in die R\u00e4ume und sorgen f\u00fcr erste Fr\u00fchlingsgef\u00fchle. Kerzen sorgen zus\u00e4tzlich f\u00fcr eine festliche Stimmung und Gem\u00fctlichkeit. Farblich sollten sie auf die Servietten abgestimmt werden. Wei\u00dfe Kerzen passen zu allen Farbkombinationen. Auch <b><a href=\"https:\/\/www.tafeldeko.de\/index.php\/cat\/c958_Teelichter.html\" title=\"Teelichter\">Teelichter<\/a> <\/b>eignen sich gut f\u00fcr festliche Anl\u00e4sse. Die Fr\u00fchlingsblumen oder Gestecke kann man dezent in der Mitte des Tisches platzieren.<br \/>\nDie Fr\u00fchlings-Servietten von Duni werden dekorativ an jedem Sitzplatz aufgestellt. Eine beliebte und schnelle Falt-Variante ist daf\u00fcr zum Beispiel der einfache Tafelspitz. Hierf\u00fcr wird die Serviette zun\u00e4chst einmal aufgeklappt. Anschlie\u00dfend wird die obere, rechte Ecke diagonal nach unten bis zur Mitte gefaltet. Der Knick darf nicht nachgestrichen werden. Das Gleiche geschieht mit der linken Seite. Dann werden beide Seiten zusammengeklappt. Zum Schluss kann die Spitze noch etwas nachgestrichen werden. Der \u201eTafelspitz\u201c sieht zu jeder Gelegenheit <b>elegant <\/b>aus.<\/p>\n","protected":false},"excerpt":{"rendered":"<p>Langsam aber sicher geht dem grauen Winter die Puste aus. Der Fr\u00fchling steht vor der T\u00fcr. Wer es kaum noch erwarten kann, holt sich das Fr\u00fchjahr mit kleinen Tricks einfach schon in das eigene Wohnzimmer oder in die Gastst\u00e4tte. Ein Hingucker in der Fr\u00fchlingszeit sind florale Dekorationen. Gibt der Garten noch keine Blumen her, kann man auf Textilblumen und Gestecke zur\u00fcckgreifen. Tulpen und Narzissen sind im Handel aber sehr zeitig erh\u00e4ltlich.<\/p>\n","protected":false},"author":2,"featured_media":397,"comment_status":"open","ping_status":"open","sticky":false,"template":"","format":"standard","meta":{"footnotes":""},"categories":[1],"tags":[],"yoast_head":"<!-- This site is optimized with the Yoast SEO plugin v20.4 - https:\/\/yoast.com\/wordpress\/plugins\/seo\/ -->\n<title>Der Fr\u00fchling auf dem Tisch - die neuen Fr\u00fchlings-Servietten von Duni - Tafeldeko<\/title>\n<meta name=\"description\" content=\"F&#xFC;r einen einladenden Fr&#xFC;hlingstisch braucht es vor allem eines - Kreativit&#xE4;t. Die Accessoires erhalten Sie bei uns.\" \/>\n<meta name=\"robots\" content=\"index, follow, max-snippet:-1, max-image-preview:large, max-video-preview:-1\" \/>\n<link rel=\"canonical\" href=\"https:\/\/www.tafeldeko.de\/news\/der-fruehling-auf-dem-tisch-die-neuen-fruehlings-servietten-von-duni\/\" \/>\n<meta property=\"og:locale\" content=\"de_DE\" \/>\n<meta property=\"og:type\" content=\"article\" \/>\n<meta property=\"og:title\" content=\"Der Fr\u00fchling auf dem Tisch - die neuen Fr\u00fchlings-Servietten von Duni - Tafeldeko\" \/>\n<meta property=\"og:description\" content=\"F&#xFC;r einen einladenden Fr&#xFC;hlingstisch braucht es vor allem eines - Kreativit&#xE4;t. Die Accessoires erhalten Sie bei uns.\" \/>\n<meta property=\"og:url\" content=\"https:\/\/www.tafeldeko.de\/news\/der-fruehling-auf-dem-tisch-die-neuen-fruehlings-servietten-von-duni\/\" \/>\n<meta property=\"og:site_name\" content=\"Tafeldeko\" \/>\n<meta property=\"article:publisher\" content=\"https:\/\/www.facebook.com\/pages\/Tafeldeko-einzigartige-Tischdekoration\/174202655894\" \/>\n<meta property=\"article:published_time\" content=\"2012-01-26T19:00:01+00:00\" \/>\n<meta property=\"og:image\" content=\"https:\/\/www.tafeldeko.de\/news\/wp-content\/uploads\/2014\/09\/duni_gelb.jpg\" \/>\n\t<meta property=\"og:image:width\" content=\"250\" \/>\n\t<meta property=\"og:image:height\" content=\"170\" \/>\n\t<meta property=\"og:image:type\" content=\"image\/jpeg\" \/>\n<meta name=\"author\" content=\"Christiane Stein\" \/>\n<meta name=\"twitter:label1\" content=\"Verfasst von\" \/>\n\t<meta name=\"twitter:data1\" content=\"Christiane Stein\" \/>\n\t<meta name=\"twitter:label2\" content=\"Gesch\u00e4tzte Lesezeit\" \/>\n\t<meta name=\"twitter:data2\" content=\"2 Minuten\" \/>\n<script type=\"application\/ld+json\" class=\"yoast-schema-graph\">{\"@context\":\"https:\/\/schema.org\",\"@graph\":[{\"@type\":\"WebPage\",\"@id\":\"https:\/\/www.tafeldeko.de\/news\/der-fruehling-auf-dem-tisch-die-neuen-fruehlings-servietten-von-duni\/\",\"url\":\"https:\/\/www.tafeldeko.de\/news\/der-fruehling-auf-dem-tisch-die-neuen-fruehlings-servietten-von-duni\/\",\"name\":\"Der Fr\u00fchling auf dem Tisch - die neuen Fr\u00fchlings-Servietten von Duni - Tafeldeko\",\"isPartOf\":{\"@id\":\"https:\/\/www.tafeldeko.de\/news\/#website\"},\"datePublished\":\"2012-01-26T19:00:01+00:00\",\"dateModified\":\"2012-01-26T19:00:01+00:00\",\"author\":{\"@id\":\"https:\/\/www.tafeldeko.de\/news\/#\/schema\/person\/d2acd86447ed0b6336089a8ba83164a0\"},\"description\":\"F&#xFC;r einen einladenden Fr&#xFC;hlingstisch braucht es vor allem eines - Kreativit&#xE4;t. Die Accessoires erhalten Sie bei uns.\",\"breadcrumb\":{\"@id\":\"https:\/\/www.tafeldeko.de\/news\/der-fruehling-auf-dem-tisch-die-neuen-fruehlings-servietten-von-duni\/#breadcrumb\"},\"inLanguage\":\"de-DE\",\"potentialAction\":[{\"@type\":\"ReadAction\",\"target\":[\"https:\/\/www.tafeldeko.de\/news\/der-fruehling-auf-dem-tisch-die-neuen-fruehlings-servietten-von-duni\/\"]}]},{\"@type\":\"BreadcrumbList\",\"@id\":\"https:\/\/www.tafeldeko.de\/news\/der-fruehling-auf-dem-tisch-die-neuen-fruehlings-servietten-von-duni\/#breadcrumb\",\"itemListElement\":[{\"@type\":\"ListItem\",\"position\":1,\"name\":\"Tafeldeko\",\"item\":\"https:\/\/www.tafeldeko.de\/news\/\"},{\"@type\":\"ListItem\",\"position\":2,\"name\":\"Alte Beitr\u00e4ge\",\"item\":\"https:\/\/www.tafeldeko.de\/news\/alte-beitraege\/\"},{\"@type\":\"ListItem\",\"position\":3,\"name\":\"Tischdeko - Blog\",\"item\":\"https:\/\/www.tafeldeko.de\/news\/alte-beitraege\/tischdeko-blog\/\"},{\"@type\":\"ListItem\",\"position\":4,\"name\":\"Der Fr\u00fchling auf dem Tisch &#8211; die neuen Fr\u00fchlings-Servietten von Duni\"}]},{\"@type\":\"WebSite\",\"@id\":\"https:\/\/www.tafeldeko.de\/news\/#website\",\"url\":\"https:\/\/www.tafeldeko.de\/news\/\",\"name\":\"Tafeldeko\",\"description\":\"Blog mit Tischdeko und Tischdekoration Ideen\",\"potentialAction\":[{\"@type\":\"SearchAction\",\"target\":{\"@type\":\"EntryPoint\",\"urlTemplate\":\"https:\/\/www.tafeldeko.de\/news\/?s={search_term_string}\"},\"query-input\":\"required name=search_term_string\"}],\"inLanguage\":\"de-DE\"},{\"@type\":\"Person\",\"@id\":\"https:\/\/www.tafeldeko.de\/news\/#\/schema\/person\/d2acd86447ed0b6336089a8ba83164a0\",\"name\":\"Christiane Stein\",\"image\":{\"@type\":\"ImageObject\",\"inLanguage\":\"de-DE\",\"@id\":\"https:\/\/www.tafeldeko.de\/news\/#\/schema\/person\/image\/\",\"url\":\"https:\/\/secure.gravatar.com\/avatar\/2054729fbfd1ebc9d3cf1fd55361d0b6?s=96&d=mm&r=g\",\"contentUrl\":\"https:\/\/secure.gravatar.com\/avatar\/2054729fbfd1ebc9d3cf1fd55361d0b6?s=96&d=mm&r=g\",\"caption\":\"Christiane Stein\"}}]}<\/script>\n<!-- \/ Yoast SEO plugin. -->","yoast_head_json":{"title":"Der Fr\u00fchling auf dem Tisch - die neuen Fr\u00fchlings-Servietten von Duni - Tafeldeko","description":"F&#xFC;r einen einladenden Fr&#xFC;hlingstisch braucht es vor allem eines - Kreativit&#xE4;t. Die Accessoires erhalten Sie bei uns.","robots":{"index":"index","follow":"follow","max-snippet":"max-snippet:-1","max-image-preview":"max-image-preview:large","max-video-preview":"max-video-preview:-1"},"canonical":"https:\/\/www.tafeldeko.de\/news\/der-fruehling-auf-dem-tisch-die-neuen-fruehlings-servietten-von-duni\/","og_locale":"de_DE","og_type":"article","og_title":"Der Fr\u00fchling auf dem Tisch - die neuen Fr\u00fchlings-Servietten von Duni - Tafeldeko","og_description":"F&#xFC;r einen einladenden Fr&#xFC;hlingstisch braucht es vor allem eines - Kreativit&#xE4;t. Die Accessoires erhalten Sie bei uns.","og_url":"https:\/\/www.tafeldeko.de\/news\/der-fruehling-auf-dem-tisch-die-neuen-fruehlings-servietten-von-duni\/","og_site_name":"Tafeldeko","article_publisher":"https:\/\/www.facebook.com\/pages\/Tafeldeko-einzigartige-Tischdekoration\/174202655894","article_published_time":"2012-01-26T19:00:01+00:00","og_image":[{"width":250,"height":170,"url":"https:\/\/www.tafeldeko.de\/news\/wp-content\/uploads\/2014\/09\/duni_gelb.jpg","type":"image\/jpeg"}],"author":"Christiane Stein","twitter_misc":{"Verfasst von":"Christiane Stein","Gesch\u00e4tzte Lesezeit":"2 Minuten"},"schema":{"@context":"https:\/\/schema.org","@graph":[{"@type":"WebPage","@id":"https:\/\/www.tafeldeko.de\/news\/der-fruehling-auf-dem-tisch-die-neuen-fruehlings-servietten-von-duni\/","url":"https:\/\/www.tafeldeko.de\/news\/der-fruehling-auf-dem-tisch-die-neuen-fruehlings-servietten-von-duni\/","name":"Der Fr\u00fchling auf dem Tisch - die neuen Fr\u00fchlings-Servietten von Duni - Tafeldeko","isPartOf":{"@id":"https:\/\/www.tafeldeko.de\/news\/#website"},"datePublished":"2012-01-26T19:00:01+00:00","dateModified":"2012-01-26T19:00:01+00:00","author":{"@id":"https:\/\/www.tafeldeko.de\/news\/#\/schema\/person\/d2acd86447ed0b6336089a8ba83164a0"},"description":"F&#xFC;r einen einladenden Fr&#xFC;hlingstisch braucht es vor allem eines - Kreativit&#xE4;t. Die Accessoires erhalten Sie bei uns.","breadcrumb":{"@id":"https:\/\/www.tafeldeko.de\/news\/der-fruehling-auf-dem-tisch-die-neuen-fruehlings-servietten-von-duni\/#breadcrumb"},"inLanguage":"de-DE","potentialAction":[{"@type":"ReadAction","target":["https:\/\/www.tafeldeko.de\/news\/der-fruehling-auf-dem-tisch-die-neuen-fruehlings-servietten-von-duni\/"]}]},{"@type":"BreadcrumbList","@id":"https:\/\/www.tafeldeko.de\/news\/der-fruehling-auf-dem-tisch-die-neuen-fruehlings-servietten-von-duni\/#breadcrumb","itemListElement":[{"@type":"ListItem","position":1,"name":"Tafeldeko","item":"https:\/\/www.tafeldeko.de\/news\/"},{"@type":"ListItem","position":2,"name":"Alte Beitr\u00e4ge","item":"https:\/\/www.tafeldeko.de\/news\/alte-beitraege\/"},{"@type":"ListItem","position":3,"name":"Tischdeko - Blog","item":"https:\/\/www.tafeldeko.de\/news\/alte-beitraege\/tischdeko-blog\/"},{"@type":"ListItem","position":4,"name":"Der Fr\u00fchling auf dem Tisch &#8211; die neuen Fr\u00fchlings-Servietten von Duni"}]},{"@type":"WebSite","@id":"https:\/\/www.tafeldeko.de\/news\/#website","url":"https:\/\/www.tafeldeko.de\/news\/","name":"Tafeldeko","description":"Blog mit Tischdeko und Tischdekoration Ideen","potentialAction":[{"@type":"SearchAction","target":{"@type":"EntryPoint","urlTemplate":"https:\/\/www.tafeldeko.de\/news\/?s={search_term_string}"},"query-input":"required name=search_term_string"}],"inLanguage":"de-DE"},{"@type":"Person","@id":"https:\/\/www.tafeldeko.de\/news\/#\/schema\/person\/d2acd86447ed0b6336089a8ba83164a0","name":"Christiane Stein","image":{"@type":"ImageObject","inLanguage":"de-DE","@id":"https:\/\/www.tafeldeko.de\/news\/#\/schema\/person\/image\/","url":"https:\/\/secure.gravatar.com\/avatar\/2054729fbfd1ebc9d3cf1fd55361d0b6?s=96&d=mm&r=g","contentUrl":"https:\/\/secure.gravatar.com\/avatar\/2054729fbfd1ebc9d3cf1fd55361d0b6?s=96&d=mm&r=g","caption":"Christiane Stein"}}]}},"_links":{"self":[{"href":"https:\/\/www.tafeldeko.de\/news\/wp-json\/wp\/v2\/posts\/396"}],"collection":[{"href":"https:\/\/www.tafeldeko.de\/news\/wp-json\/wp\/v2\/posts"}],"about":[{"href":"https:\/\/www.tafeldeko.de\/news\/wp-json\/wp\/v2\/types\/post"}],"author":[{"embeddable":true,"href":"https:\/\/www.tafeldeko.de\/news\/wp-json\/wp\/v2\/users\/2"}],"replies":[{"embeddable":true,"href":"https:\/\/www.tafeldeko.de\/news\/wp-json\/wp\/v2\/comments?post=396"}],"version-history":[{"count":0,"href":"https:\/\/www.tafeldeko.de\/news\/wp-json\/wp\/v2\/posts\/396\/revisions"}],"wp:featuredmedia":[{"embeddable":true,"href":"https:\/\/www.tafeldeko.de\/news\/wp-json\/wp\/v2\/media\/397"}],"wp:attachment":[{"href":"https:\/\/www.tafeldeko.de\/news\/wp-json\/wp\/v2\/media?parent=396"}],"wp:term":[{"taxonomy":"category","embeddable":true,"href":"https:\/\/www.tafeldeko.de\/news\/wp-json\/wp\/v2\/categories?post=396"},{"taxonomy":"post_tag","embeddable":true,"href":"https:\/\/www.tafeldeko.de\/news\/wp-json\/wp\/v2\/tags?post=396"}],"curies":[{"name":"wp","href":"https:\/\/api.w.org\/{rel}","templated":true}]}}