{"id":3909,"date":"2012-01-19T21:14:12","date_gmt":"2012-01-19T19:14:12","guid":{"rendered":"http:\/\/www.tafeldeko.de\/news\/?p=3909"},"modified":"2012-01-19T21:14:12","modified_gmt":"2012-01-19T19:14:12","slug":"die-deko-zu-ostern","status":"publish","type":"post","link":"https:\/\/www.tafeldeko.de\/news\/die-deko-zu-ostern\/","title":{"rendered":"Die Deko zu Ostern"},"content":{"rendered":"<p><b>An Ostern<\/b> schm\u00fccken <i>Osternester, Osterk\u00f6rbe, Girlanden und viele weitere Accessoires<\/i> mehr die festlichen Tafeln am Osterfest. Bereits einige Wochen vorher erstrahlen die Wohnung und eventuell auch der Au\u00dfenbereich vor dem Haus in \u00f6sterlichem Glanz. <i>Ostereier an den B\u00fcschen, Osterfiguren in diversen Dekogestecken und die ersten Fr\u00fchlingsboten als Narzissen, Osterglocken und Hyazinthen <\/i>schm\u00fccken die Blumenrabatte und Blument\u00f6pfe im Vorgarten oder auf der Fensterbank.<br \/>\nDie <b>Dekorationen zu Ostern<\/b> k\u00f6nnen ganz verschieden sein. Entweder schm\u00fccken Ostereier, K\u00fcken, Osterhasen Zweige, die in eine gro\u00dfe Vase gestellt wurden oder diverse Blumengestecke werden mit Osterfiguren oder auch Ostereiern geschm\u00fcckt. Beispielsweise l\u00e4sst sich ein Blument\u00f6pfchen mit Kresse bepflanzt, hervorragend mit einem Osterei verzieren \u2013 nicht nur als<b> <a href=\"https:\/\/www.tafeldeko.de\/shop_content.php\/coID\/212_Deko.html\">Deko<\/a> zu Ostern<\/b> sch\u00f6n, sondern auch als kleines Mitbringsel zur Ostereinladung.<br \/>\n<b>L\u00e4dt man zu Ostern G\u00e4ste ein<\/b>, k\u00f6nnen auch <b>selbst gebackene Dekorationen<\/b> den Tisch schm\u00fccken. Nicht nur das bekannte Osterlamm ist eine M\u00f6glichkeit, sondern auch kleine Hefe-Osterkr\u00e4nze, in deren Mitte ein gef\u00e4rbtes Ei gestellt wird. Diese eignen sich auch hervorragend als Tischk\u00e4rtchen und als kleines <i>Gastgeschenk<\/i>.<br \/>\nWer etwas Au\u00dfergew\u00f6hnliches als <b>Deko zu Ostern <\/b>pr\u00e4sentieren m\u00f6chte, kann zum Beispiel ein <i>tolles Blumen-Arrangement aus Tulpen, einer Vase und Wasser zaubern<\/i>. Die Vase oder ein entsprechendes Glasgef\u00e4\u00df wird mit Wasser bef\u00fcllt, und die Tulpen werden einfach nur in die Vase hineingegeben. So erzielt man einen wundersch\u00f6nen Blickpunkt und das nicht nur zur Osterzeit. Solche <b>Dekorationen <\/b>eignen sich auch zu Anl\u00e4ssen wie Geburtstagen, Hochzeiten, Kommunionen, Konfirmationen und Taufen, um die Deko auszustatten.<br \/>\nAuch die Eierbeh\u00e4ltnisse sind mittlerweile als Deko beliebt. In die Eierschachteln werden entweder gef\u00e4rbte Eier gestellt, die mit Federn, Osterhasen, Osterdeko-Accessoires versch\u00f6nert werden. Gerade mit Eierschachteln k\u00f6nnen tolle <b>Dekorationen <\/b>gezaubert werden, vor allem auch preisg\u00fcnstig. Mit etwas Fantasie und der einen oder anderen Anregung, die man sich im Internet oder in Zeitschriften suchen kann, kreiert man au\u00dfergew\u00f6hnliche Blickpunkte innerhalb der <b>Osterdeko<\/b>. <\/p>\n","protected":false},"excerpt":{"rendered":"<p>An Ostern schm\u00fccken Osternester, Osterk\u00f6rbe, Girlanden und viele weitere Accessoires mehr die festlichen Tafeln am Osterfest. Bereits einige Wochen vorher erstrahlen die Wohnung und eventuell auch der Au\u00dfenbereich vor dem Haus in \u00f6sterlichem Glanz. Ostereier an den B\u00fcschen, Osterfiguren in diversen Dekogestecken und die ersten Fr\u00fchlingsboten als Narzissen, Osterglocken und Hyazinthen schm\u00fccken die Blumenrabatte und [&hellip;]<\/p>\n","protected":false},"author":2,"featured_media":0,"comment_status":"open","ping_status":"open","sticky":false,"template":"","format":"standard","meta":{"footnotes":""},"categories":[1],"tags":[],"yoast_head":"<!-- This site is optimized with the Yoast SEO plugin v20.4 - https:\/\/yoast.com\/wordpress\/plugins\/seo\/ -->\n<title>Die Deko zu Ostern - Tafeldeko<\/title>\n<meta name=\"description\" content=\"An Ostern schm\u00fccken Osternester, Osterk\u00f6rbe, Girlanden und viele weitere Accessoires mehr die festlichen Tafeln am Osterfest. Bereits einige Wochen vorher\" \/>\n<meta name=\"robots\" content=\"index, follow, max-snippet:-1, max-image-preview:large, max-video-preview:-1\" \/>\n<link rel=\"canonical\" href=\"https:\/\/www.tafeldeko.de\/news\/die-deko-zu-ostern\/\" \/>\n<meta property=\"og:locale\" content=\"de_DE\" \/>\n<meta property=\"og:type\" content=\"article\" \/>\n<meta property=\"og:title\" content=\"Die Deko zu Ostern - Tafeldeko\" \/>\n<meta property=\"og:description\" content=\"An Ostern schm\u00fccken Osternester, Osterk\u00f6rbe, Girlanden und viele weitere Accessoires mehr die festlichen Tafeln am Osterfest. Bereits einige Wochen vorher\" \/>\n<meta property=\"og:url\" content=\"https:\/\/www.tafeldeko.de\/news\/die-deko-zu-ostern\/\" \/>\n<meta property=\"og:site_name\" content=\"Tafeldeko\" \/>\n<meta property=\"article:publisher\" content=\"https:\/\/www.facebook.com\/pages\/Tafeldeko-einzigartige-Tischdekoration\/174202655894\" \/>\n<meta property=\"article:published_time\" content=\"2012-01-19T19:14:12+00:00\" \/>\n<meta name=\"author\" content=\"Christiane Stein\" \/>\n<meta name=\"twitter:label1\" content=\"Verfasst von\" \/>\n\t<meta name=\"twitter:data1\" content=\"Christiane Stein\" \/>\n\t<meta name=\"twitter:label2\" content=\"Gesch\u00e4tzte Lesezeit\" \/>\n\t<meta name=\"twitter:data2\" content=\"2 Minuten\" \/>\n<script type=\"application\/ld+json\" class=\"yoast-schema-graph\">{\"@context\":\"https:\/\/schema.org\",\"@graph\":[{\"@type\":\"WebPage\",\"@id\":\"https:\/\/www.tafeldeko.de\/news\/die-deko-zu-ostern\/\",\"url\":\"https:\/\/www.tafeldeko.de\/news\/die-deko-zu-ostern\/\",\"name\":\"Die Deko zu Ostern - Tafeldeko\",\"isPartOf\":{\"@id\":\"https:\/\/www.tafeldeko.de\/news\/#website\"},\"datePublished\":\"2012-01-19T19:14:12+00:00\",\"dateModified\":\"2012-01-19T19:14:12+00:00\",\"author\":{\"@id\":\"https:\/\/www.tafeldeko.de\/news\/#\/schema\/person\/d2acd86447ed0b6336089a8ba83164a0\"},\"description\":\"An Ostern schm\u00fccken Osternester, Osterk\u00f6rbe, Girlanden und viele weitere Accessoires mehr die festlichen Tafeln am Osterfest. Bereits einige Wochen vorher\",\"breadcrumb\":{\"@id\":\"https:\/\/www.tafeldeko.de\/news\/die-deko-zu-ostern\/#breadcrumb\"},\"inLanguage\":\"de-DE\",\"potentialAction\":[{\"@type\":\"ReadAction\",\"target\":[\"https:\/\/www.tafeldeko.de\/news\/die-deko-zu-ostern\/\"]}]},{\"@type\":\"BreadcrumbList\",\"@id\":\"https:\/\/www.tafeldeko.de\/news\/die-deko-zu-ostern\/#breadcrumb\",\"itemListElement\":[{\"@type\":\"ListItem\",\"position\":1,\"name\":\"Tafeldeko\",\"item\":\"https:\/\/www.tafeldeko.de\/news\/\"},{\"@type\":\"ListItem\",\"position\":2,\"name\":\"Alte Beitr\u00e4ge\",\"item\":\"https:\/\/www.tafeldeko.de\/news\/alte-beitraege\/\"},{\"@type\":\"ListItem\",\"position\":3,\"name\":\"Tischdeko - Blog\",\"item\":\"https:\/\/www.tafeldeko.de\/news\/alte-beitraege\/tischdeko-blog\/\"},{\"@type\":\"ListItem\",\"position\":4,\"name\":\"Die Deko zu Ostern\"}]},{\"@type\":\"WebSite\",\"@id\":\"https:\/\/www.tafeldeko.de\/news\/#website\",\"url\":\"https:\/\/www.tafeldeko.de\/news\/\",\"name\":\"Tafeldeko\",\"description\":\"Blog mit Tischdeko und Tischdekoration Ideen\",\"potentialAction\":[{\"@type\":\"SearchAction\",\"target\":{\"@type\":\"EntryPoint\",\"urlTemplate\":\"https:\/\/www.tafeldeko.de\/news\/?s={search_term_string}\"},\"query-input\":\"required name=search_term_string\"}],\"inLanguage\":\"de-DE\"},{\"@type\":\"Person\",\"@id\":\"https:\/\/www.tafeldeko.de\/news\/#\/schema\/person\/d2acd86447ed0b6336089a8ba83164a0\",\"name\":\"Christiane Stein\",\"image\":{\"@type\":\"ImageObject\",\"inLanguage\":\"de-DE\",\"@id\":\"https:\/\/www.tafeldeko.de\/news\/#\/schema\/person\/image\/\",\"url\":\"https:\/\/secure.gravatar.com\/avatar\/2054729fbfd1ebc9d3cf1fd55361d0b6?s=96&d=mm&r=g\",\"contentUrl\":\"https:\/\/secure.gravatar.com\/avatar\/2054729fbfd1ebc9d3cf1fd55361d0b6?s=96&d=mm&r=g\",\"caption\":\"Christiane Stein\"}}]}<\/script>\n<!-- \/ Yoast SEO plugin. -->","yoast_head_json":{"title":"Die Deko zu Ostern - Tafeldeko","description":"An Ostern schm\u00fccken Osternester, Osterk\u00f6rbe, Girlanden und viele weitere Accessoires mehr die festlichen Tafeln am Osterfest. Bereits einige Wochen vorher","robots":{"index":"index","follow":"follow","max-snippet":"max-snippet:-1","max-image-preview":"max-image-preview:large","max-video-preview":"max-video-preview:-1"},"canonical":"https:\/\/www.tafeldeko.de\/news\/die-deko-zu-ostern\/","og_locale":"de_DE","og_type":"article","og_title":"Die Deko zu Ostern - Tafeldeko","og_description":"An Ostern schm\u00fccken Osternester, Osterk\u00f6rbe, Girlanden und viele weitere Accessoires mehr die festlichen Tafeln am Osterfest. Bereits einige Wochen vorher","og_url":"https:\/\/www.tafeldeko.de\/news\/die-deko-zu-ostern\/","og_site_name":"Tafeldeko","article_publisher":"https:\/\/www.facebook.com\/pages\/Tafeldeko-einzigartige-Tischdekoration\/174202655894","article_published_time":"2012-01-19T19:14:12+00:00","author":"Christiane Stein","twitter_misc":{"Verfasst von":"Christiane Stein","Gesch\u00e4tzte Lesezeit":"2 Minuten"},"schema":{"@context":"https:\/\/schema.org","@graph":[{"@type":"WebPage","@id":"https:\/\/www.tafeldeko.de\/news\/die-deko-zu-ostern\/","url":"https:\/\/www.tafeldeko.de\/news\/die-deko-zu-ostern\/","name":"Die Deko zu Ostern - Tafeldeko","isPartOf":{"@id":"https:\/\/www.tafeldeko.de\/news\/#website"},"datePublished":"2012-01-19T19:14:12+00:00","dateModified":"2012-01-19T19:14:12+00:00","author":{"@id":"https:\/\/www.tafeldeko.de\/news\/#\/schema\/person\/d2acd86447ed0b6336089a8ba83164a0"},"description":"An Ostern schm\u00fccken Osternester, Osterk\u00f6rbe, Girlanden und viele weitere Accessoires mehr die festlichen Tafeln am Osterfest. Bereits einige Wochen vorher","breadcrumb":{"@id":"https:\/\/www.tafeldeko.de\/news\/die-deko-zu-ostern\/#breadcrumb"},"inLanguage":"de-DE","potentialAction":[{"@type":"ReadAction","target":["https:\/\/www.tafeldeko.de\/news\/die-deko-zu-ostern\/"]}]},{"@type":"BreadcrumbList","@id":"https:\/\/www.tafeldeko.de\/news\/die-deko-zu-ostern\/#breadcrumb","itemListElement":[{"@type":"ListItem","position":1,"name":"Tafeldeko","item":"https:\/\/www.tafeldeko.de\/news\/"},{"@type":"ListItem","position":2,"name":"Alte Beitr\u00e4ge","item":"https:\/\/www.tafeldeko.de\/news\/alte-beitraege\/"},{"@type":"ListItem","position":3,"name":"Tischdeko - Blog","item":"https:\/\/www.tafeldeko.de\/news\/alte-beitraege\/tischdeko-blog\/"},{"@type":"ListItem","position":4,"name":"Die Deko zu Ostern"}]},{"@type":"WebSite","@id":"https:\/\/www.tafeldeko.de\/news\/#website","url":"https:\/\/www.tafeldeko.de\/news\/","name":"Tafeldeko","description":"Blog mit Tischdeko und Tischdekoration Ideen","potentialAction":[{"@type":"SearchAction","target":{"@type":"EntryPoint","urlTemplate":"https:\/\/www.tafeldeko.de\/news\/?s={search_term_string}"},"query-input":"required name=search_term_string"}],"inLanguage":"de-DE"},{"@type":"Person","@id":"https:\/\/www.tafeldeko.de\/news\/#\/schema\/person\/d2acd86447ed0b6336089a8ba83164a0","name":"Christiane Stein","image":{"@type":"ImageObject","inLanguage":"de-DE","@id":"https:\/\/www.tafeldeko.de\/news\/#\/schema\/person\/image\/","url":"https:\/\/secure.gravatar.com\/avatar\/2054729fbfd1ebc9d3cf1fd55361d0b6?s=96&d=mm&r=g","contentUrl":"https:\/\/secure.gravatar.com\/avatar\/2054729fbfd1ebc9d3cf1fd55361d0b6?s=96&d=mm&r=g","caption":"Christiane Stein"}}]}},"_links":{"self":[{"href":"https:\/\/www.tafeldeko.de\/news\/wp-json\/wp\/v2\/posts\/3909"}],"collection":[{"href":"https:\/\/www.tafeldeko.de\/news\/wp-json\/wp\/v2\/posts"}],"about":[{"href":"https:\/\/www.tafeldeko.de\/news\/wp-json\/wp\/v2\/types\/post"}],"author":[{"embeddable":true,"href":"https:\/\/www.tafeldeko.de\/news\/wp-json\/wp\/v2\/users\/2"}],"replies":[{"embeddable":true,"href":"https:\/\/www.tafeldeko.de\/news\/wp-json\/wp\/v2\/comments?post=3909"}],"version-history":[{"count":0,"href":"https:\/\/www.tafeldeko.de\/news\/wp-json\/wp\/v2\/posts\/3909\/revisions"}],"wp:attachment":[{"href":"https:\/\/www.tafeldeko.de\/news\/wp-json\/wp\/v2\/media?parent=3909"}],"wp:term":[{"taxonomy":"category","embeddable":true,"href":"https:\/\/www.tafeldeko.de\/news\/wp-json\/wp\/v2\/categories?post=3909"},{"taxonomy":"post_tag","embeddable":true,"href":"https:\/\/www.tafeldeko.de\/news\/wp-json\/wp\/v2\/tags?post=3909"}],"curies":[{"name":"wp","href":"https:\/\/api.w.org\/{rel}","templated":true}]}}