{"id":3900,"date":"2012-11-03T13:54:41","date_gmt":"2012-11-03T11:54:41","guid":{"rendered":"http:\/\/www.tafeldeko.de\/news\/?p=3900"},"modified":"2012-11-03T13:54:41","modified_gmt":"2012-11-03T11:54:41","slug":"aussergewoehnliche-adventskraenze-laeuten-die-vorweihnachtszeit-ein","status":"publish","type":"post","link":"https:\/\/www.tafeldeko.de\/news\/aussergewoehnliche-adventskraenze-laeuten-die-vorweihnachtszeit-ein\/","title":{"rendered":"Au\u00dfergew\u00f6hnliche Adventskr\u00e4nze l\u00e4uten die Vorweihnachtszeit ein"},"content":{"rendered":"<p><b>Die Weihnachtszeit und die Vorweihnachtszeit <\/b>sind in aller Regel sehr gesch\u00e4ftig, jeder ist auf der Suche nach Weihnachtsgeschenken, \u00fcberlegt sich das Weihnachtsmen\u00fc mit dem die Familie \u00fcberrascht werden soll und mit welcher Deko man die G\u00e4ste in diesem Jahr beeindrucken kann. Und in welchen Farben und mit welchen Accessoires soll die diesj\u00e4hrige <b>Weihnachtsdeko <\/b>im Haus und im Vorgarten erstrahlen?<br \/>\n<b>Zur weihnachtlichen Deko z\u00e4hlt nat\u00fcrlich auch der Adventskranz<\/b>, der mit den vier Kerzen die Adventssonntage symbolisiert. \u00dcber 150 Jahre liegt nun die <b>Entstehung des Adventskranzes <\/b>nun zur\u00fcck, entstanden, um die st\u00e4ndigen Fragen, wann denn nun endlich Weihnachten sei, zu vermeiden. <i>Der Theologe Johann Hinrich Wichern ist der Erfinder des Adventskranzes<\/i>, der urspr\u00fcnglich in Form eines Wagenrades mit insgesamt 23 Kerzen hatte. 19 Kerzen sollten die Wochentage und 4 gr\u00f6\u00dfere Kerzen die Sonntage darstellen. Jeden Tag wurde eine weitere Kerze angez\u00fcndet, so dass jeder erkennen konnte, wie lange es noch bis zum Weihnachtsfest dauert.<br \/>\n<b>Als Zeichen der Vorweihnachtszei<\/b>t ist der Adventskranz heute noch sehr beliebt. Zwar schm\u00fccken nur noch 4 Kerzen den Kranz, doch jedes Jahr aufs Neue ist ein<b> Adventskranz eine sch\u00f6ne Tradition<\/b>. <\/p>\n<p><b>Die Arten der Adventskr\u00e4nze \u2013 im Wandel der Zeit<\/b><br \/>\nDie vorweihnachtliche Deko in Form eines Adventskranzes ist mittlerweile sehr vielf\u00e4ltig. Waren die urspr\u00fcnglichen <b>Adventskr\u00e4nze <\/b>rund, geht der heutige Trend in ganz andere Richtungen. Rechteckig, l\u00e4nglich, halbrund, auf Tellern, mit den klassischen Stumpenkerzen als auch mit <i>modernen Kerzengl\u00e4sern<\/i> \u2013<b> die Adventskr\u00e4nze sind schon au\u00dfergew\u00f6hnlich.<\/b><br \/>\nAuch in Punkto Material unterlag der Adventskranz einem Wandel. Im Laufe der Jahre werden die klassischen Tannenzweige durch <i>Tannenzapfen, Kranz-Rohlinge, Kr\u00e4uter, Thuja <\/i>und vielem mehr erg\u00e4nzt oder ersetzt.<br \/>\nF\u00fcr die Gestaltung des Adventskranzes gibt es ebenfalls keine Vorgaben, jeder kann so dekorieren und gestalten, wie es ihr oder ihm Freude macht.<br \/>\n<b>Mit weihnachtlichen Dekofiguren<\/b>, vor allem f\u00fcr Kinder wundersch\u00f6n anzusehen, \u00fcber <i>Weihnachtskugeln, Fr\u00fcchten, Naturmaterialien und vielem mehr<\/i>, werden die heutigen Adventskr\u00e4nze schon au\u00dfergew\u00f6hnlich gestaltet. <\/p>\n","protected":false},"excerpt":{"rendered":"<p>Die Weihnachtszeit und die Vorweihnachtszeit sind in aller Regel sehr gesch\u00e4ftig, jeder ist auf der Suche nach Weihnachtsgeschenken, \u00fcberlegt sich das Weihnachtsmen\u00fc mit dem die Familie \u00fcberrascht werden soll und mit welcher Deko man die G\u00e4ste in diesem Jahr beeindrucken kann. Und in welchen Farben und mit welchen Accessoires soll die diesj\u00e4hrige Weihnachtsdeko im Haus und im Vorgarten erstrahlen?<br \/>\nZur weihnachtlichen Deko z\u00e4hlt nat\u00fcrlich auch der Adventskranz, der mit den vier Kerzen die Adventssonntage symbolisiert. \u00dcber 150 Jahre liegt nun die Entstehung des Adventskranzes nun zur\u00fcck, entstanden, um die st\u00e4ndigen Fragen, wann denn nun endlich Weihnachten sei, zu vermeiden. Der Theologe Johann Hinrich Wichern ist der Erfinder des Adventskranzes, der urspr\u00fcnglich in Form eines Wagenrades mit insgesamt 23 Kerzen hatte. 19 Kerzen sollten die Wochentage und 4 gr\u00f6\u00dfere Kerzen die Sonntage darstellen. Jeden Tag wurde eine weitere Kerze angez\u00fcndet, so dass jeder erkennen konnte, wie lange es noch bis zum Weihnachtsfest dauert.<\/p>\n","protected":false},"author":2,"featured_media":0,"comment_status":"open","ping_status":"open","sticky":false,"template":"","format":"standard","meta":{"footnotes":""},"categories":[1],"tags":[],"yoast_head":"<!-- This site is optimized with the Yoast SEO plugin v20.4 - https:\/\/yoast.com\/wordpress\/plugins\/seo\/ -->\n<title>Au\u00dfergew\u00f6hnliche Adventskr\u00e4nze l\u00e4uten die Vorweihnachtszeit ein - Tafeldeko<\/title>\n<meta name=\"description\" content=\"Die Weihnachtszeit und die Vorweihnachtszeit sind in aller Regel sehr gesch\u00e4ftig, jeder ist auf der Suche nach Weihnachtsgeschenken, \u00fcberlegt sich das Weihnachtsmen\u00fc mit dem die Familie \u00fcberrascht werden soll und mit welcher Deko man die G\u00e4ste in diesem Jahr beeindrucken kann. Und in welchen Farben und mit welchen Accessoires soll die diesj\u00e4hrige Weihnachtsdeko im Haus und im Vorgarten erstrahlen? Zur weihnachtlichen Deko z\u00e4hlt nat\u00fcrlich auch der Adventskranz, der mit den vier Kerzen die Adventssonntage symbolisiert. \u00dcber 150 Jahre liegt nun die Entstehung des Adventskranzes nun zur\u00fcck, entstanden, um die st\u00e4ndigen Fragen, wann denn nun endlich Weihnachten sei, zu vermeiden. Der Theologe Johann Hinrich Wichern ist der Erfinder des Adventskranzes, der urspr\u00fcnglich in Form eines Wagenrades mit insgesamt 23 Kerzen hatte. 19 Kerzen sollten die Wochentage und 4 gr\u00f6\u00dfere Kerzen die Sonntage darstellen. Jeden Tag wurde eine weitere Kerze angez\u00fcndet, so dass jeder erkennen konnte, wie lange es noch bis zum Weihnachtsfest dauert.\" \/>\n<meta name=\"robots\" content=\"index, follow, max-snippet:-1, max-image-preview:large, max-video-preview:-1\" \/>\n<link rel=\"canonical\" href=\"https:\/\/www.tafeldeko.de\/news\/aussergewoehnliche-adventskraenze-laeuten-die-vorweihnachtszeit-ein\/\" \/>\n<meta property=\"og:locale\" content=\"de_DE\" \/>\n<meta property=\"og:type\" content=\"article\" \/>\n<meta property=\"og:title\" content=\"Au\u00dfergew\u00f6hnliche Adventskr\u00e4nze l\u00e4uten die Vorweihnachtszeit ein - Tafeldeko\" \/>\n<meta property=\"og:description\" content=\"Die Weihnachtszeit und die Vorweihnachtszeit sind in aller Regel sehr gesch\u00e4ftig, jeder ist auf der Suche nach Weihnachtsgeschenken, \u00fcberlegt sich das Weihnachtsmen\u00fc mit dem die Familie \u00fcberrascht werden soll und mit welcher Deko man die G\u00e4ste in diesem Jahr beeindrucken kann. Und in welchen Farben und mit welchen Accessoires soll die diesj\u00e4hrige Weihnachtsdeko im Haus und im Vorgarten erstrahlen? Zur weihnachtlichen Deko z\u00e4hlt nat\u00fcrlich auch der Adventskranz, der mit den vier Kerzen die Adventssonntage symbolisiert. \u00dcber 150 Jahre liegt nun die Entstehung des Adventskranzes nun zur\u00fcck, entstanden, um die st\u00e4ndigen Fragen, wann denn nun endlich Weihnachten sei, zu vermeiden. Der Theologe Johann Hinrich Wichern ist der Erfinder des Adventskranzes, der urspr\u00fcnglich in Form eines Wagenrades mit insgesamt 23 Kerzen hatte. 19 Kerzen sollten die Wochentage und 4 gr\u00f6\u00dfere Kerzen die Sonntage darstellen. Jeden Tag wurde eine weitere Kerze angez\u00fcndet, so dass jeder erkennen konnte, wie lange es noch bis zum Weihnachtsfest dauert.\" \/>\n<meta property=\"og:url\" content=\"https:\/\/www.tafeldeko.de\/news\/aussergewoehnliche-adventskraenze-laeuten-die-vorweihnachtszeit-ein\/\" \/>\n<meta property=\"og:site_name\" content=\"Tafeldeko\" \/>\n<meta property=\"article:publisher\" content=\"https:\/\/www.facebook.com\/pages\/Tafeldeko-einzigartige-Tischdekoration\/174202655894\" \/>\n<meta property=\"article:published_time\" content=\"2012-11-03T11:54:41+00:00\" \/>\n<meta name=\"author\" content=\"Christiane Stein\" \/>\n<meta name=\"twitter:label1\" content=\"Verfasst von\" \/>\n\t<meta name=\"twitter:data1\" content=\"Christiane Stein\" \/>\n\t<meta name=\"twitter:label2\" content=\"Gesch\u00e4tzte Lesezeit\" \/>\n\t<meta name=\"twitter:data2\" content=\"2 Minuten\" \/>\n<script type=\"application\/ld+json\" class=\"yoast-schema-graph\">{\"@context\":\"https:\/\/schema.org\",\"@graph\":[{\"@type\":\"WebPage\",\"@id\":\"https:\/\/www.tafeldeko.de\/news\/aussergewoehnliche-adventskraenze-laeuten-die-vorweihnachtszeit-ein\/\",\"url\":\"https:\/\/www.tafeldeko.de\/news\/aussergewoehnliche-adventskraenze-laeuten-die-vorweihnachtszeit-ein\/\",\"name\":\"Au\u00dfergew\u00f6hnliche Adventskr\u00e4nze l\u00e4uten die Vorweihnachtszeit ein - Tafeldeko\",\"isPartOf\":{\"@id\":\"https:\/\/www.tafeldeko.de\/news\/#website\"},\"datePublished\":\"2012-11-03T11:54:41+00:00\",\"dateModified\":\"2012-11-03T11:54:41+00:00\",\"author\":{\"@id\":\"https:\/\/www.tafeldeko.de\/news\/#\/schema\/person\/d2acd86447ed0b6336089a8ba83164a0\"},\"description\":\"Die Weihnachtszeit und die Vorweihnachtszeit sind in aller Regel sehr gesch\u00e4ftig, jeder ist auf der Suche nach Weihnachtsgeschenken, \u00fcberlegt sich das Weihnachtsmen\u00fc mit dem die Familie \u00fcberrascht werden soll und mit welcher Deko man die G\u00e4ste in diesem Jahr beeindrucken kann. Und in welchen Farben und mit welchen Accessoires soll die diesj\u00e4hrige Weihnachtsdeko im Haus und im Vorgarten erstrahlen? Zur weihnachtlichen Deko z\u00e4hlt nat\u00fcrlich auch der Adventskranz, der mit den vier Kerzen die Adventssonntage symbolisiert. \u00dcber 150 Jahre liegt nun die Entstehung des Adventskranzes nun zur\u00fcck, entstanden, um die st\u00e4ndigen Fragen, wann denn nun endlich Weihnachten sei, zu vermeiden. Der Theologe Johann Hinrich Wichern ist der Erfinder des Adventskranzes, der urspr\u00fcnglich in Form eines Wagenrades mit insgesamt 23 Kerzen hatte. 19 Kerzen sollten die Wochentage und 4 gr\u00f6\u00dfere Kerzen die Sonntage darstellen. Jeden Tag wurde eine weitere Kerze angez\u00fcndet, so dass jeder erkennen konnte, wie lange es noch bis zum Weihnachtsfest dauert.\",\"breadcrumb\":{\"@id\":\"https:\/\/www.tafeldeko.de\/news\/aussergewoehnliche-adventskraenze-laeuten-die-vorweihnachtszeit-ein\/#breadcrumb\"},\"inLanguage\":\"de-DE\",\"potentialAction\":[{\"@type\":\"ReadAction\",\"target\":[\"https:\/\/www.tafeldeko.de\/news\/aussergewoehnliche-adventskraenze-laeuten-die-vorweihnachtszeit-ein\/\"]}]},{\"@type\":\"BreadcrumbList\",\"@id\":\"https:\/\/www.tafeldeko.de\/news\/aussergewoehnliche-adventskraenze-laeuten-die-vorweihnachtszeit-ein\/#breadcrumb\",\"itemListElement\":[{\"@type\":\"ListItem\",\"position\":1,\"name\":\"Tafeldeko\",\"item\":\"https:\/\/www.tafeldeko.de\/news\/\"},{\"@type\":\"ListItem\",\"position\":2,\"name\":\"Alte Beitr\u00e4ge\",\"item\":\"https:\/\/www.tafeldeko.de\/news\/alte-beitraege\/\"},{\"@type\":\"ListItem\",\"position\":3,\"name\":\"Tischdeko - Blog\",\"item\":\"https:\/\/www.tafeldeko.de\/news\/alte-beitraege\/tischdeko-blog\/\"},{\"@type\":\"ListItem\",\"position\":4,\"name\":\"Au\u00dfergew\u00f6hnliche Adventskr\u00e4nze l\u00e4uten die Vorweihnachtszeit ein\"}]},{\"@type\":\"WebSite\",\"@id\":\"https:\/\/www.tafeldeko.de\/news\/#website\",\"url\":\"https:\/\/www.tafeldeko.de\/news\/\",\"name\":\"Tafeldeko\",\"description\":\"Blog mit Tischdeko und Tischdekoration Ideen\",\"potentialAction\":[{\"@type\":\"SearchAction\",\"target\":{\"@type\":\"EntryPoint\",\"urlTemplate\":\"https:\/\/www.tafeldeko.de\/news\/?s={search_term_string}\"},\"query-input\":\"required name=search_term_string\"}],\"inLanguage\":\"de-DE\"},{\"@type\":\"Person\",\"@id\":\"https:\/\/www.tafeldeko.de\/news\/#\/schema\/person\/d2acd86447ed0b6336089a8ba83164a0\",\"name\":\"Christiane Stein\",\"image\":{\"@type\":\"ImageObject\",\"inLanguage\":\"de-DE\",\"@id\":\"https:\/\/www.tafeldeko.de\/news\/#\/schema\/person\/image\/\",\"url\":\"https:\/\/secure.gravatar.com\/avatar\/2054729fbfd1ebc9d3cf1fd55361d0b6?s=96&d=mm&r=g\",\"contentUrl\":\"https:\/\/secure.gravatar.com\/avatar\/2054729fbfd1ebc9d3cf1fd55361d0b6?s=96&d=mm&r=g\",\"caption\":\"Christiane Stein\"}}]}<\/script>\n<!-- \/ Yoast SEO plugin. -->","yoast_head_json":{"title":"Au\u00dfergew\u00f6hnliche Adventskr\u00e4nze l\u00e4uten die Vorweihnachtszeit ein - Tafeldeko","description":"Die Weihnachtszeit und die Vorweihnachtszeit sind in aller Regel sehr gesch\u00e4ftig, jeder ist auf der Suche nach Weihnachtsgeschenken, \u00fcberlegt sich das Weihnachtsmen\u00fc mit dem die Familie \u00fcberrascht werden soll und mit welcher Deko man die G\u00e4ste in diesem Jahr beeindrucken kann. Und in welchen Farben und mit welchen Accessoires soll die diesj\u00e4hrige Weihnachtsdeko im Haus und im Vorgarten erstrahlen? Zur weihnachtlichen Deko z\u00e4hlt nat\u00fcrlich auch der Adventskranz, der mit den vier Kerzen die Adventssonntage symbolisiert. \u00dcber 150 Jahre liegt nun die Entstehung des Adventskranzes nun zur\u00fcck, entstanden, um die st\u00e4ndigen Fragen, wann denn nun endlich Weihnachten sei, zu vermeiden. Der Theologe Johann Hinrich Wichern ist der Erfinder des Adventskranzes, der urspr\u00fcnglich in Form eines Wagenrades mit insgesamt 23 Kerzen hatte. 19 Kerzen sollten die Wochentage und 4 gr\u00f6\u00dfere Kerzen die Sonntage darstellen. Jeden Tag wurde eine weitere Kerze angez\u00fcndet, so dass jeder erkennen konnte, wie lange es noch bis zum Weihnachtsfest dauert.","robots":{"index":"index","follow":"follow","max-snippet":"max-snippet:-1","max-image-preview":"max-image-preview:large","max-video-preview":"max-video-preview:-1"},"canonical":"https:\/\/www.tafeldeko.de\/news\/aussergewoehnliche-adventskraenze-laeuten-die-vorweihnachtszeit-ein\/","og_locale":"de_DE","og_type":"article","og_title":"Au\u00dfergew\u00f6hnliche Adventskr\u00e4nze l\u00e4uten die Vorweihnachtszeit ein - Tafeldeko","og_description":"Die Weihnachtszeit und die Vorweihnachtszeit sind in aller Regel sehr gesch\u00e4ftig, jeder ist auf der Suche nach Weihnachtsgeschenken, \u00fcberlegt sich das Weihnachtsmen\u00fc mit dem die Familie \u00fcberrascht werden soll und mit welcher Deko man die G\u00e4ste in diesem Jahr beeindrucken kann. Und in welchen Farben und mit welchen Accessoires soll die diesj\u00e4hrige Weihnachtsdeko im Haus und im Vorgarten erstrahlen? Zur weihnachtlichen Deko z\u00e4hlt nat\u00fcrlich auch der Adventskranz, der mit den vier Kerzen die Adventssonntage symbolisiert. \u00dcber 150 Jahre liegt nun die Entstehung des Adventskranzes nun zur\u00fcck, entstanden, um die st\u00e4ndigen Fragen, wann denn nun endlich Weihnachten sei, zu vermeiden. Der Theologe Johann Hinrich Wichern ist der Erfinder des Adventskranzes, der urspr\u00fcnglich in Form eines Wagenrades mit insgesamt 23 Kerzen hatte. 19 Kerzen sollten die Wochentage und 4 gr\u00f6\u00dfere Kerzen die Sonntage darstellen. Jeden Tag wurde eine weitere Kerze angez\u00fcndet, so dass jeder erkennen konnte, wie lange es noch bis zum Weihnachtsfest dauert.","og_url":"https:\/\/www.tafeldeko.de\/news\/aussergewoehnliche-adventskraenze-laeuten-die-vorweihnachtszeit-ein\/","og_site_name":"Tafeldeko","article_publisher":"https:\/\/www.facebook.com\/pages\/Tafeldeko-einzigartige-Tischdekoration\/174202655894","article_published_time":"2012-11-03T11:54:41+00:00","author":"Christiane Stein","twitter_misc":{"Verfasst von":"Christiane Stein","Gesch\u00e4tzte Lesezeit":"2 Minuten"},"schema":{"@context":"https:\/\/schema.org","@graph":[{"@type":"WebPage","@id":"https:\/\/www.tafeldeko.de\/news\/aussergewoehnliche-adventskraenze-laeuten-die-vorweihnachtszeit-ein\/","url":"https:\/\/www.tafeldeko.de\/news\/aussergewoehnliche-adventskraenze-laeuten-die-vorweihnachtszeit-ein\/","name":"Au\u00dfergew\u00f6hnliche Adventskr\u00e4nze l\u00e4uten die Vorweihnachtszeit ein - Tafeldeko","isPartOf":{"@id":"https:\/\/www.tafeldeko.de\/news\/#website"},"datePublished":"2012-11-03T11:54:41+00:00","dateModified":"2012-11-03T11:54:41+00:00","author":{"@id":"https:\/\/www.tafeldeko.de\/news\/#\/schema\/person\/d2acd86447ed0b6336089a8ba83164a0"},"description":"Die Weihnachtszeit und die Vorweihnachtszeit sind in aller Regel sehr gesch\u00e4ftig, jeder ist auf der Suche nach Weihnachtsgeschenken, \u00fcberlegt sich das Weihnachtsmen\u00fc mit dem die Familie \u00fcberrascht werden soll und mit welcher Deko man die G\u00e4ste in diesem Jahr beeindrucken kann. Und in welchen Farben und mit welchen Accessoires soll die diesj\u00e4hrige Weihnachtsdeko im Haus und im Vorgarten erstrahlen? Zur weihnachtlichen Deko z\u00e4hlt nat\u00fcrlich auch der Adventskranz, der mit den vier Kerzen die Adventssonntage symbolisiert. \u00dcber 150 Jahre liegt nun die Entstehung des Adventskranzes nun zur\u00fcck, entstanden, um die st\u00e4ndigen Fragen, wann denn nun endlich Weihnachten sei, zu vermeiden. Der Theologe Johann Hinrich Wichern ist der Erfinder des Adventskranzes, der urspr\u00fcnglich in Form eines Wagenrades mit insgesamt 23 Kerzen hatte. 19 Kerzen sollten die Wochentage und 4 gr\u00f6\u00dfere Kerzen die Sonntage darstellen. Jeden Tag wurde eine weitere Kerze angez\u00fcndet, so dass jeder erkennen konnte, wie lange es noch bis zum Weihnachtsfest dauert.","breadcrumb":{"@id":"https:\/\/www.tafeldeko.de\/news\/aussergewoehnliche-adventskraenze-laeuten-die-vorweihnachtszeit-ein\/#breadcrumb"},"inLanguage":"de-DE","potentialAction":[{"@type":"ReadAction","target":["https:\/\/www.tafeldeko.de\/news\/aussergewoehnliche-adventskraenze-laeuten-die-vorweihnachtszeit-ein\/"]}]},{"@type":"BreadcrumbList","@id":"https:\/\/www.tafeldeko.de\/news\/aussergewoehnliche-adventskraenze-laeuten-die-vorweihnachtszeit-ein\/#breadcrumb","itemListElement":[{"@type":"ListItem","position":1,"name":"Tafeldeko","item":"https:\/\/www.tafeldeko.de\/news\/"},{"@type":"ListItem","position":2,"name":"Alte Beitr\u00e4ge","item":"https:\/\/www.tafeldeko.de\/news\/alte-beitraege\/"},{"@type":"ListItem","position":3,"name":"Tischdeko - Blog","item":"https:\/\/www.tafeldeko.de\/news\/alte-beitraege\/tischdeko-blog\/"},{"@type":"ListItem","position":4,"name":"Au\u00dfergew\u00f6hnliche Adventskr\u00e4nze l\u00e4uten die Vorweihnachtszeit ein"}]},{"@type":"WebSite","@id":"https:\/\/www.tafeldeko.de\/news\/#website","url":"https:\/\/www.tafeldeko.de\/news\/","name":"Tafeldeko","description":"Blog mit Tischdeko und Tischdekoration Ideen","potentialAction":[{"@type":"SearchAction","target":{"@type":"EntryPoint","urlTemplate":"https:\/\/www.tafeldeko.de\/news\/?s={search_term_string}"},"query-input":"required name=search_term_string"}],"inLanguage":"de-DE"},{"@type":"Person","@id":"https:\/\/www.tafeldeko.de\/news\/#\/schema\/person\/d2acd86447ed0b6336089a8ba83164a0","name":"Christiane Stein","image":{"@type":"ImageObject","inLanguage":"de-DE","@id":"https:\/\/www.tafeldeko.de\/news\/#\/schema\/person\/image\/","url":"https:\/\/secure.gravatar.com\/avatar\/2054729fbfd1ebc9d3cf1fd55361d0b6?s=96&d=mm&r=g","contentUrl":"https:\/\/secure.gravatar.com\/avatar\/2054729fbfd1ebc9d3cf1fd55361d0b6?s=96&d=mm&r=g","caption":"Christiane Stein"}}]}},"_links":{"self":[{"href":"https:\/\/www.tafeldeko.de\/news\/wp-json\/wp\/v2\/posts\/3900"}],"collection":[{"href":"https:\/\/www.tafeldeko.de\/news\/wp-json\/wp\/v2\/posts"}],"about":[{"href":"https:\/\/www.tafeldeko.de\/news\/wp-json\/wp\/v2\/types\/post"}],"author":[{"embeddable":true,"href":"https:\/\/www.tafeldeko.de\/news\/wp-json\/wp\/v2\/users\/2"}],"replies":[{"embeddable":true,"href":"https:\/\/www.tafeldeko.de\/news\/wp-json\/wp\/v2\/comments?post=3900"}],"version-history":[{"count":0,"href":"https:\/\/www.tafeldeko.de\/news\/wp-json\/wp\/v2\/posts\/3900\/revisions"}],"wp:attachment":[{"href":"https:\/\/www.tafeldeko.de\/news\/wp-json\/wp\/v2\/media?parent=3900"}],"wp:term":[{"taxonomy":"category","embeddable":true,"href":"https:\/\/www.tafeldeko.de\/news\/wp-json\/wp\/v2\/categories?post=3900"},{"taxonomy":"post_tag","embeddable":true,"href":"https:\/\/www.tafeldeko.de\/news\/wp-json\/wp\/v2\/tags?post=3900"}],"curies":[{"name":"wp","href":"https:\/\/api.w.org\/{rel}","templated":true}]}}