{"id":390,"date":"2012-01-08T11:38:11","date_gmt":"2012-01-08T09:38:11","guid":{"rendered":"http:\/\/www.tafeldeko.de\/news\/?p=390"},"modified":"2012-01-08T11:38:11","modified_gmt":"2012-01-08T09:38:11","slug":"fuer-die-faschingszeit-dekorieren-peppige-tischdeko","status":"publish","type":"post","link":"https:\/\/www.tafeldeko.de\/news\/fuer-die-faschingszeit-dekorieren-peppige-tischdeko\/","title":{"rendered":"F\u00fcr die Faschingszeit dekorieren \u2013 peppige Tischdeko"},"content":{"rendered":"<div class=\"textumfliessenrechts\"><img decoding=\"async\" loading=\"lazy\" src=\"https:\/\/www.tafeldeko.de\/news\/media\/users\/schnurchristian\/piraten.jpg\" alt=\"Tischdeko Piraten\" title=\"Tischdeko Piraten\" width=\"308\" height=\"212\" \/><br \/><a href=\"https:\/\/www.tafeldeko.de\/index.php\/cat\/c1142_Geburtstag---Party.html\" title=\"Hier Motivservietten\"><b>Hier Motivservietten<\/b><\/a><\/div>\n<p> Auch f\u00fcr die \u201ef\u00fcnfte\u201c Jahreszeit im Jahr sollte man seine Deko-Kiste herausholen und f\u00fcr den Anlass entsprechend dekorieren.<br \/>\nMit der f\u00fcnften Jahreszeit ist <b>Fasching <\/b>gemeint, die f\u00fcr viele Menschen etwas ganz Besonderes ist. Kinder m\u00f6gen diese Zeit in der Regel ebenfalls und so kann man seine Wohnung und vor allem den Tisch dekorieren.<br \/>\nFaschingsfeeling wird hierbei gewiss aufkommen und man kann die Tischdekoration zum Beispiel unter dem Motto \u201ePiraten-Leben\u201c in die Tat umsetzen. Die <b>Tischdeko f\u00fcr Fasching<\/b> wird besonders die Jungs begeistern, wenn die Schatztruhe ausgepackt wird und die Goldtaler auf dem Tisch gl\u00e4nzen. Des Weiteren kann man Piraten-Tonfiguren auf den Tisch zur Schau stellen und das Motto spiegelt sich so wieder.<br \/>\nDie Tischdeko kann man gerade f\u00fcr den Kindergeburtstag mit Papptellern und Pappbechern ausstatten. Das ist in zweier Hinsichten n\u00fctzlich. Zum Einen hat man weniger Geschirr zum Sp\u00fclen und zum Anderen gehen keine Teller oder Gl\u00e4ser zu Bruch.<br \/>\nWer den Tisch dekoriert, kann seiner Fantasie und seinem Einfallsreichtum freien Lauf lassen. Ideen wird man gewiss welche haben. Wenn man nach einem bestimmten Motto dekoriert, ist dies einfacher, da man sich an einigen Punkten entlang hangeln kann. Am Besten \u00fcberlegt man zu Beginn, was man mit dem Motto in Verbindung bringt und setzt dieses in der Tischdekoration um. Dann wird man mit etwas Fingerspitzengef\u00fchl eine tolle <b><a href=\"https:\/\/www.tafeldeko.de\" title=\"Tischdeko\">Tischdeko<\/a><\/b> zaubern und nicht nur die Kinder gl\u00fccklich stimmen, sondern auch die erwachsenen G\u00e4ste.<br \/>\nGleichg\u00fcltig, f\u00fcr welches Motto man sich letztlich entscheidet, die gekauften Utensilien kann man in der Regel des \u00d6fteren verwenden. Manche Artikel sind so genanntes Allround-Equipment und k\u00f6nnen immer wieder f\u00fcr <b>dekorative Aspekte<\/b> eingesetzt werden.<\/p>\n","protected":false},"excerpt":{"rendered":"<p>Auch f\u00fcr die \u201ef\u00fcnfte\u201c Jahreszeit im Jahr sollte man seine Deko-Kiste herausholen und f\u00fcr den Anlass entsprechend dekorieren.<br \/>\nMit der f\u00fcnften Jahreszeit ist Fasching gemeint, die f\u00fcr viele Menschen etwas ganz Besonderes ist. Kinder m\u00f6gen diese Zeit in der Regel ebenfalls und so kann man seine Wohnung und vor allem den Tisch dekorieren.<\/p>\n","protected":false},"author":2,"featured_media":391,"comment_status":"open","ping_status":"open","sticky":false,"template":"","format":"standard","meta":{"footnotes":""},"categories":[1],"tags":[],"yoast_head":"<!-- This site is optimized with the Yoast SEO plugin v20.4 - https:\/\/yoast.com\/wordpress\/plugins\/seo\/ -->\n<title>F\u00fcr die Faschingszeit dekorieren \u2013 peppige Tischdeko - Tafeldeko<\/title>\n<meta name=\"description\" content=\"Auch zur f&#xFC;nften Jahreszeit, zu einer Feier, darf eine Tischdeko nicht fehlen. Lustige Accessoires oder bunte Servietten, Kerzen und mehr sorgen f&#xFC;r Blickf&#xE4;nge.\" \/>\n<meta name=\"robots\" content=\"index, follow, max-snippet:-1, max-image-preview:large, max-video-preview:-1\" \/>\n<link rel=\"canonical\" href=\"https:\/\/www.tafeldeko.de\/news\/fuer-die-faschingszeit-dekorieren-peppige-tischdeko\/\" \/>\n<meta property=\"og:locale\" content=\"de_DE\" \/>\n<meta property=\"og:type\" content=\"article\" \/>\n<meta property=\"og:title\" content=\"F\u00fcr die Faschingszeit dekorieren \u2013 peppige Tischdeko - Tafeldeko\" \/>\n<meta property=\"og:description\" content=\"Auch zur f&#xFC;nften Jahreszeit, zu einer Feier, darf eine Tischdeko nicht fehlen. Lustige Accessoires oder bunte Servietten, Kerzen und mehr sorgen f&#xFC;r Blickf&#xE4;nge.\" \/>\n<meta property=\"og:url\" content=\"https:\/\/www.tafeldeko.de\/news\/fuer-die-faschingszeit-dekorieren-peppige-tischdeko\/\" \/>\n<meta property=\"og:site_name\" content=\"Tafeldeko\" \/>\n<meta property=\"article:publisher\" content=\"https:\/\/www.facebook.com\/pages\/Tafeldeko-einzigartige-Tischdekoration\/174202655894\" \/>\n<meta property=\"article:published_time\" content=\"2012-01-08T09:38:11+00:00\" \/>\n<meta property=\"og:image\" content=\"https:\/\/www.tafeldeko.de\/news\/wp-content\/uploads\/2014\/09\/piraten.jpg\" \/>\n\t<meta property=\"og:image:width\" content=\"448\" \/>\n\t<meta property=\"og:image:height\" content=\"232\" \/>\n\t<meta property=\"og:image:type\" content=\"image\/jpeg\" \/>\n<meta name=\"author\" content=\"Christiane Stein\" \/>\n<meta name=\"twitter:label1\" content=\"Verfasst von\" \/>\n\t<meta name=\"twitter:data1\" content=\"Christiane Stein\" \/>\n\t<meta name=\"twitter:label2\" content=\"Gesch\u00e4tzte Lesezeit\" \/>\n\t<meta name=\"twitter:data2\" content=\"1 Minute\" \/>\n<script type=\"application\/ld+json\" class=\"yoast-schema-graph\">{\"@context\":\"https:\/\/schema.org\",\"@graph\":[{\"@type\":\"WebPage\",\"@id\":\"https:\/\/www.tafeldeko.de\/news\/fuer-die-faschingszeit-dekorieren-peppige-tischdeko\/\",\"url\":\"https:\/\/www.tafeldeko.de\/news\/fuer-die-faschingszeit-dekorieren-peppige-tischdeko\/\",\"name\":\"F\u00fcr die Faschingszeit dekorieren \u2013 peppige Tischdeko - Tafeldeko\",\"isPartOf\":{\"@id\":\"https:\/\/www.tafeldeko.de\/news\/#website\"},\"datePublished\":\"2012-01-08T09:38:11+00:00\",\"dateModified\":\"2012-01-08T09:38:11+00:00\",\"author\":{\"@id\":\"https:\/\/www.tafeldeko.de\/news\/#\/schema\/person\/d2acd86447ed0b6336089a8ba83164a0\"},\"description\":\"Auch zur f&#xFC;nften Jahreszeit, zu einer Feier, darf eine Tischdeko nicht fehlen. Lustige Accessoires oder bunte Servietten, Kerzen und mehr sorgen f&#xFC;r Blickf&#xE4;nge.\",\"breadcrumb\":{\"@id\":\"https:\/\/www.tafeldeko.de\/news\/fuer-die-faschingszeit-dekorieren-peppige-tischdeko\/#breadcrumb\"},\"inLanguage\":\"de-DE\",\"potentialAction\":[{\"@type\":\"ReadAction\",\"target\":[\"https:\/\/www.tafeldeko.de\/news\/fuer-die-faschingszeit-dekorieren-peppige-tischdeko\/\"]}]},{\"@type\":\"BreadcrumbList\",\"@id\":\"https:\/\/www.tafeldeko.de\/news\/fuer-die-faschingszeit-dekorieren-peppige-tischdeko\/#breadcrumb\",\"itemListElement\":[{\"@type\":\"ListItem\",\"position\":1,\"name\":\"Tafeldeko\",\"item\":\"https:\/\/www.tafeldeko.de\/news\/\"},{\"@type\":\"ListItem\",\"position\":2,\"name\":\"Alte Beitr\u00e4ge\",\"item\":\"https:\/\/www.tafeldeko.de\/news\/alte-beitraege\/\"},{\"@type\":\"ListItem\",\"position\":3,\"name\":\"Tischdeko - Blog\",\"item\":\"https:\/\/www.tafeldeko.de\/news\/alte-beitraege\/tischdeko-blog\/\"},{\"@type\":\"ListItem\",\"position\":4,\"name\":\"F\u00fcr die Faschingszeit dekorieren \u2013 peppige Tischdeko\"}]},{\"@type\":\"WebSite\",\"@id\":\"https:\/\/www.tafeldeko.de\/news\/#website\",\"url\":\"https:\/\/www.tafeldeko.de\/news\/\",\"name\":\"Tafeldeko\",\"description\":\"Blog mit Tischdeko und Tischdekoration Ideen\",\"potentialAction\":[{\"@type\":\"SearchAction\",\"target\":{\"@type\":\"EntryPoint\",\"urlTemplate\":\"https:\/\/www.tafeldeko.de\/news\/?s={search_term_string}\"},\"query-input\":\"required name=search_term_string\"}],\"inLanguage\":\"de-DE\"},{\"@type\":\"Person\",\"@id\":\"https:\/\/www.tafeldeko.de\/news\/#\/schema\/person\/d2acd86447ed0b6336089a8ba83164a0\",\"name\":\"Christiane Stein\",\"image\":{\"@type\":\"ImageObject\",\"inLanguage\":\"de-DE\",\"@id\":\"https:\/\/www.tafeldeko.de\/news\/#\/schema\/person\/image\/\",\"url\":\"https:\/\/secure.gravatar.com\/avatar\/2054729fbfd1ebc9d3cf1fd55361d0b6?s=96&d=mm&r=g\",\"contentUrl\":\"https:\/\/secure.gravatar.com\/avatar\/2054729fbfd1ebc9d3cf1fd55361d0b6?s=96&d=mm&r=g\",\"caption\":\"Christiane Stein\"}}]}<\/script>\n<!-- \/ Yoast SEO plugin. -->","yoast_head_json":{"title":"F\u00fcr die Faschingszeit dekorieren \u2013 peppige Tischdeko - Tafeldeko","description":"Auch zur f&#xFC;nften Jahreszeit, zu einer Feier, darf eine Tischdeko nicht fehlen. Lustige Accessoires oder bunte Servietten, Kerzen und mehr sorgen f&#xFC;r Blickf&#xE4;nge.","robots":{"index":"index","follow":"follow","max-snippet":"max-snippet:-1","max-image-preview":"max-image-preview:large","max-video-preview":"max-video-preview:-1"},"canonical":"https:\/\/www.tafeldeko.de\/news\/fuer-die-faschingszeit-dekorieren-peppige-tischdeko\/","og_locale":"de_DE","og_type":"article","og_title":"F\u00fcr die Faschingszeit dekorieren \u2013 peppige Tischdeko - Tafeldeko","og_description":"Auch zur f&#xFC;nften Jahreszeit, zu einer Feier, darf eine Tischdeko nicht fehlen. Lustige Accessoires oder bunte Servietten, Kerzen und mehr sorgen f&#xFC;r Blickf&#xE4;nge.","og_url":"https:\/\/www.tafeldeko.de\/news\/fuer-die-faschingszeit-dekorieren-peppige-tischdeko\/","og_site_name":"Tafeldeko","article_publisher":"https:\/\/www.facebook.com\/pages\/Tafeldeko-einzigartige-Tischdekoration\/174202655894","article_published_time":"2012-01-08T09:38:11+00:00","og_image":[{"width":448,"height":232,"url":"https:\/\/www.tafeldeko.de\/news\/wp-content\/uploads\/2014\/09\/piraten.jpg","type":"image\/jpeg"}],"author":"Christiane Stein","twitter_misc":{"Verfasst von":"Christiane Stein","Gesch\u00e4tzte Lesezeit":"1 Minute"},"schema":{"@context":"https:\/\/schema.org","@graph":[{"@type":"WebPage","@id":"https:\/\/www.tafeldeko.de\/news\/fuer-die-faschingszeit-dekorieren-peppige-tischdeko\/","url":"https:\/\/www.tafeldeko.de\/news\/fuer-die-faschingszeit-dekorieren-peppige-tischdeko\/","name":"F\u00fcr die Faschingszeit dekorieren \u2013 peppige Tischdeko - Tafeldeko","isPartOf":{"@id":"https:\/\/www.tafeldeko.de\/news\/#website"},"datePublished":"2012-01-08T09:38:11+00:00","dateModified":"2012-01-08T09:38:11+00:00","author":{"@id":"https:\/\/www.tafeldeko.de\/news\/#\/schema\/person\/d2acd86447ed0b6336089a8ba83164a0"},"description":"Auch zur f&#xFC;nften Jahreszeit, zu einer Feier, darf eine Tischdeko nicht fehlen. Lustige Accessoires oder bunte Servietten, Kerzen und mehr sorgen f&#xFC;r Blickf&#xE4;nge.","breadcrumb":{"@id":"https:\/\/www.tafeldeko.de\/news\/fuer-die-faschingszeit-dekorieren-peppige-tischdeko\/#breadcrumb"},"inLanguage":"de-DE","potentialAction":[{"@type":"ReadAction","target":["https:\/\/www.tafeldeko.de\/news\/fuer-die-faschingszeit-dekorieren-peppige-tischdeko\/"]}]},{"@type":"BreadcrumbList","@id":"https:\/\/www.tafeldeko.de\/news\/fuer-die-faschingszeit-dekorieren-peppige-tischdeko\/#breadcrumb","itemListElement":[{"@type":"ListItem","position":1,"name":"Tafeldeko","item":"https:\/\/www.tafeldeko.de\/news\/"},{"@type":"ListItem","position":2,"name":"Alte Beitr\u00e4ge","item":"https:\/\/www.tafeldeko.de\/news\/alte-beitraege\/"},{"@type":"ListItem","position":3,"name":"Tischdeko - Blog","item":"https:\/\/www.tafeldeko.de\/news\/alte-beitraege\/tischdeko-blog\/"},{"@type":"ListItem","position":4,"name":"F\u00fcr die Faschingszeit dekorieren \u2013 peppige Tischdeko"}]},{"@type":"WebSite","@id":"https:\/\/www.tafeldeko.de\/news\/#website","url":"https:\/\/www.tafeldeko.de\/news\/","name":"Tafeldeko","description":"Blog mit Tischdeko und Tischdekoration Ideen","potentialAction":[{"@type":"SearchAction","target":{"@type":"EntryPoint","urlTemplate":"https:\/\/www.tafeldeko.de\/news\/?s={search_term_string}"},"query-input":"required name=search_term_string"}],"inLanguage":"de-DE"},{"@type":"Person","@id":"https:\/\/www.tafeldeko.de\/news\/#\/schema\/person\/d2acd86447ed0b6336089a8ba83164a0","name":"Christiane Stein","image":{"@type":"ImageObject","inLanguage":"de-DE","@id":"https:\/\/www.tafeldeko.de\/news\/#\/schema\/person\/image\/","url":"https:\/\/secure.gravatar.com\/avatar\/2054729fbfd1ebc9d3cf1fd55361d0b6?s=96&d=mm&r=g","contentUrl":"https:\/\/secure.gravatar.com\/avatar\/2054729fbfd1ebc9d3cf1fd55361d0b6?s=96&d=mm&r=g","caption":"Christiane Stein"}}]}},"_links":{"self":[{"href":"https:\/\/www.tafeldeko.de\/news\/wp-json\/wp\/v2\/posts\/390"}],"collection":[{"href":"https:\/\/www.tafeldeko.de\/news\/wp-json\/wp\/v2\/posts"}],"about":[{"href":"https:\/\/www.tafeldeko.de\/news\/wp-json\/wp\/v2\/types\/post"}],"author":[{"embeddable":true,"href":"https:\/\/www.tafeldeko.de\/news\/wp-json\/wp\/v2\/users\/2"}],"replies":[{"embeddable":true,"href":"https:\/\/www.tafeldeko.de\/news\/wp-json\/wp\/v2\/comments?post=390"}],"version-history":[{"count":0,"href":"https:\/\/www.tafeldeko.de\/news\/wp-json\/wp\/v2\/posts\/390\/revisions"}],"wp:featuredmedia":[{"embeddable":true,"href":"https:\/\/www.tafeldeko.de\/news\/wp-json\/wp\/v2\/media\/391"}],"wp:attachment":[{"href":"https:\/\/www.tafeldeko.de\/news\/wp-json\/wp\/v2\/media?parent=390"}],"wp:term":[{"taxonomy":"category","embeddable":true,"href":"https:\/\/www.tafeldeko.de\/news\/wp-json\/wp\/v2\/categories?post=390"},{"taxonomy":"post_tag","embeddable":true,"href":"https:\/\/www.tafeldeko.de\/news\/wp-json\/wp\/v2\/tags?post=390"}],"curies":[{"name":"wp","href":"https:\/\/api.w.org\/{rel}","templated":true}]}}