{"id":3897,"date":"2012-10-18T20:06:24","date_gmt":"2012-10-18T18:06:24","guid":{"rendered":"http:\/\/www.tafeldeko.de\/news\/?p=3897"},"modified":"2012-10-18T20:06:24","modified_gmt":"2012-10-18T18:06:24","slug":"deko-mit-aesten-im-winter","status":"publish","type":"post","link":"https:\/\/www.tafeldeko.de\/news\/deko-mit-aesten-im-winter\/","title":{"rendered":"Deko mit \u00c4sten im Winter"},"content":{"rendered":"<p><b>In der Winter- und Weihnachtszeit <\/b>stehen die <b>Dekorationen <\/b>in den Wohnungen und im Au\u00dfenbereich im Vordergrund. Mit weihnachtlichen und winterlichen Gegenst\u00e4nden wird die Deko \u201eaufgefahren\u201c, teilweise starten wahre Wettk\u00e4mpfe, welche Deko nun sch\u00f6ner, gr\u00f6\u00dfer und bunter ist.<br \/>\n<i>Beleuchtete Schneem\u00e4nner, Rentiere, Elche, Weihnachtsm\u00e4nner, Engel, Schlitten <\/i>und dergleichen mehr tummeln sich in den Vorg\u00e4rten der H\u00e4user. <i>Lichterketten <\/i>wohin das Auge blickt, an den Fassaden, an den Fenstern und die Dachgiebel und auch an den Tannenb\u00e4umen vor dem Haus.<br \/>\nWer die <b>Weihnachtsdeko <\/b>liebt, freut schon w\u00e4hrend des Jahres darauf, wieder Haus und Au\u00dfenbereich sch\u00f6n zu schm\u00fccken und so die Weihnachtsstimmung aufleben zu lassen.<br \/>\nIn den H\u00e4usern und Wohnungen schm\u00fccken auch andere <b>Dekorationen <\/b>die R\u00e4umlichkeiten.<br \/>\n<b>Eine Deko mit \u00c4sten<\/b> hat auch in den Wintermonaten ihre sch\u00f6nen Seiten.<br \/>\n<i>R\u00e4ume mit hohen Decken, Studiowohnungen und auch Fensterecken<\/i> werden mit solchen <b>Dekorationen <\/b>auf wundersch\u00f6ne Weise geschm\u00fcckt. Nicht nur die \u00c4ste bezaubern mit ihren Verwachsungen, sondern auch die Deko-Accessoires, die die \u00c4ste schm\u00fccken.<br \/>\n<i>Winterliche oder weihnachtliche Figuren, Anh\u00e4nger, Schleifen und auch kleine Weihnachtskugeln in den verschiedensten Farben, Engelshaar oder Strohsterne<\/i&gt; sind nur einige der M\u00f6glichkeiten, mit denen die <b>Deko mit \u00c4sten im Winter<\/b> ihren besonderen Blickpunkt erh\u00e4lt. Auch <i>Eingangsbereiche, Haust\u00fcren, Terrassen und Balkone<\/i> k\u00f6nnen mit der Deko mit \u00c4sten und wundersch\u00f6nen Accessoires den winterlichen und weihnachtlichen Glanz \u201ein die H\u00fctte\u201c bringen.<br \/>\nEine andere Art der <b>Deko mit \u00c4sten im Winter<\/b> ist die, dass die \u00c4ste in eine gro\u00dfe Glasvase gestellt werden. Fr\u00fcher war es beispielsweise Brauch, am <i>Barbaratag, dem 4. Dezember<\/i>, Bl\u00fctenzweige von Kirsch- oder Apfelb\u00e4umen in die Wohnung zu holen, in eine Vase zu stellen und um die Weihnachtszeit schm\u00fcckte eine Bl\u00fctenpracht die \u00c4ste. Mittlerweile wird dieses Brauchtum leider kaum noch praktiziert.<br \/>\nAber eine sch\u00f6ne M\u00f6glichkeit, mit \u00c4sten eine ansprechende <b>Dekoration <\/b>in die eigenen vier W\u00e4nde einzubringen, und mit allerlei Deko-Accessoires zu einem eindrucksvollen Arrangement werden zu lassen. <\/p>\n","protected":false},"excerpt":{"rendered":"<p>In der Winter- und Weihnachtszeit stehen die Dekorationen in den Wohnungen und im Au\u00dfenbereich im Vordergrund. Mit weihnachtlichen und winterlichen Gegenst\u00e4nden wird die Deko \u201eaufgefahren\u201c, teilweise starten wahre Wettk\u00e4mpfe, welche Deko nun sch\u00f6ner, gr\u00f6\u00dfer und bunter ist.<br \/>\nBeleuchtete Schneem\u00e4nner, Rentiere, Elche, Weihnachtsm\u00e4nner, Engel, Schlitten und dergleichen mehr tummeln sich in den Vorg\u00e4rten der H\u00e4user. Lichterketten wohin das Auge blickt, an den Fassaden, an den Fenstern und die Dachgiebel und auch an den Tannenb\u00e4umen vor dem Haus.<br \/>\nWer die Weihnachtsdeko liebt, freut schon w\u00e4hrend des Jahres darauf, wieder Haus und Au\u00dfenbereich sch\u00f6n zu schm\u00fccken und so die Weihnachtsstimmung aufleben zu lassen.<br \/>\nIn den H\u00e4usern und Wohnungen schm\u00fccken auch andere Dekorationen die R\u00e4umlichkeiten.<br \/>\nEine Deko mit \u00c4sten hat auch in den Wintermonaten ihre sch\u00f6nen Seiten.<\/p>\n","protected":false},"author":2,"featured_media":0,"comment_status":"open","ping_status":"open","sticky":false,"template":"","format":"standard","meta":{"footnotes":""},"categories":[1],"tags":[],"yoast_head":"<!-- This site is optimized with the Yoast SEO plugin v20.4 - https:\/\/yoast.com\/wordpress\/plugins\/seo\/ -->\n<title>Deko mit \u00c4sten im Winter - Tafeldeko<\/title>\n<meta name=\"description\" content=\"In der Winter- und Weihnachtszeit stehen die Dekorationen in den Wohnungen und im Au\u00dfenbereich im Vordergrund. Mit weihnachtlichen und winterlichen Gegenst\u00e4nden wird die Deko \u201eaufgefahren\u201c, teilweise starten wahre Wettk\u00e4mpfe, welche Deko nun sch\u00f6ner, gr\u00f6\u00dfer und bunter ist.  Beleuchtete Schneem\u00e4nner, Rentiere, Elche, Weihnachtsm\u00e4nner, Engel, Schlitten und dergleichen mehr tummeln sich in den Vorg\u00e4rten der H\u00e4user. Lichterketten wohin das Auge blickt, an den Fassaden, an den Fenstern und die Dachgiebel und auch an den Tannenb\u00e4umen vor dem Haus.  Wer die Weihnachtsdeko liebt, freut schon w\u00e4hrend des Jahres darauf, wieder Haus und Au\u00dfenbereich sch\u00f6n zu schm\u00fccken und so die Weihnachtsstimmung aufleben zu lassen.  In den H\u00e4usern und Wohnungen schm\u00fccken auch andere Dekorationen die R\u00e4umlichkeiten.  Eine Deko mit \u00c4sten hat auch in den Wintermonaten ihre sch\u00f6nen Seiten.\" \/>\n<meta name=\"robots\" content=\"index, follow, max-snippet:-1, max-image-preview:large, max-video-preview:-1\" \/>\n<link rel=\"canonical\" href=\"https:\/\/www.tafeldeko.de\/news\/deko-mit-aesten-im-winter\/\" \/>\n<meta property=\"og:locale\" content=\"de_DE\" \/>\n<meta property=\"og:type\" content=\"article\" \/>\n<meta property=\"og:title\" content=\"Deko mit \u00c4sten im Winter - Tafeldeko\" \/>\n<meta property=\"og:description\" content=\"In der Winter- und Weihnachtszeit stehen die Dekorationen in den Wohnungen und im Au\u00dfenbereich im Vordergrund. Mit weihnachtlichen und winterlichen Gegenst\u00e4nden wird die Deko \u201eaufgefahren\u201c, teilweise starten wahre Wettk\u00e4mpfe, welche Deko nun sch\u00f6ner, gr\u00f6\u00dfer und bunter ist.  Beleuchtete Schneem\u00e4nner, Rentiere, Elche, Weihnachtsm\u00e4nner, Engel, Schlitten und dergleichen mehr tummeln sich in den Vorg\u00e4rten der H\u00e4user. Lichterketten wohin das Auge blickt, an den Fassaden, an den Fenstern und die Dachgiebel und auch an den Tannenb\u00e4umen vor dem Haus.  Wer die Weihnachtsdeko liebt, freut schon w\u00e4hrend des Jahres darauf, wieder Haus und Au\u00dfenbereich sch\u00f6n zu schm\u00fccken und so die Weihnachtsstimmung aufleben zu lassen.  In den H\u00e4usern und Wohnungen schm\u00fccken auch andere Dekorationen die R\u00e4umlichkeiten.  Eine Deko mit \u00c4sten hat auch in den Wintermonaten ihre sch\u00f6nen Seiten.\" \/>\n<meta property=\"og:url\" content=\"https:\/\/www.tafeldeko.de\/news\/deko-mit-aesten-im-winter\/\" \/>\n<meta property=\"og:site_name\" content=\"Tafeldeko\" \/>\n<meta property=\"article:publisher\" content=\"https:\/\/www.facebook.com\/pages\/Tafeldeko-einzigartige-Tischdekoration\/174202655894\" \/>\n<meta property=\"article:published_time\" content=\"2012-10-18T18:06:24+00:00\" \/>\n<meta name=\"author\" content=\"Christiane Stein\" \/>\n<meta name=\"twitter:label1\" content=\"Verfasst von\" \/>\n\t<meta name=\"twitter:data1\" content=\"Christiane Stein\" \/>\n\t<meta name=\"twitter:label2\" content=\"Gesch\u00e4tzte Lesezeit\" \/>\n\t<meta name=\"twitter:data2\" content=\"1 Minute\" \/>\n<script type=\"application\/ld+json\" class=\"yoast-schema-graph\">{\"@context\":\"https:\/\/schema.org\",\"@graph\":[{\"@type\":\"WebPage\",\"@id\":\"https:\/\/www.tafeldeko.de\/news\/deko-mit-aesten-im-winter\/\",\"url\":\"https:\/\/www.tafeldeko.de\/news\/deko-mit-aesten-im-winter\/\",\"name\":\"Deko mit \u00c4sten im Winter - Tafeldeko\",\"isPartOf\":{\"@id\":\"https:\/\/www.tafeldeko.de\/news\/#website\"},\"datePublished\":\"2012-10-18T18:06:24+00:00\",\"dateModified\":\"2012-10-18T18:06:24+00:00\",\"author\":{\"@id\":\"https:\/\/www.tafeldeko.de\/news\/#\/schema\/person\/d2acd86447ed0b6336089a8ba83164a0\"},\"description\":\"In der Winter- und Weihnachtszeit stehen die Dekorationen in den Wohnungen und im Au\u00dfenbereich im Vordergrund. Mit weihnachtlichen und winterlichen Gegenst\u00e4nden wird die Deko \u201eaufgefahren\u201c, teilweise starten wahre Wettk\u00e4mpfe, welche Deko nun sch\u00f6ner, gr\u00f6\u00dfer und bunter ist. Beleuchtete Schneem\u00e4nner, Rentiere, Elche, Weihnachtsm\u00e4nner, Engel, Schlitten und dergleichen mehr tummeln sich in den Vorg\u00e4rten der H\u00e4user. Lichterketten wohin das Auge blickt, an den Fassaden, an den Fenstern und die Dachgiebel und auch an den Tannenb\u00e4umen vor dem Haus. Wer die Weihnachtsdeko liebt, freut schon w\u00e4hrend des Jahres darauf, wieder Haus und Au\u00dfenbereich sch\u00f6n zu schm\u00fccken und so die Weihnachtsstimmung aufleben zu lassen. In den H\u00e4usern und Wohnungen schm\u00fccken auch andere Dekorationen die R\u00e4umlichkeiten. Eine Deko mit \u00c4sten hat auch in den Wintermonaten ihre sch\u00f6nen Seiten.\",\"breadcrumb\":{\"@id\":\"https:\/\/www.tafeldeko.de\/news\/deko-mit-aesten-im-winter\/#breadcrumb\"},\"inLanguage\":\"de-DE\",\"potentialAction\":[{\"@type\":\"ReadAction\",\"target\":[\"https:\/\/www.tafeldeko.de\/news\/deko-mit-aesten-im-winter\/\"]}]},{\"@type\":\"BreadcrumbList\",\"@id\":\"https:\/\/www.tafeldeko.de\/news\/deko-mit-aesten-im-winter\/#breadcrumb\",\"itemListElement\":[{\"@type\":\"ListItem\",\"position\":1,\"name\":\"Tafeldeko\",\"item\":\"https:\/\/www.tafeldeko.de\/news\/\"},{\"@type\":\"ListItem\",\"position\":2,\"name\":\"Alte Beitr\u00e4ge\",\"item\":\"https:\/\/www.tafeldeko.de\/news\/alte-beitraege\/\"},{\"@type\":\"ListItem\",\"position\":3,\"name\":\"Tischdeko - Blog\",\"item\":\"https:\/\/www.tafeldeko.de\/news\/alte-beitraege\/tischdeko-blog\/\"},{\"@type\":\"ListItem\",\"position\":4,\"name\":\"Deko mit \u00c4sten im Winter\"}]},{\"@type\":\"WebSite\",\"@id\":\"https:\/\/www.tafeldeko.de\/news\/#website\",\"url\":\"https:\/\/www.tafeldeko.de\/news\/\",\"name\":\"Tafeldeko\",\"description\":\"Blog mit Tischdeko und Tischdekoration Ideen\",\"potentialAction\":[{\"@type\":\"SearchAction\",\"target\":{\"@type\":\"EntryPoint\",\"urlTemplate\":\"https:\/\/www.tafeldeko.de\/news\/?s={search_term_string}\"},\"query-input\":\"required name=search_term_string\"}],\"inLanguage\":\"de-DE\"},{\"@type\":\"Person\",\"@id\":\"https:\/\/www.tafeldeko.de\/news\/#\/schema\/person\/d2acd86447ed0b6336089a8ba83164a0\",\"name\":\"Christiane Stein\",\"image\":{\"@type\":\"ImageObject\",\"inLanguage\":\"de-DE\",\"@id\":\"https:\/\/www.tafeldeko.de\/news\/#\/schema\/person\/image\/\",\"url\":\"https:\/\/secure.gravatar.com\/avatar\/2054729fbfd1ebc9d3cf1fd55361d0b6?s=96&d=mm&r=g\",\"contentUrl\":\"https:\/\/secure.gravatar.com\/avatar\/2054729fbfd1ebc9d3cf1fd55361d0b6?s=96&d=mm&r=g\",\"caption\":\"Christiane Stein\"}}]}<\/script>\n<!-- \/ Yoast SEO plugin. -->","yoast_head_json":{"title":"Deko mit \u00c4sten im Winter - Tafeldeko","description":"In der Winter- und Weihnachtszeit stehen die Dekorationen in den Wohnungen und im Au\u00dfenbereich im Vordergrund. Mit weihnachtlichen und winterlichen Gegenst\u00e4nden wird die Deko \u201eaufgefahren\u201c, teilweise starten wahre Wettk\u00e4mpfe, welche Deko nun sch\u00f6ner, gr\u00f6\u00dfer und bunter ist.  Beleuchtete Schneem\u00e4nner, Rentiere, Elche, Weihnachtsm\u00e4nner, Engel, Schlitten und dergleichen mehr tummeln sich in den Vorg\u00e4rten der H\u00e4user. Lichterketten wohin das Auge blickt, an den Fassaden, an den Fenstern und die Dachgiebel und auch an den Tannenb\u00e4umen vor dem Haus.  Wer die Weihnachtsdeko liebt, freut schon w\u00e4hrend des Jahres darauf, wieder Haus und Au\u00dfenbereich sch\u00f6n zu schm\u00fccken und so die Weihnachtsstimmung aufleben zu lassen.  In den H\u00e4usern und Wohnungen schm\u00fccken auch andere Dekorationen die R\u00e4umlichkeiten.  Eine Deko mit \u00c4sten hat auch in den Wintermonaten ihre sch\u00f6nen Seiten.","robots":{"index":"index","follow":"follow","max-snippet":"max-snippet:-1","max-image-preview":"max-image-preview:large","max-video-preview":"max-video-preview:-1"},"canonical":"https:\/\/www.tafeldeko.de\/news\/deko-mit-aesten-im-winter\/","og_locale":"de_DE","og_type":"article","og_title":"Deko mit \u00c4sten im Winter - Tafeldeko","og_description":"In der Winter- und Weihnachtszeit stehen die Dekorationen in den Wohnungen und im Au\u00dfenbereich im Vordergrund. Mit weihnachtlichen und winterlichen Gegenst\u00e4nden wird die Deko \u201eaufgefahren\u201c, teilweise starten wahre Wettk\u00e4mpfe, welche Deko nun sch\u00f6ner, gr\u00f6\u00dfer und bunter ist.  Beleuchtete Schneem\u00e4nner, Rentiere, Elche, Weihnachtsm\u00e4nner, Engel, Schlitten und dergleichen mehr tummeln sich in den Vorg\u00e4rten der H\u00e4user. Lichterketten wohin das Auge blickt, an den Fassaden, an den Fenstern und die Dachgiebel und auch an den Tannenb\u00e4umen vor dem Haus.  Wer die Weihnachtsdeko liebt, freut schon w\u00e4hrend des Jahres darauf, wieder Haus und Au\u00dfenbereich sch\u00f6n zu schm\u00fccken und so die Weihnachtsstimmung aufleben zu lassen.  In den H\u00e4usern und Wohnungen schm\u00fccken auch andere Dekorationen die R\u00e4umlichkeiten.  Eine Deko mit \u00c4sten hat auch in den Wintermonaten ihre sch\u00f6nen Seiten.","og_url":"https:\/\/www.tafeldeko.de\/news\/deko-mit-aesten-im-winter\/","og_site_name":"Tafeldeko","article_publisher":"https:\/\/www.facebook.com\/pages\/Tafeldeko-einzigartige-Tischdekoration\/174202655894","article_published_time":"2012-10-18T18:06:24+00:00","author":"Christiane Stein","twitter_misc":{"Verfasst von":"Christiane Stein","Gesch\u00e4tzte Lesezeit":"1 Minute"},"schema":{"@context":"https:\/\/schema.org","@graph":[{"@type":"WebPage","@id":"https:\/\/www.tafeldeko.de\/news\/deko-mit-aesten-im-winter\/","url":"https:\/\/www.tafeldeko.de\/news\/deko-mit-aesten-im-winter\/","name":"Deko mit \u00c4sten im Winter - Tafeldeko","isPartOf":{"@id":"https:\/\/www.tafeldeko.de\/news\/#website"},"datePublished":"2012-10-18T18:06:24+00:00","dateModified":"2012-10-18T18:06:24+00:00","author":{"@id":"https:\/\/www.tafeldeko.de\/news\/#\/schema\/person\/d2acd86447ed0b6336089a8ba83164a0"},"description":"In der Winter- und Weihnachtszeit stehen die Dekorationen in den Wohnungen und im Au\u00dfenbereich im Vordergrund. Mit weihnachtlichen und winterlichen Gegenst\u00e4nden wird die Deko \u201eaufgefahren\u201c, teilweise starten wahre Wettk\u00e4mpfe, welche Deko nun sch\u00f6ner, gr\u00f6\u00dfer und bunter ist. Beleuchtete Schneem\u00e4nner, Rentiere, Elche, Weihnachtsm\u00e4nner, Engel, Schlitten und dergleichen mehr tummeln sich in den Vorg\u00e4rten der H\u00e4user. Lichterketten wohin das Auge blickt, an den Fassaden, an den Fenstern und die Dachgiebel und auch an den Tannenb\u00e4umen vor dem Haus. Wer die Weihnachtsdeko liebt, freut schon w\u00e4hrend des Jahres darauf, wieder Haus und Au\u00dfenbereich sch\u00f6n zu schm\u00fccken und so die Weihnachtsstimmung aufleben zu lassen. In den H\u00e4usern und Wohnungen schm\u00fccken auch andere Dekorationen die R\u00e4umlichkeiten. Eine Deko mit \u00c4sten hat auch in den Wintermonaten ihre sch\u00f6nen Seiten.","breadcrumb":{"@id":"https:\/\/www.tafeldeko.de\/news\/deko-mit-aesten-im-winter\/#breadcrumb"},"inLanguage":"de-DE","potentialAction":[{"@type":"ReadAction","target":["https:\/\/www.tafeldeko.de\/news\/deko-mit-aesten-im-winter\/"]}]},{"@type":"BreadcrumbList","@id":"https:\/\/www.tafeldeko.de\/news\/deko-mit-aesten-im-winter\/#breadcrumb","itemListElement":[{"@type":"ListItem","position":1,"name":"Tafeldeko","item":"https:\/\/www.tafeldeko.de\/news\/"},{"@type":"ListItem","position":2,"name":"Alte Beitr\u00e4ge","item":"https:\/\/www.tafeldeko.de\/news\/alte-beitraege\/"},{"@type":"ListItem","position":3,"name":"Tischdeko - Blog","item":"https:\/\/www.tafeldeko.de\/news\/alte-beitraege\/tischdeko-blog\/"},{"@type":"ListItem","position":4,"name":"Deko mit \u00c4sten im Winter"}]},{"@type":"WebSite","@id":"https:\/\/www.tafeldeko.de\/news\/#website","url":"https:\/\/www.tafeldeko.de\/news\/","name":"Tafeldeko","description":"Blog mit Tischdeko und Tischdekoration Ideen","potentialAction":[{"@type":"SearchAction","target":{"@type":"EntryPoint","urlTemplate":"https:\/\/www.tafeldeko.de\/news\/?s={search_term_string}"},"query-input":"required name=search_term_string"}],"inLanguage":"de-DE"},{"@type":"Person","@id":"https:\/\/www.tafeldeko.de\/news\/#\/schema\/person\/d2acd86447ed0b6336089a8ba83164a0","name":"Christiane Stein","image":{"@type":"ImageObject","inLanguage":"de-DE","@id":"https:\/\/www.tafeldeko.de\/news\/#\/schema\/person\/image\/","url":"https:\/\/secure.gravatar.com\/avatar\/2054729fbfd1ebc9d3cf1fd55361d0b6?s=96&d=mm&r=g","contentUrl":"https:\/\/secure.gravatar.com\/avatar\/2054729fbfd1ebc9d3cf1fd55361d0b6?s=96&d=mm&r=g","caption":"Christiane Stein"}}]}},"_links":{"self":[{"href":"https:\/\/www.tafeldeko.de\/news\/wp-json\/wp\/v2\/posts\/3897"}],"collection":[{"href":"https:\/\/www.tafeldeko.de\/news\/wp-json\/wp\/v2\/posts"}],"about":[{"href":"https:\/\/www.tafeldeko.de\/news\/wp-json\/wp\/v2\/types\/post"}],"author":[{"embeddable":true,"href":"https:\/\/www.tafeldeko.de\/news\/wp-json\/wp\/v2\/users\/2"}],"replies":[{"embeddable":true,"href":"https:\/\/www.tafeldeko.de\/news\/wp-json\/wp\/v2\/comments?post=3897"}],"version-history":[{"count":0,"href":"https:\/\/www.tafeldeko.de\/news\/wp-json\/wp\/v2\/posts\/3897\/revisions"}],"wp:attachment":[{"href":"https:\/\/www.tafeldeko.de\/news\/wp-json\/wp\/v2\/media?parent=3897"}],"wp:term":[{"taxonomy":"category","embeddable":true,"href":"https:\/\/www.tafeldeko.de\/news\/wp-json\/wp\/v2\/categories?post=3897"},{"taxonomy":"post_tag","embeddable":true,"href":"https:\/\/www.tafeldeko.de\/news\/wp-json\/wp\/v2\/tags?post=3897"}],"curies":[{"name":"wp","href":"https:\/\/api.w.org\/{rel}","templated":true}]}}