{"id":3895,"date":"2011-12-01T22:32:16","date_gmt":"2011-12-01T20:32:16","guid":{"rendered":"http:\/\/www.tafeldeko.de\/news\/?p=3895"},"modified":"2011-12-01T22:32:16","modified_gmt":"2011-12-01T20:32:16","slug":"die-deko-zu-weihnachten-klassisch-in-rot-oder-doch-in-einer-anderen-farbe","status":"publish","type":"post","link":"https:\/\/www.tafeldeko.de\/news\/die-deko-zu-weihnachten-klassisch-in-rot-oder-doch-in-einer-anderen-farbe\/","title":{"rendered":"Die Deko zu Weihnachten \u2013 klassisch in rot oder doch in einer anderen Farbe?"},"content":{"rendered":"<p><b>Die Deko zu Weihnachten<\/b> \u2013 sie spielt in vielen Familien eine wichtige Rolle und bereits zum 1. Advent hin, erstrahlt die Wohnung und vielleicht auch der Vorgarten in weihnachtlichem Glanz.<br \/>\nLichterketten, weihnachtliche Figuren und Motive lassen <b>Wohnr\u00e4ume und Vorg\u00e4rten weihnachtlich erstrahlen <\/b>und k\u00fcnden den <b>Beginn der Weihnachtszeit<\/b> an. Auch die zahlreichen Weihnachtsm\u00e4rkte, die es in vielen Gegenden gibt, geh\u00f6ren zur Weihnachtszeit dazu. Gl\u00fchwein bei winterlichen Temperaturen, vielleicht sogar mit Schneefall \u2013 das ist eine Vorweihnachtszeit, von der viele tr\u00e4umen.<br \/>\nDoch Schnee vor oder an Weihnachten ist uns nicht immer geg\u00f6nnt und deshalb schaut man, dass man es sich selbst gem\u00fctlich machen kann \u2013 was<b> mit wundervollen Dekorationen<\/b> auch perfekt gelingt.<br \/>\nDie <a href=\"https:\/\/www.tafeldeko.de\/shop_content.php\/coID\/212_Deko.html\">Deko<\/a> zu Weihnachten, sie kann wie geschrieben, aus Lichterketten, Kr\u00e4nzen und weihnachtlichen Figuren bestehen, die man innerhalb der Wohnung oder im Au\u00dfenbereich aufstellt und anbringt. In vielen Gegenden finden jedes Jahr vor <b>Weihnachten <\/b>regelrechte Wettk\u00e4mpfe innerhalb der Nachbarschaft statt, welcher nun in diesem Jahr die sch\u00f6nste, \u00fcppigste und au\u00dfergew\u00f6hnlichte Deko pr\u00e4sentieren kann.<br \/>\n<i>Fakt ist: es gibt solche Deko und solche Deko.<\/i><br \/>\nDie <b>Deko zur Weihnachtszeit<\/b>, die mit Ma\u00df und Ziel ausgew\u00e4hlt wurde, ist oftmals sch\u00f6ner und vor allen Dingen angenehmer zu ertragen als die Dekorationen, die \u00fcberladen, zu bunt und zu wild bei den Betrachtern ankommen. Deshalb gilt auch bei der <b>Weihnachtsdeko<\/b>: weniger ist oft mehr.<br \/>\n<b>Dekorationen zu Weihnachten<\/b>, die stimmungsvoll ausgew\u00e4hlt und in verschiedenen Bereichen der Wohnung angebracht wurden, sehen oftmals sch\u00f6ner aus als die zu pomp\u00f6s ausgestatteten <b>Dekorationen<\/b>.<br \/>\nUnd gerade zur Weihnachtszeit bieten sich auch viele Dekorationen an, die man selbst basteln kann. Vor allen Dingen dann, wenn man dies mit Kindern machen kann. Kinder sind von<b> selbst gebastelter Deko zu <\/b><b>Weihnachten <\/b>und auch w\u00e4hrend des Jahres, begeistert und f\u00fcr sie ist es in aller Regel eine Freude, gemeinsam zu basteln.<br \/>\n<b>Die Deko zur Weihnachtszeit<\/b> &#x2013; zum einen sehr vielf\u00e4ltig, zum anderen aber auch oft zu \u00fcberladen. <\/p>\n","protected":false},"excerpt":{"rendered":"<p>Die Deko zu Weihnachten \u2013 sie spielt in vielen Familien eine wichtige Rolle und bereits zum 1. Advent hin, erstrahlt die Wohnung und vielleicht auch der Vorgarten in weihnachtlichem Glanz. Lichterketten, weihnachtliche Figuren und Motive lassen Wohnr\u00e4ume und Vorg\u00e4rten weihnachtlich erstrahlen und k\u00fcnden den Beginn der Weihnachtszeit an. Auch die zahlreichen Weihnachtsm\u00e4rkte, die es in [&hellip;]<\/p>\n","protected":false},"author":2,"featured_media":0,"comment_status":"open","ping_status":"open","sticky":false,"template":"","format":"standard","meta":{"footnotes":""},"categories":[1],"tags":[],"yoast_head":"<!-- This site is optimized with the Yoast SEO plugin v20.4 - https:\/\/yoast.com\/wordpress\/plugins\/seo\/ -->\n<title>Die Deko zu Weihnachten \u2013 klassisch in rot oder doch in einer anderen Farbe? - Tafeldeko<\/title>\n<meta name=\"description\" content=\"Die Deko zu Weihnachten \u2013 sie spielt in vielen Familien eine wichtige Rolle und bereits zum 1. Advent hin, erstrahlt die Wohnung und vielleicht auch der\" \/>\n<meta name=\"robots\" content=\"index, follow, max-snippet:-1, max-image-preview:large, max-video-preview:-1\" \/>\n<link rel=\"canonical\" href=\"https:\/\/www.tafeldeko.de\/news\/die-deko-zu-weihnachten-klassisch-in-rot-oder-doch-in-einer-anderen-farbe\/\" \/>\n<meta property=\"og:locale\" content=\"de_DE\" \/>\n<meta property=\"og:type\" content=\"article\" \/>\n<meta property=\"og:title\" content=\"Die Deko zu Weihnachten \u2013 klassisch in rot oder doch in einer anderen Farbe? - Tafeldeko\" \/>\n<meta property=\"og:description\" content=\"Die Deko zu Weihnachten \u2013 sie spielt in vielen Familien eine wichtige Rolle und bereits zum 1. Advent hin, erstrahlt die Wohnung und vielleicht auch der\" \/>\n<meta property=\"og:url\" content=\"https:\/\/www.tafeldeko.de\/news\/die-deko-zu-weihnachten-klassisch-in-rot-oder-doch-in-einer-anderen-farbe\/\" \/>\n<meta property=\"og:site_name\" content=\"Tafeldeko\" \/>\n<meta property=\"article:publisher\" content=\"https:\/\/www.facebook.com\/pages\/Tafeldeko-einzigartige-Tischdekoration\/174202655894\" \/>\n<meta property=\"article:published_time\" content=\"2011-12-01T20:32:16+00:00\" \/>\n<meta name=\"author\" content=\"Christiane Stein\" \/>\n<meta name=\"twitter:label1\" content=\"Verfasst von\" \/>\n\t<meta name=\"twitter:data1\" content=\"Christiane Stein\" \/>\n\t<meta name=\"twitter:label2\" content=\"Gesch\u00e4tzte Lesezeit\" \/>\n\t<meta name=\"twitter:data2\" content=\"2 Minuten\" \/>\n<script type=\"application\/ld+json\" class=\"yoast-schema-graph\">{\"@context\":\"https:\/\/schema.org\",\"@graph\":[{\"@type\":\"WebPage\",\"@id\":\"https:\/\/www.tafeldeko.de\/news\/die-deko-zu-weihnachten-klassisch-in-rot-oder-doch-in-einer-anderen-farbe\/\",\"url\":\"https:\/\/www.tafeldeko.de\/news\/die-deko-zu-weihnachten-klassisch-in-rot-oder-doch-in-einer-anderen-farbe\/\",\"name\":\"Die Deko zu Weihnachten \u2013 klassisch in rot oder doch in einer anderen Farbe? - Tafeldeko\",\"isPartOf\":{\"@id\":\"https:\/\/www.tafeldeko.de\/news\/#website\"},\"datePublished\":\"2011-12-01T20:32:16+00:00\",\"dateModified\":\"2011-12-01T20:32:16+00:00\",\"author\":{\"@id\":\"https:\/\/www.tafeldeko.de\/news\/#\/schema\/person\/d2acd86447ed0b6336089a8ba83164a0\"},\"description\":\"Die Deko zu Weihnachten \u2013 sie spielt in vielen Familien eine wichtige Rolle und bereits zum 1. Advent hin, erstrahlt die Wohnung und vielleicht auch der\",\"breadcrumb\":{\"@id\":\"https:\/\/www.tafeldeko.de\/news\/die-deko-zu-weihnachten-klassisch-in-rot-oder-doch-in-einer-anderen-farbe\/#breadcrumb\"},\"inLanguage\":\"de-DE\",\"potentialAction\":[{\"@type\":\"ReadAction\",\"target\":[\"https:\/\/www.tafeldeko.de\/news\/die-deko-zu-weihnachten-klassisch-in-rot-oder-doch-in-einer-anderen-farbe\/\"]}]},{\"@type\":\"BreadcrumbList\",\"@id\":\"https:\/\/www.tafeldeko.de\/news\/die-deko-zu-weihnachten-klassisch-in-rot-oder-doch-in-einer-anderen-farbe\/#breadcrumb\",\"itemListElement\":[{\"@type\":\"ListItem\",\"position\":1,\"name\":\"Tafeldeko\",\"item\":\"https:\/\/www.tafeldeko.de\/news\/\"},{\"@type\":\"ListItem\",\"position\":2,\"name\":\"Alte Beitr\u00e4ge\",\"item\":\"https:\/\/www.tafeldeko.de\/news\/alte-beitraege\/\"},{\"@type\":\"ListItem\",\"position\":3,\"name\":\"Tischdeko - Blog\",\"item\":\"https:\/\/www.tafeldeko.de\/news\/alte-beitraege\/tischdeko-blog\/\"},{\"@type\":\"ListItem\",\"position\":4,\"name\":\"Die Deko zu Weihnachten \u2013 klassisch in rot oder doch in einer anderen Farbe?\"}]},{\"@type\":\"WebSite\",\"@id\":\"https:\/\/www.tafeldeko.de\/news\/#website\",\"url\":\"https:\/\/www.tafeldeko.de\/news\/\",\"name\":\"Tafeldeko\",\"description\":\"Blog mit Tischdeko und Tischdekoration Ideen\",\"potentialAction\":[{\"@type\":\"SearchAction\",\"target\":{\"@type\":\"EntryPoint\",\"urlTemplate\":\"https:\/\/www.tafeldeko.de\/news\/?s={search_term_string}\"},\"query-input\":\"required name=search_term_string\"}],\"inLanguage\":\"de-DE\"},{\"@type\":\"Person\",\"@id\":\"https:\/\/www.tafeldeko.de\/news\/#\/schema\/person\/d2acd86447ed0b6336089a8ba83164a0\",\"name\":\"Christiane Stein\",\"image\":{\"@type\":\"ImageObject\",\"inLanguage\":\"de-DE\",\"@id\":\"https:\/\/www.tafeldeko.de\/news\/#\/schema\/person\/image\/\",\"url\":\"https:\/\/secure.gravatar.com\/avatar\/2054729fbfd1ebc9d3cf1fd55361d0b6?s=96&d=mm&r=g\",\"contentUrl\":\"https:\/\/secure.gravatar.com\/avatar\/2054729fbfd1ebc9d3cf1fd55361d0b6?s=96&d=mm&r=g\",\"caption\":\"Christiane Stein\"}}]}<\/script>\n<!-- \/ Yoast SEO plugin. -->","yoast_head_json":{"title":"Die Deko zu Weihnachten \u2013 klassisch in rot oder doch in einer anderen Farbe? - Tafeldeko","description":"Die Deko zu Weihnachten \u2013 sie spielt in vielen Familien eine wichtige Rolle und bereits zum 1. Advent hin, erstrahlt die Wohnung und vielleicht auch der","robots":{"index":"index","follow":"follow","max-snippet":"max-snippet:-1","max-image-preview":"max-image-preview:large","max-video-preview":"max-video-preview:-1"},"canonical":"https:\/\/www.tafeldeko.de\/news\/die-deko-zu-weihnachten-klassisch-in-rot-oder-doch-in-einer-anderen-farbe\/","og_locale":"de_DE","og_type":"article","og_title":"Die Deko zu Weihnachten \u2013 klassisch in rot oder doch in einer anderen Farbe? - Tafeldeko","og_description":"Die Deko zu Weihnachten \u2013 sie spielt in vielen Familien eine wichtige Rolle und bereits zum 1. Advent hin, erstrahlt die Wohnung und vielleicht auch der","og_url":"https:\/\/www.tafeldeko.de\/news\/die-deko-zu-weihnachten-klassisch-in-rot-oder-doch-in-einer-anderen-farbe\/","og_site_name":"Tafeldeko","article_publisher":"https:\/\/www.facebook.com\/pages\/Tafeldeko-einzigartige-Tischdekoration\/174202655894","article_published_time":"2011-12-01T20:32:16+00:00","author":"Christiane Stein","twitter_misc":{"Verfasst von":"Christiane Stein","Gesch\u00e4tzte Lesezeit":"2 Minuten"},"schema":{"@context":"https:\/\/schema.org","@graph":[{"@type":"WebPage","@id":"https:\/\/www.tafeldeko.de\/news\/die-deko-zu-weihnachten-klassisch-in-rot-oder-doch-in-einer-anderen-farbe\/","url":"https:\/\/www.tafeldeko.de\/news\/die-deko-zu-weihnachten-klassisch-in-rot-oder-doch-in-einer-anderen-farbe\/","name":"Die Deko zu Weihnachten \u2013 klassisch in rot oder doch in einer anderen Farbe? - Tafeldeko","isPartOf":{"@id":"https:\/\/www.tafeldeko.de\/news\/#website"},"datePublished":"2011-12-01T20:32:16+00:00","dateModified":"2011-12-01T20:32:16+00:00","author":{"@id":"https:\/\/www.tafeldeko.de\/news\/#\/schema\/person\/d2acd86447ed0b6336089a8ba83164a0"},"description":"Die Deko zu Weihnachten \u2013 sie spielt in vielen Familien eine wichtige Rolle und bereits zum 1. Advent hin, erstrahlt die Wohnung und vielleicht auch der","breadcrumb":{"@id":"https:\/\/www.tafeldeko.de\/news\/die-deko-zu-weihnachten-klassisch-in-rot-oder-doch-in-einer-anderen-farbe\/#breadcrumb"},"inLanguage":"de-DE","potentialAction":[{"@type":"ReadAction","target":["https:\/\/www.tafeldeko.de\/news\/die-deko-zu-weihnachten-klassisch-in-rot-oder-doch-in-einer-anderen-farbe\/"]}]},{"@type":"BreadcrumbList","@id":"https:\/\/www.tafeldeko.de\/news\/die-deko-zu-weihnachten-klassisch-in-rot-oder-doch-in-einer-anderen-farbe\/#breadcrumb","itemListElement":[{"@type":"ListItem","position":1,"name":"Tafeldeko","item":"https:\/\/www.tafeldeko.de\/news\/"},{"@type":"ListItem","position":2,"name":"Alte Beitr\u00e4ge","item":"https:\/\/www.tafeldeko.de\/news\/alte-beitraege\/"},{"@type":"ListItem","position":3,"name":"Tischdeko - Blog","item":"https:\/\/www.tafeldeko.de\/news\/alte-beitraege\/tischdeko-blog\/"},{"@type":"ListItem","position":4,"name":"Die Deko zu Weihnachten \u2013 klassisch in rot oder doch in einer anderen Farbe?"}]},{"@type":"WebSite","@id":"https:\/\/www.tafeldeko.de\/news\/#website","url":"https:\/\/www.tafeldeko.de\/news\/","name":"Tafeldeko","description":"Blog mit Tischdeko und Tischdekoration Ideen","potentialAction":[{"@type":"SearchAction","target":{"@type":"EntryPoint","urlTemplate":"https:\/\/www.tafeldeko.de\/news\/?s={search_term_string}"},"query-input":"required name=search_term_string"}],"inLanguage":"de-DE"},{"@type":"Person","@id":"https:\/\/www.tafeldeko.de\/news\/#\/schema\/person\/d2acd86447ed0b6336089a8ba83164a0","name":"Christiane Stein","image":{"@type":"ImageObject","inLanguage":"de-DE","@id":"https:\/\/www.tafeldeko.de\/news\/#\/schema\/person\/image\/","url":"https:\/\/secure.gravatar.com\/avatar\/2054729fbfd1ebc9d3cf1fd55361d0b6?s=96&d=mm&r=g","contentUrl":"https:\/\/secure.gravatar.com\/avatar\/2054729fbfd1ebc9d3cf1fd55361d0b6?s=96&d=mm&r=g","caption":"Christiane Stein"}}]}},"_links":{"self":[{"href":"https:\/\/www.tafeldeko.de\/news\/wp-json\/wp\/v2\/posts\/3895"}],"collection":[{"href":"https:\/\/www.tafeldeko.de\/news\/wp-json\/wp\/v2\/posts"}],"about":[{"href":"https:\/\/www.tafeldeko.de\/news\/wp-json\/wp\/v2\/types\/post"}],"author":[{"embeddable":true,"href":"https:\/\/www.tafeldeko.de\/news\/wp-json\/wp\/v2\/users\/2"}],"replies":[{"embeddable":true,"href":"https:\/\/www.tafeldeko.de\/news\/wp-json\/wp\/v2\/comments?post=3895"}],"version-history":[{"count":0,"href":"https:\/\/www.tafeldeko.de\/news\/wp-json\/wp\/v2\/posts\/3895\/revisions"}],"wp:attachment":[{"href":"https:\/\/www.tafeldeko.de\/news\/wp-json\/wp\/v2\/media?parent=3895"}],"wp:term":[{"taxonomy":"category","embeddable":true,"href":"https:\/\/www.tafeldeko.de\/news\/wp-json\/wp\/v2\/categories?post=3895"},{"taxonomy":"post_tag","embeddable":true,"href":"https:\/\/www.tafeldeko.de\/news\/wp-json\/wp\/v2\/tags?post=3895"}],"curies":[{"name":"wp","href":"https:\/\/api.w.org\/{rel}","templated":true}]}}