{"id":3894,"date":"2011-11-21T20:09:45","date_gmt":"2011-11-21T18:09:45","guid":{"rendered":"http:\/\/www.tafeldeko.de\/news\/?p=3894"},"modified":"2011-11-21T20:09:45","modified_gmt":"2011-11-21T18:09:45","slug":"deko-zu-weihnachten-selbst-gebastelte-lichttueten","status":"publish","type":"post","link":"https:\/\/www.tafeldeko.de\/news\/deko-zu-weihnachten-selbst-gebastelte-lichttueten\/","title":{"rendered":"Deko zu Weihnachten \u2013 selbst gebastelte Lichtt\u00fcten"},"content":{"rendered":"<p><b>Dekorationen zu Weihnachten <\/b>sind so vielf\u00e4ltig wie das Weihnachtsfest selbst.<br \/>\n<b>Leuchtend und gl\u00e4nzend, glitzernd und funkelnd <\/b>\u2013 so pr\u00e4sentieren sich die diversen Dekorationen in der Weihnachtszeit. Ob selbst gemachte Deko oder gekaufte Dekorationen \u2013 in vielen Farben und Macharten kann die <a href=\"https:\/\/www.tafeldeko.de\/shop_content.php\/coID\/212_Deko.html\">Deko<\/a> zu Weihnachten ausgestattet werden.<br \/>\nWeihnachtliche Kerzenst\u00e4nder und Kerzen, wundersch\u00f6ne Kr\u00e4nze f\u00fcr Tische und T\u00fcren und funkelnde Weihnachtskugeln f\u00fcr den Weihnachtsbaum \u2013 die Auswahl ist gro\u00df und bietet uns eine Vielfalt an Deko-M\u00f6glichkeiten zum Fest.<br \/>\nGerade mit <b>selbst gebastelten Dekorationen<\/b> setzt man pers\u00f6nliche Noten innerhalb der R\u00e4ume oder Eingangsbereiche.<br \/>\nEine sch\u00f6ne Deko-M\u00f6glichkeit, die entweder selbst gebastelt oder fertig gekauft werden kann, sind die so genannten <b>Lichtt\u00fcten<\/b>. Man sollte beachten, dass man gro\u00dfe Kerzengl\u00e4ser verwendet, die das Teelicht oder die kleine Kerze komplett umh\u00fcllen, um die Brandgefahr zu minimieren.<br \/>\nAls Material f\u00fcr die <b>Lichtt\u00fcten <\/b>eignen sich zum Beispiel einfache Butterbrotbeutel, die entsprechend verziert werden. <i>Stempel, Aufkleber, eine Art Scherenschnitt und selbst kreierte Muster <\/i>k\u00f6nnen als Motive f\u00fcr die T\u00fcten verwendet werden. Sch\u00f6n sieht es auch aus, wenn Sterne und andere Motive auf die T\u00fcten aufgeklebt und teilweise auch ausgeschnitten werden \u2013 so ergeben sich <b>wundersch\u00f6ne Effekte mit dem Kerzenlicht<\/b>.<br \/>\n<b>Schnelle weihnachtliche Dekorationen<\/b> sind nat\u00fcrlich auch jedes Jahr aufs Neue gefragt. Die Lichtt\u00fcten sind hier auf jeden Fall eine M\u00f6glichkeit der Deko und auch Teller-Arrangements sind als <b>schnelle Deko<\/b> hervorragend geeignet. Es m\u00fcssen nicht einmal unbedingt Weihnachtsteller sein, denn meist wird der Teller durch die Deko-Accessoires komplett verdeckt. Mit Weihnachtskugeln und Naturmaterialien k\u00f6nnen im Handumdrehen sch\u00f6ne Deko-M\u00f6glichkeiten geschaffen werden, die zudem mit weihnachtlichen Figuren versch\u00f6nert werden k\u00f6nnen. Auch neben dem Teller d\u00fcrfen Deko-Figuren zu finden sein, dadurch wirkt das Arrangement etwas aufgelockerter.<br \/>\n<b>Auch die Fensterb\u00e4nke sind sch\u00f6ne Deko-Grundlagen, <\/b>auf denen man die diversen Dekorationen aufstellen kann. <i>Lichterb\u00f6gen, Teelichter und Windlichter <\/i>in Weihnachtsoptik sind nur einige der M\u00f6glichkeiten, die man auf der Fensterbank hat. <\/p>\n","protected":false},"excerpt":{"rendered":"<p>Dekorationen zu Weihnachten sind so vielf\u00e4ltig wie das Weihnachtsfest selbst. Leuchtend und gl\u00e4nzend, glitzernd und funkelnd \u2013 so pr\u00e4sentieren sich die diversen Dekorationen in der Weihnachtszeit. Ob selbst gemachte Deko oder gekaufte Dekorationen \u2013 in vielen Farben und Macharten kann die Deko zu Weihnachten ausgestattet werden. Weihnachtliche Kerzenst\u00e4nder und Kerzen, wundersch\u00f6ne Kr\u00e4nze f\u00fcr Tische und [&hellip;]<\/p>\n","protected":false},"author":2,"featured_media":0,"comment_status":"open","ping_status":"open","sticky":false,"template":"","format":"standard","meta":{"footnotes":""},"categories":[1],"tags":[],"yoast_head":"<!-- This site is optimized with the Yoast SEO plugin v20.4 - https:\/\/yoast.com\/wordpress\/plugins\/seo\/ -->\n<title>Deko zu Weihnachten \u2013 selbst gebastelte Lichtt\u00fcten - Tafeldeko<\/title>\n<meta name=\"description\" content=\"Dekorationen zu Weihnachten sind so vielf\u00e4ltig wie das Weihnachtsfest selbst. Leuchtend und gl\u00e4nzend, glitzernd und funkelnd \u2013 so pr\u00e4sentieren sich die\" \/>\n<meta name=\"robots\" content=\"index, follow, max-snippet:-1, max-image-preview:large, max-video-preview:-1\" \/>\n<link rel=\"canonical\" href=\"https:\/\/www.tafeldeko.de\/news\/deko-zu-weihnachten-selbst-gebastelte-lichttueten\/\" \/>\n<meta property=\"og:locale\" content=\"de_DE\" \/>\n<meta property=\"og:type\" content=\"article\" \/>\n<meta property=\"og:title\" content=\"Deko zu Weihnachten \u2013 selbst gebastelte Lichtt\u00fcten - Tafeldeko\" \/>\n<meta property=\"og:description\" content=\"Dekorationen zu Weihnachten sind so vielf\u00e4ltig wie das Weihnachtsfest selbst. Leuchtend und gl\u00e4nzend, glitzernd und funkelnd \u2013 so pr\u00e4sentieren sich die\" \/>\n<meta property=\"og:url\" content=\"https:\/\/www.tafeldeko.de\/news\/deko-zu-weihnachten-selbst-gebastelte-lichttueten\/\" \/>\n<meta property=\"og:site_name\" content=\"Tafeldeko\" \/>\n<meta property=\"article:publisher\" content=\"https:\/\/www.facebook.com\/pages\/Tafeldeko-einzigartige-Tischdekoration\/174202655894\" \/>\n<meta property=\"article:published_time\" content=\"2011-11-21T18:09:45+00:00\" \/>\n<meta name=\"author\" content=\"Christiane Stein\" \/>\n<meta name=\"twitter:label1\" content=\"Verfasst von\" \/>\n\t<meta name=\"twitter:data1\" content=\"Christiane Stein\" \/>\n\t<meta name=\"twitter:label2\" content=\"Gesch\u00e4tzte Lesezeit\" \/>\n\t<meta name=\"twitter:data2\" content=\"2 Minuten\" \/>\n<script type=\"application\/ld+json\" class=\"yoast-schema-graph\">{\"@context\":\"https:\/\/schema.org\",\"@graph\":[{\"@type\":\"WebPage\",\"@id\":\"https:\/\/www.tafeldeko.de\/news\/deko-zu-weihnachten-selbst-gebastelte-lichttueten\/\",\"url\":\"https:\/\/www.tafeldeko.de\/news\/deko-zu-weihnachten-selbst-gebastelte-lichttueten\/\",\"name\":\"Deko zu Weihnachten \u2013 selbst gebastelte Lichtt\u00fcten - Tafeldeko\",\"isPartOf\":{\"@id\":\"https:\/\/www.tafeldeko.de\/news\/#website\"},\"datePublished\":\"2011-11-21T18:09:45+00:00\",\"dateModified\":\"2011-11-21T18:09:45+00:00\",\"author\":{\"@id\":\"https:\/\/www.tafeldeko.de\/news\/#\/schema\/person\/d2acd86447ed0b6336089a8ba83164a0\"},\"description\":\"Dekorationen zu Weihnachten sind so vielf\u00e4ltig wie das Weihnachtsfest selbst. Leuchtend und gl\u00e4nzend, glitzernd und funkelnd \u2013 so pr\u00e4sentieren sich die\",\"breadcrumb\":{\"@id\":\"https:\/\/www.tafeldeko.de\/news\/deko-zu-weihnachten-selbst-gebastelte-lichttueten\/#breadcrumb\"},\"inLanguage\":\"de-DE\",\"potentialAction\":[{\"@type\":\"ReadAction\",\"target\":[\"https:\/\/www.tafeldeko.de\/news\/deko-zu-weihnachten-selbst-gebastelte-lichttueten\/\"]}]},{\"@type\":\"BreadcrumbList\",\"@id\":\"https:\/\/www.tafeldeko.de\/news\/deko-zu-weihnachten-selbst-gebastelte-lichttueten\/#breadcrumb\",\"itemListElement\":[{\"@type\":\"ListItem\",\"position\":1,\"name\":\"Tafeldeko\",\"item\":\"https:\/\/www.tafeldeko.de\/news\/\"},{\"@type\":\"ListItem\",\"position\":2,\"name\":\"Alte Beitr\u00e4ge\",\"item\":\"https:\/\/www.tafeldeko.de\/news\/alte-beitraege\/\"},{\"@type\":\"ListItem\",\"position\":3,\"name\":\"Tischdeko - Blog\",\"item\":\"https:\/\/www.tafeldeko.de\/news\/alte-beitraege\/tischdeko-blog\/\"},{\"@type\":\"ListItem\",\"position\":4,\"name\":\"Deko zu Weihnachten \u2013 selbst gebastelte Lichtt\u00fcten\"}]},{\"@type\":\"WebSite\",\"@id\":\"https:\/\/www.tafeldeko.de\/news\/#website\",\"url\":\"https:\/\/www.tafeldeko.de\/news\/\",\"name\":\"Tafeldeko\",\"description\":\"Blog mit Tischdeko und Tischdekoration Ideen\",\"potentialAction\":[{\"@type\":\"SearchAction\",\"target\":{\"@type\":\"EntryPoint\",\"urlTemplate\":\"https:\/\/www.tafeldeko.de\/news\/?s={search_term_string}\"},\"query-input\":\"required name=search_term_string\"}],\"inLanguage\":\"de-DE\"},{\"@type\":\"Person\",\"@id\":\"https:\/\/www.tafeldeko.de\/news\/#\/schema\/person\/d2acd86447ed0b6336089a8ba83164a0\",\"name\":\"Christiane Stein\",\"image\":{\"@type\":\"ImageObject\",\"inLanguage\":\"de-DE\",\"@id\":\"https:\/\/www.tafeldeko.de\/news\/#\/schema\/person\/image\/\",\"url\":\"https:\/\/secure.gravatar.com\/avatar\/2054729fbfd1ebc9d3cf1fd55361d0b6?s=96&d=mm&r=g\",\"contentUrl\":\"https:\/\/secure.gravatar.com\/avatar\/2054729fbfd1ebc9d3cf1fd55361d0b6?s=96&d=mm&r=g\",\"caption\":\"Christiane Stein\"}}]}<\/script>\n<!-- \/ Yoast SEO plugin. -->","yoast_head_json":{"title":"Deko zu Weihnachten \u2013 selbst gebastelte Lichtt\u00fcten - Tafeldeko","description":"Dekorationen zu Weihnachten sind so vielf\u00e4ltig wie das Weihnachtsfest selbst. Leuchtend und gl\u00e4nzend, glitzernd und funkelnd \u2013 so pr\u00e4sentieren sich die","robots":{"index":"index","follow":"follow","max-snippet":"max-snippet:-1","max-image-preview":"max-image-preview:large","max-video-preview":"max-video-preview:-1"},"canonical":"https:\/\/www.tafeldeko.de\/news\/deko-zu-weihnachten-selbst-gebastelte-lichttueten\/","og_locale":"de_DE","og_type":"article","og_title":"Deko zu Weihnachten \u2013 selbst gebastelte Lichtt\u00fcten - Tafeldeko","og_description":"Dekorationen zu Weihnachten sind so vielf\u00e4ltig wie das Weihnachtsfest selbst. Leuchtend und gl\u00e4nzend, glitzernd und funkelnd \u2013 so pr\u00e4sentieren sich die","og_url":"https:\/\/www.tafeldeko.de\/news\/deko-zu-weihnachten-selbst-gebastelte-lichttueten\/","og_site_name":"Tafeldeko","article_publisher":"https:\/\/www.facebook.com\/pages\/Tafeldeko-einzigartige-Tischdekoration\/174202655894","article_published_time":"2011-11-21T18:09:45+00:00","author":"Christiane Stein","twitter_misc":{"Verfasst von":"Christiane Stein","Gesch\u00e4tzte Lesezeit":"2 Minuten"},"schema":{"@context":"https:\/\/schema.org","@graph":[{"@type":"WebPage","@id":"https:\/\/www.tafeldeko.de\/news\/deko-zu-weihnachten-selbst-gebastelte-lichttueten\/","url":"https:\/\/www.tafeldeko.de\/news\/deko-zu-weihnachten-selbst-gebastelte-lichttueten\/","name":"Deko zu Weihnachten \u2013 selbst gebastelte Lichtt\u00fcten - Tafeldeko","isPartOf":{"@id":"https:\/\/www.tafeldeko.de\/news\/#website"},"datePublished":"2011-11-21T18:09:45+00:00","dateModified":"2011-11-21T18:09:45+00:00","author":{"@id":"https:\/\/www.tafeldeko.de\/news\/#\/schema\/person\/d2acd86447ed0b6336089a8ba83164a0"},"description":"Dekorationen zu Weihnachten sind so vielf\u00e4ltig wie das Weihnachtsfest selbst. Leuchtend und gl\u00e4nzend, glitzernd und funkelnd \u2013 so pr\u00e4sentieren sich die","breadcrumb":{"@id":"https:\/\/www.tafeldeko.de\/news\/deko-zu-weihnachten-selbst-gebastelte-lichttueten\/#breadcrumb"},"inLanguage":"de-DE","potentialAction":[{"@type":"ReadAction","target":["https:\/\/www.tafeldeko.de\/news\/deko-zu-weihnachten-selbst-gebastelte-lichttueten\/"]}]},{"@type":"BreadcrumbList","@id":"https:\/\/www.tafeldeko.de\/news\/deko-zu-weihnachten-selbst-gebastelte-lichttueten\/#breadcrumb","itemListElement":[{"@type":"ListItem","position":1,"name":"Tafeldeko","item":"https:\/\/www.tafeldeko.de\/news\/"},{"@type":"ListItem","position":2,"name":"Alte Beitr\u00e4ge","item":"https:\/\/www.tafeldeko.de\/news\/alte-beitraege\/"},{"@type":"ListItem","position":3,"name":"Tischdeko - Blog","item":"https:\/\/www.tafeldeko.de\/news\/alte-beitraege\/tischdeko-blog\/"},{"@type":"ListItem","position":4,"name":"Deko zu Weihnachten \u2013 selbst gebastelte Lichtt\u00fcten"}]},{"@type":"WebSite","@id":"https:\/\/www.tafeldeko.de\/news\/#website","url":"https:\/\/www.tafeldeko.de\/news\/","name":"Tafeldeko","description":"Blog mit Tischdeko und Tischdekoration Ideen","potentialAction":[{"@type":"SearchAction","target":{"@type":"EntryPoint","urlTemplate":"https:\/\/www.tafeldeko.de\/news\/?s={search_term_string}"},"query-input":"required name=search_term_string"}],"inLanguage":"de-DE"},{"@type":"Person","@id":"https:\/\/www.tafeldeko.de\/news\/#\/schema\/person\/d2acd86447ed0b6336089a8ba83164a0","name":"Christiane Stein","image":{"@type":"ImageObject","inLanguage":"de-DE","@id":"https:\/\/www.tafeldeko.de\/news\/#\/schema\/person\/image\/","url":"https:\/\/secure.gravatar.com\/avatar\/2054729fbfd1ebc9d3cf1fd55361d0b6?s=96&d=mm&r=g","contentUrl":"https:\/\/secure.gravatar.com\/avatar\/2054729fbfd1ebc9d3cf1fd55361d0b6?s=96&d=mm&r=g","caption":"Christiane Stein"}}]}},"_links":{"self":[{"href":"https:\/\/www.tafeldeko.de\/news\/wp-json\/wp\/v2\/posts\/3894"}],"collection":[{"href":"https:\/\/www.tafeldeko.de\/news\/wp-json\/wp\/v2\/posts"}],"about":[{"href":"https:\/\/www.tafeldeko.de\/news\/wp-json\/wp\/v2\/types\/post"}],"author":[{"embeddable":true,"href":"https:\/\/www.tafeldeko.de\/news\/wp-json\/wp\/v2\/users\/2"}],"replies":[{"embeddable":true,"href":"https:\/\/www.tafeldeko.de\/news\/wp-json\/wp\/v2\/comments?post=3894"}],"version-history":[{"count":0,"href":"https:\/\/www.tafeldeko.de\/news\/wp-json\/wp\/v2\/posts\/3894\/revisions"}],"wp:attachment":[{"href":"https:\/\/www.tafeldeko.de\/news\/wp-json\/wp\/v2\/media?parent=3894"}],"wp:term":[{"taxonomy":"category","embeddable":true,"href":"https:\/\/www.tafeldeko.de\/news\/wp-json\/wp\/v2\/categories?post=3894"},{"taxonomy":"post_tag","embeddable":true,"href":"https:\/\/www.tafeldeko.de\/news\/wp-json\/wp\/v2\/tags?post=3894"}],"curies":[{"name":"wp","href":"https:\/\/api.w.org\/{rel}","templated":true}]}}