{"id":3893,"date":"2011-11-15T21:24:54","date_gmt":"2011-11-15T19:24:54","guid":{"rendered":"http:\/\/www.tafeldeko.de\/news\/?p=3893"},"modified":"2011-11-15T21:24:54","modified_gmt":"2011-11-15T19:24:54","slug":"deko-mit-weihnachtsfiguren-im-vorgarten-auf-der-terrasse-und-im-innenbereich","status":"publish","type":"post","link":"https:\/\/www.tafeldeko.de\/news\/deko-mit-weihnachtsfiguren-im-vorgarten-auf-der-terrasse-und-im-innenbereich\/","title":{"rendered":"Deko mit Weihnachtsfiguren \u2013 im Vorgarten, auf der Terrasse und im Innenbereich"},"content":{"rendered":"<p><b>Dekorationen in der Vorweihnachtszeit und zu Weihnachten<\/b> sind seit jeher beliebt und irgendwie bekommt man das Gef\u00fchl, dass sich dieses in den letzten Jahren noch verst\u00e4rkt hat.<br \/>\nSchaut man sich in Wohngebieten in der Vorweihnachtszeit um, dann stellt man in aller Regel fest, dass viele <i>Vorg\u00e4rten, Terrassen, Winterg\u00e4rten, Fenster und Haust\u00fcren <\/i><b>weihnachtlich dekoriert<\/b> sind. Und was sich einem pr\u00e4sentiert, ist nicht wenig. Manche H\u00e4user leuchten, blinken und sind sozusagen hell erleuchtet, weil rund um das Haus <b>Lichterketten und Dekofiguren<\/b> zu sehen sind.<br \/>\n<b>Die <a href=\"https:\/\/www.tafeldeko.de\/shop_content.php\/coID\/212_Deko.html\">Deko<\/a> mit Weihnachtsfiguren <\/b>ist wirklich beliebt und wenn man vergleicht, zu welchem Preis man fr\u00fcher die aufwendig gearbeiteten Figuren kaufen musste, hat sich vieles ge\u00e4ndert. Die Dekofiguren sind preislich erschwinglich geworden und als Deko in der Weihnachtszeit einfach wundersch\u00f6n anzuschauen.<br \/>\n<b>Die Deko mit Weihnachtsfiguren<\/b> \u2013 im Au\u00dfen- als auch im Innenbereich \u2013 sehr beliebt. Die Figuren, die mit Lichterketten ausgestattet sind und eben <i>weihnachtliche Motive wie Weihnachtsm\u00e4nner, Schlitten, Rentiere und Sterne <\/i>darstellen, machen sich innerhalb jeder Deko. Als besondere Blick- und Lichtpunkte eignen sie sich hervorragend, um bestimmte Bereiche im Garten oder im Eingangsbereich in Szene zu setzen.<br \/>\n<b>Versch\u00f6nert mit diversen Lichterketten, Girlanden aus Tannen und auch Leuchtst\u00e4ben<\/b> erh\u00e4lt man eine wundersch\u00f6ne <b>weihnachtliche Deko<\/b>. Diese wird nicht nur einen selbst begeistern, sondern auch die Nachbarschaft und Spazierg\u00e4nger.<br \/>\nVielleicht sollte man bei der Deko mit Weihnachtsfiguren \u2013 oder auch bei der generellen <b>Weihnachtsdeko <\/b>\u2013 beachten: alles sollte mit Ma\u00df und Ziel ausgew\u00e4hlt sein, ein zuviel an Deko wirkt \u00fcberladen und das Aussehen leidet darunter.<br \/>\nSch\u00f6n dekorierte Vorg\u00e4rten, Eingangsbereiche und Fenster, die mit einigen Accessoires verziert wurden, sind oftmals sch\u00f6ner anzuschauen als ein mit <b>Dekofiguren und Lichterketten<\/b> \u00fcberladener Vorgarten.<br \/>\nWeihnachten soll nicht in einen Wettkampf innerhalb der Nachbarschaft ausarten, wer denn in diesem Jahr die meiste Weihnachtsdeko am und im Haus unterbringen kann.<br \/>\nDezent und mit richtigen Weihnachtsfiguren perfekt in Szene gesetzt \u2013 so stellt man sich die <b>weihnachtlichen Dekorationen<\/b> vor. <\/p>\n","protected":false},"excerpt":{"rendered":"<p>Dekorationen in der Vorweihnachtszeit und zu Weihnachten sind seit jeher beliebt und irgendwie bekommt man das Gef\u00fchl, dass sich dieses in den letzten Jahren noch verst\u00e4rkt hat. Schaut man sich in Wohngebieten in der Vorweihnachtszeit um, dann stellt man in aller Regel fest, dass viele Vorg\u00e4rten, Terrassen, Winterg\u00e4rten, Fenster und Haust\u00fcren weihnachtlich dekoriert sind. Und [&hellip;]<\/p>\n","protected":false},"author":2,"featured_media":0,"comment_status":"open","ping_status":"open","sticky":false,"template":"","format":"standard","meta":{"footnotes":""},"categories":[1],"tags":[],"yoast_head":"<!-- This site is optimized with the Yoast SEO plugin v20.4 - https:\/\/yoast.com\/wordpress\/plugins\/seo\/ -->\n<title>Deko mit Weihnachtsfiguren \u2013 im Vorgarten, auf der Terrasse und im Innenbereich - Tafeldeko<\/title>\n<meta name=\"description\" content=\"Dekorationen in der Vorweihnachtszeit und zu Weihnachten sind seit jeher beliebt und irgendwie bekommt man das Gef\u00fchl, dass sich dieses in den letzten\" \/>\n<meta name=\"robots\" content=\"index, follow, max-snippet:-1, max-image-preview:large, max-video-preview:-1\" \/>\n<link rel=\"canonical\" href=\"https:\/\/www.tafeldeko.de\/news\/deko-mit-weihnachtsfiguren-im-vorgarten-auf-der-terrasse-und-im-innenbereich\/\" \/>\n<meta property=\"og:locale\" content=\"de_DE\" \/>\n<meta property=\"og:type\" content=\"article\" \/>\n<meta property=\"og:title\" content=\"Deko mit Weihnachtsfiguren \u2013 im Vorgarten, auf der Terrasse und im Innenbereich - Tafeldeko\" \/>\n<meta property=\"og:description\" content=\"Dekorationen in der Vorweihnachtszeit und zu Weihnachten sind seit jeher beliebt und irgendwie bekommt man das Gef\u00fchl, dass sich dieses in den letzten\" \/>\n<meta property=\"og:url\" content=\"https:\/\/www.tafeldeko.de\/news\/deko-mit-weihnachtsfiguren-im-vorgarten-auf-der-terrasse-und-im-innenbereich\/\" \/>\n<meta property=\"og:site_name\" content=\"Tafeldeko\" \/>\n<meta property=\"article:publisher\" content=\"https:\/\/www.facebook.com\/pages\/Tafeldeko-einzigartige-Tischdekoration\/174202655894\" \/>\n<meta property=\"article:published_time\" content=\"2011-11-15T19:24:54+00:00\" \/>\n<meta name=\"author\" content=\"Christiane Stein\" \/>\n<meta name=\"twitter:label1\" content=\"Verfasst von\" \/>\n\t<meta name=\"twitter:data1\" content=\"Christiane Stein\" \/>\n\t<meta name=\"twitter:label2\" content=\"Gesch\u00e4tzte Lesezeit\" \/>\n\t<meta name=\"twitter:data2\" content=\"2 Minuten\" \/>\n<script type=\"application\/ld+json\" class=\"yoast-schema-graph\">{\"@context\":\"https:\/\/schema.org\",\"@graph\":[{\"@type\":\"WebPage\",\"@id\":\"https:\/\/www.tafeldeko.de\/news\/deko-mit-weihnachtsfiguren-im-vorgarten-auf-der-terrasse-und-im-innenbereich\/\",\"url\":\"https:\/\/www.tafeldeko.de\/news\/deko-mit-weihnachtsfiguren-im-vorgarten-auf-der-terrasse-und-im-innenbereich\/\",\"name\":\"Deko mit Weihnachtsfiguren \u2013 im Vorgarten, auf der Terrasse und im Innenbereich - Tafeldeko\",\"isPartOf\":{\"@id\":\"https:\/\/www.tafeldeko.de\/news\/#website\"},\"datePublished\":\"2011-11-15T19:24:54+00:00\",\"dateModified\":\"2011-11-15T19:24:54+00:00\",\"author\":{\"@id\":\"https:\/\/www.tafeldeko.de\/news\/#\/schema\/person\/d2acd86447ed0b6336089a8ba83164a0\"},\"description\":\"Dekorationen in der Vorweihnachtszeit und zu Weihnachten sind seit jeher beliebt und irgendwie bekommt man das Gef\u00fchl, dass sich dieses in den letzten\",\"breadcrumb\":{\"@id\":\"https:\/\/www.tafeldeko.de\/news\/deko-mit-weihnachtsfiguren-im-vorgarten-auf-der-terrasse-und-im-innenbereich\/#breadcrumb\"},\"inLanguage\":\"de-DE\",\"potentialAction\":[{\"@type\":\"ReadAction\",\"target\":[\"https:\/\/www.tafeldeko.de\/news\/deko-mit-weihnachtsfiguren-im-vorgarten-auf-der-terrasse-und-im-innenbereich\/\"]}]},{\"@type\":\"BreadcrumbList\",\"@id\":\"https:\/\/www.tafeldeko.de\/news\/deko-mit-weihnachtsfiguren-im-vorgarten-auf-der-terrasse-und-im-innenbereich\/#breadcrumb\",\"itemListElement\":[{\"@type\":\"ListItem\",\"position\":1,\"name\":\"Tafeldeko\",\"item\":\"https:\/\/www.tafeldeko.de\/news\/\"},{\"@type\":\"ListItem\",\"position\":2,\"name\":\"Alte Beitr\u00e4ge\",\"item\":\"https:\/\/www.tafeldeko.de\/news\/alte-beitraege\/\"},{\"@type\":\"ListItem\",\"position\":3,\"name\":\"Tischdeko - Blog\",\"item\":\"https:\/\/www.tafeldeko.de\/news\/alte-beitraege\/tischdeko-blog\/\"},{\"@type\":\"ListItem\",\"position\":4,\"name\":\"Deko mit Weihnachtsfiguren \u2013 im Vorgarten, auf der Terrasse und im Innenbereich\"}]},{\"@type\":\"WebSite\",\"@id\":\"https:\/\/www.tafeldeko.de\/news\/#website\",\"url\":\"https:\/\/www.tafeldeko.de\/news\/\",\"name\":\"Tafeldeko\",\"description\":\"Blog mit Tischdeko und Tischdekoration Ideen\",\"potentialAction\":[{\"@type\":\"SearchAction\",\"target\":{\"@type\":\"EntryPoint\",\"urlTemplate\":\"https:\/\/www.tafeldeko.de\/news\/?s={search_term_string}\"},\"query-input\":\"required name=search_term_string\"}],\"inLanguage\":\"de-DE\"},{\"@type\":\"Person\",\"@id\":\"https:\/\/www.tafeldeko.de\/news\/#\/schema\/person\/d2acd86447ed0b6336089a8ba83164a0\",\"name\":\"Christiane Stein\",\"image\":{\"@type\":\"ImageObject\",\"inLanguage\":\"de-DE\",\"@id\":\"https:\/\/www.tafeldeko.de\/news\/#\/schema\/person\/image\/\",\"url\":\"https:\/\/secure.gravatar.com\/avatar\/2054729fbfd1ebc9d3cf1fd55361d0b6?s=96&d=mm&r=g\",\"contentUrl\":\"https:\/\/secure.gravatar.com\/avatar\/2054729fbfd1ebc9d3cf1fd55361d0b6?s=96&d=mm&r=g\",\"caption\":\"Christiane Stein\"}}]}<\/script>\n<!-- \/ Yoast SEO plugin. -->","yoast_head_json":{"title":"Deko mit Weihnachtsfiguren \u2013 im Vorgarten, auf der Terrasse und im Innenbereich - Tafeldeko","description":"Dekorationen in der Vorweihnachtszeit und zu Weihnachten sind seit jeher beliebt und irgendwie bekommt man das Gef\u00fchl, dass sich dieses in den letzten","robots":{"index":"index","follow":"follow","max-snippet":"max-snippet:-1","max-image-preview":"max-image-preview:large","max-video-preview":"max-video-preview:-1"},"canonical":"https:\/\/www.tafeldeko.de\/news\/deko-mit-weihnachtsfiguren-im-vorgarten-auf-der-terrasse-und-im-innenbereich\/","og_locale":"de_DE","og_type":"article","og_title":"Deko mit Weihnachtsfiguren \u2013 im Vorgarten, auf der Terrasse und im Innenbereich - Tafeldeko","og_description":"Dekorationen in der Vorweihnachtszeit und zu Weihnachten sind seit jeher beliebt und irgendwie bekommt man das Gef\u00fchl, dass sich dieses in den letzten","og_url":"https:\/\/www.tafeldeko.de\/news\/deko-mit-weihnachtsfiguren-im-vorgarten-auf-der-terrasse-und-im-innenbereich\/","og_site_name":"Tafeldeko","article_publisher":"https:\/\/www.facebook.com\/pages\/Tafeldeko-einzigartige-Tischdekoration\/174202655894","article_published_time":"2011-11-15T19:24:54+00:00","author":"Christiane Stein","twitter_misc":{"Verfasst von":"Christiane Stein","Gesch\u00e4tzte Lesezeit":"2 Minuten"},"schema":{"@context":"https:\/\/schema.org","@graph":[{"@type":"WebPage","@id":"https:\/\/www.tafeldeko.de\/news\/deko-mit-weihnachtsfiguren-im-vorgarten-auf-der-terrasse-und-im-innenbereich\/","url":"https:\/\/www.tafeldeko.de\/news\/deko-mit-weihnachtsfiguren-im-vorgarten-auf-der-terrasse-und-im-innenbereich\/","name":"Deko mit Weihnachtsfiguren \u2013 im Vorgarten, auf der Terrasse und im Innenbereich - Tafeldeko","isPartOf":{"@id":"https:\/\/www.tafeldeko.de\/news\/#website"},"datePublished":"2011-11-15T19:24:54+00:00","dateModified":"2011-11-15T19:24:54+00:00","author":{"@id":"https:\/\/www.tafeldeko.de\/news\/#\/schema\/person\/d2acd86447ed0b6336089a8ba83164a0"},"description":"Dekorationen in der Vorweihnachtszeit und zu Weihnachten sind seit jeher beliebt und irgendwie bekommt man das Gef\u00fchl, dass sich dieses in den letzten","breadcrumb":{"@id":"https:\/\/www.tafeldeko.de\/news\/deko-mit-weihnachtsfiguren-im-vorgarten-auf-der-terrasse-und-im-innenbereich\/#breadcrumb"},"inLanguage":"de-DE","potentialAction":[{"@type":"ReadAction","target":["https:\/\/www.tafeldeko.de\/news\/deko-mit-weihnachtsfiguren-im-vorgarten-auf-der-terrasse-und-im-innenbereich\/"]}]},{"@type":"BreadcrumbList","@id":"https:\/\/www.tafeldeko.de\/news\/deko-mit-weihnachtsfiguren-im-vorgarten-auf-der-terrasse-und-im-innenbereich\/#breadcrumb","itemListElement":[{"@type":"ListItem","position":1,"name":"Tafeldeko","item":"https:\/\/www.tafeldeko.de\/news\/"},{"@type":"ListItem","position":2,"name":"Alte Beitr\u00e4ge","item":"https:\/\/www.tafeldeko.de\/news\/alte-beitraege\/"},{"@type":"ListItem","position":3,"name":"Tischdeko - Blog","item":"https:\/\/www.tafeldeko.de\/news\/alte-beitraege\/tischdeko-blog\/"},{"@type":"ListItem","position":4,"name":"Deko mit Weihnachtsfiguren \u2013 im Vorgarten, auf der Terrasse und im Innenbereich"}]},{"@type":"WebSite","@id":"https:\/\/www.tafeldeko.de\/news\/#website","url":"https:\/\/www.tafeldeko.de\/news\/","name":"Tafeldeko","description":"Blog mit Tischdeko und Tischdekoration Ideen","potentialAction":[{"@type":"SearchAction","target":{"@type":"EntryPoint","urlTemplate":"https:\/\/www.tafeldeko.de\/news\/?s={search_term_string}"},"query-input":"required name=search_term_string"}],"inLanguage":"de-DE"},{"@type":"Person","@id":"https:\/\/www.tafeldeko.de\/news\/#\/schema\/person\/d2acd86447ed0b6336089a8ba83164a0","name":"Christiane Stein","image":{"@type":"ImageObject","inLanguage":"de-DE","@id":"https:\/\/www.tafeldeko.de\/news\/#\/schema\/person\/image\/","url":"https:\/\/secure.gravatar.com\/avatar\/2054729fbfd1ebc9d3cf1fd55361d0b6?s=96&d=mm&r=g","contentUrl":"https:\/\/secure.gravatar.com\/avatar\/2054729fbfd1ebc9d3cf1fd55361d0b6?s=96&d=mm&r=g","caption":"Christiane Stein"}}]}},"_links":{"self":[{"href":"https:\/\/www.tafeldeko.de\/news\/wp-json\/wp\/v2\/posts\/3893"}],"collection":[{"href":"https:\/\/www.tafeldeko.de\/news\/wp-json\/wp\/v2\/posts"}],"about":[{"href":"https:\/\/www.tafeldeko.de\/news\/wp-json\/wp\/v2\/types\/post"}],"author":[{"embeddable":true,"href":"https:\/\/www.tafeldeko.de\/news\/wp-json\/wp\/v2\/users\/2"}],"replies":[{"embeddable":true,"href":"https:\/\/www.tafeldeko.de\/news\/wp-json\/wp\/v2\/comments?post=3893"}],"version-history":[{"count":0,"href":"https:\/\/www.tafeldeko.de\/news\/wp-json\/wp\/v2\/posts\/3893\/revisions"}],"wp:attachment":[{"href":"https:\/\/www.tafeldeko.de\/news\/wp-json\/wp\/v2\/media?parent=3893"}],"wp:term":[{"taxonomy":"category","embeddable":true,"href":"https:\/\/www.tafeldeko.de\/news\/wp-json\/wp\/v2\/categories?post=3893"},{"taxonomy":"post_tag","embeddable":true,"href":"https:\/\/www.tafeldeko.de\/news\/wp-json\/wp\/v2\/tags?post=3893"}],"curies":[{"name":"wp","href":"https:\/\/api.w.org\/{rel}","templated":true}]}}