{"id":3887,"date":"2011-10-24T14:46:31","date_gmt":"2011-10-24T12:46:31","guid":{"rendered":"http:\/\/www.tafeldeko.de\/news\/?p=3887"},"modified":"2011-10-24T14:46:31","modified_gmt":"2011-10-24T12:46:31","slug":"dekorationen-zu-weihnachten-schoene-traditionen","status":"publish","type":"post","link":"https:\/\/www.tafeldeko.de\/news\/dekorationen-zu-weihnachten-schoene-traditionen\/","title":{"rendered":"Dekorationen zu Weihnachten \u2013 sch\u00f6ne Traditionen"},"content":{"rendered":"<p><b>Weihnachten <\/b>\u2013 schon bald d\u00fcrfen wir wieder das Fest der Liebe im Kreise unserer Familie feiern.<br \/>\nWer Kinder hat, genie\u00dft in aller Regel das Weihnachtsfest ganz besonders und die Kinder sind nat\u00fcrlich vollkommen aufgeregt und voller Erwartung, welche Geschenke in diesem Jahr der Weihnachtsmann bringt \u2013 wenn sie noch an ihn glauben.<br \/>\nIn manchen Familien ist es Brauch, dass der <b>Weihnachtsbaum <\/b>erst an Tag von Heiligabend geschm\u00fcckt wird. Und beim Schm\u00fccken d\u00fcrfen die Kinder nicht anwesend sein, das hei\u00dft, ein Familienmitglied geht mit dem Kind oder den Kindern spazieren, in den <i>Kindergottesdienst <\/i>oder unternimmt etwas anderes. Zu Hause wird derweil der Tannenbaum aufgestellt und geschm\u00fcckt und somit wird wohl die <b>Haupt-Dekoration zum Weihnachtsfest<\/b> errichtet.<br \/>\nDie Tradition besagt, dass das L\u00e4uten eines Gl\u00f6ckchens \u201everk\u00fcndet\u201c, dass nun dass Zimmer betreten werden darf und somit die Bescherung stattfindet. Kinderaugen leuchten, wenn sie den geschm\u00fcckten Tannenbaum sehen und vor allen Dingen wohl auch die vielen Geschenke, die mitunter auch f\u00fcr sie bestimmt sind, entdecken.<br \/>\n<b>Sch\u00f6ne <a href=\"https:\/\/www.tafeldeko.de\/shop_content.php\/coID\/212_Deko.html\">Dekorationen<\/a> zu Weihnachten<\/b> sind \u2013 gerade wenn man Kinder hat \u2013 sozusagen in Muss. Die Weihnachtszeit wird wesentlich bewusster erlebt, wenn man die entsprechende Deko um sich hat und gerade zum Weihnachtsfest im Kreise der Familie geh\u00f6rt ein sch\u00f6ner Weihnachtsbaum dazu.<br \/>\nEbenso traditionell ist der <b>Adventskranz<\/b>, der ab dem 1. Advent seinen Einsatz hat. An jedem Adventsonntag wird eine Kerze angez\u00fcndet und bei den Kindern ist der Adventsspruch beliebt und vor allen Dingen wohl auch jedem bekannt: \u201eAdvent, Advent, ein Lichtlein brennt, erst eins, dann zwei, dann drei, dann vier \u2013 dann steht das Christkind vor der T\u00fcr!\u201c Unter Garantie hat man diesen kleinen Spruch selbst schon als Kind aufgesagt und man kann sich garantiert auch noch an die Vorfreude auf das Weihnachtsfest erinnern. Und vor allem die Vorfreude auf die zu erwartenden Geschenke.<br \/>\n<b>Dekorationen zu Weihnachten<\/b> \u2013 sie sind wundersch\u00f6n und traditionell geh\u00f6ren sie einfach zum Fest dazu. <\/p>\n","protected":false},"excerpt":{"rendered":"<p>Weihnachten \u2013 schon bald d\u00fcrfen wir wieder das Fest der Liebe im Kreise unserer Familie feiern. Wer Kinder hat, genie\u00dft in aller Regel das Weihnachtsfest ganz besonders und die Kinder sind nat\u00fcrlich vollkommen aufgeregt und voller Erwartung, welche Geschenke in diesem Jahr der Weihnachtsmann bringt \u2013 wenn sie noch an ihn glauben. In manchen Familien [&hellip;]<\/p>\n","protected":false},"author":2,"featured_media":0,"comment_status":"open","ping_status":"open","sticky":false,"template":"","format":"standard","meta":{"footnotes":""},"categories":[1],"tags":[],"yoast_head":"<!-- This site is optimized with the Yoast SEO plugin v20.4 - https:\/\/yoast.com\/wordpress\/plugins\/seo\/ -->\n<title>Dekorationen zu Weihnachten \u2013 sch\u00f6ne Traditionen - Tafeldeko<\/title>\n<meta name=\"description\" content=\"Weihnachten \u2013 schon bald d\u00fcrfen wir wieder das Fest der Liebe im Kreise unserer Familie feiern. Wer Kinder hat, genie\u00dft in aller Regel das Weihnachtsfest\" \/>\n<meta name=\"robots\" content=\"index, follow, max-snippet:-1, max-image-preview:large, max-video-preview:-1\" \/>\n<link rel=\"canonical\" href=\"https:\/\/www.tafeldeko.de\/news\/dekorationen-zu-weihnachten-schoene-traditionen\/\" \/>\n<meta property=\"og:locale\" content=\"de_DE\" \/>\n<meta property=\"og:type\" content=\"article\" \/>\n<meta property=\"og:title\" content=\"Dekorationen zu Weihnachten \u2013 sch\u00f6ne Traditionen - Tafeldeko\" \/>\n<meta property=\"og:description\" content=\"Weihnachten \u2013 schon bald d\u00fcrfen wir wieder das Fest der Liebe im Kreise unserer Familie feiern. Wer Kinder hat, genie\u00dft in aller Regel das Weihnachtsfest\" \/>\n<meta property=\"og:url\" content=\"https:\/\/www.tafeldeko.de\/news\/dekorationen-zu-weihnachten-schoene-traditionen\/\" \/>\n<meta property=\"og:site_name\" content=\"Tafeldeko\" \/>\n<meta property=\"article:publisher\" content=\"https:\/\/www.facebook.com\/pages\/Tafeldeko-einzigartige-Tischdekoration\/174202655894\" \/>\n<meta property=\"article:published_time\" content=\"2011-10-24T12:46:31+00:00\" \/>\n<meta name=\"author\" content=\"Christiane Stein\" \/>\n<meta name=\"twitter:label1\" content=\"Verfasst von\" \/>\n\t<meta name=\"twitter:data1\" content=\"Christiane Stein\" \/>\n\t<meta name=\"twitter:label2\" content=\"Gesch\u00e4tzte Lesezeit\" \/>\n\t<meta name=\"twitter:data2\" content=\"2 Minuten\" \/>\n<script type=\"application\/ld+json\" class=\"yoast-schema-graph\">{\"@context\":\"https:\/\/schema.org\",\"@graph\":[{\"@type\":\"WebPage\",\"@id\":\"https:\/\/www.tafeldeko.de\/news\/dekorationen-zu-weihnachten-schoene-traditionen\/\",\"url\":\"https:\/\/www.tafeldeko.de\/news\/dekorationen-zu-weihnachten-schoene-traditionen\/\",\"name\":\"Dekorationen zu Weihnachten \u2013 sch\u00f6ne Traditionen - Tafeldeko\",\"isPartOf\":{\"@id\":\"https:\/\/www.tafeldeko.de\/news\/#website\"},\"datePublished\":\"2011-10-24T12:46:31+00:00\",\"dateModified\":\"2011-10-24T12:46:31+00:00\",\"author\":{\"@id\":\"https:\/\/www.tafeldeko.de\/news\/#\/schema\/person\/d2acd86447ed0b6336089a8ba83164a0\"},\"description\":\"Weihnachten \u2013 schon bald d\u00fcrfen wir wieder das Fest der Liebe im Kreise unserer Familie feiern. Wer Kinder hat, genie\u00dft in aller Regel das Weihnachtsfest\",\"breadcrumb\":{\"@id\":\"https:\/\/www.tafeldeko.de\/news\/dekorationen-zu-weihnachten-schoene-traditionen\/#breadcrumb\"},\"inLanguage\":\"de-DE\",\"potentialAction\":[{\"@type\":\"ReadAction\",\"target\":[\"https:\/\/www.tafeldeko.de\/news\/dekorationen-zu-weihnachten-schoene-traditionen\/\"]}]},{\"@type\":\"BreadcrumbList\",\"@id\":\"https:\/\/www.tafeldeko.de\/news\/dekorationen-zu-weihnachten-schoene-traditionen\/#breadcrumb\",\"itemListElement\":[{\"@type\":\"ListItem\",\"position\":1,\"name\":\"Tafeldeko\",\"item\":\"https:\/\/www.tafeldeko.de\/news\/\"},{\"@type\":\"ListItem\",\"position\":2,\"name\":\"Alte Beitr\u00e4ge\",\"item\":\"https:\/\/www.tafeldeko.de\/news\/alte-beitraege\/\"},{\"@type\":\"ListItem\",\"position\":3,\"name\":\"Tischdeko - Blog\",\"item\":\"https:\/\/www.tafeldeko.de\/news\/alte-beitraege\/tischdeko-blog\/\"},{\"@type\":\"ListItem\",\"position\":4,\"name\":\"Dekorationen zu Weihnachten \u2013 sch\u00f6ne Traditionen\"}]},{\"@type\":\"WebSite\",\"@id\":\"https:\/\/www.tafeldeko.de\/news\/#website\",\"url\":\"https:\/\/www.tafeldeko.de\/news\/\",\"name\":\"Tafeldeko\",\"description\":\"Blog mit Tischdeko und Tischdekoration Ideen\",\"potentialAction\":[{\"@type\":\"SearchAction\",\"target\":{\"@type\":\"EntryPoint\",\"urlTemplate\":\"https:\/\/www.tafeldeko.de\/news\/?s={search_term_string}\"},\"query-input\":\"required name=search_term_string\"}],\"inLanguage\":\"de-DE\"},{\"@type\":\"Person\",\"@id\":\"https:\/\/www.tafeldeko.de\/news\/#\/schema\/person\/d2acd86447ed0b6336089a8ba83164a0\",\"name\":\"Christiane Stein\",\"image\":{\"@type\":\"ImageObject\",\"inLanguage\":\"de-DE\",\"@id\":\"https:\/\/www.tafeldeko.de\/news\/#\/schema\/person\/image\/\",\"url\":\"https:\/\/secure.gravatar.com\/avatar\/2054729fbfd1ebc9d3cf1fd55361d0b6?s=96&d=mm&r=g\",\"contentUrl\":\"https:\/\/secure.gravatar.com\/avatar\/2054729fbfd1ebc9d3cf1fd55361d0b6?s=96&d=mm&r=g\",\"caption\":\"Christiane Stein\"}}]}<\/script>\n<!-- \/ Yoast SEO plugin. -->","yoast_head_json":{"title":"Dekorationen zu Weihnachten \u2013 sch\u00f6ne Traditionen - Tafeldeko","description":"Weihnachten \u2013 schon bald d\u00fcrfen wir wieder das Fest der Liebe im Kreise unserer Familie feiern. Wer Kinder hat, genie\u00dft in aller Regel das Weihnachtsfest","robots":{"index":"index","follow":"follow","max-snippet":"max-snippet:-1","max-image-preview":"max-image-preview:large","max-video-preview":"max-video-preview:-1"},"canonical":"https:\/\/www.tafeldeko.de\/news\/dekorationen-zu-weihnachten-schoene-traditionen\/","og_locale":"de_DE","og_type":"article","og_title":"Dekorationen zu Weihnachten \u2013 sch\u00f6ne Traditionen - Tafeldeko","og_description":"Weihnachten \u2013 schon bald d\u00fcrfen wir wieder das Fest der Liebe im Kreise unserer Familie feiern. Wer Kinder hat, genie\u00dft in aller Regel das Weihnachtsfest","og_url":"https:\/\/www.tafeldeko.de\/news\/dekorationen-zu-weihnachten-schoene-traditionen\/","og_site_name":"Tafeldeko","article_publisher":"https:\/\/www.facebook.com\/pages\/Tafeldeko-einzigartige-Tischdekoration\/174202655894","article_published_time":"2011-10-24T12:46:31+00:00","author":"Christiane Stein","twitter_misc":{"Verfasst von":"Christiane Stein","Gesch\u00e4tzte Lesezeit":"2 Minuten"},"schema":{"@context":"https:\/\/schema.org","@graph":[{"@type":"WebPage","@id":"https:\/\/www.tafeldeko.de\/news\/dekorationen-zu-weihnachten-schoene-traditionen\/","url":"https:\/\/www.tafeldeko.de\/news\/dekorationen-zu-weihnachten-schoene-traditionen\/","name":"Dekorationen zu Weihnachten \u2013 sch\u00f6ne Traditionen - Tafeldeko","isPartOf":{"@id":"https:\/\/www.tafeldeko.de\/news\/#website"},"datePublished":"2011-10-24T12:46:31+00:00","dateModified":"2011-10-24T12:46:31+00:00","author":{"@id":"https:\/\/www.tafeldeko.de\/news\/#\/schema\/person\/d2acd86447ed0b6336089a8ba83164a0"},"description":"Weihnachten \u2013 schon bald d\u00fcrfen wir wieder das Fest der Liebe im Kreise unserer Familie feiern. Wer Kinder hat, genie\u00dft in aller Regel das Weihnachtsfest","breadcrumb":{"@id":"https:\/\/www.tafeldeko.de\/news\/dekorationen-zu-weihnachten-schoene-traditionen\/#breadcrumb"},"inLanguage":"de-DE","potentialAction":[{"@type":"ReadAction","target":["https:\/\/www.tafeldeko.de\/news\/dekorationen-zu-weihnachten-schoene-traditionen\/"]}]},{"@type":"BreadcrumbList","@id":"https:\/\/www.tafeldeko.de\/news\/dekorationen-zu-weihnachten-schoene-traditionen\/#breadcrumb","itemListElement":[{"@type":"ListItem","position":1,"name":"Tafeldeko","item":"https:\/\/www.tafeldeko.de\/news\/"},{"@type":"ListItem","position":2,"name":"Alte Beitr\u00e4ge","item":"https:\/\/www.tafeldeko.de\/news\/alte-beitraege\/"},{"@type":"ListItem","position":3,"name":"Tischdeko - Blog","item":"https:\/\/www.tafeldeko.de\/news\/alte-beitraege\/tischdeko-blog\/"},{"@type":"ListItem","position":4,"name":"Dekorationen zu Weihnachten \u2013 sch\u00f6ne Traditionen"}]},{"@type":"WebSite","@id":"https:\/\/www.tafeldeko.de\/news\/#website","url":"https:\/\/www.tafeldeko.de\/news\/","name":"Tafeldeko","description":"Blog mit Tischdeko und Tischdekoration Ideen","potentialAction":[{"@type":"SearchAction","target":{"@type":"EntryPoint","urlTemplate":"https:\/\/www.tafeldeko.de\/news\/?s={search_term_string}"},"query-input":"required name=search_term_string"}],"inLanguage":"de-DE"},{"@type":"Person","@id":"https:\/\/www.tafeldeko.de\/news\/#\/schema\/person\/d2acd86447ed0b6336089a8ba83164a0","name":"Christiane Stein","image":{"@type":"ImageObject","inLanguage":"de-DE","@id":"https:\/\/www.tafeldeko.de\/news\/#\/schema\/person\/image\/","url":"https:\/\/secure.gravatar.com\/avatar\/2054729fbfd1ebc9d3cf1fd55361d0b6?s=96&d=mm&r=g","contentUrl":"https:\/\/secure.gravatar.com\/avatar\/2054729fbfd1ebc9d3cf1fd55361d0b6?s=96&d=mm&r=g","caption":"Christiane Stein"}}]}},"_links":{"self":[{"href":"https:\/\/www.tafeldeko.de\/news\/wp-json\/wp\/v2\/posts\/3887"}],"collection":[{"href":"https:\/\/www.tafeldeko.de\/news\/wp-json\/wp\/v2\/posts"}],"about":[{"href":"https:\/\/www.tafeldeko.de\/news\/wp-json\/wp\/v2\/types\/post"}],"author":[{"embeddable":true,"href":"https:\/\/www.tafeldeko.de\/news\/wp-json\/wp\/v2\/users\/2"}],"replies":[{"embeddable":true,"href":"https:\/\/www.tafeldeko.de\/news\/wp-json\/wp\/v2\/comments?post=3887"}],"version-history":[{"count":0,"href":"https:\/\/www.tafeldeko.de\/news\/wp-json\/wp\/v2\/posts\/3887\/revisions"}],"wp:attachment":[{"href":"https:\/\/www.tafeldeko.de\/news\/wp-json\/wp\/v2\/media?parent=3887"}],"wp:term":[{"taxonomy":"category","embeddable":true,"href":"https:\/\/www.tafeldeko.de\/news\/wp-json\/wp\/v2\/categories?post=3887"},{"taxonomy":"post_tag","embeddable":true,"href":"https:\/\/www.tafeldeko.de\/news\/wp-json\/wp\/v2\/tags?post=3887"}],"curies":[{"name":"wp","href":"https:\/\/api.w.org\/{rel}","templated":true}]}}