{"id":386,"date":"2012-01-03T14:23:03","date_gmt":"2012-01-03T12:23:03","guid":{"rendered":"http:\/\/www.tafeldeko.de\/news\/?p=386"},"modified":"2012-01-03T14:23:03","modified_gmt":"2012-01-03T12:23:03","slug":"die-tischdekoration-zu-ostern-in-der-farbkonstellation-flieder-und-gruen","status":"publish","type":"post","link":"https:\/\/www.tafeldeko.de\/news\/die-tischdekoration-zu-ostern-in-der-farbkonstellation-flieder-und-gruen\/","title":{"rendered":"Die Tischdekoration zu Ostern in der Farbkonstellation \u201eFlieder und gr\u00fcn\u201c"},"content":{"rendered":"<div class=\"textumfliessenrechts\"><img decoding=\"async\" loading=\"lazy\" src=\"https:\/\/www.tafeldeko.de\/news\/media\/users\/schnurchristian\/ostern_lila_neu.jpg\" alt=\"Tischdeko Fr\u00fchling und Ostern\" title=\"Tischdeko Fr\u00fchling und Ostern\" width=\"308\" height=\"205\" \/><br \/><a href=\"https:\/\/www.tafeldeko.de\/mustertische\/index.php?t=5&#038;c=6&#038;lang=2\" title=\"Tischdeko Ostern\"><b>Tischdeko Ostern<\/b><\/a><\/div>\n<p> Die Tischdeko f\u00fcr den Fr\u00fchling kann durchaus farbenfroh und frisch gestaltet sein. Man kann bereits im Februar mit der Tischdekoration f\u00fcr den Fr\u00fchling beginnen.<br \/>\nDie Tischdeko im Februar kann unter dem Motto der Farbe \u201eFlieder\u201c gestaltet werden. Flieder l\u00e4sst sich hervorragend mit gr\u00fcn und wei\u00df kombinieren und das ergibt ein sch\u00f6nes Endergebnis.<br \/>\nWer die unterschiedlichen Dekorationsartikel entsprechend einsetzt, kann gro\u00dfes Lob von G\u00e4sten ernten. So kann bei der Tischdekoration zum Beispiel folgende Artikel zum Einsatz kommen: <b><a href=\"https:\/\/www.tafeldeko.de\/index.php\/cat\/c897_Kugelkerzen.html\" title=\"Kugelkerzen\">Kugelkerzen<\/a><\/b>, in gl\u00e4nzender Optik, Sisal-Herz in pflaume und altrosa, Wichtel, Tulpen in lila oder auch <b><a href=\"https:\/\/www.tafeldeko.de\/index.php\/cat\/c441_Organza-Stoffe.html\" title=\"Organza Dekostoff\">Organza Dekostoff<\/a><\/b>.<br \/>\nDie Auswahl ist mehr als vielf\u00e4ltig und wer sich das Dekorieren zur Aufgabe gemacht hat, muss sich letztlich nur f\u00fcr eine Auswahl entscheiden. Man hat sozusagen die Qual der Wahl und kann seiner Kreativit\u00e4t freien Lauf lassen.<br \/>\nIn Punkto Tischdekoration ist alles erlaubt, was f\u00fcr Gem\u00fctlichkeit, Freude und Wohnlichkeit sorgt. Bekanntlich sind Geschm\u00e4cker verschieden und aus diesem Grund kann man kein hundert Prozentiges Geheimrezept verraten. Wichtig ist, dass man darauf achtet, dass der Tisch nicht zu \u00fcberladen wirkt, gen\u00fcgend Platz f\u00fcr Teller und Gl\u00e4ser gegeben ist und das man ein <b>harmonisches Bild <\/b>kreiert.<br \/>\nInspirationen f\u00fcr die Tischdeko und ganz besonders f\u00fcr die Farbkombination \u201eFlieder und Gr\u00fcn\u201c findet man im Internet und kann in wenigen Schritten diese Variante in seinen eigenen vier W\u00e4nden bewundern.<br \/>\nAuf die Tischdekoration sollte nicht verzichtet werden, denn das gibt jeder Wohnung eine pers\u00f6nliche Note und ein gewisses Flair. Wenn sich die G\u00e4ste wie zu Hause f\u00fchlen, kann man sich sicher sein, dass man f\u00fcr gem\u00fctliche Momente gesorgt hat.<\/p>\n","protected":false},"excerpt":{"rendered":"<p>Die Tischdeko f\u00fcr den Fr\u00fchling kann durchaus farbenfroh und frisch gestaltet sein. Man kann bereits im Februar mit der Tischdekoration f\u00fcr den Fr\u00fchling beginnen.<br \/>\nDie Tischdeko im Februar kann unter dem Motto der Farbe \u201eFlieder\u201c gestaltet werden. Flieder l\u00e4sst sich hervorragend mit gr\u00fcn und wei\u00df kombinieren und das ergibt ein sch\u00f6nes Endergebnis.<\/p>\n","protected":false},"author":2,"featured_media":387,"comment_status":"open","ping_status":"open","sticky":false,"template":"","format":"standard","meta":{"footnotes":""},"categories":[1],"tags":[],"yoast_head":"<!-- This site is optimized with the Yoast SEO plugin v20.4 - https:\/\/yoast.com\/wordpress\/plugins\/seo\/ -->\n<title>Die Tischdekoration zu Ostern in der Farbkonstellation \u201eFlieder und gr\u00fcn\u201c - Tafeldeko<\/title>\n<meta name=\"description\" content=\"Inspirationen f&#xFC;r die Tischdeko und ganz besonders f&#xFC;r die Farbkombination &#x201E;Flieder und Gr&#xFC;n&#x201C; finden Sie bei uns. Eine tolle Tischdeko zu Ostern\" \/>\n<meta name=\"robots\" content=\"index, follow, max-snippet:-1, max-image-preview:large, max-video-preview:-1\" \/>\n<link rel=\"canonical\" href=\"https:\/\/www.tafeldeko.de\/news\/die-tischdekoration-zu-ostern-in-der-farbkonstellation-flieder-und-gruen\/\" \/>\n<meta property=\"og:locale\" content=\"de_DE\" \/>\n<meta property=\"og:type\" content=\"article\" \/>\n<meta property=\"og:title\" content=\"Die Tischdekoration zu Ostern in der Farbkonstellation \u201eFlieder und gr\u00fcn\u201c - Tafeldeko\" \/>\n<meta property=\"og:description\" content=\"Inspirationen f&#xFC;r die Tischdeko und ganz besonders f&#xFC;r die Farbkombination &#x201E;Flieder und Gr&#xFC;n&#x201C; finden Sie bei uns. Eine tolle Tischdeko zu Ostern\" \/>\n<meta property=\"og:url\" content=\"https:\/\/www.tafeldeko.de\/news\/die-tischdekoration-zu-ostern-in-der-farbkonstellation-flieder-und-gruen\/\" \/>\n<meta property=\"og:site_name\" content=\"Tafeldeko\" \/>\n<meta property=\"article:publisher\" content=\"https:\/\/www.facebook.com\/pages\/Tafeldeko-einzigartige-Tischdekoration\/174202655894\" \/>\n<meta property=\"article:published_time\" content=\"2012-01-03T12:23:03+00:00\" \/>\n<meta property=\"og:image\" content=\"https:\/\/www.tafeldeko.de\/news\/wp-content\/uploads\/2014\/09\/ostern_lila_neu.jpg\" \/>\n\t<meta property=\"og:image:width\" content=\"448\" \/>\n\t<meta property=\"og:image:height\" content=\"255\" \/>\n\t<meta property=\"og:image:type\" content=\"image\/jpeg\" \/>\n<meta name=\"author\" content=\"Christiane Stein\" \/>\n<meta name=\"twitter:label1\" content=\"Verfasst von\" \/>\n\t<meta name=\"twitter:data1\" content=\"Christiane Stein\" \/>\n\t<meta name=\"twitter:label2\" content=\"Gesch\u00e4tzte Lesezeit\" \/>\n\t<meta name=\"twitter:data2\" content=\"1 Minute\" \/>\n<script type=\"application\/ld+json\" class=\"yoast-schema-graph\">{\"@context\":\"https:\/\/schema.org\",\"@graph\":[{\"@type\":\"WebPage\",\"@id\":\"https:\/\/www.tafeldeko.de\/news\/die-tischdekoration-zu-ostern-in-der-farbkonstellation-flieder-und-gruen\/\",\"url\":\"https:\/\/www.tafeldeko.de\/news\/die-tischdekoration-zu-ostern-in-der-farbkonstellation-flieder-und-gruen\/\",\"name\":\"Die Tischdekoration zu Ostern in der Farbkonstellation \u201eFlieder und gr\u00fcn\u201c - Tafeldeko\",\"isPartOf\":{\"@id\":\"https:\/\/www.tafeldeko.de\/news\/#website\"},\"datePublished\":\"2012-01-03T12:23:03+00:00\",\"dateModified\":\"2012-01-03T12:23:03+00:00\",\"author\":{\"@id\":\"https:\/\/www.tafeldeko.de\/news\/#\/schema\/person\/d2acd86447ed0b6336089a8ba83164a0\"},\"description\":\"Inspirationen f&#xFC;r die Tischdeko und ganz besonders f&#xFC;r die Farbkombination &#x201E;Flieder und Gr&#xFC;n&#x201C; finden Sie bei uns. Eine tolle Tischdeko zu Ostern\",\"breadcrumb\":{\"@id\":\"https:\/\/www.tafeldeko.de\/news\/die-tischdekoration-zu-ostern-in-der-farbkonstellation-flieder-und-gruen\/#breadcrumb\"},\"inLanguage\":\"de-DE\",\"potentialAction\":[{\"@type\":\"ReadAction\",\"target\":[\"https:\/\/www.tafeldeko.de\/news\/die-tischdekoration-zu-ostern-in-der-farbkonstellation-flieder-und-gruen\/\"]}]},{\"@type\":\"BreadcrumbList\",\"@id\":\"https:\/\/www.tafeldeko.de\/news\/die-tischdekoration-zu-ostern-in-der-farbkonstellation-flieder-und-gruen\/#breadcrumb\",\"itemListElement\":[{\"@type\":\"ListItem\",\"position\":1,\"name\":\"Tafeldeko\",\"item\":\"https:\/\/www.tafeldeko.de\/news\/\"},{\"@type\":\"ListItem\",\"position\":2,\"name\":\"Alte Beitr\u00e4ge\",\"item\":\"https:\/\/www.tafeldeko.de\/news\/alte-beitraege\/\"},{\"@type\":\"ListItem\",\"position\":3,\"name\":\"Tischdeko - Blog\",\"item\":\"https:\/\/www.tafeldeko.de\/news\/alte-beitraege\/tischdeko-blog\/\"},{\"@type\":\"ListItem\",\"position\":4,\"name\":\"Die Tischdekoration zu Ostern in der Farbkonstellation \u201eFlieder und gr\u00fcn\u201c\"}]},{\"@type\":\"WebSite\",\"@id\":\"https:\/\/www.tafeldeko.de\/news\/#website\",\"url\":\"https:\/\/www.tafeldeko.de\/news\/\",\"name\":\"Tafeldeko\",\"description\":\"Blog mit Tischdeko und Tischdekoration Ideen\",\"potentialAction\":[{\"@type\":\"SearchAction\",\"target\":{\"@type\":\"EntryPoint\",\"urlTemplate\":\"https:\/\/www.tafeldeko.de\/news\/?s={search_term_string}\"},\"query-input\":\"required name=search_term_string\"}],\"inLanguage\":\"de-DE\"},{\"@type\":\"Person\",\"@id\":\"https:\/\/www.tafeldeko.de\/news\/#\/schema\/person\/d2acd86447ed0b6336089a8ba83164a0\",\"name\":\"Christiane Stein\",\"image\":{\"@type\":\"ImageObject\",\"inLanguage\":\"de-DE\",\"@id\":\"https:\/\/www.tafeldeko.de\/news\/#\/schema\/person\/image\/\",\"url\":\"https:\/\/secure.gravatar.com\/avatar\/2054729fbfd1ebc9d3cf1fd55361d0b6?s=96&d=mm&r=g\",\"contentUrl\":\"https:\/\/secure.gravatar.com\/avatar\/2054729fbfd1ebc9d3cf1fd55361d0b6?s=96&d=mm&r=g\",\"caption\":\"Christiane Stein\"}}]}<\/script>\n<!-- \/ Yoast SEO plugin. -->","yoast_head_json":{"title":"Die Tischdekoration zu Ostern in der Farbkonstellation \u201eFlieder und gr\u00fcn\u201c - Tafeldeko","description":"Inspirationen f&#xFC;r die Tischdeko und ganz besonders f&#xFC;r die Farbkombination &#x201E;Flieder und Gr&#xFC;n&#x201C; finden Sie bei uns. Eine tolle Tischdeko zu Ostern","robots":{"index":"index","follow":"follow","max-snippet":"max-snippet:-1","max-image-preview":"max-image-preview:large","max-video-preview":"max-video-preview:-1"},"canonical":"https:\/\/www.tafeldeko.de\/news\/die-tischdekoration-zu-ostern-in-der-farbkonstellation-flieder-und-gruen\/","og_locale":"de_DE","og_type":"article","og_title":"Die Tischdekoration zu Ostern in der Farbkonstellation \u201eFlieder und gr\u00fcn\u201c - Tafeldeko","og_description":"Inspirationen f&#xFC;r die Tischdeko und ganz besonders f&#xFC;r die Farbkombination &#x201E;Flieder und Gr&#xFC;n&#x201C; finden Sie bei uns. Eine tolle Tischdeko zu Ostern","og_url":"https:\/\/www.tafeldeko.de\/news\/die-tischdekoration-zu-ostern-in-der-farbkonstellation-flieder-und-gruen\/","og_site_name":"Tafeldeko","article_publisher":"https:\/\/www.facebook.com\/pages\/Tafeldeko-einzigartige-Tischdekoration\/174202655894","article_published_time":"2012-01-03T12:23:03+00:00","og_image":[{"width":448,"height":255,"url":"https:\/\/www.tafeldeko.de\/news\/wp-content\/uploads\/2014\/09\/ostern_lila_neu.jpg","type":"image\/jpeg"}],"author":"Christiane Stein","twitter_misc":{"Verfasst von":"Christiane Stein","Gesch\u00e4tzte Lesezeit":"1 Minute"},"schema":{"@context":"https:\/\/schema.org","@graph":[{"@type":"WebPage","@id":"https:\/\/www.tafeldeko.de\/news\/die-tischdekoration-zu-ostern-in-der-farbkonstellation-flieder-und-gruen\/","url":"https:\/\/www.tafeldeko.de\/news\/die-tischdekoration-zu-ostern-in-der-farbkonstellation-flieder-und-gruen\/","name":"Die Tischdekoration zu Ostern in der Farbkonstellation \u201eFlieder und gr\u00fcn\u201c - Tafeldeko","isPartOf":{"@id":"https:\/\/www.tafeldeko.de\/news\/#website"},"datePublished":"2012-01-03T12:23:03+00:00","dateModified":"2012-01-03T12:23:03+00:00","author":{"@id":"https:\/\/www.tafeldeko.de\/news\/#\/schema\/person\/d2acd86447ed0b6336089a8ba83164a0"},"description":"Inspirationen f&#xFC;r die Tischdeko und ganz besonders f&#xFC;r die Farbkombination &#x201E;Flieder und Gr&#xFC;n&#x201C; finden Sie bei uns. Eine tolle Tischdeko zu Ostern","breadcrumb":{"@id":"https:\/\/www.tafeldeko.de\/news\/die-tischdekoration-zu-ostern-in-der-farbkonstellation-flieder-und-gruen\/#breadcrumb"},"inLanguage":"de-DE","potentialAction":[{"@type":"ReadAction","target":["https:\/\/www.tafeldeko.de\/news\/die-tischdekoration-zu-ostern-in-der-farbkonstellation-flieder-und-gruen\/"]}]},{"@type":"BreadcrumbList","@id":"https:\/\/www.tafeldeko.de\/news\/die-tischdekoration-zu-ostern-in-der-farbkonstellation-flieder-und-gruen\/#breadcrumb","itemListElement":[{"@type":"ListItem","position":1,"name":"Tafeldeko","item":"https:\/\/www.tafeldeko.de\/news\/"},{"@type":"ListItem","position":2,"name":"Alte Beitr\u00e4ge","item":"https:\/\/www.tafeldeko.de\/news\/alte-beitraege\/"},{"@type":"ListItem","position":3,"name":"Tischdeko - Blog","item":"https:\/\/www.tafeldeko.de\/news\/alte-beitraege\/tischdeko-blog\/"},{"@type":"ListItem","position":4,"name":"Die Tischdekoration zu Ostern in der Farbkonstellation \u201eFlieder und gr\u00fcn\u201c"}]},{"@type":"WebSite","@id":"https:\/\/www.tafeldeko.de\/news\/#website","url":"https:\/\/www.tafeldeko.de\/news\/","name":"Tafeldeko","description":"Blog mit Tischdeko und Tischdekoration Ideen","potentialAction":[{"@type":"SearchAction","target":{"@type":"EntryPoint","urlTemplate":"https:\/\/www.tafeldeko.de\/news\/?s={search_term_string}"},"query-input":"required name=search_term_string"}],"inLanguage":"de-DE"},{"@type":"Person","@id":"https:\/\/www.tafeldeko.de\/news\/#\/schema\/person\/d2acd86447ed0b6336089a8ba83164a0","name":"Christiane Stein","image":{"@type":"ImageObject","inLanguage":"de-DE","@id":"https:\/\/www.tafeldeko.de\/news\/#\/schema\/person\/image\/","url":"https:\/\/secure.gravatar.com\/avatar\/2054729fbfd1ebc9d3cf1fd55361d0b6?s=96&d=mm&r=g","contentUrl":"https:\/\/secure.gravatar.com\/avatar\/2054729fbfd1ebc9d3cf1fd55361d0b6?s=96&d=mm&r=g","caption":"Christiane Stein"}}]}},"_links":{"self":[{"href":"https:\/\/www.tafeldeko.de\/news\/wp-json\/wp\/v2\/posts\/386"}],"collection":[{"href":"https:\/\/www.tafeldeko.de\/news\/wp-json\/wp\/v2\/posts"}],"about":[{"href":"https:\/\/www.tafeldeko.de\/news\/wp-json\/wp\/v2\/types\/post"}],"author":[{"embeddable":true,"href":"https:\/\/www.tafeldeko.de\/news\/wp-json\/wp\/v2\/users\/2"}],"replies":[{"embeddable":true,"href":"https:\/\/www.tafeldeko.de\/news\/wp-json\/wp\/v2\/comments?post=386"}],"version-history":[{"count":0,"href":"https:\/\/www.tafeldeko.de\/news\/wp-json\/wp\/v2\/posts\/386\/revisions"}],"wp:featuredmedia":[{"embeddable":true,"href":"https:\/\/www.tafeldeko.de\/news\/wp-json\/wp\/v2\/media\/387"}],"wp:attachment":[{"href":"https:\/\/www.tafeldeko.de\/news\/wp-json\/wp\/v2\/media?parent=386"}],"wp:term":[{"taxonomy":"category","embeddable":true,"href":"https:\/\/www.tafeldeko.de\/news\/wp-json\/wp\/v2\/categories?post=386"},{"taxonomy":"post_tag","embeddable":true,"href":"https:\/\/www.tafeldeko.de\/news\/wp-json\/wp\/v2\/tags?post=386"}],"curies":[{"name":"wp","href":"https:\/\/api.w.org\/{rel}","templated":true}]}}