{"id":382,"date":"2011-12-15T18:42:45","date_gmt":"2011-12-15T16:42:45","guid":{"rendered":"http:\/\/www.tafeldeko.de\/news\/?p=382"},"modified":"2011-12-15T18:42:45","modified_gmt":"2011-12-15T16:42:45","slug":"der-perfekte-tisch-fuer-jeden-anlass-in-der-winterszeit","status":"publish","type":"post","link":"https:\/\/www.tafeldeko.de\/news\/der-perfekte-tisch-fuer-jeden-anlass-in-der-winterszeit\/","title":{"rendered":"Der perfekte Tisch f\u00fcr jeden Anlass in der Winterszeit"},"content":{"rendered":"<div class=\"textumfliessenrechts\"><img decoding=\"async\" loading=\"lazy\" src=\"https:\/\/www.tafeldeko.de\/news\/media\/users\/schnurchristian\/duni_winter.jpg\" alt=\"Duni Winter\" title=\"Duni Winter\" width=\"200\" height=\"140\" \/><br \/><a href=\"https:\/\/www.tafeldeko.de\/mustertische\/beispiele_duni\/Duni_weihnachten\/tischdeko_weihnachten_winter.php\" title=\"perfekte Tischdeko\"><b>perfekte Tischdeko<\/b><\/a><\/div>\n<p> <b>Die Winterzeit<\/b> bietet uns neben dem Weihnachtsfest verschiedene Anl\u00e4sse, die gefeiert werden sollten und die eine gewisse Deko der R\u00e4umlichkeiten und Tische erforderlich machen.<br \/>\nDie Frage nach dem perfekt gedeckten Tisch wird oft gestellt. Eine pauschale Antwort kann man nicht darauf geben, denn der Geschmack und die Vorstellungen von Tischdekorationen ist ganz verschieden.<br \/>\nF\u00fcr den einen ist die <b>perfekte Tischdeko<\/b> in Form einer schlicht gew\u00e4hlten Deko, f\u00fcr den anderen ist die pomp\u00f6se und au\u00dfergew\u00f6hnliche Auswahl die perfekte Tischdeko.<br \/>\nVorschl\u00e4ge f\u00fcr den perfekten Tisch gibt es viele, auch f\u00fcr den perfekt gedeckten Tisch in der Winterszeit.<br \/>\nEine sch\u00f6ne Variante bietet die Serie \u201eWinter\u201c von Duni.<br \/>\nDiese wundersch\u00f6ne Serie entf\u00fchrt uns in die Welt des Winters und der traumhaften Winterlandschaft. Eisblumen und Tannenb\u00e4ume und ein Hirsch schm\u00fccken die Serie und machen den Tisch zu einem <b>wunderbaren Blickfang <\/b>innerhalb des Raumes.<br \/>\nGanz gleich, welchen Anlass man nun feiert \u2013 ob das Weihnachtsfest mit der Familie oder den Geburtstag \u2013 mit dieser Tischdeko kann man nur punkten. Der perfekte Tisch zur Winterszeit \u2013 mit Duni \u201eWinter\u201c hat man ihn.<br \/>\nAus der Serie gibt es Mitteldecken, Tischl\u00e4ufer und Servietten, so dass man f\u00fcr die perfekte Tischdeko einige M\u00f6glichkeiten hat.<br \/>\nJe nach Gr\u00f6\u00dfe der Tische k\u00f6nnen <b><a href=\"https:\/\/www.tafeldeko.de\/index.php\/cat\/c2026_Tischl%C3%A4ufer.html\" title=\"Tischl\u00e4ufer\">Tischl\u00e4ufer<\/a> <\/b>die Tischmitte zieren und in Kombination mit den Servietten \u201eWinter\u201c ergibt sich ein stimmungsvolles, winterliches Bild. Kerzen in braun, entweder als Stumpenkerzen auf Glasuntersetzern, oder als braune Kerzengl\u00e4ser, verleihen der festlich gedeckten Tafel<b> das stimmungsvolle Kerzenlicht<\/b>. Dazu k\u00f6nnen sich noch einige <b><a href=\"https:\/\/www.tafeldeko.de\/index.php\/cat\/c2058_Winterfiguren.html\" title=\"Dekofiguren\">Dekofiguren<\/a><\/b>, beispielsweise mit winterlichen Motiven, farblich passend, gesellen, so dass die Tischdeko wirklich toll aussieht.<br \/>\nOb man inmitten dieser Tischdeko nun Weihnachten oder den Geburtstag feiert, die G\u00e4ste werden begeistert sein und das eine oder andere lobende Wort wird zu h\u00f6ren sein.<br \/>\nMit der Serie \u201eWinter\u201c von Duni ist auf jeden Fall die M\u00f6glichkeit gegeben, den perfekten Tisch und die perfekte Tischdeko zu erzielen. <\/p>\n","protected":false},"excerpt":{"rendered":"<p>Die Winterzeit bietet uns neben dem Weihnachtsfest verschiedene Anl\u00e4sse, die gefeiert werden sollten und die eine gewisse Deko der R\u00e4umlichkeiten und Tische erforderlich machen.<br \/>\nDie Frage nach dem perfekt gedeckten Tisch wird oft gestellt. Eine pauschale Antwort kann man nicht darauf geben, denn der Geschmack und die Vorstellungen von Tischdekorationen ist ganz verschieden.<br \/>\nF\u00fcr den einen ist die perfekte Tischdeko in Form einer schlicht gew\u00e4hlten Deko, f\u00fcr den anderen ist die pomp\u00f6se und au\u00dfergew\u00f6hnliche Auswahl die perfekte Tischdeko.<br \/>\nVorschl\u00e4ge f\u00fcr den perfekten Tisch gibt es viele, auch f\u00fcr den perfekt gedeckten Tisch in der Winterszeit.<br \/>\nEine sch\u00f6ne Variante bietet die Serie \u201eWinter\u201c von Duni.<\/p>\n","protected":false},"author":2,"featured_media":383,"comment_status":"open","ping_status":"open","sticky":false,"template":"","format":"standard","meta":{"footnotes":""},"categories":[1],"tags":[],"yoast_head":"<!-- This site is optimized with the Yoast SEO plugin v20.4 - https:\/\/yoast.com\/wordpress\/plugins\/seo\/ -->\n<title>Der perfekte Tisch f\u00fcr jeden Anlass in der Winterszeit - Tafeldeko<\/title>\n<meta name=\"description\" content=\"Vorschl&#xE4;ge f&#xFC;r den perfekten Tisch gibt es viele, auch f&#xFC;r den perfekt gedeckten Tisch in der Winterszeit.\" \/>\n<meta name=\"robots\" content=\"index, follow, max-snippet:-1, max-image-preview:large, max-video-preview:-1\" \/>\n<link rel=\"canonical\" href=\"https:\/\/www.tafeldeko.de\/news\/der-perfekte-tisch-fuer-jeden-anlass-in-der-winterszeit\/\" \/>\n<meta property=\"og:locale\" content=\"de_DE\" \/>\n<meta property=\"og:type\" content=\"article\" \/>\n<meta property=\"og:title\" content=\"Der perfekte Tisch f\u00fcr jeden Anlass in der Winterszeit - Tafeldeko\" \/>\n<meta property=\"og:description\" content=\"Vorschl&#xE4;ge f&#xFC;r den perfekten Tisch gibt es viele, auch f&#xFC;r den perfekt gedeckten Tisch in der Winterszeit.\" \/>\n<meta property=\"og:url\" content=\"https:\/\/www.tafeldeko.de\/news\/der-perfekte-tisch-fuer-jeden-anlass-in-der-winterszeit\/\" \/>\n<meta property=\"og:site_name\" content=\"Tafeldeko\" \/>\n<meta property=\"article:publisher\" content=\"https:\/\/www.facebook.com\/pages\/Tafeldeko-einzigartige-Tischdekoration\/174202655894\" \/>\n<meta property=\"article:published_time\" content=\"2011-12-15T16:42:45+00:00\" \/>\n<meta property=\"og:image\" content=\"https:\/\/www.tafeldeko.de\/news\/wp-content\/uploads\/2014\/09\/duni_winter.jpg\" \/>\n\t<meta property=\"og:image:width\" content=\"200\" \/>\n\t<meta property=\"og:image:height\" content=\"140\" \/>\n\t<meta property=\"og:image:type\" content=\"image\/jpeg\" \/>\n<meta name=\"author\" content=\"Christiane Stein\" \/>\n<meta name=\"twitter:label1\" content=\"Verfasst von\" \/>\n\t<meta name=\"twitter:data1\" content=\"Christiane Stein\" \/>\n\t<meta name=\"twitter:label2\" content=\"Gesch\u00e4tzte Lesezeit\" \/>\n\t<meta name=\"twitter:data2\" content=\"2 Minuten\" \/>\n<script type=\"application\/ld+json\" class=\"yoast-schema-graph\">{\"@context\":\"https:\/\/schema.org\",\"@graph\":[{\"@type\":\"WebPage\",\"@id\":\"https:\/\/www.tafeldeko.de\/news\/der-perfekte-tisch-fuer-jeden-anlass-in-der-winterszeit\/\",\"url\":\"https:\/\/www.tafeldeko.de\/news\/der-perfekte-tisch-fuer-jeden-anlass-in-der-winterszeit\/\",\"name\":\"Der perfekte Tisch f\u00fcr jeden Anlass in der Winterszeit - Tafeldeko\",\"isPartOf\":{\"@id\":\"https:\/\/www.tafeldeko.de\/news\/#website\"},\"datePublished\":\"2011-12-15T16:42:45+00:00\",\"dateModified\":\"2011-12-15T16:42:45+00:00\",\"author\":{\"@id\":\"https:\/\/www.tafeldeko.de\/news\/#\/schema\/person\/d2acd86447ed0b6336089a8ba83164a0\"},\"description\":\"Vorschl&#xE4;ge f&#xFC;r den perfekten Tisch gibt es viele, auch f&#xFC;r den perfekt gedeckten Tisch in der Winterszeit.\",\"breadcrumb\":{\"@id\":\"https:\/\/www.tafeldeko.de\/news\/der-perfekte-tisch-fuer-jeden-anlass-in-der-winterszeit\/#breadcrumb\"},\"inLanguage\":\"de-DE\",\"potentialAction\":[{\"@type\":\"ReadAction\",\"target\":[\"https:\/\/www.tafeldeko.de\/news\/der-perfekte-tisch-fuer-jeden-anlass-in-der-winterszeit\/\"]}]},{\"@type\":\"BreadcrumbList\",\"@id\":\"https:\/\/www.tafeldeko.de\/news\/der-perfekte-tisch-fuer-jeden-anlass-in-der-winterszeit\/#breadcrumb\",\"itemListElement\":[{\"@type\":\"ListItem\",\"position\":1,\"name\":\"Tafeldeko\",\"item\":\"https:\/\/www.tafeldeko.de\/news\/\"},{\"@type\":\"ListItem\",\"position\":2,\"name\":\"Alte Beitr\u00e4ge\",\"item\":\"https:\/\/www.tafeldeko.de\/news\/alte-beitraege\/\"},{\"@type\":\"ListItem\",\"position\":3,\"name\":\"Tischdeko - Blog\",\"item\":\"https:\/\/www.tafeldeko.de\/news\/alte-beitraege\/tischdeko-blog\/\"},{\"@type\":\"ListItem\",\"position\":4,\"name\":\"Der perfekte Tisch f\u00fcr jeden Anlass in der Winterszeit\"}]},{\"@type\":\"WebSite\",\"@id\":\"https:\/\/www.tafeldeko.de\/news\/#website\",\"url\":\"https:\/\/www.tafeldeko.de\/news\/\",\"name\":\"Tafeldeko\",\"description\":\"Blog mit Tischdeko und Tischdekoration Ideen\",\"potentialAction\":[{\"@type\":\"SearchAction\",\"target\":{\"@type\":\"EntryPoint\",\"urlTemplate\":\"https:\/\/www.tafeldeko.de\/news\/?s={search_term_string}\"},\"query-input\":\"required name=search_term_string\"}],\"inLanguage\":\"de-DE\"},{\"@type\":\"Person\",\"@id\":\"https:\/\/www.tafeldeko.de\/news\/#\/schema\/person\/d2acd86447ed0b6336089a8ba83164a0\",\"name\":\"Christiane Stein\",\"image\":{\"@type\":\"ImageObject\",\"inLanguage\":\"de-DE\",\"@id\":\"https:\/\/www.tafeldeko.de\/news\/#\/schema\/person\/image\/\",\"url\":\"https:\/\/secure.gravatar.com\/avatar\/2054729fbfd1ebc9d3cf1fd55361d0b6?s=96&d=mm&r=g\",\"contentUrl\":\"https:\/\/secure.gravatar.com\/avatar\/2054729fbfd1ebc9d3cf1fd55361d0b6?s=96&d=mm&r=g\",\"caption\":\"Christiane Stein\"}}]}<\/script>\n<!-- \/ Yoast SEO plugin. -->","yoast_head_json":{"title":"Der perfekte Tisch f\u00fcr jeden Anlass in der Winterszeit - Tafeldeko","description":"Vorschl&#xE4;ge f&#xFC;r den perfekten Tisch gibt es viele, auch f&#xFC;r den perfekt gedeckten Tisch in der Winterszeit.","robots":{"index":"index","follow":"follow","max-snippet":"max-snippet:-1","max-image-preview":"max-image-preview:large","max-video-preview":"max-video-preview:-1"},"canonical":"https:\/\/www.tafeldeko.de\/news\/der-perfekte-tisch-fuer-jeden-anlass-in-der-winterszeit\/","og_locale":"de_DE","og_type":"article","og_title":"Der perfekte Tisch f\u00fcr jeden Anlass in der Winterszeit - Tafeldeko","og_description":"Vorschl&#xE4;ge f&#xFC;r den perfekten Tisch gibt es viele, auch f&#xFC;r den perfekt gedeckten Tisch in der Winterszeit.","og_url":"https:\/\/www.tafeldeko.de\/news\/der-perfekte-tisch-fuer-jeden-anlass-in-der-winterszeit\/","og_site_name":"Tafeldeko","article_publisher":"https:\/\/www.facebook.com\/pages\/Tafeldeko-einzigartige-Tischdekoration\/174202655894","article_published_time":"2011-12-15T16:42:45+00:00","og_image":[{"width":200,"height":140,"url":"https:\/\/www.tafeldeko.de\/news\/wp-content\/uploads\/2014\/09\/duni_winter.jpg","type":"image\/jpeg"}],"author":"Christiane Stein","twitter_misc":{"Verfasst von":"Christiane Stein","Gesch\u00e4tzte Lesezeit":"2 Minuten"},"schema":{"@context":"https:\/\/schema.org","@graph":[{"@type":"WebPage","@id":"https:\/\/www.tafeldeko.de\/news\/der-perfekte-tisch-fuer-jeden-anlass-in-der-winterszeit\/","url":"https:\/\/www.tafeldeko.de\/news\/der-perfekte-tisch-fuer-jeden-anlass-in-der-winterszeit\/","name":"Der perfekte Tisch f\u00fcr jeden Anlass in der Winterszeit - Tafeldeko","isPartOf":{"@id":"https:\/\/www.tafeldeko.de\/news\/#website"},"datePublished":"2011-12-15T16:42:45+00:00","dateModified":"2011-12-15T16:42:45+00:00","author":{"@id":"https:\/\/www.tafeldeko.de\/news\/#\/schema\/person\/d2acd86447ed0b6336089a8ba83164a0"},"description":"Vorschl&#xE4;ge f&#xFC;r den perfekten Tisch gibt es viele, auch f&#xFC;r den perfekt gedeckten Tisch in der Winterszeit.","breadcrumb":{"@id":"https:\/\/www.tafeldeko.de\/news\/der-perfekte-tisch-fuer-jeden-anlass-in-der-winterszeit\/#breadcrumb"},"inLanguage":"de-DE","potentialAction":[{"@type":"ReadAction","target":["https:\/\/www.tafeldeko.de\/news\/der-perfekte-tisch-fuer-jeden-anlass-in-der-winterszeit\/"]}]},{"@type":"BreadcrumbList","@id":"https:\/\/www.tafeldeko.de\/news\/der-perfekte-tisch-fuer-jeden-anlass-in-der-winterszeit\/#breadcrumb","itemListElement":[{"@type":"ListItem","position":1,"name":"Tafeldeko","item":"https:\/\/www.tafeldeko.de\/news\/"},{"@type":"ListItem","position":2,"name":"Alte Beitr\u00e4ge","item":"https:\/\/www.tafeldeko.de\/news\/alte-beitraege\/"},{"@type":"ListItem","position":3,"name":"Tischdeko - Blog","item":"https:\/\/www.tafeldeko.de\/news\/alte-beitraege\/tischdeko-blog\/"},{"@type":"ListItem","position":4,"name":"Der perfekte Tisch f\u00fcr jeden Anlass in der Winterszeit"}]},{"@type":"WebSite","@id":"https:\/\/www.tafeldeko.de\/news\/#website","url":"https:\/\/www.tafeldeko.de\/news\/","name":"Tafeldeko","description":"Blog mit Tischdeko und Tischdekoration Ideen","potentialAction":[{"@type":"SearchAction","target":{"@type":"EntryPoint","urlTemplate":"https:\/\/www.tafeldeko.de\/news\/?s={search_term_string}"},"query-input":"required name=search_term_string"}],"inLanguage":"de-DE"},{"@type":"Person","@id":"https:\/\/www.tafeldeko.de\/news\/#\/schema\/person\/d2acd86447ed0b6336089a8ba83164a0","name":"Christiane Stein","image":{"@type":"ImageObject","inLanguage":"de-DE","@id":"https:\/\/www.tafeldeko.de\/news\/#\/schema\/person\/image\/","url":"https:\/\/secure.gravatar.com\/avatar\/2054729fbfd1ebc9d3cf1fd55361d0b6?s=96&d=mm&r=g","contentUrl":"https:\/\/secure.gravatar.com\/avatar\/2054729fbfd1ebc9d3cf1fd55361d0b6?s=96&d=mm&r=g","caption":"Christiane Stein"}}]}},"_links":{"self":[{"href":"https:\/\/www.tafeldeko.de\/news\/wp-json\/wp\/v2\/posts\/382"}],"collection":[{"href":"https:\/\/www.tafeldeko.de\/news\/wp-json\/wp\/v2\/posts"}],"about":[{"href":"https:\/\/www.tafeldeko.de\/news\/wp-json\/wp\/v2\/types\/post"}],"author":[{"embeddable":true,"href":"https:\/\/www.tafeldeko.de\/news\/wp-json\/wp\/v2\/users\/2"}],"replies":[{"embeddable":true,"href":"https:\/\/www.tafeldeko.de\/news\/wp-json\/wp\/v2\/comments?post=382"}],"version-history":[{"count":0,"href":"https:\/\/www.tafeldeko.de\/news\/wp-json\/wp\/v2\/posts\/382\/revisions"}],"wp:featuredmedia":[{"embeddable":true,"href":"https:\/\/www.tafeldeko.de\/news\/wp-json\/wp\/v2\/media\/383"}],"wp:attachment":[{"href":"https:\/\/www.tafeldeko.de\/news\/wp-json\/wp\/v2\/media?parent=382"}],"wp:term":[{"taxonomy":"category","embeddable":true,"href":"https:\/\/www.tafeldeko.de\/news\/wp-json\/wp\/v2\/categories?post=382"},{"taxonomy":"post_tag","embeddable":true,"href":"https:\/\/www.tafeldeko.de\/news\/wp-json\/wp\/v2\/tags?post=382"}],"curies":[{"name":"wp","href":"https:\/\/api.w.org\/{rel}","templated":true}]}}