{"id":3750,"date":"2012-02-02T20:36:01","date_gmt":"2012-02-02T18:36:01","guid":{"rendered":"http:\/\/www.tafeldeko.de\/news\/?p=3750"},"modified":"2012-02-02T20:36:01","modified_gmt":"2012-02-02T18:36:01","slug":"deko-fuer-die-faschingsfeier-im-eigenen-zuhause","status":"publish","type":"post","link":"https:\/\/www.tafeldeko.de\/news\/deko-fuer-die-faschingsfeier-im-eigenen-zuhause\/","title":{"rendered":"Deko f\u00fcr die Faschingsfeier im eigenen Zuhause"},"content":{"rendered":"<p><b>Eine gelungene Faschingsparty <\/b>in den eigenen vier W\u00e4nden ist eine Freude f\u00fcr Gro\u00df und Klein. Das Wort Fasching steht f\u00fcr <b>Karneval, die 5. Jahreszeit oder Fastnacht<\/b>. Gefeiert wird von <i>\u201eWeiberdonnerstag\u201c bis \u201eVeilchendienstag\u201c<\/i>, wie der Faschingsdienstag liebevoll von den K\u00f6lnern bezeichnet wird.<br \/>\nAm <i>Aschermittwoch <\/i>wird nach heidnischem Brauch dann der Winter ausgetrieben.<br \/>\nNach christlichem Brauch beginnt die Fastenzeit vor Ostern. Wer sich mit dieser Tradition feierlich, aber im kleinen Stil, auseinandersetzen m\u00f6chte, kann eine Faschingsfeier einfach zu Hause arrangieren.<br \/>\nEine <b>Faschingsfeier <\/b>sollte vor allem bunt und fr\u00f6hlich sein. Auch ein bestimmtes Motto wie zum Beispiel \u201eBesuch im Zirkus\u201c, \u201eFilm und Musik\u201c oder \u201eFantasia\u201c kann f\u00fcr die Feier ausgew\u00e4hlt werden. Originelle Kleidung und Make-up geh\u00f6ren nat\u00fcrlich dazu.<br \/>\nDie <a href=\"https:\/\/www.tafeldeko.de\/shop_content.php\/coID\/212_Deko.html\">Deko<\/a> sollte sich ebenfalls ganz nach dem Motto richten. Mit Luftschlangen, Girlanden, Wimpelketten, bunten Luftballons, Kerzen und viel Konfetti verwandelt sich die Wohnstube schnell in eine Karnevalshochburg. Jeder Gast darf sich zus\u00e4tzlich mit H\u00fctchen, \u00fcbergro\u00dfen Brillen und anderen Scherzartikeln schm\u00fccken.<br \/>\nDamit so richtig Stimmung aufkommt, sollte der Gastgeber f\u00fcr feierliche Musik sorgen. Hierbei darf es auch mal etwas ganz Ausgefallenes sein, zum Beispiel Musik aus anderen Regionen. Eine Karaoke-Anlage sorgt f\u00fcr zus\u00e4tzlichen Spa\u00df und viele schiefe T\u00f6ne.<br \/>\nGenerell steht Humor bei einer <b>Faschingsfeier <\/b>im Vordergrund. Der Ernst des Lebens wird einfach einmal drau\u00dfen gelassen und kr\u00e4ftig gefeiert. <i>B\u00fcttenreden, Spiele und T\u00e4nze<\/i> lockern die Runde auf. Fingerfood, belegte Br\u00f6tchen, W\u00fcrstchen, Frikadellen und Fischh\u00e4ppchen sorgen f\u00fcr das leibliche Wohl. Auch Kartoffel- und Nudelsalate sind beliebte Partyspeisen. Bei den Getr\u00e4nken wei\u00df jeder am besten, was den Freunden schmeckt. Bowle, Fassbier und alkoholfreie Cocktails kommen immer gut an. Kleine Schn\u00e4pse, Sekt und Wein geh\u00f6ren nat\u00fcrlich auch dazu. Und wenn jeder etwas mitbringt, ist der Tisch schnell <b>\u201edekoriert\u201c<\/b>.<\/p>\n","protected":false},"excerpt":{"rendered":"<p>Eine gelungene Faschingsparty in den eigenen vier W\u00e4nden ist eine Freude f\u00fcr Gro\u00df und Klein. Das Wort Fasching steht f\u00fcr Karneval, die 5. Jahreszeit oder Fastnacht. Gefeiert wird von \u201eWeiberdonnerstag\u201c bis \u201eVeilchendienstag\u201c, wie der Faschingsdienstag liebevoll von den K\u00f6lnern bezeichnet wird. Am Aschermittwoch wird nach heidnischem Brauch dann der Winter ausgetrieben. Nach christlichem Brauch beginnt [&hellip;]<\/p>\n","protected":false},"author":2,"featured_media":0,"comment_status":"open","ping_status":"open","sticky":false,"template":"","format":"standard","meta":{"footnotes":""},"categories":[1],"tags":[],"yoast_head":"<!-- This site is optimized with the Yoast SEO plugin v20.4 - https:\/\/yoast.com\/wordpress\/plugins\/seo\/ -->\n<title>Deko f\u00fcr die Faschingsfeier im eigenen Zuhause - Tafeldeko<\/title>\n<meta name=\"description\" content=\"Eine gelungene Faschingsparty in den eigenen vier W\u00e4nden ist eine Freude f\u00fcr Gro\u00df und Klein. Das Wort Fasching steht f\u00fcr Karneval, die 5. Jahreszeit oder\" \/>\n<meta name=\"robots\" content=\"index, follow, max-snippet:-1, max-image-preview:large, max-video-preview:-1\" \/>\n<link rel=\"canonical\" href=\"https:\/\/www.tafeldeko.de\/news\/deko-fuer-die-faschingsfeier-im-eigenen-zuhause\/\" \/>\n<meta property=\"og:locale\" content=\"de_DE\" \/>\n<meta property=\"og:type\" content=\"article\" \/>\n<meta property=\"og:title\" content=\"Deko f\u00fcr die Faschingsfeier im eigenen Zuhause - Tafeldeko\" \/>\n<meta property=\"og:description\" content=\"Eine gelungene Faschingsparty in den eigenen vier W\u00e4nden ist eine Freude f\u00fcr Gro\u00df und Klein. Das Wort Fasching steht f\u00fcr Karneval, die 5. Jahreszeit oder\" \/>\n<meta property=\"og:url\" content=\"https:\/\/www.tafeldeko.de\/news\/deko-fuer-die-faschingsfeier-im-eigenen-zuhause\/\" \/>\n<meta property=\"og:site_name\" content=\"Tafeldeko\" \/>\n<meta property=\"article:publisher\" content=\"https:\/\/www.facebook.com\/pages\/Tafeldeko-einzigartige-Tischdekoration\/174202655894\" \/>\n<meta property=\"article:published_time\" content=\"2012-02-02T18:36:01+00:00\" \/>\n<meta name=\"author\" content=\"Christiane Stein\" \/>\n<meta name=\"twitter:label1\" content=\"Verfasst von\" \/>\n\t<meta name=\"twitter:data1\" content=\"Christiane Stein\" \/>\n\t<meta name=\"twitter:label2\" content=\"Gesch\u00e4tzte Lesezeit\" \/>\n\t<meta name=\"twitter:data2\" content=\"2 Minuten\" \/>\n<script type=\"application\/ld+json\" class=\"yoast-schema-graph\">{\"@context\":\"https:\/\/schema.org\",\"@graph\":[{\"@type\":\"WebPage\",\"@id\":\"https:\/\/www.tafeldeko.de\/news\/deko-fuer-die-faschingsfeier-im-eigenen-zuhause\/\",\"url\":\"https:\/\/www.tafeldeko.de\/news\/deko-fuer-die-faschingsfeier-im-eigenen-zuhause\/\",\"name\":\"Deko f\u00fcr die Faschingsfeier im eigenen Zuhause - Tafeldeko\",\"isPartOf\":{\"@id\":\"https:\/\/www.tafeldeko.de\/news\/#website\"},\"datePublished\":\"2012-02-02T18:36:01+00:00\",\"dateModified\":\"2012-02-02T18:36:01+00:00\",\"author\":{\"@id\":\"https:\/\/www.tafeldeko.de\/news\/#\/schema\/person\/d2acd86447ed0b6336089a8ba83164a0\"},\"description\":\"Eine gelungene Faschingsparty in den eigenen vier W\u00e4nden ist eine Freude f\u00fcr Gro\u00df und Klein. Das Wort Fasching steht f\u00fcr Karneval, die 5. Jahreszeit oder\",\"breadcrumb\":{\"@id\":\"https:\/\/www.tafeldeko.de\/news\/deko-fuer-die-faschingsfeier-im-eigenen-zuhause\/#breadcrumb\"},\"inLanguage\":\"de-DE\",\"potentialAction\":[{\"@type\":\"ReadAction\",\"target\":[\"https:\/\/www.tafeldeko.de\/news\/deko-fuer-die-faschingsfeier-im-eigenen-zuhause\/\"]}]},{\"@type\":\"BreadcrumbList\",\"@id\":\"https:\/\/www.tafeldeko.de\/news\/deko-fuer-die-faschingsfeier-im-eigenen-zuhause\/#breadcrumb\",\"itemListElement\":[{\"@type\":\"ListItem\",\"position\":1,\"name\":\"Tafeldeko\",\"item\":\"https:\/\/www.tafeldeko.de\/news\/\"},{\"@type\":\"ListItem\",\"position\":2,\"name\":\"Alte Beitr\u00e4ge\",\"item\":\"https:\/\/www.tafeldeko.de\/news\/alte-beitraege\/\"},{\"@type\":\"ListItem\",\"position\":3,\"name\":\"Tischdeko - Blog\",\"item\":\"https:\/\/www.tafeldeko.de\/news\/alte-beitraege\/tischdeko-blog\/\"},{\"@type\":\"ListItem\",\"position\":4,\"name\":\"Deko f\u00fcr die Faschingsfeier im eigenen Zuhause\"}]},{\"@type\":\"WebSite\",\"@id\":\"https:\/\/www.tafeldeko.de\/news\/#website\",\"url\":\"https:\/\/www.tafeldeko.de\/news\/\",\"name\":\"Tafeldeko\",\"description\":\"Blog mit Tischdeko und Tischdekoration Ideen\",\"potentialAction\":[{\"@type\":\"SearchAction\",\"target\":{\"@type\":\"EntryPoint\",\"urlTemplate\":\"https:\/\/www.tafeldeko.de\/news\/?s={search_term_string}\"},\"query-input\":\"required name=search_term_string\"}],\"inLanguage\":\"de-DE\"},{\"@type\":\"Person\",\"@id\":\"https:\/\/www.tafeldeko.de\/news\/#\/schema\/person\/d2acd86447ed0b6336089a8ba83164a0\",\"name\":\"Christiane Stein\",\"image\":{\"@type\":\"ImageObject\",\"inLanguage\":\"de-DE\",\"@id\":\"https:\/\/www.tafeldeko.de\/news\/#\/schema\/person\/image\/\",\"url\":\"https:\/\/secure.gravatar.com\/avatar\/2054729fbfd1ebc9d3cf1fd55361d0b6?s=96&d=mm&r=g\",\"contentUrl\":\"https:\/\/secure.gravatar.com\/avatar\/2054729fbfd1ebc9d3cf1fd55361d0b6?s=96&d=mm&r=g\",\"caption\":\"Christiane Stein\"}}]}<\/script>\n<!-- \/ Yoast SEO plugin. -->","yoast_head_json":{"title":"Deko f\u00fcr die Faschingsfeier im eigenen Zuhause - Tafeldeko","description":"Eine gelungene Faschingsparty in den eigenen vier W\u00e4nden ist eine Freude f\u00fcr Gro\u00df und Klein. Das Wort Fasching steht f\u00fcr Karneval, die 5. Jahreszeit oder","robots":{"index":"index","follow":"follow","max-snippet":"max-snippet:-1","max-image-preview":"max-image-preview:large","max-video-preview":"max-video-preview:-1"},"canonical":"https:\/\/www.tafeldeko.de\/news\/deko-fuer-die-faschingsfeier-im-eigenen-zuhause\/","og_locale":"de_DE","og_type":"article","og_title":"Deko f\u00fcr die Faschingsfeier im eigenen Zuhause - Tafeldeko","og_description":"Eine gelungene Faschingsparty in den eigenen vier W\u00e4nden ist eine Freude f\u00fcr Gro\u00df und Klein. Das Wort Fasching steht f\u00fcr Karneval, die 5. Jahreszeit oder","og_url":"https:\/\/www.tafeldeko.de\/news\/deko-fuer-die-faschingsfeier-im-eigenen-zuhause\/","og_site_name":"Tafeldeko","article_publisher":"https:\/\/www.facebook.com\/pages\/Tafeldeko-einzigartige-Tischdekoration\/174202655894","article_published_time":"2012-02-02T18:36:01+00:00","author":"Christiane Stein","twitter_misc":{"Verfasst von":"Christiane Stein","Gesch\u00e4tzte Lesezeit":"2 Minuten"},"schema":{"@context":"https:\/\/schema.org","@graph":[{"@type":"WebPage","@id":"https:\/\/www.tafeldeko.de\/news\/deko-fuer-die-faschingsfeier-im-eigenen-zuhause\/","url":"https:\/\/www.tafeldeko.de\/news\/deko-fuer-die-faschingsfeier-im-eigenen-zuhause\/","name":"Deko f\u00fcr die Faschingsfeier im eigenen Zuhause - Tafeldeko","isPartOf":{"@id":"https:\/\/www.tafeldeko.de\/news\/#website"},"datePublished":"2012-02-02T18:36:01+00:00","dateModified":"2012-02-02T18:36:01+00:00","author":{"@id":"https:\/\/www.tafeldeko.de\/news\/#\/schema\/person\/d2acd86447ed0b6336089a8ba83164a0"},"description":"Eine gelungene Faschingsparty in den eigenen vier W\u00e4nden ist eine Freude f\u00fcr Gro\u00df und Klein. Das Wort Fasching steht f\u00fcr Karneval, die 5. Jahreszeit oder","breadcrumb":{"@id":"https:\/\/www.tafeldeko.de\/news\/deko-fuer-die-faschingsfeier-im-eigenen-zuhause\/#breadcrumb"},"inLanguage":"de-DE","potentialAction":[{"@type":"ReadAction","target":["https:\/\/www.tafeldeko.de\/news\/deko-fuer-die-faschingsfeier-im-eigenen-zuhause\/"]}]},{"@type":"BreadcrumbList","@id":"https:\/\/www.tafeldeko.de\/news\/deko-fuer-die-faschingsfeier-im-eigenen-zuhause\/#breadcrumb","itemListElement":[{"@type":"ListItem","position":1,"name":"Tafeldeko","item":"https:\/\/www.tafeldeko.de\/news\/"},{"@type":"ListItem","position":2,"name":"Alte Beitr\u00e4ge","item":"https:\/\/www.tafeldeko.de\/news\/alte-beitraege\/"},{"@type":"ListItem","position":3,"name":"Tischdeko - Blog","item":"https:\/\/www.tafeldeko.de\/news\/alte-beitraege\/tischdeko-blog\/"},{"@type":"ListItem","position":4,"name":"Deko f\u00fcr die Faschingsfeier im eigenen Zuhause"}]},{"@type":"WebSite","@id":"https:\/\/www.tafeldeko.de\/news\/#website","url":"https:\/\/www.tafeldeko.de\/news\/","name":"Tafeldeko","description":"Blog mit Tischdeko und Tischdekoration Ideen","potentialAction":[{"@type":"SearchAction","target":{"@type":"EntryPoint","urlTemplate":"https:\/\/www.tafeldeko.de\/news\/?s={search_term_string}"},"query-input":"required name=search_term_string"}],"inLanguage":"de-DE"},{"@type":"Person","@id":"https:\/\/www.tafeldeko.de\/news\/#\/schema\/person\/d2acd86447ed0b6336089a8ba83164a0","name":"Christiane Stein","image":{"@type":"ImageObject","inLanguage":"de-DE","@id":"https:\/\/www.tafeldeko.de\/news\/#\/schema\/person\/image\/","url":"https:\/\/secure.gravatar.com\/avatar\/2054729fbfd1ebc9d3cf1fd55361d0b6?s=96&d=mm&r=g","contentUrl":"https:\/\/secure.gravatar.com\/avatar\/2054729fbfd1ebc9d3cf1fd55361d0b6?s=96&d=mm&r=g","caption":"Christiane Stein"}}]}},"_links":{"self":[{"href":"https:\/\/www.tafeldeko.de\/news\/wp-json\/wp\/v2\/posts\/3750"}],"collection":[{"href":"https:\/\/www.tafeldeko.de\/news\/wp-json\/wp\/v2\/posts"}],"about":[{"href":"https:\/\/www.tafeldeko.de\/news\/wp-json\/wp\/v2\/types\/post"}],"author":[{"embeddable":true,"href":"https:\/\/www.tafeldeko.de\/news\/wp-json\/wp\/v2\/users\/2"}],"replies":[{"embeddable":true,"href":"https:\/\/www.tafeldeko.de\/news\/wp-json\/wp\/v2\/comments?post=3750"}],"version-history":[{"count":0,"href":"https:\/\/www.tafeldeko.de\/news\/wp-json\/wp\/v2\/posts\/3750\/revisions"}],"wp:attachment":[{"href":"https:\/\/www.tafeldeko.de\/news\/wp-json\/wp\/v2\/media?parent=3750"}],"wp:term":[{"taxonomy":"category","embeddable":true,"href":"https:\/\/www.tafeldeko.de\/news\/wp-json\/wp\/v2\/categories?post=3750"},{"taxonomy":"post_tag","embeddable":true,"href":"https:\/\/www.tafeldeko.de\/news\/wp-json\/wp\/v2\/tags?post=3750"}],"curies":[{"name":"wp","href":"https:\/\/api.w.org\/{rel}","templated":true}]}}