{"id":3749,"date":"2012-02-01T21:54:16","date_gmt":"2012-02-01T19:54:16","guid":{"rendered":"http:\/\/www.tafeldeko.de\/news\/?p=3749"},"modified":"2012-02-01T21:54:16","modified_gmt":"2012-02-01T19:54:16","slug":"dekorationen-a-la-provence","status":"publish","type":"post","link":"https:\/\/www.tafeldeko.de\/news\/dekorationen-a-la-provence\/","title":{"rendered":"Dekorationen a la Provence"},"content":{"rendered":"<p><b>Die Provence <\/b>\u2013 ein beliebtes Urlaubsziel, das Jahr f\u00fcr Jahr viele Urlauber anzieht. Doch warum ist die Provence als Reiseziel so begehrt und beliebt?<br \/>\nNun, die <i>Landschaften der Provence<\/i> haben ihren eigenen Charme, die <i>D\u00f6rfer und St\u00e4dte<\/i> sind pittoresk und auch die <i>Bewohner der Provence<\/i> sind ganz eigen. Letzteres im positiven Sinne, denn die <i>Bewohner der Provence sind sehr nett und gastfreundlich, ihre Lebensart ist vollkommen entspannt<\/i>. Und genau diese Merkmale und Gegebenheiten machen die Provence zu einem ganz besonderen Ort der Entspannung.<br \/>\nUnd wohl dies ist auch der Grund, warum die <b>Dekorationen <\/b>in den eigenen vier W\u00e4nden auch <b>im Stil der Provence <\/b>ausgerichtet sind. Hat man wundervolle Urlaubstage in der Provence verbracht, dann bringt man auch in aller Regel einige Erinnerungsst\u00fccke aus dem Urlaub mit. Diese werden als Erinnerung und eben auch als Dekoration in die Wohnung eingebracht, das Gef\u00fchl mit Urlaubslaune und Entspanntheit wird mit dieser <a href=\"https:\/\/www.tafeldeko.de\/shop_content.php\/coID\/212_Deko.html\">Deko<\/a> verbunden.<br \/>\n<b>Die Deko a la Provence kann viele Gesichter haben. <\/b><br \/>\nVor allem <i>Lavendel <\/i>ist f\u00fcr die <b>Deko im Stile der Provence <\/b>sozusagen ein Muss. Angenehmer Duft, gepaart mit einer sch\u00f6nen Farbe und vielen Dekorationsm\u00f6glichkeiten ist Lavendel der ideale Begleiter f\u00fcr die provencialische Deko.<br \/>\nAls Basis f\u00fcr diverse Basteleien, beispielsweise Dufts\u00e4ckchen, die mit Stoffen im provencialischen Stil gen\u00e4ht werden, kann <i>Lavendel <\/i>verwendet werden. Auch <i>in gebundener Form<\/i>, beispielsweise als Herz, kombiniert mit lilafarbenen B\u00e4ndern, oder als <i>Lavendelstr\u00e4u\u00dfchen<\/i>, verziert mit einer lilafarbenen Schleife, ist Lavendel hervorragend geeignet.<br \/>\nEine andere Art der <b>Deko <\/b>ist die, dass ein kleiner Weidenkorb mit den Artikeln best\u00fcckt wird, die typisch f\u00fcr die Provence sind. Dieser kann zum Beispiel als Dekoration in der K\u00fcche aufgestellt werden \u2013 mit dem Effekt, das Zierende mit dem N\u00fctzlichen zu verbinden. Stattet man den Weidenkorb n\u00e4mlich mit Kr\u00e4utern der Provence, Thymian, Estragonsenf, Lavendel und Olivenzweigen aus, k\u00f6nnen diese auch zum Kochen verwendet werden.<br \/>\nDie <b>Deko a la Provence <\/b>hat ihren eigenen Charme und gerne holt man sich diesen zu sich nach Hause. <\/p>\n","protected":false},"excerpt":{"rendered":"<p>Die Provence \u2013 ein beliebtes Urlaubsziel, das Jahr f\u00fcr Jahr viele Urlauber anzieht. Doch warum ist die Provence als Reiseziel so begehrt und beliebt? Nun, die Landschaften der Provence haben ihren eigenen Charme, die D\u00f6rfer und St\u00e4dte sind pittoresk und auch die Bewohner der Provence sind ganz eigen. Letzteres im positiven Sinne, denn die Bewohner [&hellip;]<\/p>\n","protected":false},"author":2,"featured_media":0,"comment_status":"open","ping_status":"open","sticky":false,"template":"","format":"standard","meta":{"footnotes":""},"categories":[1],"tags":[],"yoast_head":"<!-- This site is optimized with the Yoast SEO plugin v20.4 - https:\/\/yoast.com\/wordpress\/plugins\/seo\/ -->\n<title>Dekorationen a la Provence - Tafeldeko<\/title>\n<meta name=\"description\" content=\"Die Provence \u2013 ein beliebtes Urlaubsziel, das Jahr f\u00fcr Jahr viele Urlauber anzieht. Doch warum ist die Provence als Reiseziel so begehrt und beliebt? Nun,\" \/>\n<meta name=\"robots\" content=\"index, follow, max-snippet:-1, max-image-preview:large, max-video-preview:-1\" \/>\n<link rel=\"canonical\" href=\"https:\/\/www.tafeldeko.de\/news\/dekorationen-a-la-provence\/\" \/>\n<meta property=\"og:locale\" content=\"de_DE\" \/>\n<meta property=\"og:type\" content=\"article\" \/>\n<meta property=\"og:title\" content=\"Dekorationen a la Provence - Tafeldeko\" \/>\n<meta property=\"og:description\" content=\"Die Provence \u2013 ein beliebtes Urlaubsziel, das Jahr f\u00fcr Jahr viele Urlauber anzieht. Doch warum ist die Provence als Reiseziel so begehrt und beliebt? Nun,\" \/>\n<meta property=\"og:url\" content=\"https:\/\/www.tafeldeko.de\/news\/dekorationen-a-la-provence\/\" \/>\n<meta property=\"og:site_name\" content=\"Tafeldeko\" \/>\n<meta property=\"article:publisher\" content=\"https:\/\/www.facebook.com\/pages\/Tafeldeko-einzigartige-Tischdekoration\/174202655894\" \/>\n<meta property=\"article:published_time\" content=\"2012-02-01T19:54:16+00:00\" \/>\n<meta name=\"author\" content=\"Christiane Stein\" \/>\n<meta name=\"twitter:label1\" content=\"Verfasst von\" \/>\n\t<meta name=\"twitter:data1\" content=\"Christiane Stein\" \/>\n\t<meta name=\"twitter:label2\" content=\"Gesch\u00e4tzte Lesezeit\" \/>\n\t<meta name=\"twitter:data2\" content=\"2 Minuten\" \/>\n<script type=\"application\/ld+json\" class=\"yoast-schema-graph\">{\"@context\":\"https:\/\/schema.org\",\"@graph\":[{\"@type\":\"WebPage\",\"@id\":\"https:\/\/www.tafeldeko.de\/news\/dekorationen-a-la-provence\/\",\"url\":\"https:\/\/www.tafeldeko.de\/news\/dekorationen-a-la-provence\/\",\"name\":\"Dekorationen a la Provence - Tafeldeko\",\"isPartOf\":{\"@id\":\"https:\/\/www.tafeldeko.de\/news\/#website\"},\"datePublished\":\"2012-02-01T19:54:16+00:00\",\"dateModified\":\"2012-02-01T19:54:16+00:00\",\"author\":{\"@id\":\"https:\/\/www.tafeldeko.de\/news\/#\/schema\/person\/d2acd86447ed0b6336089a8ba83164a0\"},\"description\":\"Die Provence \u2013 ein beliebtes Urlaubsziel, das Jahr f\u00fcr Jahr viele Urlauber anzieht. Doch warum ist die Provence als Reiseziel so begehrt und beliebt? Nun,\",\"breadcrumb\":{\"@id\":\"https:\/\/www.tafeldeko.de\/news\/dekorationen-a-la-provence\/#breadcrumb\"},\"inLanguage\":\"de-DE\",\"potentialAction\":[{\"@type\":\"ReadAction\",\"target\":[\"https:\/\/www.tafeldeko.de\/news\/dekorationen-a-la-provence\/\"]}]},{\"@type\":\"BreadcrumbList\",\"@id\":\"https:\/\/www.tafeldeko.de\/news\/dekorationen-a-la-provence\/#breadcrumb\",\"itemListElement\":[{\"@type\":\"ListItem\",\"position\":1,\"name\":\"Tafeldeko\",\"item\":\"https:\/\/www.tafeldeko.de\/news\/\"},{\"@type\":\"ListItem\",\"position\":2,\"name\":\"Alte Beitr\u00e4ge\",\"item\":\"https:\/\/www.tafeldeko.de\/news\/alte-beitraege\/\"},{\"@type\":\"ListItem\",\"position\":3,\"name\":\"Tischdeko - Blog\",\"item\":\"https:\/\/www.tafeldeko.de\/news\/alte-beitraege\/tischdeko-blog\/\"},{\"@type\":\"ListItem\",\"position\":4,\"name\":\"Dekorationen a la Provence\"}]},{\"@type\":\"WebSite\",\"@id\":\"https:\/\/www.tafeldeko.de\/news\/#website\",\"url\":\"https:\/\/www.tafeldeko.de\/news\/\",\"name\":\"Tafeldeko\",\"description\":\"Blog mit Tischdeko und Tischdekoration Ideen\",\"potentialAction\":[{\"@type\":\"SearchAction\",\"target\":{\"@type\":\"EntryPoint\",\"urlTemplate\":\"https:\/\/www.tafeldeko.de\/news\/?s={search_term_string}\"},\"query-input\":\"required name=search_term_string\"}],\"inLanguage\":\"de-DE\"},{\"@type\":\"Person\",\"@id\":\"https:\/\/www.tafeldeko.de\/news\/#\/schema\/person\/d2acd86447ed0b6336089a8ba83164a0\",\"name\":\"Christiane Stein\",\"image\":{\"@type\":\"ImageObject\",\"inLanguage\":\"de-DE\",\"@id\":\"https:\/\/www.tafeldeko.de\/news\/#\/schema\/person\/image\/\",\"url\":\"https:\/\/secure.gravatar.com\/avatar\/2054729fbfd1ebc9d3cf1fd55361d0b6?s=96&d=mm&r=g\",\"contentUrl\":\"https:\/\/secure.gravatar.com\/avatar\/2054729fbfd1ebc9d3cf1fd55361d0b6?s=96&d=mm&r=g\",\"caption\":\"Christiane Stein\"}}]}<\/script>\n<!-- \/ Yoast SEO plugin. -->","yoast_head_json":{"title":"Dekorationen a la Provence - Tafeldeko","description":"Die Provence \u2013 ein beliebtes Urlaubsziel, das Jahr f\u00fcr Jahr viele Urlauber anzieht. Doch warum ist die Provence als Reiseziel so begehrt und beliebt? Nun,","robots":{"index":"index","follow":"follow","max-snippet":"max-snippet:-1","max-image-preview":"max-image-preview:large","max-video-preview":"max-video-preview:-1"},"canonical":"https:\/\/www.tafeldeko.de\/news\/dekorationen-a-la-provence\/","og_locale":"de_DE","og_type":"article","og_title":"Dekorationen a la Provence - Tafeldeko","og_description":"Die Provence \u2013 ein beliebtes Urlaubsziel, das Jahr f\u00fcr Jahr viele Urlauber anzieht. Doch warum ist die Provence als Reiseziel so begehrt und beliebt? Nun,","og_url":"https:\/\/www.tafeldeko.de\/news\/dekorationen-a-la-provence\/","og_site_name":"Tafeldeko","article_publisher":"https:\/\/www.facebook.com\/pages\/Tafeldeko-einzigartige-Tischdekoration\/174202655894","article_published_time":"2012-02-01T19:54:16+00:00","author":"Christiane Stein","twitter_misc":{"Verfasst von":"Christiane Stein","Gesch\u00e4tzte Lesezeit":"2 Minuten"},"schema":{"@context":"https:\/\/schema.org","@graph":[{"@type":"WebPage","@id":"https:\/\/www.tafeldeko.de\/news\/dekorationen-a-la-provence\/","url":"https:\/\/www.tafeldeko.de\/news\/dekorationen-a-la-provence\/","name":"Dekorationen a la Provence - Tafeldeko","isPartOf":{"@id":"https:\/\/www.tafeldeko.de\/news\/#website"},"datePublished":"2012-02-01T19:54:16+00:00","dateModified":"2012-02-01T19:54:16+00:00","author":{"@id":"https:\/\/www.tafeldeko.de\/news\/#\/schema\/person\/d2acd86447ed0b6336089a8ba83164a0"},"description":"Die Provence \u2013 ein beliebtes Urlaubsziel, das Jahr f\u00fcr Jahr viele Urlauber anzieht. Doch warum ist die Provence als Reiseziel so begehrt und beliebt? Nun,","breadcrumb":{"@id":"https:\/\/www.tafeldeko.de\/news\/dekorationen-a-la-provence\/#breadcrumb"},"inLanguage":"de-DE","potentialAction":[{"@type":"ReadAction","target":["https:\/\/www.tafeldeko.de\/news\/dekorationen-a-la-provence\/"]}]},{"@type":"BreadcrumbList","@id":"https:\/\/www.tafeldeko.de\/news\/dekorationen-a-la-provence\/#breadcrumb","itemListElement":[{"@type":"ListItem","position":1,"name":"Tafeldeko","item":"https:\/\/www.tafeldeko.de\/news\/"},{"@type":"ListItem","position":2,"name":"Alte Beitr\u00e4ge","item":"https:\/\/www.tafeldeko.de\/news\/alte-beitraege\/"},{"@type":"ListItem","position":3,"name":"Tischdeko - Blog","item":"https:\/\/www.tafeldeko.de\/news\/alte-beitraege\/tischdeko-blog\/"},{"@type":"ListItem","position":4,"name":"Dekorationen a la Provence"}]},{"@type":"WebSite","@id":"https:\/\/www.tafeldeko.de\/news\/#website","url":"https:\/\/www.tafeldeko.de\/news\/","name":"Tafeldeko","description":"Blog mit Tischdeko und Tischdekoration Ideen","potentialAction":[{"@type":"SearchAction","target":{"@type":"EntryPoint","urlTemplate":"https:\/\/www.tafeldeko.de\/news\/?s={search_term_string}"},"query-input":"required name=search_term_string"}],"inLanguage":"de-DE"},{"@type":"Person","@id":"https:\/\/www.tafeldeko.de\/news\/#\/schema\/person\/d2acd86447ed0b6336089a8ba83164a0","name":"Christiane Stein","image":{"@type":"ImageObject","inLanguage":"de-DE","@id":"https:\/\/www.tafeldeko.de\/news\/#\/schema\/person\/image\/","url":"https:\/\/secure.gravatar.com\/avatar\/2054729fbfd1ebc9d3cf1fd55361d0b6?s=96&d=mm&r=g","contentUrl":"https:\/\/secure.gravatar.com\/avatar\/2054729fbfd1ebc9d3cf1fd55361d0b6?s=96&d=mm&r=g","caption":"Christiane Stein"}}]}},"_links":{"self":[{"href":"https:\/\/www.tafeldeko.de\/news\/wp-json\/wp\/v2\/posts\/3749"}],"collection":[{"href":"https:\/\/www.tafeldeko.de\/news\/wp-json\/wp\/v2\/posts"}],"about":[{"href":"https:\/\/www.tafeldeko.de\/news\/wp-json\/wp\/v2\/types\/post"}],"author":[{"embeddable":true,"href":"https:\/\/www.tafeldeko.de\/news\/wp-json\/wp\/v2\/users\/2"}],"replies":[{"embeddable":true,"href":"https:\/\/www.tafeldeko.de\/news\/wp-json\/wp\/v2\/comments?post=3749"}],"version-history":[{"count":0,"href":"https:\/\/www.tafeldeko.de\/news\/wp-json\/wp\/v2\/posts\/3749\/revisions"}],"wp:attachment":[{"href":"https:\/\/www.tafeldeko.de\/news\/wp-json\/wp\/v2\/media?parent=3749"}],"wp:term":[{"taxonomy":"category","embeddable":true,"href":"https:\/\/www.tafeldeko.de\/news\/wp-json\/wp\/v2\/categories?post=3749"},{"taxonomy":"post_tag","embeddable":true,"href":"https:\/\/www.tafeldeko.de\/news\/wp-json\/wp\/v2\/tags?post=3749"}],"curies":[{"name":"wp","href":"https:\/\/api.w.org\/{rel}","templated":true}]}}