{"id":3747,"date":"2012-01-30T20:21:02","date_gmt":"2012-01-30T18:21:02","guid":{"rendered":"http:\/\/www.tafeldeko.de\/news\/?p=3747"},"modified":"2012-01-30T20:21:02","modified_gmt":"2012-01-30T18:21:02","slug":"winterliche-deko-jetzt-ist-sie-passend","status":"publish","type":"post","link":"https:\/\/www.tafeldeko.de\/news\/winterliche-deko-jetzt-ist-sie-passend\/","title":{"rendered":"Winterliche Deko &#8211; jetzt ist sie passend"},"content":{"rendered":"<p><b>Der Winter und die winterliche Zeit<\/b> \u2013 manche unter uns hatten bereits die Hoffnung, dass es diese Saison mit dem Winter nichts wird. Doch es hat begonnen zu schneien, sehr zur Freude der Kinder. Sie hoffen, dass es die Nacht \u00fcber schneit und dass sie morgen, nach dem Kindergarten oder der Schule Schlitten fahren k\u00f6nnen. Die Erwachsenen sind \u00fcber die Schneeverh\u00e4ltnisse nicht unbedingt erfreut, sie m\u00fcssen im Schnee zu Arbeit fahren, mit Eisgl\u00e4tte rechnen.<br \/>\n<b>Doch der Winter hat auch seine sch\u00f6nen Seiten.<\/b> <b>Mit sch\u00f6ner, winterlicher Deko<\/b> kann man sich ein gewisses Wohlf\u00fchlgef\u00fchl auch an den kalten Tagen in die Wohnung holen.<br \/>\n<i>Winterliche Boten wie Schneem\u00e4nner, Schneeb\u00e4lle und winterliche Figuren wie Pinguine, Eisb\u00e4ren<\/i> und andere, in der K\u00e4lte lebende Figuren, sind als Dekofiguren sehr sch\u00f6n. Diese Figuren gibt es vor allen auf lustige Arten, das hei\u00dft, der Pinguin hat einen Schal oder eine gestreifte M\u00fctze an und ebenso der Eisb\u00e4r. Diese <i>Dekofiguren <\/i>gefallen nicht nur den Kindern, sondern auch Erwachsene finden diese <b>Dekoration <\/b>sch\u00f6n und ansprechend.<br \/>\nSo kann beispielsweise eine <i>flache Schale oder ein Teller<\/i> als Grundlage verwendet werden, wei\u00dfe Watteb\u00e4usche und Dekoschnee werden auf den Teller gegeben, und als <b>dekorativer Blickpunkt <\/b>steht der <i>Pinguin oder sitzt der Eisb\u00e4r<\/i>. Mit einigen kleinen Zweigen und \u00c4sten, die man im Au\u00dfenbereich gesammelt, und auch gegebenenfalls mit Spr\u00fchschnee versch\u00f6nert hat, kann man dieses winterliche Arrangement verzieren.<br \/>\n<i>Auf der Fensterbank oder dem Esszimmertisch<\/i> macht diese <b>Dekoration <\/b>hervorragend und so versch\u00f6nert man sich die kalten Wintertage, die vielleicht noch mit dem einen oder anderen Schneefall einhergehen.<br \/>\nEine andere Art der <b>winterlichen Deko<\/b> kann man <b>mit winterlichen Blumen<\/b> kreieren. Schneegl\u00f6ckchen gibt es in den Blumenl\u00e4den als Knollenpflanzen zu kaufen. Auch Hyazinthen sind sch\u00f6ne M\u00f6glichkeiten, vor allem bringen sie etwas Farbe in die winterliche <a href=\"https:\/\/www.tafeldeko.de\/shop_content.php\/coID\/212_Deko.html\">Deko<\/a>, um die <b>Winterdeko <\/b>in Szene zu setzen. Gerade bei den Zwiebelpflanzen sieht es sch\u00f6n aus, wenn man diese in ein Glas setzt, welches man jedoch zuvor entweder mit buntem Sand oder Dekokies bef\u00fcllt hat, bevor die Pflanze hinein kommt.<br \/>\n<b>Winterliche Dekorationen <\/b>versch\u00f6nern die kalten und dunklen Tage auf eine sch\u00f6ne Art. <\/p>\n","protected":false},"excerpt":{"rendered":"<p>Der Winter und die winterliche Zeit \u2013 manche unter uns hatten bereits die Hoffnung, dass es diese Saison mit dem Winter nichts wird. Doch es hat begonnen zu schneien, sehr zur Freude der Kinder. Sie hoffen, dass es die Nacht \u00fcber schneit und dass sie morgen, nach dem Kindergarten oder der Schule Schlitten fahren k\u00f6nnen. [&hellip;]<\/p>\n","protected":false},"author":2,"featured_media":0,"comment_status":"open","ping_status":"open","sticky":false,"template":"","format":"standard","meta":{"footnotes":""},"categories":[1],"tags":[],"yoast_head":"<!-- This site is optimized with the Yoast SEO plugin v20.4 - https:\/\/yoast.com\/wordpress\/plugins\/seo\/ -->\n<title>Winterliche Deko - jetzt ist sie passend - Tafeldeko<\/title>\n<meta name=\"description\" content=\"Der Winter und die winterliche Zeit \u2013 manche unter uns hatten bereits die Hoffnung, dass es diese Saison mit dem Winter nichts wird. Doch es hat begonnen\" \/>\n<meta name=\"robots\" content=\"index, follow, max-snippet:-1, max-image-preview:large, max-video-preview:-1\" \/>\n<link rel=\"canonical\" href=\"https:\/\/www.tafeldeko.de\/news\/winterliche-deko-jetzt-ist-sie-passend\/\" \/>\n<meta property=\"og:locale\" content=\"de_DE\" \/>\n<meta property=\"og:type\" content=\"article\" \/>\n<meta property=\"og:title\" content=\"Winterliche Deko - jetzt ist sie passend - Tafeldeko\" \/>\n<meta property=\"og:description\" content=\"Der Winter und die winterliche Zeit \u2013 manche unter uns hatten bereits die Hoffnung, dass es diese Saison mit dem Winter nichts wird. Doch es hat begonnen\" \/>\n<meta property=\"og:url\" content=\"https:\/\/www.tafeldeko.de\/news\/winterliche-deko-jetzt-ist-sie-passend\/\" \/>\n<meta property=\"og:site_name\" content=\"Tafeldeko\" \/>\n<meta property=\"article:publisher\" content=\"https:\/\/www.facebook.com\/pages\/Tafeldeko-einzigartige-Tischdekoration\/174202655894\" \/>\n<meta property=\"article:published_time\" content=\"2012-01-30T18:21:02+00:00\" \/>\n<meta name=\"author\" content=\"Christiane Stein\" \/>\n<meta name=\"twitter:label1\" content=\"Verfasst von\" \/>\n\t<meta name=\"twitter:data1\" content=\"Christiane Stein\" \/>\n\t<meta name=\"twitter:label2\" content=\"Gesch\u00e4tzte Lesezeit\" \/>\n\t<meta name=\"twitter:data2\" content=\"2 Minuten\" \/>\n<script type=\"application\/ld+json\" class=\"yoast-schema-graph\">{\"@context\":\"https:\/\/schema.org\",\"@graph\":[{\"@type\":\"WebPage\",\"@id\":\"https:\/\/www.tafeldeko.de\/news\/winterliche-deko-jetzt-ist-sie-passend\/\",\"url\":\"https:\/\/www.tafeldeko.de\/news\/winterliche-deko-jetzt-ist-sie-passend\/\",\"name\":\"Winterliche Deko - jetzt ist sie passend - Tafeldeko\",\"isPartOf\":{\"@id\":\"https:\/\/www.tafeldeko.de\/news\/#website\"},\"datePublished\":\"2012-01-30T18:21:02+00:00\",\"dateModified\":\"2012-01-30T18:21:02+00:00\",\"author\":{\"@id\":\"https:\/\/www.tafeldeko.de\/news\/#\/schema\/person\/d2acd86447ed0b6336089a8ba83164a0\"},\"description\":\"Der Winter und die winterliche Zeit \u2013 manche unter uns hatten bereits die Hoffnung, dass es diese Saison mit dem Winter nichts wird. Doch es hat begonnen\",\"breadcrumb\":{\"@id\":\"https:\/\/www.tafeldeko.de\/news\/winterliche-deko-jetzt-ist-sie-passend\/#breadcrumb\"},\"inLanguage\":\"de-DE\",\"potentialAction\":[{\"@type\":\"ReadAction\",\"target\":[\"https:\/\/www.tafeldeko.de\/news\/winterliche-deko-jetzt-ist-sie-passend\/\"]}]},{\"@type\":\"BreadcrumbList\",\"@id\":\"https:\/\/www.tafeldeko.de\/news\/winterliche-deko-jetzt-ist-sie-passend\/#breadcrumb\",\"itemListElement\":[{\"@type\":\"ListItem\",\"position\":1,\"name\":\"Tafeldeko\",\"item\":\"https:\/\/www.tafeldeko.de\/news\/\"},{\"@type\":\"ListItem\",\"position\":2,\"name\":\"Alte Beitr\u00e4ge\",\"item\":\"https:\/\/www.tafeldeko.de\/news\/alte-beitraege\/\"},{\"@type\":\"ListItem\",\"position\":3,\"name\":\"Tischdeko - Blog\",\"item\":\"https:\/\/www.tafeldeko.de\/news\/alte-beitraege\/tischdeko-blog\/\"},{\"@type\":\"ListItem\",\"position\":4,\"name\":\"Winterliche Deko &#8211; jetzt ist sie passend\"}]},{\"@type\":\"WebSite\",\"@id\":\"https:\/\/www.tafeldeko.de\/news\/#website\",\"url\":\"https:\/\/www.tafeldeko.de\/news\/\",\"name\":\"Tafeldeko\",\"description\":\"Blog mit Tischdeko und Tischdekoration Ideen\",\"potentialAction\":[{\"@type\":\"SearchAction\",\"target\":{\"@type\":\"EntryPoint\",\"urlTemplate\":\"https:\/\/www.tafeldeko.de\/news\/?s={search_term_string}\"},\"query-input\":\"required name=search_term_string\"}],\"inLanguage\":\"de-DE\"},{\"@type\":\"Person\",\"@id\":\"https:\/\/www.tafeldeko.de\/news\/#\/schema\/person\/d2acd86447ed0b6336089a8ba83164a0\",\"name\":\"Christiane Stein\",\"image\":{\"@type\":\"ImageObject\",\"inLanguage\":\"de-DE\",\"@id\":\"https:\/\/www.tafeldeko.de\/news\/#\/schema\/person\/image\/\",\"url\":\"https:\/\/secure.gravatar.com\/avatar\/2054729fbfd1ebc9d3cf1fd55361d0b6?s=96&d=mm&r=g\",\"contentUrl\":\"https:\/\/secure.gravatar.com\/avatar\/2054729fbfd1ebc9d3cf1fd55361d0b6?s=96&d=mm&r=g\",\"caption\":\"Christiane Stein\"}}]}<\/script>\n<!-- \/ Yoast SEO plugin. -->","yoast_head_json":{"title":"Winterliche Deko - jetzt ist sie passend - Tafeldeko","description":"Der Winter und die winterliche Zeit \u2013 manche unter uns hatten bereits die Hoffnung, dass es diese Saison mit dem Winter nichts wird. Doch es hat begonnen","robots":{"index":"index","follow":"follow","max-snippet":"max-snippet:-1","max-image-preview":"max-image-preview:large","max-video-preview":"max-video-preview:-1"},"canonical":"https:\/\/www.tafeldeko.de\/news\/winterliche-deko-jetzt-ist-sie-passend\/","og_locale":"de_DE","og_type":"article","og_title":"Winterliche Deko - jetzt ist sie passend - Tafeldeko","og_description":"Der Winter und die winterliche Zeit \u2013 manche unter uns hatten bereits die Hoffnung, dass es diese Saison mit dem Winter nichts wird. Doch es hat begonnen","og_url":"https:\/\/www.tafeldeko.de\/news\/winterliche-deko-jetzt-ist-sie-passend\/","og_site_name":"Tafeldeko","article_publisher":"https:\/\/www.facebook.com\/pages\/Tafeldeko-einzigartige-Tischdekoration\/174202655894","article_published_time":"2012-01-30T18:21:02+00:00","author":"Christiane Stein","twitter_misc":{"Verfasst von":"Christiane Stein","Gesch\u00e4tzte Lesezeit":"2 Minuten"},"schema":{"@context":"https:\/\/schema.org","@graph":[{"@type":"WebPage","@id":"https:\/\/www.tafeldeko.de\/news\/winterliche-deko-jetzt-ist-sie-passend\/","url":"https:\/\/www.tafeldeko.de\/news\/winterliche-deko-jetzt-ist-sie-passend\/","name":"Winterliche Deko - jetzt ist sie passend - Tafeldeko","isPartOf":{"@id":"https:\/\/www.tafeldeko.de\/news\/#website"},"datePublished":"2012-01-30T18:21:02+00:00","dateModified":"2012-01-30T18:21:02+00:00","author":{"@id":"https:\/\/www.tafeldeko.de\/news\/#\/schema\/person\/d2acd86447ed0b6336089a8ba83164a0"},"description":"Der Winter und die winterliche Zeit \u2013 manche unter uns hatten bereits die Hoffnung, dass es diese Saison mit dem Winter nichts wird. Doch es hat begonnen","breadcrumb":{"@id":"https:\/\/www.tafeldeko.de\/news\/winterliche-deko-jetzt-ist-sie-passend\/#breadcrumb"},"inLanguage":"de-DE","potentialAction":[{"@type":"ReadAction","target":["https:\/\/www.tafeldeko.de\/news\/winterliche-deko-jetzt-ist-sie-passend\/"]}]},{"@type":"BreadcrumbList","@id":"https:\/\/www.tafeldeko.de\/news\/winterliche-deko-jetzt-ist-sie-passend\/#breadcrumb","itemListElement":[{"@type":"ListItem","position":1,"name":"Tafeldeko","item":"https:\/\/www.tafeldeko.de\/news\/"},{"@type":"ListItem","position":2,"name":"Alte Beitr\u00e4ge","item":"https:\/\/www.tafeldeko.de\/news\/alte-beitraege\/"},{"@type":"ListItem","position":3,"name":"Tischdeko - Blog","item":"https:\/\/www.tafeldeko.de\/news\/alte-beitraege\/tischdeko-blog\/"},{"@type":"ListItem","position":4,"name":"Winterliche Deko &#8211; jetzt ist sie passend"}]},{"@type":"WebSite","@id":"https:\/\/www.tafeldeko.de\/news\/#website","url":"https:\/\/www.tafeldeko.de\/news\/","name":"Tafeldeko","description":"Blog mit Tischdeko und Tischdekoration Ideen","potentialAction":[{"@type":"SearchAction","target":{"@type":"EntryPoint","urlTemplate":"https:\/\/www.tafeldeko.de\/news\/?s={search_term_string}"},"query-input":"required name=search_term_string"}],"inLanguage":"de-DE"},{"@type":"Person","@id":"https:\/\/www.tafeldeko.de\/news\/#\/schema\/person\/d2acd86447ed0b6336089a8ba83164a0","name":"Christiane Stein","image":{"@type":"ImageObject","inLanguage":"de-DE","@id":"https:\/\/www.tafeldeko.de\/news\/#\/schema\/person\/image\/","url":"https:\/\/secure.gravatar.com\/avatar\/2054729fbfd1ebc9d3cf1fd55361d0b6?s=96&d=mm&r=g","contentUrl":"https:\/\/secure.gravatar.com\/avatar\/2054729fbfd1ebc9d3cf1fd55361d0b6?s=96&d=mm&r=g","caption":"Christiane Stein"}}]}},"_links":{"self":[{"href":"https:\/\/www.tafeldeko.de\/news\/wp-json\/wp\/v2\/posts\/3747"}],"collection":[{"href":"https:\/\/www.tafeldeko.de\/news\/wp-json\/wp\/v2\/posts"}],"about":[{"href":"https:\/\/www.tafeldeko.de\/news\/wp-json\/wp\/v2\/types\/post"}],"author":[{"embeddable":true,"href":"https:\/\/www.tafeldeko.de\/news\/wp-json\/wp\/v2\/users\/2"}],"replies":[{"embeddable":true,"href":"https:\/\/www.tafeldeko.de\/news\/wp-json\/wp\/v2\/comments?post=3747"}],"version-history":[{"count":0,"href":"https:\/\/www.tafeldeko.de\/news\/wp-json\/wp\/v2\/posts\/3747\/revisions"}],"wp:attachment":[{"href":"https:\/\/www.tafeldeko.de\/news\/wp-json\/wp\/v2\/media?parent=3747"}],"wp:term":[{"taxonomy":"category","embeddable":true,"href":"https:\/\/www.tafeldeko.de\/news\/wp-json\/wp\/v2\/categories?post=3747"},{"taxonomy":"post_tag","embeddable":true,"href":"https:\/\/www.tafeldeko.de\/news\/wp-json\/wp\/v2\/tags?post=3747"}],"curies":[{"name":"wp","href":"https:\/\/api.w.org\/{rel}","templated":true}]}}