{"id":3746,"date":"2012-01-29T14:59:35","date_gmt":"2012-01-29T12:59:35","guid":{"rendered":"http:\/\/www.tafeldeko.de\/news\/?p=3746"},"modified":"2012-01-29T14:59:35","modified_gmt":"2012-01-29T12:59:35","slug":"deko-im-fruehling-fruehblueher-lassen-gruessen","status":"publish","type":"post","link":"https:\/\/www.tafeldeko.de\/news\/deko-im-fruehling-fruehblueher-lassen-gruessen\/","title":{"rendered":"Deko im Fr\u00fchling \u2013 Fr\u00fchbl\u00fcher lassen gr\u00fc\u00dfen"},"content":{"rendered":"<p><b>In den kalten und tristen Wintertagen<\/b> sehnt man sich ab und an nach Sonne und w\u00e4rmenden Sonnenstrahlen. Nicht mehr in dicker Jacke und warmen Schuhen nach drau\u00dfen gehen zu m\u00fcssen, sondern mit Shirt und Sommerkleidern \u2013 danach sehnen sich in diesem Monaten viele.<br \/>\nDoch die Sonne l\u00e4sst auf sich warten, noch haben wir Winter und der eine oder andere Schneetag wird uns noch beehren.<br \/>\nAus diesem Grund versucht man es sich <b>zu Hause gem\u00fctlich einzurichten<\/b>, sich mit diversen <b>Dekorationen <\/b>den Fr\u00fchling in die vier W\u00e4nde zu holen.<br \/>\n<b>Mit Fr\u00fchbl\u00fchern<\/b> ist dies ohne gro\u00dfen Aufwand m\u00f6glich, denn diese gibt es bereits in den Blumenm\u00e4rkten und im Blumenladen zu kaufen. <b>Wer sich die Fr\u00fchbl\u00fcher nach Hause holt<\/b> und damit sch\u00f6ne Dekorationen zaubert, wird sich wohlf\u00fchlen und die K\u00e4lte drau\u00dfen schnell vergessen. Man freut sich auf die <b>sch\u00f6n dekorierte Wohnung<\/b> und freut sich \u00fcber die Blumen, die den Tisch, den Schrank oder die Fensterbank schm\u00fccken.<br \/>\nDurch die Farbenvielfalt bei den Fr\u00fchbl\u00fchern, wie zum Beispiel <i>Schneegl\u00f6ckchen, Narzissen, Bellis, Tulpen und auch Hyazinthen und Primeln<\/i>, bieten sich viele Deko-M\u00f6glichkeiten. Mit sch\u00f6nen und au\u00dfergew\u00f6hnlichen Gef\u00e4\u00dfen, in die man die Bl\u00fcmchen pflanzt, erh\u00e4lt man sch\u00f6ne fr\u00fchlingshafte Blickf\u00e4nge in der Wohnung.<br \/>\n<i>Schalen, T\u00f6pfe, K\u00f6rbe und auch Blumenvasen<\/i> sind die idealen Grundlagen f\u00fcr die Deko mit Fr\u00fchlingsblumen. Idealerweise kauft man die Fr\u00fchbl\u00fcher mit Knolle, so dass man diese auch in den Fr\u00fchlingsmonaten in den Garten pflanzen kann und somit auch in den Folgejahren im Au\u00dfenbereich Freude daran hat.<br \/>\nMehrere verschiedene Blumen, auch in verschiedenen Farben, k\u00f6nnen in einem Korb oder einer sch\u00f6nen Schale zusammengesetzt werden, etwas <i>Moos <\/i>und vielleicht der eine oder andere Fr\u00fchlingsgru\u00df in Form eines <i>Schmetterlings oder eines kleinen K\u00e4fers <\/i>l\u00e4sst sich inmitten des Blumenmeeres blicken.<br \/>\nDie <b>Deko mit Fr\u00fchlingsblumen<\/b> bringt definitiv den Fr\u00fchling nach Hause und mit dieser <b><a href=\"https:\/\/www.tafeldeko.de\/shop_content.php\/coID\/212_Deko.html\">Deko<\/a> <\/b>wird auch das eine oder andere Fest, bei dem man eine Tischdeko ben\u00f6tigt, wundersch\u00f6n ausgestattet. <\/p>\n","protected":false},"excerpt":{"rendered":"<p>In den kalten und tristen Wintertagen sehnt man sich ab und an nach Sonne und w\u00e4rmenden Sonnenstrahlen. Nicht mehr in dicker Jacke und warmen Schuhen nach drau\u00dfen gehen zu m\u00fcssen, sondern mit Shirt und Sommerkleidern \u2013 danach sehnen sich in diesem Monaten viele. Doch die Sonne l\u00e4sst auf sich warten, noch haben wir Winter und [&hellip;]<\/p>\n","protected":false},"author":2,"featured_media":0,"comment_status":"open","ping_status":"open","sticky":false,"template":"","format":"standard","meta":{"footnotes":""},"categories":[1],"tags":[],"yoast_head":"<!-- This site is optimized with the Yoast SEO plugin v20.4 - https:\/\/yoast.com\/wordpress\/plugins\/seo\/ -->\n<title>Deko im Fr\u00fchling \u2013 Fr\u00fchbl\u00fcher lassen gr\u00fc\u00dfen - Tafeldeko<\/title>\n<meta name=\"description\" content=\"In den kalten und tristen Wintertagen sehnt man sich ab und an nach Sonne und w\u00e4rmenden Sonnenstrahlen. Nicht mehr in dicker Jacke und warmen Schuhen nach\" \/>\n<meta name=\"robots\" content=\"index, follow, max-snippet:-1, max-image-preview:large, max-video-preview:-1\" \/>\n<link rel=\"canonical\" href=\"https:\/\/www.tafeldeko.de\/news\/deko-im-fruehling-fruehblueher-lassen-gruessen\/\" \/>\n<meta property=\"og:locale\" content=\"de_DE\" \/>\n<meta property=\"og:type\" content=\"article\" \/>\n<meta property=\"og:title\" content=\"Deko im Fr\u00fchling \u2013 Fr\u00fchbl\u00fcher lassen gr\u00fc\u00dfen - Tafeldeko\" \/>\n<meta property=\"og:description\" content=\"In den kalten und tristen Wintertagen sehnt man sich ab und an nach Sonne und w\u00e4rmenden Sonnenstrahlen. Nicht mehr in dicker Jacke und warmen Schuhen nach\" \/>\n<meta property=\"og:url\" content=\"https:\/\/www.tafeldeko.de\/news\/deko-im-fruehling-fruehblueher-lassen-gruessen\/\" \/>\n<meta property=\"og:site_name\" content=\"Tafeldeko\" \/>\n<meta property=\"article:publisher\" content=\"https:\/\/www.facebook.com\/pages\/Tafeldeko-einzigartige-Tischdekoration\/174202655894\" \/>\n<meta property=\"article:published_time\" content=\"2012-01-29T12:59:35+00:00\" \/>\n<meta name=\"author\" content=\"Christiane Stein\" \/>\n<meta name=\"twitter:label1\" content=\"Verfasst von\" \/>\n\t<meta name=\"twitter:data1\" content=\"Christiane Stein\" \/>\n\t<meta name=\"twitter:label2\" content=\"Gesch\u00e4tzte Lesezeit\" \/>\n\t<meta name=\"twitter:data2\" content=\"2 Minuten\" \/>\n<script type=\"application\/ld+json\" class=\"yoast-schema-graph\">{\"@context\":\"https:\/\/schema.org\",\"@graph\":[{\"@type\":\"WebPage\",\"@id\":\"https:\/\/www.tafeldeko.de\/news\/deko-im-fruehling-fruehblueher-lassen-gruessen\/\",\"url\":\"https:\/\/www.tafeldeko.de\/news\/deko-im-fruehling-fruehblueher-lassen-gruessen\/\",\"name\":\"Deko im Fr\u00fchling \u2013 Fr\u00fchbl\u00fcher lassen gr\u00fc\u00dfen - Tafeldeko\",\"isPartOf\":{\"@id\":\"https:\/\/www.tafeldeko.de\/news\/#website\"},\"datePublished\":\"2012-01-29T12:59:35+00:00\",\"dateModified\":\"2012-01-29T12:59:35+00:00\",\"author\":{\"@id\":\"https:\/\/www.tafeldeko.de\/news\/#\/schema\/person\/d2acd86447ed0b6336089a8ba83164a0\"},\"description\":\"In den kalten und tristen Wintertagen sehnt man sich ab und an nach Sonne und w\u00e4rmenden Sonnenstrahlen. Nicht mehr in dicker Jacke und warmen Schuhen nach\",\"breadcrumb\":{\"@id\":\"https:\/\/www.tafeldeko.de\/news\/deko-im-fruehling-fruehblueher-lassen-gruessen\/#breadcrumb\"},\"inLanguage\":\"de-DE\",\"potentialAction\":[{\"@type\":\"ReadAction\",\"target\":[\"https:\/\/www.tafeldeko.de\/news\/deko-im-fruehling-fruehblueher-lassen-gruessen\/\"]}]},{\"@type\":\"BreadcrumbList\",\"@id\":\"https:\/\/www.tafeldeko.de\/news\/deko-im-fruehling-fruehblueher-lassen-gruessen\/#breadcrumb\",\"itemListElement\":[{\"@type\":\"ListItem\",\"position\":1,\"name\":\"Tafeldeko\",\"item\":\"https:\/\/www.tafeldeko.de\/news\/\"},{\"@type\":\"ListItem\",\"position\":2,\"name\":\"Alte Beitr\u00e4ge\",\"item\":\"https:\/\/www.tafeldeko.de\/news\/alte-beitraege\/\"},{\"@type\":\"ListItem\",\"position\":3,\"name\":\"Tischdeko - Blog\",\"item\":\"https:\/\/www.tafeldeko.de\/news\/alte-beitraege\/tischdeko-blog\/\"},{\"@type\":\"ListItem\",\"position\":4,\"name\":\"Deko im Fr\u00fchling \u2013 Fr\u00fchbl\u00fcher lassen gr\u00fc\u00dfen\"}]},{\"@type\":\"WebSite\",\"@id\":\"https:\/\/www.tafeldeko.de\/news\/#website\",\"url\":\"https:\/\/www.tafeldeko.de\/news\/\",\"name\":\"Tafeldeko\",\"description\":\"Blog mit Tischdeko und Tischdekoration Ideen\",\"potentialAction\":[{\"@type\":\"SearchAction\",\"target\":{\"@type\":\"EntryPoint\",\"urlTemplate\":\"https:\/\/www.tafeldeko.de\/news\/?s={search_term_string}\"},\"query-input\":\"required name=search_term_string\"}],\"inLanguage\":\"de-DE\"},{\"@type\":\"Person\",\"@id\":\"https:\/\/www.tafeldeko.de\/news\/#\/schema\/person\/d2acd86447ed0b6336089a8ba83164a0\",\"name\":\"Christiane Stein\",\"image\":{\"@type\":\"ImageObject\",\"inLanguage\":\"de-DE\",\"@id\":\"https:\/\/www.tafeldeko.de\/news\/#\/schema\/person\/image\/\",\"url\":\"https:\/\/secure.gravatar.com\/avatar\/2054729fbfd1ebc9d3cf1fd55361d0b6?s=96&d=mm&r=g\",\"contentUrl\":\"https:\/\/secure.gravatar.com\/avatar\/2054729fbfd1ebc9d3cf1fd55361d0b6?s=96&d=mm&r=g\",\"caption\":\"Christiane Stein\"}}]}<\/script>\n<!-- \/ Yoast SEO plugin. -->","yoast_head_json":{"title":"Deko im Fr\u00fchling \u2013 Fr\u00fchbl\u00fcher lassen gr\u00fc\u00dfen - Tafeldeko","description":"In den kalten und tristen Wintertagen sehnt man sich ab und an nach Sonne und w\u00e4rmenden Sonnenstrahlen. Nicht mehr in dicker Jacke und warmen Schuhen nach","robots":{"index":"index","follow":"follow","max-snippet":"max-snippet:-1","max-image-preview":"max-image-preview:large","max-video-preview":"max-video-preview:-1"},"canonical":"https:\/\/www.tafeldeko.de\/news\/deko-im-fruehling-fruehblueher-lassen-gruessen\/","og_locale":"de_DE","og_type":"article","og_title":"Deko im Fr\u00fchling \u2013 Fr\u00fchbl\u00fcher lassen gr\u00fc\u00dfen - Tafeldeko","og_description":"In den kalten und tristen Wintertagen sehnt man sich ab und an nach Sonne und w\u00e4rmenden Sonnenstrahlen. Nicht mehr in dicker Jacke und warmen Schuhen nach","og_url":"https:\/\/www.tafeldeko.de\/news\/deko-im-fruehling-fruehblueher-lassen-gruessen\/","og_site_name":"Tafeldeko","article_publisher":"https:\/\/www.facebook.com\/pages\/Tafeldeko-einzigartige-Tischdekoration\/174202655894","article_published_time":"2012-01-29T12:59:35+00:00","author":"Christiane Stein","twitter_misc":{"Verfasst von":"Christiane Stein","Gesch\u00e4tzte Lesezeit":"2 Minuten"},"schema":{"@context":"https:\/\/schema.org","@graph":[{"@type":"WebPage","@id":"https:\/\/www.tafeldeko.de\/news\/deko-im-fruehling-fruehblueher-lassen-gruessen\/","url":"https:\/\/www.tafeldeko.de\/news\/deko-im-fruehling-fruehblueher-lassen-gruessen\/","name":"Deko im Fr\u00fchling \u2013 Fr\u00fchbl\u00fcher lassen gr\u00fc\u00dfen - Tafeldeko","isPartOf":{"@id":"https:\/\/www.tafeldeko.de\/news\/#website"},"datePublished":"2012-01-29T12:59:35+00:00","dateModified":"2012-01-29T12:59:35+00:00","author":{"@id":"https:\/\/www.tafeldeko.de\/news\/#\/schema\/person\/d2acd86447ed0b6336089a8ba83164a0"},"description":"In den kalten und tristen Wintertagen sehnt man sich ab und an nach Sonne und w\u00e4rmenden Sonnenstrahlen. Nicht mehr in dicker Jacke und warmen Schuhen nach","breadcrumb":{"@id":"https:\/\/www.tafeldeko.de\/news\/deko-im-fruehling-fruehblueher-lassen-gruessen\/#breadcrumb"},"inLanguage":"de-DE","potentialAction":[{"@type":"ReadAction","target":["https:\/\/www.tafeldeko.de\/news\/deko-im-fruehling-fruehblueher-lassen-gruessen\/"]}]},{"@type":"BreadcrumbList","@id":"https:\/\/www.tafeldeko.de\/news\/deko-im-fruehling-fruehblueher-lassen-gruessen\/#breadcrumb","itemListElement":[{"@type":"ListItem","position":1,"name":"Tafeldeko","item":"https:\/\/www.tafeldeko.de\/news\/"},{"@type":"ListItem","position":2,"name":"Alte Beitr\u00e4ge","item":"https:\/\/www.tafeldeko.de\/news\/alte-beitraege\/"},{"@type":"ListItem","position":3,"name":"Tischdeko - Blog","item":"https:\/\/www.tafeldeko.de\/news\/alte-beitraege\/tischdeko-blog\/"},{"@type":"ListItem","position":4,"name":"Deko im Fr\u00fchling \u2013 Fr\u00fchbl\u00fcher lassen gr\u00fc\u00dfen"}]},{"@type":"WebSite","@id":"https:\/\/www.tafeldeko.de\/news\/#website","url":"https:\/\/www.tafeldeko.de\/news\/","name":"Tafeldeko","description":"Blog mit Tischdeko und Tischdekoration Ideen","potentialAction":[{"@type":"SearchAction","target":{"@type":"EntryPoint","urlTemplate":"https:\/\/www.tafeldeko.de\/news\/?s={search_term_string}"},"query-input":"required name=search_term_string"}],"inLanguage":"de-DE"},{"@type":"Person","@id":"https:\/\/www.tafeldeko.de\/news\/#\/schema\/person\/d2acd86447ed0b6336089a8ba83164a0","name":"Christiane Stein","image":{"@type":"ImageObject","inLanguage":"de-DE","@id":"https:\/\/www.tafeldeko.de\/news\/#\/schema\/person\/image\/","url":"https:\/\/secure.gravatar.com\/avatar\/2054729fbfd1ebc9d3cf1fd55361d0b6?s=96&d=mm&r=g","contentUrl":"https:\/\/secure.gravatar.com\/avatar\/2054729fbfd1ebc9d3cf1fd55361d0b6?s=96&d=mm&r=g","caption":"Christiane Stein"}}]}},"_links":{"self":[{"href":"https:\/\/www.tafeldeko.de\/news\/wp-json\/wp\/v2\/posts\/3746"}],"collection":[{"href":"https:\/\/www.tafeldeko.de\/news\/wp-json\/wp\/v2\/posts"}],"about":[{"href":"https:\/\/www.tafeldeko.de\/news\/wp-json\/wp\/v2\/types\/post"}],"author":[{"embeddable":true,"href":"https:\/\/www.tafeldeko.de\/news\/wp-json\/wp\/v2\/users\/2"}],"replies":[{"embeddable":true,"href":"https:\/\/www.tafeldeko.de\/news\/wp-json\/wp\/v2\/comments?post=3746"}],"version-history":[{"count":0,"href":"https:\/\/www.tafeldeko.de\/news\/wp-json\/wp\/v2\/posts\/3746\/revisions"}],"wp:attachment":[{"href":"https:\/\/www.tafeldeko.de\/news\/wp-json\/wp\/v2\/media?parent=3746"}],"wp:term":[{"taxonomy":"category","embeddable":true,"href":"https:\/\/www.tafeldeko.de\/news\/wp-json\/wp\/v2\/categories?post=3746"},{"taxonomy":"post_tag","embeddable":true,"href":"https:\/\/www.tafeldeko.de\/news\/wp-json\/wp\/v2\/tags?post=3746"}],"curies":[{"name":"wp","href":"https:\/\/api.w.org\/{rel}","templated":true}]}}