{"id":3745,"date":"2012-01-28T16:33:50","date_gmt":"2012-01-28T14:33:50","guid":{"rendered":"http:\/\/www.tafeldeko.de\/news\/?p=3745"},"modified":"2012-01-28T16:33:50","modified_gmt":"2012-01-28T14:33:50","slug":"schicke-dekorationen-ein-edler-hauch-liegt-in-der-luft","status":"publish","type":"post","link":"https:\/\/www.tafeldeko.de\/news\/schicke-dekorationen-ein-edler-hauch-liegt-in-der-luft\/","title":{"rendered":"Schicke Dekorationen \u2013 ein edler Hauch liegt in der Luft"},"content":{"rendered":"<p>Die <b>Wohnung ist f\u00fcr viele von uns ein R\u00fcckzugspunkt<\/b> nach einem stressigen Tag auf der Arbeit, man freut sich, nach Hause zu kommen und den Abend in den vier W\u00e4nden zu genie\u00dfen.<br \/>\nUm dieses Wohlf\u00fchlgef\u00fchl zu vermitteln, spielt unter anderen auch die Einrichtung der Wohnung und die <b>Dekoration <\/b>eine wichtige Rolle. Denn wir selbst bestimmen, mit welchen Farben und M\u00f6beln wir uns wohl f\u00fchlen und welche Dekorationen uns gefallen. <b>Wir richten die Wohnung nach unseren Vorstellungen und W\u00fcnschen ein<\/b>, w\u00e4hlen die Farben aus, die uns gefallen und bieten uns somit die Oase des Wohlf\u00fchlens.<br \/>\nGerade bei der Auswahl der Farben gibt es viele M\u00f6glichkeiten, von dezentem Wei\u00df bis hin zu kr\u00e4ftigen und teilweise auch gewagten Farben. W\u00e4nde k\u00f6nnen mit Farben und Mustern in Szene gesetzt werden, tolle Effekte erzielt man, wenn man nur eine Wand mit einer kr\u00e4ftigen Farbe versieht und die anderen W\u00e4nde beispielsweise in einer anderen, dezenteren Farbe streicht. So entstehen die tollsten Effekte, mit <i>Bildern, Wandtattoos, M\u00f6beln und Pflanzen<\/i> kann genau die eine Wand hervorragend zur Geltung gebracht werden.<br \/>\nVor allen Dingen bieten heute au\u00dfergew\u00f6hnlich gestaltete Tapeten eine tolle Gestaltung und Basis der <a href=\"https:\/\/www.tafeldeko.de\/shop_content.php\/coID\/212_Deko.html\">Deko<\/a> an. <i>Tapeten, mit tollen Blumenranken,<\/i> bieten eine sch\u00f6ne Kulisse f\u00fcr farblich passende St\u00fchle und M\u00f6bel. Die Kombination von modernen Tapeten mit alten M\u00f6beln, die vielleicht auch im <i>Vintage-Look <\/i>ausgew\u00e4hlt werden, hat etwas f\u00fcr sich. Die M\u00f6bel werden mit entsprechenden <b>Deko-Accessoires <\/b>best\u00fcckt, mit gl\u00e4nzenden Accessoires erh\u00e4lt man einen gewissen <b>Edel-Look<\/b>.<br \/>\nAllein durch die Auswahl edler M\u00f6belst\u00fccke, die nicht nur in ihrer Farbe au\u00dfergew\u00f6hnlich sind, sondern auch in ihrer Gestaltung, erh\u00e4lt man tolle Effekte, eben mit dem Hauch von edler Ausstattung. So kann beispielsweise mit einem tollen <i>Sessel<\/i> \u2013 ob neu und modern oder alt im Vintage-Look \u2013 eine <b>Ruhezone <\/b>geschaffen werden, in die man sich nach einem stressigen Tag zur\u00fcckziehen kann. <\/p>\n","protected":false},"excerpt":{"rendered":"<p>Die Wohnung ist f\u00fcr viele von uns ein R\u00fcckzugspunkt nach einem stressigen Tag auf der Arbeit, man freut sich, nach Hause zu kommen und den Abend in den vier W\u00e4nden zu genie\u00dfen. Um dieses Wohlf\u00fchlgef\u00fchl zu vermitteln, spielt unter anderen auch die Einrichtung der Wohnung und die Dekoration eine wichtige Rolle. Denn wir selbst bestimmen, [&hellip;]<\/p>\n","protected":false},"author":2,"featured_media":0,"comment_status":"open","ping_status":"open","sticky":false,"template":"","format":"standard","meta":{"footnotes":""},"categories":[1],"tags":[],"yoast_head":"<!-- This site is optimized with the Yoast SEO plugin v20.4 - https:\/\/yoast.com\/wordpress\/plugins\/seo\/ -->\n<title>Schicke Dekorationen \u2013 ein edler Hauch liegt in der Luft - Tafeldeko<\/title>\n<meta name=\"description\" content=\"Die Wohnung ist f\u00fcr viele von uns ein R\u00fcckzugspunkt nach einem stressigen Tag auf der Arbeit, man freut sich, nach Hause zu kommen und den Abend in den\" \/>\n<meta name=\"robots\" content=\"index, follow, max-snippet:-1, max-image-preview:large, max-video-preview:-1\" \/>\n<link rel=\"canonical\" href=\"https:\/\/www.tafeldeko.de\/news\/schicke-dekorationen-ein-edler-hauch-liegt-in-der-luft\/\" \/>\n<meta property=\"og:locale\" content=\"de_DE\" \/>\n<meta property=\"og:type\" content=\"article\" \/>\n<meta property=\"og:title\" content=\"Schicke Dekorationen \u2013 ein edler Hauch liegt in der Luft - Tafeldeko\" \/>\n<meta property=\"og:description\" content=\"Die Wohnung ist f\u00fcr viele von uns ein R\u00fcckzugspunkt nach einem stressigen Tag auf der Arbeit, man freut sich, nach Hause zu kommen und den Abend in den\" \/>\n<meta property=\"og:url\" content=\"https:\/\/www.tafeldeko.de\/news\/schicke-dekorationen-ein-edler-hauch-liegt-in-der-luft\/\" \/>\n<meta property=\"og:site_name\" content=\"Tafeldeko\" \/>\n<meta property=\"article:publisher\" content=\"https:\/\/www.facebook.com\/pages\/Tafeldeko-einzigartige-Tischdekoration\/174202655894\" \/>\n<meta property=\"article:published_time\" content=\"2012-01-28T14:33:50+00:00\" \/>\n<meta name=\"author\" content=\"Christiane Stein\" \/>\n<meta name=\"twitter:label1\" content=\"Verfasst von\" \/>\n\t<meta name=\"twitter:data1\" content=\"Christiane Stein\" \/>\n\t<meta name=\"twitter:label2\" content=\"Gesch\u00e4tzte Lesezeit\" \/>\n\t<meta name=\"twitter:data2\" content=\"2 Minuten\" \/>\n<script type=\"application\/ld+json\" class=\"yoast-schema-graph\">{\"@context\":\"https:\/\/schema.org\",\"@graph\":[{\"@type\":\"WebPage\",\"@id\":\"https:\/\/www.tafeldeko.de\/news\/schicke-dekorationen-ein-edler-hauch-liegt-in-der-luft\/\",\"url\":\"https:\/\/www.tafeldeko.de\/news\/schicke-dekorationen-ein-edler-hauch-liegt-in-der-luft\/\",\"name\":\"Schicke Dekorationen \u2013 ein edler Hauch liegt in der Luft - Tafeldeko\",\"isPartOf\":{\"@id\":\"https:\/\/www.tafeldeko.de\/news\/#website\"},\"datePublished\":\"2012-01-28T14:33:50+00:00\",\"dateModified\":\"2012-01-28T14:33:50+00:00\",\"author\":{\"@id\":\"https:\/\/www.tafeldeko.de\/news\/#\/schema\/person\/d2acd86447ed0b6336089a8ba83164a0\"},\"description\":\"Die Wohnung ist f\u00fcr viele von uns ein R\u00fcckzugspunkt nach einem stressigen Tag auf der Arbeit, man freut sich, nach Hause zu kommen und den Abend in den\",\"breadcrumb\":{\"@id\":\"https:\/\/www.tafeldeko.de\/news\/schicke-dekorationen-ein-edler-hauch-liegt-in-der-luft\/#breadcrumb\"},\"inLanguage\":\"de-DE\",\"potentialAction\":[{\"@type\":\"ReadAction\",\"target\":[\"https:\/\/www.tafeldeko.de\/news\/schicke-dekorationen-ein-edler-hauch-liegt-in-der-luft\/\"]}]},{\"@type\":\"BreadcrumbList\",\"@id\":\"https:\/\/www.tafeldeko.de\/news\/schicke-dekorationen-ein-edler-hauch-liegt-in-der-luft\/#breadcrumb\",\"itemListElement\":[{\"@type\":\"ListItem\",\"position\":1,\"name\":\"Tafeldeko\",\"item\":\"https:\/\/www.tafeldeko.de\/news\/\"},{\"@type\":\"ListItem\",\"position\":2,\"name\":\"Alte Beitr\u00e4ge\",\"item\":\"https:\/\/www.tafeldeko.de\/news\/alte-beitraege\/\"},{\"@type\":\"ListItem\",\"position\":3,\"name\":\"Tischdeko - Blog\",\"item\":\"https:\/\/www.tafeldeko.de\/news\/alte-beitraege\/tischdeko-blog\/\"},{\"@type\":\"ListItem\",\"position\":4,\"name\":\"Schicke Dekorationen \u2013 ein edler Hauch liegt in der Luft\"}]},{\"@type\":\"WebSite\",\"@id\":\"https:\/\/www.tafeldeko.de\/news\/#website\",\"url\":\"https:\/\/www.tafeldeko.de\/news\/\",\"name\":\"Tafeldeko\",\"description\":\"Blog mit Tischdeko und Tischdekoration Ideen\",\"potentialAction\":[{\"@type\":\"SearchAction\",\"target\":{\"@type\":\"EntryPoint\",\"urlTemplate\":\"https:\/\/www.tafeldeko.de\/news\/?s={search_term_string}\"},\"query-input\":\"required name=search_term_string\"}],\"inLanguage\":\"de-DE\"},{\"@type\":\"Person\",\"@id\":\"https:\/\/www.tafeldeko.de\/news\/#\/schema\/person\/d2acd86447ed0b6336089a8ba83164a0\",\"name\":\"Christiane Stein\",\"image\":{\"@type\":\"ImageObject\",\"inLanguage\":\"de-DE\",\"@id\":\"https:\/\/www.tafeldeko.de\/news\/#\/schema\/person\/image\/\",\"url\":\"https:\/\/secure.gravatar.com\/avatar\/2054729fbfd1ebc9d3cf1fd55361d0b6?s=96&d=mm&r=g\",\"contentUrl\":\"https:\/\/secure.gravatar.com\/avatar\/2054729fbfd1ebc9d3cf1fd55361d0b6?s=96&d=mm&r=g\",\"caption\":\"Christiane Stein\"}}]}<\/script>\n<!-- \/ Yoast SEO plugin. -->","yoast_head_json":{"title":"Schicke Dekorationen \u2013 ein edler Hauch liegt in der Luft - Tafeldeko","description":"Die Wohnung ist f\u00fcr viele von uns ein R\u00fcckzugspunkt nach einem stressigen Tag auf der Arbeit, man freut sich, nach Hause zu kommen und den Abend in den","robots":{"index":"index","follow":"follow","max-snippet":"max-snippet:-1","max-image-preview":"max-image-preview:large","max-video-preview":"max-video-preview:-1"},"canonical":"https:\/\/www.tafeldeko.de\/news\/schicke-dekorationen-ein-edler-hauch-liegt-in-der-luft\/","og_locale":"de_DE","og_type":"article","og_title":"Schicke Dekorationen \u2013 ein edler Hauch liegt in der Luft - Tafeldeko","og_description":"Die Wohnung ist f\u00fcr viele von uns ein R\u00fcckzugspunkt nach einem stressigen Tag auf der Arbeit, man freut sich, nach Hause zu kommen und den Abend in den","og_url":"https:\/\/www.tafeldeko.de\/news\/schicke-dekorationen-ein-edler-hauch-liegt-in-der-luft\/","og_site_name":"Tafeldeko","article_publisher":"https:\/\/www.facebook.com\/pages\/Tafeldeko-einzigartige-Tischdekoration\/174202655894","article_published_time":"2012-01-28T14:33:50+00:00","author":"Christiane Stein","twitter_misc":{"Verfasst von":"Christiane Stein","Gesch\u00e4tzte Lesezeit":"2 Minuten"},"schema":{"@context":"https:\/\/schema.org","@graph":[{"@type":"WebPage","@id":"https:\/\/www.tafeldeko.de\/news\/schicke-dekorationen-ein-edler-hauch-liegt-in-der-luft\/","url":"https:\/\/www.tafeldeko.de\/news\/schicke-dekorationen-ein-edler-hauch-liegt-in-der-luft\/","name":"Schicke Dekorationen \u2013 ein edler Hauch liegt in der Luft - Tafeldeko","isPartOf":{"@id":"https:\/\/www.tafeldeko.de\/news\/#website"},"datePublished":"2012-01-28T14:33:50+00:00","dateModified":"2012-01-28T14:33:50+00:00","author":{"@id":"https:\/\/www.tafeldeko.de\/news\/#\/schema\/person\/d2acd86447ed0b6336089a8ba83164a0"},"description":"Die Wohnung ist f\u00fcr viele von uns ein R\u00fcckzugspunkt nach einem stressigen Tag auf der Arbeit, man freut sich, nach Hause zu kommen und den Abend in den","breadcrumb":{"@id":"https:\/\/www.tafeldeko.de\/news\/schicke-dekorationen-ein-edler-hauch-liegt-in-der-luft\/#breadcrumb"},"inLanguage":"de-DE","potentialAction":[{"@type":"ReadAction","target":["https:\/\/www.tafeldeko.de\/news\/schicke-dekorationen-ein-edler-hauch-liegt-in-der-luft\/"]}]},{"@type":"BreadcrumbList","@id":"https:\/\/www.tafeldeko.de\/news\/schicke-dekorationen-ein-edler-hauch-liegt-in-der-luft\/#breadcrumb","itemListElement":[{"@type":"ListItem","position":1,"name":"Tafeldeko","item":"https:\/\/www.tafeldeko.de\/news\/"},{"@type":"ListItem","position":2,"name":"Alte Beitr\u00e4ge","item":"https:\/\/www.tafeldeko.de\/news\/alte-beitraege\/"},{"@type":"ListItem","position":3,"name":"Tischdeko - Blog","item":"https:\/\/www.tafeldeko.de\/news\/alte-beitraege\/tischdeko-blog\/"},{"@type":"ListItem","position":4,"name":"Schicke Dekorationen \u2013 ein edler Hauch liegt in der Luft"}]},{"@type":"WebSite","@id":"https:\/\/www.tafeldeko.de\/news\/#website","url":"https:\/\/www.tafeldeko.de\/news\/","name":"Tafeldeko","description":"Blog mit Tischdeko und Tischdekoration Ideen","potentialAction":[{"@type":"SearchAction","target":{"@type":"EntryPoint","urlTemplate":"https:\/\/www.tafeldeko.de\/news\/?s={search_term_string}"},"query-input":"required name=search_term_string"}],"inLanguage":"de-DE"},{"@type":"Person","@id":"https:\/\/www.tafeldeko.de\/news\/#\/schema\/person\/d2acd86447ed0b6336089a8ba83164a0","name":"Christiane Stein","image":{"@type":"ImageObject","inLanguage":"de-DE","@id":"https:\/\/www.tafeldeko.de\/news\/#\/schema\/person\/image\/","url":"https:\/\/secure.gravatar.com\/avatar\/2054729fbfd1ebc9d3cf1fd55361d0b6?s=96&d=mm&r=g","contentUrl":"https:\/\/secure.gravatar.com\/avatar\/2054729fbfd1ebc9d3cf1fd55361d0b6?s=96&d=mm&r=g","caption":"Christiane Stein"}}]}},"_links":{"self":[{"href":"https:\/\/www.tafeldeko.de\/news\/wp-json\/wp\/v2\/posts\/3745"}],"collection":[{"href":"https:\/\/www.tafeldeko.de\/news\/wp-json\/wp\/v2\/posts"}],"about":[{"href":"https:\/\/www.tafeldeko.de\/news\/wp-json\/wp\/v2\/types\/post"}],"author":[{"embeddable":true,"href":"https:\/\/www.tafeldeko.de\/news\/wp-json\/wp\/v2\/users\/2"}],"replies":[{"embeddable":true,"href":"https:\/\/www.tafeldeko.de\/news\/wp-json\/wp\/v2\/comments?post=3745"}],"version-history":[{"count":0,"href":"https:\/\/www.tafeldeko.de\/news\/wp-json\/wp\/v2\/posts\/3745\/revisions"}],"wp:attachment":[{"href":"https:\/\/www.tafeldeko.de\/news\/wp-json\/wp\/v2\/media?parent=3745"}],"wp:term":[{"taxonomy":"category","embeddable":true,"href":"https:\/\/www.tafeldeko.de\/news\/wp-json\/wp\/v2\/categories?post=3745"},{"taxonomy":"post_tag","embeddable":true,"href":"https:\/\/www.tafeldeko.de\/news\/wp-json\/wp\/v2\/tags?post=3745"}],"curies":[{"name":"wp","href":"https:\/\/api.w.org\/{rel}","templated":true}]}}