{"id":3742,"date":"2012-01-25T17:37:08","date_gmt":"2012-01-25T15:37:08","guid":{"rendered":"http:\/\/www.tafeldeko.de\/news\/?p=3742"},"modified":"2012-01-25T17:37:08","modified_gmt":"2012-01-25T15:37:08","slug":"dekorationen-mit-rattankugeln-und-glasgefaessen","status":"publish","type":"post","link":"https:\/\/www.tafeldeko.de\/news\/dekorationen-mit-rattankugeln-und-glasgefaessen\/","title":{"rendered":"Dekorationen mit Rattankugeln und Glasgef\u00e4\u00dfen"},"content":{"rendered":"<p>In Punkto <b>Dekorationen <\/b>gibt es sehr viele M\u00f6glichkeiten. <b>Dekorationen f\u00fcr Tische, Schr\u00e4nke und Fensterb\u00e4nke, f\u00fcr den Innen- und Au\u00dfenbereich <\/b>und das Ganze in den verschiedensten Varianten.<br \/>\nDekorationen sind beliebt und das bei Jung und Alt. Einen Raum mit Dekorationen auszustatten, ist nicht nur ein Hobby, sondern auch bei manchen Menschen ein Berufszweig. Innenausstatter, Dekorateure und noch weitere Berufe machen es m\u00f6glich, nach Herzenslust R\u00e4ume und auch gesamte H\u00e4user zu dekorieren. Doch f\u00fcr die meisten unter uns ist das <b>Dekorieren <\/b>eine Ehrensache und man dekoriert die R\u00e4ume nach den eigenen Vorstellungen.<br \/>\nMan informiert sich \u00fcber die momentan angesagten Dekotrends und kauft sich dann entsprechend die ben\u00f6tigten und gew\u00fcnschten Accessoires, die man f\u00fcr die eigene <b><a href=\"https:\/\/www.tafeldeko.de\/shop_content.php\/coID\/212_Deko.html\">Deko<\/a> <\/b>m\u00f6chte.<br \/>\nAllein in Sachen Farbe hat man viele M\u00f6glichkeiten, bei den Deko-Accessoires als auch bei den M\u00f6beln innerhalb der R\u00e4ume. Zudem k\u00f6nnen mit den Dekorationsteilen sch\u00f6ne Effekte in<b> Ton-in-Ton-Optik<\/b> erzielt werden oder man stattet die <b>Dekoration in kontrastreichen Farben<\/b> aus. Allein durch diese verschiedenen Gestaltungsm\u00f6glichkeiten und dem Spiel mit den Farben er\u00f6ffnen sich die unterschiedlichsten <b>Dekorationen<\/b>.<br \/>\nEine m\u00f6gliche und sch\u00f6ne Dekoration erzielt man mit <b>Rattankugeln <\/b>\u2013 die es in den verschiedensten Farben und Gr\u00f6\u00dfen gibt \u2013 in Kombination mit Glasgef\u00e4\u00dfen, K\u00f6rben oder Tellern. Als Arrangement mit weiteren Accessoires erzielt man wundersch\u00f6ne <b>Dekorationen<\/b>, die auf Tischen, Fensterb\u00e4nken und M\u00f6beln hervorragend drapiert werden k\u00f6nnen. In der <i>Weihnachtszeit <\/i>k\u00f6nnen diese wundersch\u00f6nen Dekorationen mit <i>Lichterketten <\/i>versch\u00f6nert werden, so dass man im Handumdrehen auch eine<b> saisonal angepasste <a href=\"https:\/\/www.tafeldeko.de\/shop_content.php\/coID\/212_Deko.html\">Deko<\/a><\/b> erzielen kann. Im <i>Fr\u00fchjahr <\/i>k\u00f6nnen beispielsweise kleine Schmetterlinge in Form von Deko-Stickern zwischen die Rattankugeln gesteckt werden, oder zur Osterzeit luken kleine Osterhasen zwischen den Rattankugeln hervor.<br \/>\nMit Rattankugeln, die man in oder auf diversen Gef\u00e4\u00dfen pr\u00e4sentiert, erzielt man im Handumdrehen tolle Dekorationen, die jedem Raum das gewisse Etwas verleihen. <\/p>\n","protected":false},"excerpt":{"rendered":"<p>In Punkto Dekorationen gibt es sehr viele M\u00f6glichkeiten. Dekorationen f\u00fcr Tische, Schr\u00e4nke und Fensterb\u00e4nke, f\u00fcr den Innen- und Au\u00dfenbereich und das Ganze in den verschiedensten Varianten. Dekorationen sind beliebt und das bei Jung und Alt. Einen Raum mit Dekorationen auszustatten, ist nicht nur ein Hobby, sondern auch bei manchen Menschen ein Berufszweig. Innenausstatter, Dekorateure und [&hellip;]<\/p>\n","protected":false},"author":2,"featured_media":0,"comment_status":"open","ping_status":"open","sticky":false,"template":"","format":"standard","meta":{"footnotes":""},"categories":[1],"tags":[],"yoast_head":"<!-- This site is optimized with the Yoast SEO plugin v20.4 - https:\/\/yoast.com\/wordpress\/plugins\/seo\/ -->\n<title>Dekorationen mit Rattankugeln und Glasgef\u00e4\u00dfen - Tafeldeko<\/title>\n<meta name=\"description\" content=\"In Punkto Dekorationen gibt es sehr viele M\u00f6glichkeiten. Dekorationen f\u00fcr Tische, Schr\u00e4nke und Fensterb\u00e4nke, f\u00fcr den Innen- und Au\u00dfenbereich und das Ganze\" \/>\n<meta name=\"robots\" content=\"index, follow, max-snippet:-1, max-image-preview:large, max-video-preview:-1\" \/>\n<link rel=\"canonical\" href=\"https:\/\/www.tafeldeko.de\/news\/dekorationen-mit-rattankugeln-und-glasgefaessen\/\" \/>\n<meta property=\"og:locale\" content=\"de_DE\" \/>\n<meta property=\"og:type\" content=\"article\" \/>\n<meta property=\"og:title\" content=\"Dekorationen mit Rattankugeln und Glasgef\u00e4\u00dfen - Tafeldeko\" \/>\n<meta property=\"og:description\" content=\"In Punkto Dekorationen gibt es sehr viele M\u00f6glichkeiten. Dekorationen f\u00fcr Tische, Schr\u00e4nke und Fensterb\u00e4nke, f\u00fcr den Innen- und Au\u00dfenbereich und das Ganze\" \/>\n<meta property=\"og:url\" content=\"https:\/\/www.tafeldeko.de\/news\/dekorationen-mit-rattankugeln-und-glasgefaessen\/\" \/>\n<meta property=\"og:site_name\" content=\"Tafeldeko\" \/>\n<meta property=\"article:publisher\" content=\"https:\/\/www.facebook.com\/pages\/Tafeldeko-einzigartige-Tischdekoration\/174202655894\" \/>\n<meta property=\"article:published_time\" content=\"2012-01-25T15:37:08+00:00\" \/>\n<meta name=\"author\" content=\"Christiane Stein\" \/>\n<meta name=\"twitter:label1\" content=\"Verfasst von\" \/>\n\t<meta name=\"twitter:data1\" content=\"Christiane Stein\" \/>\n\t<meta name=\"twitter:label2\" content=\"Gesch\u00e4tzte Lesezeit\" \/>\n\t<meta name=\"twitter:data2\" content=\"2 Minuten\" \/>\n<script type=\"application\/ld+json\" class=\"yoast-schema-graph\">{\"@context\":\"https:\/\/schema.org\",\"@graph\":[{\"@type\":\"WebPage\",\"@id\":\"https:\/\/www.tafeldeko.de\/news\/dekorationen-mit-rattankugeln-und-glasgefaessen\/\",\"url\":\"https:\/\/www.tafeldeko.de\/news\/dekorationen-mit-rattankugeln-und-glasgefaessen\/\",\"name\":\"Dekorationen mit Rattankugeln und Glasgef\u00e4\u00dfen - Tafeldeko\",\"isPartOf\":{\"@id\":\"https:\/\/www.tafeldeko.de\/news\/#website\"},\"datePublished\":\"2012-01-25T15:37:08+00:00\",\"dateModified\":\"2012-01-25T15:37:08+00:00\",\"author\":{\"@id\":\"https:\/\/www.tafeldeko.de\/news\/#\/schema\/person\/d2acd86447ed0b6336089a8ba83164a0\"},\"description\":\"In Punkto Dekorationen gibt es sehr viele M\u00f6glichkeiten. Dekorationen f\u00fcr Tische, Schr\u00e4nke und Fensterb\u00e4nke, f\u00fcr den Innen- und Au\u00dfenbereich und das Ganze\",\"breadcrumb\":{\"@id\":\"https:\/\/www.tafeldeko.de\/news\/dekorationen-mit-rattankugeln-und-glasgefaessen\/#breadcrumb\"},\"inLanguage\":\"de-DE\",\"potentialAction\":[{\"@type\":\"ReadAction\",\"target\":[\"https:\/\/www.tafeldeko.de\/news\/dekorationen-mit-rattankugeln-und-glasgefaessen\/\"]}]},{\"@type\":\"BreadcrumbList\",\"@id\":\"https:\/\/www.tafeldeko.de\/news\/dekorationen-mit-rattankugeln-und-glasgefaessen\/#breadcrumb\",\"itemListElement\":[{\"@type\":\"ListItem\",\"position\":1,\"name\":\"Tafeldeko\",\"item\":\"https:\/\/www.tafeldeko.de\/news\/\"},{\"@type\":\"ListItem\",\"position\":2,\"name\":\"Alte Beitr\u00e4ge\",\"item\":\"https:\/\/www.tafeldeko.de\/news\/alte-beitraege\/\"},{\"@type\":\"ListItem\",\"position\":3,\"name\":\"Tischdeko - Blog\",\"item\":\"https:\/\/www.tafeldeko.de\/news\/alte-beitraege\/tischdeko-blog\/\"},{\"@type\":\"ListItem\",\"position\":4,\"name\":\"Dekorationen mit Rattankugeln und Glasgef\u00e4\u00dfen\"}]},{\"@type\":\"WebSite\",\"@id\":\"https:\/\/www.tafeldeko.de\/news\/#website\",\"url\":\"https:\/\/www.tafeldeko.de\/news\/\",\"name\":\"Tafeldeko\",\"description\":\"Blog mit Tischdeko und Tischdekoration Ideen\",\"potentialAction\":[{\"@type\":\"SearchAction\",\"target\":{\"@type\":\"EntryPoint\",\"urlTemplate\":\"https:\/\/www.tafeldeko.de\/news\/?s={search_term_string}\"},\"query-input\":\"required name=search_term_string\"}],\"inLanguage\":\"de-DE\"},{\"@type\":\"Person\",\"@id\":\"https:\/\/www.tafeldeko.de\/news\/#\/schema\/person\/d2acd86447ed0b6336089a8ba83164a0\",\"name\":\"Christiane Stein\",\"image\":{\"@type\":\"ImageObject\",\"inLanguage\":\"de-DE\",\"@id\":\"https:\/\/www.tafeldeko.de\/news\/#\/schema\/person\/image\/\",\"url\":\"https:\/\/secure.gravatar.com\/avatar\/2054729fbfd1ebc9d3cf1fd55361d0b6?s=96&d=mm&r=g\",\"contentUrl\":\"https:\/\/secure.gravatar.com\/avatar\/2054729fbfd1ebc9d3cf1fd55361d0b6?s=96&d=mm&r=g\",\"caption\":\"Christiane Stein\"}}]}<\/script>\n<!-- \/ Yoast SEO plugin. -->","yoast_head_json":{"title":"Dekorationen mit Rattankugeln und Glasgef\u00e4\u00dfen - Tafeldeko","description":"In Punkto Dekorationen gibt es sehr viele M\u00f6glichkeiten. Dekorationen f\u00fcr Tische, Schr\u00e4nke und Fensterb\u00e4nke, f\u00fcr den Innen- und Au\u00dfenbereich und das Ganze","robots":{"index":"index","follow":"follow","max-snippet":"max-snippet:-1","max-image-preview":"max-image-preview:large","max-video-preview":"max-video-preview:-1"},"canonical":"https:\/\/www.tafeldeko.de\/news\/dekorationen-mit-rattankugeln-und-glasgefaessen\/","og_locale":"de_DE","og_type":"article","og_title":"Dekorationen mit Rattankugeln und Glasgef\u00e4\u00dfen - Tafeldeko","og_description":"In Punkto Dekorationen gibt es sehr viele M\u00f6glichkeiten. Dekorationen f\u00fcr Tische, Schr\u00e4nke und Fensterb\u00e4nke, f\u00fcr den Innen- und Au\u00dfenbereich und das Ganze","og_url":"https:\/\/www.tafeldeko.de\/news\/dekorationen-mit-rattankugeln-und-glasgefaessen\/","og_site_name":"Tafeldeko","article_publisher":"https:\/\/www.facebook.com\/pages\/Tafeldeko-einzigartige-Tischdekoration\/174202655894","article_published_time":"2012-01-25T15:37:08+00:00","author":"Christiane Stein","twitter_misc":{"Verfasst von":"Christiane Stein","Gesch\u00e4tzte Lesezeit":"2 Minuten"},"schema":{"@context":"https:\/\/schema.org","@graph":[{"@type":"WebPage","@id":"https:\/\/www.tafeldeko.de\/news\/dekorationen-mit-rattankugeln-und-glasgefaessen\/","url":"https:\/\/www.tafeldeko.de\/news\/dekorationen-mit-rattankugeln-und-glasgefaessen\/","name":"Dekorationen mit Rattankugeln und Glasgef\u00e4\u00dfen - Tafeldeko","isPartOf":{"@id":"https:\/\/www.tafeldeko.de\/news\/#website"},"datePublished":"2012-01-25T15:37:08+00:00","dateModified":"2012-01-25T15:37:08+00:00","author":{"@id":"https:\/\/www.tafeldeko.de\/news\/#\/schema\/person\/d2acd86447ed0b6336089a8ba83164a0"},"description":"In Punkto Dekorationen gibt es sehr viele M\u00f6glichkeiten. Dekorationen f\u00fcr Tische, Schr\u00e4nke und Fensterb\u00e4nke, f\u00fcr den Innen- und Au\u00dfenbereich und das Ganze","breadcrumb":{"@id":"https:\/\/www.tafeldeko.de\/news\/dekorationen-mit-rattankugeln-und-glasgefaessen\/#breadcrumb"},"inLanguage":"de-DE","potentialAction":[{"@type":"ReadAction","target":["https:\/\/www.tafeldeko.de\/news\/dekorationen-mit-rattankugeln-und-glasgefaessen\/"]}]},{"@type":"BreadcrumbList","@id":"https:\/\/www.tafeldeko.de\/news\/dekorationen-mit-rattankugeln-und-glasgefaessen\/#breadcrumb","itemListElement":[{"@type":"ListItem","position":1,"name":"Tafeldeko","item":"https:\/\/www.tafeldeko.de\/news\/"},{"@type":"ListItem","position":2,"name":"Alte Beitr\u00e4ge","item":"https:\/\/www.tafeldeko.de\/news\/alte-beitraege\/"},{"@type":"ListItem","position":3,"name":"Tischdeko - Blog","item":"https:\/\/www.tafeldeko.de\/news\/alte-beitraege\/tischdeko-blog\/"},{"@type":"ListItem","position":4,"name":"Dekorationen mit Rattankugeln und Glasgef\u00e4\u00dfen"}]},{"@type":"WebSite","@id":"https:\/\/www.tafeldeko.de\/news\/#website","url":"https:\/\/www.tafeldeko.de\/news\/","name":"Tafeldeko","description":"Blog mit Tischdeko und Tischdekoration Ideen","potentialAction":[{"@type":"SearchAction","target":{"@type":"EntryPoint","urlTemplate":"https:\/\/www.tafeldeko.de\/news\/?s={search_term_string}"},"query-input":"required name=search_term_string"}],"inLanguage":"de-DE"},{"@type":"Person","@id":"https:\/\/www.tafeldeko.de\/news\/#\/schema\/person\/d2acd86447ed0b6336089a8ba83164a0","name":"Christiane Stein","image":{"@type":"ImageObject","inLanguage":"de-DE","@id":"https:\/\/www.tafeldeko.de\/news\/#\/schema\/person\/image\/","url":"https:\/\/secure.gravatar.com\/avatar\/2054729fbfd1ebc9d3cf1fd55361d0b6?s=96&d=mm&r=g","contentUrl":"https:\/\/secure.gravatar.com\/avatar\/2054729fbfd1ebc9d3cf1fd55361d0b6?s=96&d=mm&r=g","caption":"Christiane Stein"}}]}},"_links":{"self":[{"href":"https:\/\/www.tafeldeko.de\/news\/wp-json\/wp\/v2\/posts\/3742"}],"collection":[{"href":"https:\/\/www.tafeldeko.de\/news\/wp-json\/wp\/v2\/posts"}],"about":[{"href":"https:\/\/www.tafeldeko.de\/news\/wp-json\/wp\/v2\/types\/post"}],"author":[{"embeddable":true,"href":"https:\/\/www.tafeldeko.de\/news\/wp-json\/wp\/v2\/users\/2"}],"replies":[{"embeddable":true,"href":"https:\/\/www.tafeldeko.de\/news\/wp-json\/wp\/v2\/comments?post=3742"}],"version-history":[{"count":0,"href":"https:\/\/www.tafeldeko.de\/news\/wp-json\/wp\/v2\/posts\/3742\/revisions"}],"wp:attachment":[{"href":"https:\/\/www.tafeldeko.de\/news\/wp-json\/wp\/v2\/media?parent=3742"}],"wp:term":[{"taxonomy":"category","embeddable":true,"href":"https:\/\/www.tafeldeko.de\/news\/wp-json\/wp\/v2\/categories?post=3742"},{"taxonomy":"post_tag","embeddable":true,"href":"https:\/\/www.tafeldeko.de\/news\/wp-json\/wp\/v2\/tags?post=3742"}],"curies":[{"name":"wp","href":"https:\/\/api.w.org\/{rel}","templated":true}]}}