{"id":3738,"date":"2012-01-21T15:10:36","date_gmt":"2012-01-21T13:10:36","guid":{"rendered":"http:\/\/www.tafeldeko.de\/news\/?p=3738"},"modified":"2012-01-21T15:10:36","modified_gmt":"2012-01-21T13:10:36","slug":"die-retro-deko-mit-stoffen-und-co","status":"publish","type":"post","link":"https:\/\/www.tafeldeko.de\/news\/die-retro-deko-mit-stoffen-und-co\/","title":{"rendered":"Die Retro-Deko mit Stoffen und Co"},"content":{"rendered":"<p><b>Die Retro-Deko &#8211; oder auch als Vintage-Look oder Vintage-Deko bezeichnet<\/b>, hat es uns sozusagen angetan. Angelehnt an die <b>Dekoration der 60er und 70er Jahre<\/b> begegnen uns heute wieder viele Gegenst\u00e4nde oder Motive aus dieser Zeit \u2013 der Retro-Look ist geboren und damit die Retro-Deko.<br \/>\nNicht nur Menschen, die in den 60er und 70er Jahren ihre Teenagerjahre verbracht haben, lieben diese <b>Art der Deko<\/b>, sondern auch viele junge Leute. Ihnen hat es der Look aus dieser Zeit angetan und sie richten ihre Wohnungen im Stil der 60er und 70er Jahre ein, das hei\u00dft, auch die M\u00f6bel werden im <b>Retro-Look <\/b>ausgew\u00e4hlt \u2013 wenn nicht sogar im Original aus dieser Zeit aufgestellt. Da nicht jeder noch die <i>alten M\u00f6bel aus dieser Zeit<\/i> hat, hat diesen Trend die M\u00f6belindustrie aufgegriffen und produziert im<b> Look der 60er und 70er<\/b>.<br \/>\nEin Motiv aus dieser Zeit kennt wohl jeder \u2013 die so genannte Prilblume. Geboren ist die Prilblume durch einen <i>Sp\u00fclmittelhersteller<\/i>, der mit jeder Flasche Sp\u00fclmittel eine Prilblume als Aufkleber lieferte. Diese <b>Prilblumen <\/b>zierten letztendlich nicht nur die K\u00fcche, sondern die verschiedensten R\u00e4ume, auch die unterschiedlichsten Gegenst\u00e4nde wurden mit diesen bunten Blumen geschm\u00fcckt. Und auch diese Blumen sind heute noch Bestand der <b><a href=\"https:\/\/www.tafeldeko.de\/shop_content.php\/coID\/212_Deko.html\">Deko<\/a> im Retro-Look<\/b> \u2013 die Blumen sind auf Tapeten und auch Stoffen zu finden, die die Wohnung entsprechend schm\u00fccken.<br \/>\n<b>Mit Stoffen hat man viele M\u00f6glichkeiten<\/b>, die Wohnungseinrichtung im Retro-Stil zu dekorieren. Vorh\u00e4nge werden aus Stoffen mit Motiven aus dieser Zeit aufgeh\u00e4ngt, die Kissen f\u00fcr das Sofa sind ebenfalls mit bunten Stoffen und Motiven der 60er und 70er bezogen.<br \/>\nMit der<b> Retro-Deko<\/b> hat man viele M\u00f6glichkeiten, kann auch moderne M\u00f6bel mit dem <b>Retro-Look<\/b> dekorieren. Gerade diese Kombination ergibt ein ganz spezielles und interessantes Bild und ist ein Zeichen der Individualit\u00e4t der Bewohner.<br \/>\n<b>Die Deko-Stoffe im Retro-Look <\/b>gibt es in den Fachgesch\u00e4ften f\u00fcr Stoffe zu kaufen, oder man kann sie auch \u00fcber das Internet beziehen. Als Meterware kann man direkt einen gr\u00f6\u00dferen Posten kaufen und so die gew\u00fcnschten Dekorationen schaffen.<br \/>\n<b>Die Deko im Retro-Stil \u2013 beliebt und interessant.<\/b><\/p>\n","protected":false},"excerpt":{"rendered":"<p>Die Retro-Deko &#8211; oder auch als Vintage-Look oder Vintage-Deko bezeichnet, hat es uns sozusagen angetan. Angelehnt an die Dekoration der 60er und 70er Jahre begegnen uns heute wieder viele Gegenst\u00e4nde oder Motive aus dieser Zeit \u2013 der Retro-Look ist geboren und damit die Retro-Deko. Nicht nur Menschen, die in den 60er und 70er Jahren ihre [&hellip;]<\/p>\n","protected":false},"author":2,"featured_media":0,"comment_status":"open","ping_status":"open","sticky":false,"template":"","format":"standard","meta":{"footnotes":""},"categories":[1],"tags":[],"yoast_head":"<!-- This site is optimized with the Yoast SEO plugin v20.4 - https:\/\/yoast.com\/wordpress\/plugins\/seo\/ -->\n<title>Die Retro-Deko mit Stoffen und Co - Tafeldeko<\/title>\n<meta name=\"description\" content=\"Die Retro-Deko - oder auch als Vintage-Look oder Vintage-Deko bezeichnet, hat es uns sozusagen angetan. Angelehnt an die Dekoration der 60er und 70er\" \/>\n<meta name=\"robots\" content=\"index, follow, max-snippet:-1, max-image-preview:large, max-video-preview:-1\" \/>\n<link rel=\"canonical\" href=\"https:\/\/www.tafeldeko.de\/news\/die-retro-deko-mit-stoffen-und-co\/\" \/>\n<meta property=\"og:locale\" content=\"de_DE\" \/>\n<meta property=\"og:type\" content=\"article\" \/>\n<meta property=\"og:title\" content=\"Die Retro-Deko mit Stoffen und Co - Tafeldeko\" \/>\n<meta property=\"og:description\" content=\"Die Retro-Deko - oder auch als Vintage-Look oder Vintage-Deko bezeichnet, hat es uns sozusagen angetan. Angelehnt an die Dekoration der 60er und 70er\" \/>\n<meta property=\"og:url\" content=\"https:\/\/www.tafeldeko.de\/news\/die-retro-deko-mit-stoffen-und-co\/\" \/>\n<meta property=\"og:site_name\" content=\"Tafeldeko\" \/>\n<meta property=\"article:publisher\" content=\"https:\/\/www.facebook.com\/pages\/Tafeldeko-einzigartige-Tischdekoration\/174202655894\" \/>\n<meta property=\"article:published_time\" content=\"2012-01-21T13:10:36+00:00\" \/>\n<meta name=\"author\" content=\"Christiane Stein\" \/>\n<meta name=\"twitter:label1\" content=\"Verfasst von\" \/>\n\t<meta name=\"twitter:data1\" content=\"Christiane Stein\" \/>\n\t<meta name=\"twitter:label2\" content=\"Gesch\u00e4tzte Lesezeit\" \/>\n\t<meta name=\"twitter:data2\" content=\"2 Minuten\" \/>\n<script type=\"application\/ld+json\" class=\"yoast-schema-graph\">{\"@context\":\"https:\/\/schema.org\",\"@graph\":[{\"@type\":\"WebPage\",\"@id\":\"https:\/\/www.tafeldeko.de\/news\/die-retro-deko-mit-stoffen-und-co\/\",\"url\":\"https:\/\/www.tafeldeko.de\/news\/die-retro-deko-mit-stoffen-und-co\/\",\"name\":\"Die Retro-Deko mit Stoffen und Co - Tafeldeko\",\"isPartOf\":{\"@id\":\"https:\/\/www.tafeldeko.de\/news\/#website\"},\"datePublished\":\"2012-01-21T13:10:36+00:00\",\"dateModified\":\"2012-01-21T13:10:36+00:00\",\"author\":{\"@id\":\"https:\/\/www.tafeldeko.de\/news\/#\/schema\/person\/d2acd86447ed0b6336089a8ba83164a0\"},\"description\":\"Die Retro-Deko - oder auch als Vintage-Look oder Vintage-Deko bezeichnet, hat es uns sozusagen angetan. Angelehnt an die Dekoration der 60er und 70er\",\"breadcrumb\":{\"@id\":\"https:\/\/www.tafeldeko.de\/news\/die-retro-deko-mit-stoffen-und-co\/#breadcrumb\"},\"inLanguage\":\"de-DE\",\"potentialAction\":[{\"@type\":\"ReadAction\",\"target\":[\"https:\/\/www.tafeldeko.de\/news\/die-retro-deko-mit-stoffen-und-co\/\"]}]},{\"@type\":\"BreadcrumbList\",\"@id\":\"https:\/\/www.tafeldeko.de\/news\/die-retro-deko-mit-stoffen-und-co\/#breadcrumb\",\"itemListElement\":[{\"@type\":\"ListItem\",\"position\":1,\"name\":\"Tafeldeko\",\"item\":\"https:\/\/www.tafeldeko.de\/news\/\"},{\"@type\":\"ListItem\",\"position\":2,\"name\":\"Alte Beitr\u00e4ge\",\"item\":\"https:\/\/www.tafeldeko.de\/news\/alte-beitraege\/\"},{\"@type\":\"ListItem\",\"position\":3,\"name\":\"Tischdeko - Blog\",\"item\":\"https:\/\/www.tafeldeko.de\/news\/alte-beitraege\/tischdeko-blog\/\"},{\"@type\":\"ListItem\",\"position\":4,\"name\":\"Die Retro-Deko mit Stoffen und Co\"}]},{\"@type\":\"WebSite\",\"@id\":\"https:\/\/www.tafeldeko.de\/news\/#website\",\"url\":\"https:\/\/www.tafeldeko.de\/news\/\",\"name\":\"Tafeldeko\",\"description\":\"Blog mit Tischdeko und Tischdekoration Ideen\",\"potentialAction\":[{\"@type\":\"SearchAction\",\"target\":{\"@type\":\"EntryPoint\",\"urlTemplate\":\"https:\/\/www.tafeldeko.de\/news\/?s={search_term_string}\"},\"query-input\":\"required name=search_term_string\"}],\"inLanguage\":\"de-DE\"},{\"@type\":\"Person\",\"@id\":\"https:\/\/www.tafeldeko.de\/news\/#\/schema\/person\/d2acd86447ed0b6336089a8ba83164a0\",\"name\":\"Christiane Stein\",\"image\":{\"@type\":\"ImageObject\",\"inLanguage\":\"de-DE\",\"@id\":\"https:\/\/www.tafeldeko.de\/news\/#\/schema\/person\/image\/\",\"url\":\"https:\/\/secure.gravatar.com\/avatar\/2054729fbfd1ebc9d3cf1fd55361d0b6?s=96&d=mm&r=g\",\"contentUrl\":\"https:\/\/secure.gravatar.com\/avatar\/2054729fbfd1ebc9d3cf1fd55361d0b6?s=96&d=mm&r=g\",\"caption\":\"Christiane Stein\"}}]}<\/script>\n<!-- \/ Yoast SEO plugin. -->","yoast_head_json":{"title":"Die Retro-Deko mit Stoffen und Co - Tafeldeko","description":"Die Retro-Deko - oder auch als Vintage-Look oder Vintage-Deko bezeichnet, hat es uns sozusagen angetan. Angelehnt an die Dekoration der 60er und 70er","robots":{"index":"index","follow":"follow","max-snippet":"max-snippet:-1","max-image-preview":"max-image-preview:large","max-video-preview":"max-video-preview:-1"},"canonical":"https:\/\/www.tafeldeko.de\/news\/die-retro-deko-mit-stoffen-und-co\/","og_locale":"de_DE","og_type":"article","og_title":"Die Retro-Deko mit Stoffen und Co - Tafeldeko","og_description":"Die Retro-Deko - oder auch als Vintage-Look oder Vintage-Deko bezeichnet, hat es uns sozusagen angetan. Angelehnt an die Dekoration der 60er und 70er","og_url":"https:\/\/www.tafeldeko.de\/news\/die-retro-deko-mit-stoffen-und-co\/","og_site_name":"Tafeldeko","article_publisher":"https:\/\/www.facebook.com\/pages\/Tafeldeko-einzigartige-Tischdekoration\/174202655894","article_published_time":"2012-01-21T13:10:36+00:00","author":"Christiane Stein","twitter_misc":{"Verfasst von":"Christiane Stein","Gesch\u00e4tzte Lesezeit":"2 Minuten"},"schema":{"@context":"https:\/\/schema.org","@graph":[{"@type":"WebPage","@id":"https:\/\/www.tafeldeko.de\/news\/die-retro-deko-mit-stoffen-und-co\/","url":"https:\/\/www.tafeldeko.de\/news\/die-retro-deko-mit-stoffen-und-co\/","name":"Die Retro-Deko mit Stoffen und Co - Tafeldeko","isPartOf":{"@id":"https:\/\/www.tafeldeko.de\/news\/#website"},"datePublished":"2012-01-21T13:10:36+00:00","dateModified":"2012-01-21T13:10:36+00:00","author":{"@id":"https:\/\/www.tafeldeko.de\/news\/#\/schema\/person\/d2acd86447ed0b6336089a8ba83164a0"},"description":"Die Retro-Deko - oder auch als Vintage-Look oder Vintage-Deko bezeichnet, hat es uns sozusagen angetan. Angelehnt an die Dekoration der 60er und 70er","breadcrumb":{"@id":"https:\/\/www.tafeldeko.de\/news\/die-retro-deko-mit-stoffen-und-co\/#breadcrumb"},"inLanguage":"de-DE","potentialAction":[{"@type":"ReadAction","target":["https:\/\/www.tafeldeko.de\/news\/die-retro-deko-mit-stoffen-und-co\/"]}]},{"@type":"BreadcrumbList","@id":"https:\/\/www.tafeldeko.de\/news\/die-retro-deko-mit-stoffen-und-co\/#breadcrumb","itemListElement":[{"@type":"ListItem","position":1,"name":"Tafeldeko","item":"https:\/\/www.tafeldeko.de\/news\/"},{"@type":"ListItem","position":2,"name":"Alte Beitr\u00e4ge","item":"https:\/\/www.tafeldeko.de\/news\/alte-beitraege\/"},{"@type":"ListItem","position":3,"name":"Tischdeko - Blog","item":"https:\/\/www.tafeldeko.de\/news\/alte-beitraege\/tischdeko-blog\/"},{"@type":"ListItem","position":4,"name":"Die Retro-Deko mit Stoffen und Co"}]},{"@type":"WebSite","@id":"https:\/\/www.tafeldeko.de\/news\/#website","url":"https:\/\/www.tafeldeko.de\/news\/","name":"Tafeldeko","description":"Blog mit Tischdeko und Tischdekoration Ideen","potentialAction":[{"@type":"SearchAction","target":{"@type":"EntryPoint","urlTemplate":"https:\/\/www.tafeldeko.de\/news\/?s={search_term_string}"},"query-input":"required name=search_term_string"}],"inLanguage":"de-DE"},{"@type":"Person","@id":"https:\/\/www.tafeldeko.de\/news\/#\/schema\/person\/d2acd86447ed0b6336089a8ba83164a0","name":"Christiane Stein","image":{"@type":"ImageObject","inLanguage":"de-DE","@id":"https:\/\/www.tafeldeko.de\/news\/#\/schema\/person\/image\/","url":"https:\/\/secure.gravatar.com\/avatar\/2054729fbfd1ebc9d3cf1fd55361d0b6?s=96&d=mm&r=g","contentUrl":"https:\/\/secure.gravatar.com\/avatar\/2054729fbfd1ebc9d3cf1fd55361d0b6?s=96&d=mm&r=g","caption":"Christiane Stein"}}]}},"_links":{"self":[{"href":"https:\/\/www.tafeldeko.de\/news\/wp-json\/wp\/v2\/posts\/3738"}],"collection":[{"href":"https:\/\/www.tafeldeko.de\/news\/wp-json\/wp\/v2\/posts"}],"about":[{"href":"https:\/\/www.tafeldeko.de\/news\/wp-json\/wp\/v2\/types\/post"}],"author":[{"embeddable":true,"href":"https:\/\/www.tafeldeko.de\/news\/wp-json\/wp\/v2\/users\/2"}],"replies":[{"embeddable":true,"href":"https:\/\/www.tafeldeko.de\/news\/wp-json\/wp\/v2\/comments?post=3738"}],"version-history":[{"count":0,"href":"https:\/\/www.tafeldeko.de\/news\/wp-json\/wp\/v2\/posts\/3738\/revisions"}],"wp:attachment":[{"href":"https:\/\/www.tafeldeko.de\/news\/wp-json\/wp\/v2\/media?parent=3738"}],"wp:term":[{"taxonomy":"category","embeddable":true,"href":"https:\/\/www.tafeldeko.de\/news\/wp-json\/wp\/v2\/categories?post=3738"},{"taxonomy":"post_tag","embeddable":true,"href":"https:\/\/www.tafeldeko.de\/news\/wp-json\/wp\/v2\/tags?post=3738"}],"curies":[{"name":"wp","href":"https:\/\/api.w.org\/{rel}","templated":true}]}}