{"id":3736,"date":"2012-01-18T20:48:18","date_gmt":"2012-01-18T18:48:18","guid":{"rendered":"http:\/\/www.tafeldeko.de\/news\/?p=3736"},"modified":"2012-01-18T20:48:18","modified_gmt":"2012-01-18T18:48:18","slug":"deko-im-februar-mit-ersten-fruehlingsboten","status":"publish","type":"post","link":"https:\/\/www.tafeldeko.de\/news\/deko-im-februar-mit-ersten-fruehlingsboten\/","title":{"rendered":"Deko im Februar mit ersten Fr\u00fchlingsboten"},"content":{"rendered":"<p>Im Februar freuen sich die Karnevalsjecken auf die Faschingstage, andere freuen sich, dass bald der Winter vor\u00fcber ist und die w\u00e4rmende Sonne wieder zum Vorschein kommt und auch bald die ersten <b>Fr\u00fchlingsboten im Garten<\/b> zu sehen sind.<br \/>\nDie <b><a href=\"https:\/\/www.tafeldeko.de\/shop_content.php\/coID\/212_Deko.html\">Dekorationen<\/a> in der Wohnung<\/b> sind gerade im Februar oftmals sehr unterschiedlich gehalten. Manche haben noch die<b> winterlichen Dekorationen<\/b> in den Fenstern, auf den M\u00f6beln und auf den Tischen aufgestellt und finden diese Art der Deko auch der Jahreszeit entsprechend noch sch\u00f6n. Andere m\u00f6chten lieber die <b>ersten Fr\u00fchlingsgr\u00fc\u00dfe und Fr\u00fchlingsboten<\/b> in die Wohnung holen und dekorieren fr\u00fchlingshafter.<br \/>\nMit den <b>Fr\u00fchlingsblumen<\/b>, die es in den Blumenl\u00e4den und Gartencentern zu kaufen gibt, k\u00f6nnen die ersten Fr\u00fchlingsdekorationen gezaubert werden. <i>Narzissen, Schl\u00fcsselbl\u00fcmchen und andere Fr\u00fchlingsblumen <\/i>k\u00f6nnen sch\u00f6n angeordnet in au\u00dfergew\u00f6hnlichen Beh\u00e4ltnissen eingepflanzt, mit einigen Dekofiguren versch\u00f6nert werden und fertig ist einer der m\u00f6glichen <b>Fr\u00fchlingsgr\u00fc\u00dfe<\/b>.<br \/>\nIn den Eingangsbereich, auf dem Esszimmer- oder dem Wohnzimmertisch gestellt, wirkt dieser erste Fr\u00fchlingsbote wundersch\u00f6n und die ersten Fr\u00fchlingsgef\u00fchle werden aufkommen. Und mit den Fr\u00fchlingsgef\u00fchlen f\u00fchlt man sich auch wohl, die kalten Tage machen einem nicht mehr so viel aus, weil man wei\u00df: bald kommt der Fr\u00fchling \u2013 sp\u00e4testens dann, wenn man die Wohnung betritt.<br \/>\n<b>Dekorationen im Februar<\/b> sind aufgrund der verschiedenen Sichtweisen so vielf\u00e4ltig und jeder sollte sich f\u00fcr die Deko entscheiden, die ihm pers\u00f6nlich zusagt.<br \/>\nGerade mit der <i>Pflanzschale mit den Fr\u00fchlingsblumen<\/i> hat man viele M\u00f6glichkeiten. Ist der Fr\u00fchling endlich da, k\u00f6nnen die Blumen in den Vorgarten oder mit dem Pflanzgef\u00e4\u00df in den Eingangsbereich der Haust\u00fcre gestellt werden. Und im n\u00e4chsten Jahr erfreuen die Zwiebelblumen wieder aufs Neue, und das vielleicht im Garten. F\u00fcr die Wohnung werden wieder neue Fr\u00fchlingsboten gekauft, die das Herz und die Laune erfreuen d\u00fcrfen. Auch <i>Hyazinthen <\/i>sind als <b>Dekoration <\/b>wunderbar geeignet, vor allem k\u00f6nnen diese auch in Gl\u00e4ser gepflanzt werden.<br \/>\n<i>Eine einzelne Hyazinthe in eine sch\u00f6ne Glasvase gepflanzt<\/i>, mit <i>Streudekokies <\/i>etwas aufgef\u00fcllt und mit einer sch\u00f6nen, farblich passenden Schleife, verziert, ergibt eine sch\u00f6ne <b>Deko f\u00fcr den Februar<\/b> oder auch ein Geschenk f\u00fcr den Geburtstag der Freundin. <\/p>\n","protected":false},"excerpt":{"rendered":"<p>Im Februar freuen sich die Karnevalsjecken auf die Faschingstage, andere freuen sich, dass bald der Winter vor\u00fcber ist und die w\u00e4rmende Sonne wieder zum Vorschein kommt und auch bald die ersten Fr\u00fchlingsboten im Garten zu sehen sind. Die Dekorationen in der Wohnung sind gerade im Februar oftmals sehr unterschiedlich gehalten. Manche haben noch die winterlichen [&hellip;]<\/p>\n","protected":false},"author":2,"featured_media":0,"comment_status":"open","ping_status":"open","sticky":false,"template":"","format":"standard","meta":{"footnotes":""},"categories":[1],"tags":[],"yoast_head":"<!-- This site is optimized with the Yoast SEO plugin v20.4 - https:\/\/yoast.com\/wordpress\/plugins\/seo\/ -->\n<title>Deko im Februar mit ersten Fr\u00fchlingsboten - Tafeldeko<\/title>\n<meta name=\"description\" content=\"Im Februar freuen sich die Karnevalsjecken auf die Faschingstage, andere freuen sich, dass bald der Winter vor\u00fcber ist und die w\u00e4rmende Sonne wieder zum\" \/>\n<meta name=\"robots\" content=\"index, follow, max-snippet:-1, max-image-preview:large, max-video-preview:-1\" \/>\n<link rel=\"canonical\" href=\"https:\/\/www.tafeldeko.de\/news\/deko-im-februar-mit-ersten-fruehlingsboten\/\" \/>\n<meta property=\"og:locale\" content=\"de_DE\" \/>\n<meta property=\"og:type\" content=\"article\" \/>\n<meta property=\"og:title\" content=\"Deko im Februar mit ersten Fr\u00fchlingsboten - Tafeldeko\" \/>\n<meta property=\"og:description\" content=\"Im Februar freuen sich die Karnevalsjecken auf die Faschingstage, andere freuen sich, dass bald der Winter vor\u00fcber ist und die w\u00e4rmende Sonne wieder zum\" \/>\n<meta property=\"og:url\" content=\"https:\/\/www.tafeldeko.de\/news\/deko-im-februar-mit-ersten-fruehlingsboten\/\" \/>\n<meta property=\"og:site_name\" content=\"Tafeldeko\" \/>\n<meta property=\"article:publisher\" content=\"https:\/\/www.facebook.com\/pages\/Tafeldeko-einzigartige-Tischdekoration\/174202655894\" \/>\n<meta property=\"article:published_time\" content=\"2012-01-18T18:48:18+00:00\" \/>\n<meta name=\"author\" content=\"Christiane Stein\" \/>\n<meta name=\"twitter:label1\" content=\"Verfasst von\" \/>\n\t<meta name=\"twitter:data1\" content=\"Christiane Stein\" \/>\n\t<meta name=\"twitter:label2\" content=\"Gesch\u00e4tzte Lesezeit\" \/>\n\t<meta name=\"twitter:data2\" content=\"2 Minuten\" \/>\n<script type=\"application\/ld+json\" class=\"yoast-schema-graph\">{\"@context\":\"https:\/\/schema.org\",\"@graph\":[{\"@type\":\"WebPage\",\"@id\":\"https:\/\/www.tafeldeko.de\/news\/deko-im-februar-mit-ersten-fruehlingsboten\/\",\"url\":\"https:\/\/www.tafeldeko.de\/news\/deko-im-februar-mit-ersten-fruehlingsboten\/\",\"name\":\"Deko im Februar mit ersten Fr\u00fchlingsboten - Tafeldeko\",\"isPartOf\":{\"@id\":\"https:\/\/www.tafeldeko.de\/news\/#website\"},\"datePublished\":\"2012-01-18T18:48:18+00:00\",\"dateModified\":\"2012-01-18T18:48:18+00:00\",\"author\":{\"@id\":\"https:\/\/www.tafeldeko.de\/news\/#\/schema\/person\/d2acd86447ed0b6336089a8ba83164a0\"},\"description\":\"Im Februar freuen sich die Karnevalsjecken auf die Faschingstage, andere freuen sich, dass bald der Winter vor\u00fcber ist und die w\u00e4rmende Sonne wieder zum\",\"breadcrumb\":{\"@id\":\"https:\/\/www.tafeldeko.de\/news\/deko-im-februar-mit-ersten-fruehlingsboten\/#breadcrumb\"},\"inLanguage\":\"de-DE\",\"potentialAction\":[{\"@type\":\"ReadAction\",\"target\":[\"https:\/\/www.tafeldeko.de\/news\/deko-im-februar-mit-ersten-fruehlingsboten\/\"]}]},{\"@type\":\"BreadcrumbList\",\"@id\":\"https:\/\/www.tafeldeko.de\/news\/deko-im-februar-mit-ersten-fruehlingsboten\/#breadcrumb\",\"itemListElement\":[{\"@type\":\"ListItem\",\"position\":1,\"name\":\"Tafeldeko\",\"item\":\"https:\/\/www.tafeldeko.de\/news\/\"},{\"@type\":\"ListItem\",\"position\":2,\"name\":\"Alte Beitr\u00e4ge\",\"item\":\"https:\/\/www.tafeldeko.de\/news\/alte-beitraege\/\"},{\"@type\":\"ListItem\",\"position\":3,\"name\":\"Tischdeko - Blog\",\"item\":\"https:\/\/www.tafeldeko.de\/news\/alte-beitraege\/tischdeko-blog\/\"},{\"@type\":\"ListItem\",\"position\":4,\"name\":\"Deko im Februar mit ersten Fr\u00fchlingsboten\"}]},{\"@type\":\"WebSite\",\"@id\":\"https:\/\/www.tafeldeko.de\/news\/#website\",\"url\":\"https:\/\/www.tafeldeko.de\/news\/\",\"name\":\"Tafeldeko\",\"description\":\"Blog mit Tischdeko und Tischdekoration Ideen\",\"potentialAction\":[{\"@type\":\"SearchAction\",\"target\":{\"@type\":\"EntryPoint\",\"urlTemplate\":\"https:\/\/www.tafeldeko.de\/news\/?s={search_term_string}\"},\"query-input\":\"required name=search_term_string\"}],\"inLanguage\":\"de-DE\"},{\"@type\":\"Person\",\"@id\":\"https:\/\/www.tafeldeko.de\/news\/#\/schema\/person\/d2acd86447ed0b6336089a8ba83164a0\",\"name\":\"Christiane Stein\",\"image\":{\"@type\":\"ImageObject\",\"inLanguage\":\"de-DE\",\"@id\":\"https:\/\/www.tafeldeko.de\/news\/#\/schema\/person\/image\/\",\"url\":\"https:\/\/secure.gravatar.com\/avatar\/2054729fbfd1ebc9d3cf1fd55361d0b6?s=96&d=mm&r=g\",\"contentUrl\":\"https:\/\/secure.gravatar.com\/avatar\/2054729fbfd1ebc9d3cf1fd55361d0b6?s=96&d=mm&r=g\",\"caption\":\"Christiane Stein\"}}]}<\/script>\n<!-- \/ Yoast SEO plugin. -->","yoast_head_json":{"title":"Deko im Februar mit ersten Fr\u00fchlingsboten - Tafeldeko","description":"Im Februar freuen sich die Karnevalsjecken auf die Faschingstage, andere freuen sich, dass bald der Winter vor\u00fcber ist und die w\u00e4rmende Sonne wieder zum","robots":{"index":"index","follow":"follow","max-snippet":"max-snippet:-1","max-image-preview":"max-image-preview:large","max-video-preview":"max-video-preview:-1"},"canonical":"https:\/\/www.tafeldeko.de\/news\/deko-im-februar-mit-ersten-fruehlingsboten\/","og_locale":"de_DE","og_type":"article","og_title":"Deko im Februar mit ersten Fr\u00fchlingsboten - Tafeldeko","og_description":"Im Februar freuen sich die Karnevalsjecken auf die Faschingstage, andere freuen sich, dass bald der Winter vor\u00fcber ist und die w\u00e4rmende Sonne wieder zum","og_url":"https:\/\/www.tafeldeko.de\/news\/deko-im-februar-mit-ersten-fruehlingsboten\/","og_site_name":"Tafeldeko","article_publisher":"https:\/\/www.facebook.com\/pages\/Tafeldeko-einzigartige-Tischdekoration\/174202655894","article_published_time":"2012-01-18T18:48:18+00:00","author":"Christiane Stein","twitter_misc":{"Verfasst von":"Christiane Stein","Gesch\u00e4tzte Lesezeit":"2 Minuten"},"schema":{"@context":"https:\/\/schema.org","@graph":[{"@type":"WebPage","@id":"https:\/\/www.tafeldeko.de\/news\/deko-im-februar-mit-ersten-fruehlingsboten\/","url":"https:\/\/www.tafeldeko.de\/news\/deko-im-februar-mit-ersten-fruehlingsboten\/","name":"Deko im Februar mit ersten Fr\u00fchlingsboten - Tafeldeko","isPartOf":{"@id":"https:\/\/www.tafeldeko.de\/news\/#website"},"datePublished":"2012-01-18T18:48:18+00:00","dateModified":"2012-01-18T18:48:18+00:00","author":{"@id":"https:\/\/www.tafeldeko.de\/news\/#\/schema\/person\/d2acd86447ed0b6336089a8ba83164a0"},"description":"Im Februar freuen sich die Karnevalsjecken auf die Faschingstage, andere freuen sich, dass bald der Winter vor\u00fcber ist und die w\u00e4rmende Sonne wieder zum","breadcrumb":{"@id":"https:\/\/www.tafeldeko.de\/news\/deko-im-februar-mit-ersten-fruehlingsboten\/#breadcrumb"},"inLanguage":"de-DE","potentialAction":[{"@type":"ReadAction","target":["https:\/\/www.tafeldeko.de\/news\/deko-im-februar-mit-ersten-fruehlingsboten\/"]}]},{"@type":"BreadcrumbList","@id":"https:\/\/www.tafeldeko.de\/news\/deko-im-februar-mit-ersten-fruehlingsboten\/#breadcrumb","itemListElement":[{"@type":"ListItem","position":1,"name":"Tafeldeko","item":"https:\/\/www.tafeldeko.de\/news\/"},{"@type":"ListItem","position":2,"name":"Alte Beitr\u00e4ge","item":"https:\/\/www.tafeldeko.de\/news\/alte-beitraege\/"},{"@type":"ListItem","position":3,"name":"Tischdeko - Blog","item":"https:\/\/www.tafeldeko.de\/news\/alte-beitraege\/tischdeko-blog\/"},{"@type":"ListItem","position":4,"name":"Deko im Februar mit ersten Fr\u00fchlingsboten"}]},{"@type":"WebSite","@id":"https:\/\/www.tafeldeko.de\/news\/#website","url":"https:\/\/www.tafeldeko.de\/news\/","name":"Tafeldeko","description":"Blog mit Tischdeko und Tischdekoration Ideen","potentialAction":[{"@type":"SearchAction","target":{"@type":"EntryPoint","urlTemplate":"https:\/\/www.tafeldeko.de\/news\/?s={search_term_string}"},"query-input":"required name=search_term_string"}],"inLanguage":"de-DE"},{"@type":"Person","@id":"https:\/\/www.tafeldeko.de\/news\/#\/schema\/person\/d2acd86447ed0b6336089a8ba83164a0","name":"Christiane Stein","image":{"@type":"ImageObject","inLanguage":"de-DE","@id":"https:\/\/www.tafeldeko.de\/news\/#\/schema\/person\/image\/","url":"https:\/\/secure.gravatar.com\/avatar\/2054729fbfd1ebc9d3cf1fd55361d0b6?s=96&d=mm&r=g","contentUrl":"https:\/\/secure.gravatar.com\/avatar\/2054729fbfd1ebc9d3cf1fd55361d0b6?s=96&d=mm&r=g","caption":"Christiane Stein"}}]}},"_links":{"self":[{"href":"https:\/\/www.tafeldeko.de\/news\/wp-json\/wp\/v2\/posts\/3736"}],"collection":[{"href":"https:\/\/www.tafeldeko.de\/news\/wp-json\/wp\/v2\/posts"}],"about":[{"href":"https:\/\/www.tafeldeko.de\/news\/wp-json\/wp\/v2\/types\/post"}],"author":[{"embeddable":true,"href":"https:\/\/www.tafeldeko.de\/news\/wp-json\/wp\/v2\/users\/2"}],"replies":[{"embeddable":true,"href":"https:\/\/www.tafeldeko.de\/news\/wp-json\/wp\/v2\/comments?post=3736"}],"version-history":[{"count":0,"href":"https:\/\/www.tafeldeko.de\/news\/wp-json\/wp\/v2\/posts\/3736\/revisions"}],"wp:attachment":[{"href":"https:\/\/www.tafeldeko.de\/news\/wp-json\/wp\/v2\/media?parent=3736"}],"wp:term":[{"taxonomy":"category","embeddable":true,"href":"https:\/\/www.tafeldeko.de\/news\/wp-json\/wp\/v2\/categories?post=3736"},{"taxonomy":"post_tag","embeddable":true,"href":"https:\/\/www.tafeldeko.de\/news\/wp-json\/wp\/v2\/tags?post=3736"}],"curies":[{"name":"wp","href":"https:\/\/api.w.org\/{rel}","templated":true}]}}