{"id":3734,"date":"2012-01-16T20:38:36","date_gmt":"2012-01-16T18:38:36","guid":{"rendered":"http:\/\/www.tafeldeko.de\/news\/?p=3734"},"modified":"2012-01-16T20:38:36","modified_gmt":"2012-01-16T18:38:36","slug":"dekorationen-im-januar-mit-ausgedienten-stuehlen-akzente-setzen","status":"publish","type":"post","link":"https:\/\/www.tafeldeko.de\/news\/dekorationen-im-januar-mit-ausgedienten-stuehlen-akzente-setzen\/","title":{"rendered":"Dekorationen im Januar \u2013 mit ausgedienten St\u00fchlen Akzente setzen"},"content":{"rendered":"<p><b>Die Deko im Januar<\/b> \u2013 f\u00fcr die einen noch eine winterliche Deko, f\u00fcr die anderen eine andersartige Deko.<br \/>\nIm Januar haben wir noch Winter, teilweise zeigen sich noch Schnee und Eis und vor allem die winterlich kalten Temperaturen zeigen uns, dass wir noch Winter haben. Die Weihnachtsdeko ist verschwunden und nun gehen die \u00dcberlegungen in die Richtung, wie man nun in den Monaten Januar und Februar und eventuell auch M\u00e4rz dekorieren k\u00f6nnte.<br \/>\n<b>Dekorationen im Januar<\/b> \u2013 und auch in anderen Monaten \u2013 k\u00f6nnen <b>Kombinationen aus ausgedienten St\u00fchlen oder anderen Beh\u00e4ltnissen <\/b>sein, die den Eingangsbereich oder auch gewisse Ecken in der Wohnung schm\u00fccken. <b>Holz und Naturmaterialien<\/b> passen hervorragend zusammen, ergeben wundersch\u00f6ne Akzente.<br \/>\nAuf einem alten Stuhl k\u00f6nnen diverse Materialien aus der Natur sch\u00f6n angeordnet werden. <i>Gro\u00dfe Glasgef\u00e4\u00dfe<\/i> k\u00f6nnen zudem die \u201eVerpackung\u201c f\u00fcr die Deko-Accessoires bilden und so neben dem Stuhl einen weiteren Akzent innerhalb der Deko setzen. Farblich hat man viele M\u00f6glichkeiten, die <b>Deko <\/b>auszurichten. Vielleicht zeigt sich der Stuhl bereits in einer Farbe, zu der die entsprechenden Dekomaterialien ausgew\u00e4hlt werden.<br \/>\nPr\u00e4sentiert sich der Stuhl in einem Naturton, hat man in der Regel mehr M\u00f6glichkeiten, die Farben der Deko-Accessoires auszuw\u00e4hlen. <i>Lila oder blau sind sch\u00f6ne Farben<\/i>, die f\u00fcr die <b>Deko im Januar <\/b>sehr sch\u00f6n aussehen und passen. Gerade lila bildet einen dezenten Kontrast zu dem Holz und in Kombination mit gr\u00fcn, beispielsweise <i>Moos oder Efeuranken<\/i>, und vielleicht der einen oder anderen Blume, die sozusagen den Fr\u00fchling herbeilockt. Sch\u00f6n sieht es aus, wenn die Gl\u00e4ser in grob geflochtene Weidenkr\u00e4nze gestellt werden, was zudem einen weiteren eindrucksvollen Akzent innerhalb der Deko ergibt.<br \/>\n<i>Auch getrocknete Blumen oder Blattranken oder kleinere \u00c4ste<\/i> sehen innerhalb der Deko f\u00fcr den Januar mit St\u00fchlen oder anderen Holzbeh\u00e4ltnissen sehr sch\u00f6n aus. Auch alte F\u00e4sser oder Kisten sind f\u00fcr die <b><a href=\"https:\/\/www.tafeldeko.de\/shop_content.php\/coID\/212_Deko.html\">Deko<\/a> im Januar mit Naturmaterialien <\/b>hervorragend als Basis geeignet. Allein diese Beh\u00e4ltnisse zeigen ihre Wirkung und kombiniert man sie dazu noch mit sch\u00f6nen Accessoires, erh\u00e4lt man <b>die perfekte Deko<\/b> \u2013 und nicht nur im Januar. <\/p>\n","protected":false},"excerpt":{"rendered":"<p>Die Deko im Januar \u2013 f\u00fcr die einen noch eine winterliche Deko, f\u00fcr die anderen eine andersartige Deko. Im Januar haben wir noch Winter, teilweise zeigen sich noch Schnee und Eis und vor allem die winterlich kalten Temperaturen zeigen uns, dass wir noch Winter haben. Die Weihnachtsdeko ist verschwunden und nun gehen die \u00dcberlegungen in [&hellip;]<\/p>\n","protected":false},"author":2,"featured_media":0,"comment_status":"open","ping_status":"open","sticky":false,"template":"","format":"standard","meta":{"footnotes":""},"categories":[1],"tags":[],"yoast_head":"<!-- This site is optimized with the Yoast SEO plugin v20.4 - https:\/\/yoast.com\/wordpress\/plugins\/seo\/ -->\n<title>Dekorationen im Januar \u2013 mit ausgedienten St\u00fchlen Akzente setzen - Tafeldeko<\/title>\n<meta name=\"description\" content=\"Die Deko im Januar \u2013 f\u00fcr die einen noch eine winterliche Deko, f\u00fcr die anderen eine andersartige Deko. Im Januar haben wir noch Winter, teilweise zeigen\" \/>\n<meta name=\"robots\" content=\"index, follow, max-snippet:-1, max-image-preview:large, max-video-preview:-1\" \/>\n<link rel=\"canonical\" href=\"https:\/\/www.tafeldeko.de\/news\/dekorationen-im-januar-mit-ausgedienten-stuehlen-akzente-setzen\/\" \/>\n<meta property=\"og:locale\" content=\"de_DE\" \/>\n<meta property=\"og:type\" content=\"article\" \/>\n<meta property=\"og:title\" content=\"Dekorationen im Januar \u2013 mit ausgedienten St\u00fchlen Akzente setzen - Tafeldeko\" \/>\n<meta property=\"og:description\" content=\"Die Deko im Januar \u2013 f\u00fcr die einen noch eine winterliche Deko, f\u00fcr die anderen eine andersartige Deko. Im Januar haben wir noch Winter, teilweise zeigen\" \/>\n<meta property=\"og:url\" content=\"https:\/\/www.tafeldeko.de\/news\/dekorationen-im-januar-mit-ausgedienten-stuehlen-akzente-setzen\/\" \/>\n<meta property=\"og:site_name\" content=\"Tafeldeko\" \/>\n<meta property=\"article:publisher\" content=\"https:\/\/www.facebook.com\/pages\/Tafeldeko-einzigartige-Tischdekoration\/174202655894\" \/>\n<meta property=\"article:published_time\" content=\"2012-01-16T18:38:36+00:00\" \/>\n<meta name=\"author\" content=\"Christiane Stein\" \/>\n<meta name=\"twitter:label1\" content=\"Verfasst von\" \/>\n\t<meta name=\"twitter:data1\" content=\"Christiane Stein\" \/>\n\t<meta name=\"twitter:label2\" content=\"Gesch\u00e4tzte Lesezeit\" \/>\n\t<meta name=\"twitter:data2\" content=\"2 Minuten\" \/>\n<script type=\"application\/ld+json\" class=\"yoast-schema-graph\">{\"@context\":\"https:\/\/schema.org\",\"@graph\":[{\"@type\":\"WebPage\",\"@id\":\"https:\/\/www.tafeldeko.de\/news\/dekorationen-im-januar-mit-ausgedienten-stuehlen-akzente-setzen\/\",\"url\":\"https:\/\/www.tafeldeko.de\/news\/dekorationen-im-januar-mit-ausgedienten-stuehlen-akzente-setzen\/\",\"name\":\"Dekorationen im Januar \u2013 mit ausgedienten St\u00fchlen Akzente setzen - Tafeldeko\",\"isPartOf\":{\"@id\":\"https:\/\/www.tafeldeko.de\/news\/#website\"},\"datePublished\":\"2012-01-16T18:38:36+00:00\",\"dateModified\":\"2012-01-16T18:38:36+00:00\",\"author\":{\"@id\":\"https:\/\/www.tafeldeko.de\/news\/#\/schema\/person\/d2acd86447ed0b6336089a8ba83164a0\"},\"description\":\"Die Deko im Januar \u2013 f\u00fcr die einen noch eine winterliche Deko, f\u00fcr die anderen eine andersartige Deko. Im Januar haben wir noch Winter, teilweise zeigen\",\"breadcrumb\":{\"@id\":\"https:\/\/www.tafeldeko.de\/news\/dekorationen-im-januar-mit-ausgedienten-stuehlen-akzente-setzen\/#breadcrumb\"},\"inLanguage\":\"de-DE\",\"potentialAction\":[{\"@type\":\"ReadAction\",\"target\":[\"https:\/\/www.tafeldeko.de\/news\/dekorationen-im-januar-mit-ausgedienten-stuehlen-akzente-setzen\/\"]}]},{\"@type\":\"BreadcrumbList\",\"@id\":\"https:\/\/www.tafeldeko.de\/news\/dekorationen-im-januar-mit-ausgedienten-stuehlen-akzente-setzen\/#breadcrumb\",\"itemListElement\":[{\"@type\":\"ListItem\",\"position\":1,\"name\":\"Tafeldeko\",\"item\":\"https:\/\/www.tafeldeko.de\/news\/\"},{\"@type\":\"ListItem\",\"position\":2,\"name\":\"Alte Beitr\u00e4ge\",\"item\":\"https:\/\/www.tafeldeko.de\/news\/alte-beitraege\/\"},{\"@type\":\"ListItem\",\"position\":3,\"name\":\"Tischdeko - Blog\",\"item\":\"https:\/\/www.tafeldeko.de\/news\/alte-beitraege\/tischdeko-blog\/\"},{\"@type\":\"ListItem\",\"position\":4,\"name\":\"Dekorationen im Januar \u2013 mit ausgedienten St\u00fchlen Akzente setzen\"}]},{\"@type\":\"WebSite\",\"@id\":\"https:\/\/www.tafeldeko.de\/news\/#website\",\"url\":\"https:\/\/www.tafeldeko.de\/news\/\",\"name\":\"Tafeldeko\",\"description\":\"Blog mit Tischdeko und Tischdekoration Ideen\",\"potentialAction\":[{\"@type\":\"SearchAction\",\"target\":{\"@type\":\"EntryPoint\",\"urlTemplate\":\"https:\/\/www.tafeldeko.de\/news\/?s={search_term_string}\"},\"query-input\":\"required name=search_term_string\"}],\"inLanguage\":\"de-DE\"},{\"@type\":\"Person\",\"@id\":\"https:\/\/www.tafeldeko.de\/news\/#\/schema\/person\/d2acd86447ed0b6336089a8ba83164a0\",\"name\":\"Christiane Stein\",\"image\":{\"@type\":\"ImageObject\",\"inLanguage\":\"de-DE\",\"@id\":\"https:\/\/www.tafeldeko.de\/news\/#\/schema\/person\/image\/\",\"url\":\"https:\/\/secure.gravatar.com\/avatar\/2054729fbfd1ebc9d3cf1fd55361d0b6?s=96&d=mm&r=g\",\"contentUrl\":\"https:\/\/secure.gravatar.com\/avatar\/2054729fbfd1ebc9d3cf1fd55361d0b6?s=96&d=mm&r=g\",\"caption\":\"Christiane Stein\"}}]}<\/script>\n<!-- \/ Yoast SEO plugin. -->","yoast_head_json":{"title":"Dekorationen im Januar \u2013 mit ausgedienten St\u00fchlen Akzente setzen - Tafeldeko","description":"Die Deko im Januar \u2013 f\u00fcr die einen noch eine winterliche Deko, f\u00fcr die anderen eine andersartige Deko. Im Januar haben wir noch Winter, teilweise zeigen","robots":{"index":"index","follow":"follow","max-snippet":"max-snippet:-1","max-image-preview":"max-image-preview:large","max-video-preview":"max-video-preview:-1"},"canonical":"https:\/\/www.tafeldeko.de\/news\/dekorationen-im-januar-mit-ausgedienten-stuehlen-akzente-setzen\/","og_locale":"de_DE","og_type":"article","og_title":"Dekorationen im Januar \u2013 mit ausgedienten St\u00fchlen Akzente setzen - Tafeldeko","og_description":"Die Deko im Januar \u2013 f\u00fcr die einen noch eine winterliche Deko, f\u00fcr die anderen eine andersartige Deko. Im Januar haben wir noch Winter, teilweise zeigen","og_url":"https:\/\/www.tafeldeko.de\/news\/dekorationen-im-januar-mit-ausgedienten-stuehlen-akzente-setzen\/","og_site_name":"Tafeldeko","article_publisher":"https:\/\/www.facebook.com\/pages\/Tafeldeko-einzigartige-Tischdekoration\/174202655894","article_published_time":"2012-01-16T18:38:36+00:00","author":"Christiane Stein","twitter_misc":{"Verfasst von":"Christiane Stein","Gesch\u00e4tzte Lesezeit":"2 Minuten"},"schema":{"@context":"https:\/\/schema.org","@graph":[{"@type":"WebPage","@id":"https:\/\/www.tafeldeko.de\/news\/dekorationen-im-januar-mit-ausgedienten-stuehlen-akzente-setzen\/","url":"https:\/\/www.tafeldeko.de\/news\/dekorationen-im-januar-mit-ausgedienten-stuehlen-akzente-setzen\/","name":"Dekorationen im Januar \u2013 mit ausgedienten St\u00fchlen Akzente setzen - Tafeldeko","isPartOf":{"@id":"https:\/\/www.tafeldeko.de\/news\/#website"},"datePublished":"2012-01-16T18:38:36+00:00","dateModified":"2012-01-16T18:38:36+00:00","author":{"@id":"https:\/\/www.tafeldeko.de\/news\/#\/schema\/person\/d2acd86447ed0b6336089a8ba83164a0"},"description":"Die Deko im Januar \u2013 f\u00fcr die einen noch eine winterliche Deko, f\u00fcr die anderen eine andersartige Deko. Im Januar haben wir noch Winter, teilweise zeigen","breadcrumb":{"@id":"https:\/\/www.tafeldeko.de\/news\/dekorationen-im-januar-mit-ausgedienten-stuehlen-akzente-setzen\/#breadcrumb"},"inLanguage":"de-DE","potentialAction":[{"@type":"ReadAction","target":["https:\/\/www.tafeldeko.de\/news\/dekorationen-im-januar-mit-ausgedienten-stuehlen-akzente-setzen\/"]}]},{"@type":"BreadcrumbList","@id":"https:\/\/www.tafeldeko.de\/news\/dekorationen-im-januar-mit-ausgedienten-stuehlen-akzente-setzen\/#breadcrumb","itemListElement":[{"@type":"ListItem","position":1,"name":"Tafeldeko","item":"https:\/\/www.tafeldeko.de\/news\/"},{"@type":"ListItem","position":2,"name":"Alte Beitr\u00e4ge","item":"https:\/\/www.tafeldeko.de\/news\/alte-beitraege\/"},{"@type":"ListItem","position":3,"name":"Tischdeko - Blog","item":"https:\/\/www.tafeldeko.de\/news\/alte-beitraege\/tischdeko-blog\/"},{"@type":"ListItem","position":4,"name":"Dekorationen im Januar \u2013 mit ausgedienten St\u00fchlen Akzente setzen"}]},{"@type":"WebSite","@id":"https:\/\/www.tafeldeko.de\/news\/#website","url":"https:\/\/www.tafeldeko.de\/news\/","name":"Tafeldeko","description":"Blog mit Tischdeko und Tischdekoration Ideen","potentialAction":[{"@type":"SearchAction","target":{"@type":"EntryPoint","urlTemplate":"https:\/\/www.tafeldeko.de\/news\/?s={search_term_string}"},"query-input":"required name=search_term_string"}],"inLanguage":"de-DE"},{"@type":"Person","@id":"https:\/\/www.tafeldeko.de\/news\/#\/schema\/person\/d2acd86447ed0b6336089a8ba83164a0","name":"Christiane Stein","image":{"@type":"ImageObject","inLanguage":"de-DE","@id":"https:\/\/www.tafeldeko.de\/news\/#\/schema\/person\/image\/","url":"https:\/\/secure.gravatar.com\/avatar\/2054729fbfd1ebc9d3cf1fd55361d0b6?s=96&d=mm&r=g","contentUrl":"https:\/\/secure.gravatar.com\/avatar\/2054729fbfd1ebc9d3cf1fd55361d0b6?s=96&d=mm&r=g","caption":"Christiane Stein"}}]}},"_links":{"self":[{"href":"https:\/\/www.tafeldeko.de\/news\/wp-json\/wp\/v2\/posts\/3734"}],"collection":[{"href":"https:\/\/www.tafeldeko.de\/news\/wp-json\/wp\/v2\/posts"}],"about":[{"href":"https:\/\/www.tafeldeko.de\/news\/wp-json\/wp\/v2\/types\/post"}],"author":[{"embeddable":true,"href":"https:\/\/www.tafeldeko.de\/news\/wp-json\/wp\/v2\/users\/2"}],"replies":[{"embeddable":true,"href":"https:\/\/www.tafeldeko.de\/news\/wp-json\/wp\/v2\/comments?post=3734"}],"version-history":[{"count":0,"href":"https:\/\/www.tafeldeko.de\/news\/wp-json\/wp\/v2\/posts\/3734\/revisions"}],"wp:attachment":[{"href":"https:\/\/www.tafeldeko.de\/news\/wp-json\/wp\/v2\/media?parent=3734"}],"wp:term":[{"taxonomy":"category","embeddable":true,"href":"https:\/\/www.tafeldeko.de\/news\/wp-json\/wp\/v2\/categories?post=3734"},{"taxonomy":"post_tag","embeddable":true,"href":"https:\/\/www.tafeldeko.de\/news\/wp-json\/wp\/v2\/tags?post=3734"}],"curies":[{"name":"wp","href":"https:\/\/api.w.org\/{rel}","templated":true}]}}