{"id":3733,"date":"2012-01-14T16:32:28","date_gmt":"2012-01-14T14:32:28","guid":{"rendered":"http:\/\/www.tafeldeko.de\/news\/?p=3733"},"modified":"2012-01-14T16:32:28","modified_gmt":"2012-01-14T14:32:28","slug":"deko-in-der-originellen-strick-optik","status":"publish","type":"post","link":"https:\/\/www.tafeldeko.de\/news\/deko-in-der-originellen-strick-optik\/","title":{"rendered":"Deko in der originellen Strick-Optik"},"content":{"rendered":"<p><b>Die Deko ist vielf\u00e4ltiger<\/b> denn je und so kann man sein Wohnreich von schlicht bis ausgefallen dekorieren. Eben jeder so, wie man es mag. Wer die <b>ausgefallene und originelle Dekoration<\/b> bevorzugt, sollte sich einmal die Strick-Accessoires n\u00e4her anschauen. Bei diesem dekorativen Stil gibt es viele M\u00f6glichkeiten, um Wohnlichkeit in die eigenen vier W\u00e4nde zu zaubern.<br \/>\nEs gibt zum Beispiel<i> gestrickte K\u00f6rbchen oder Taschen<\/i>, die kleine Dinge ganz einfach verschwinden lassen. In solch einem K\u00f6rbchen kann man von der Nagelschere bis hin zu S\u00fc\u00dfigkeiten alles aufbewahren. Au\u00dferdem erf\u00fcllt das K\u00f6rbchen nicht nur den dekorativen Aspekt, sondern sorgt ebenfalls f\u00fcr Ordnung. Des Weiteren gibt es <a href=\"https:\/\/www.tafeldeko.de\/shop_content.php\/coID\/212_Deko.html\">Deko<\/a>, die wie gestrickt aussieht, allerdings besteht die <b>Strick-Optik aus Porzellan<\/b>.<br \/>\nDa kann eine Vase oder ein Blumentopf auf der Fensterbank als <b>Dekoration <\/b>in Betracht kommen. Wer auf der Suche nach Windlichtern ist, kann zum umstrickten Windlicht greifen. Die gibt es zum Beispiel mit s\u00fc\u00dfen Elchen oder mit roten Herzen.<br \/>\nIm Bereich der <i>Strick-Accessoires f\u00fcr die Wohnung<\/i> kann man vielerlei Dinge auftreiben. Alles was das Herz begehrt und was die Ideenvielfalt m\u00f6glich macht. Nicht nur die oben genannten Ideen k\u00f6nnen in die Tat umgesetzt werden, sondern auch ein <i>Strickteppich <\/i>kann die Wohnung aufpeppen. F\u00fcr kuschlige und gem\u00fctliche Abende auf der Couch, kann eine farblich passende <i>Strick-Decke<\/i> in Frage kommen oder man kuschelt sich in ein Strick-Plaid.<br \/>\nSicherlich wird man neue Ideen f\u00fcr sich entdeckt haben und die Umsetzung in der Wohnung kann gro\u00dfe Freude bereiten. Hat man erstmals sein Reich so geschaffen, wie man es mag, lebt es sich gleich besser und vor allem sch\u00f6ner.<\/p>\n","protected":false},"excerpt":{"rendered":"<p>Die Deko ist vielf\u00e4ltiger denn je und so kann man sein Wohnreich von schlicht bis ausgefallen dekorieren. Eben jeder so, wie man es mag. Wer die ausgefallene und originelle Dekoration bevorzugt, sollte sich einmal die Strick-Accessoires n\u00e4her anschauen. Bei diesem dekorativen Stil gibt es viele M\u00f6glichkeiten, um Wohnlichkeit in die eigenen vier W\u00e4nde zu zaubern. [&hellip;]<\/p>\n","protected":false},"author":2,"featured_media":0,"comment_status":"open","ping_status":"open","sticky":false,"template":"","format":"standard","meta":{"footnotes":""},"categories":[1],"tags":[],"yoast_head":"<!-- This site is optimized with the Yoast SEO plugin v20.4 - https:\/\/yoast.com\/wordpress\/plugins\/seo\/ -->\n<title>Deko in der originellen Strick-Optik - Tafeldeko<\/title>\n<meta name=\"description\" content=\"Die Deko ist vielf\u00e4ltiger denn je und so kann man sein Wohnreich von schlicht bis ausgefallen dekorieren. Eben jeder so, wie man es mag. Wer die\" \/>\n<meta name=\"robots\" content=\"index, follow, max-snippet:-1, max-image-preview:large, max-video-preview:-1\" \/>\n<link rel=\"canonical\" href=\"https:\/\/www.tafeldeko.de\/news\/deko-in-der-originellen-strick-optik\/\" \/>\n<meta property=\"og:locale\" content=\"de_DE\" \/>\n<meta property=\"og:type\" content=\"article\" \/>\n<meta property=\"og:title\" content=\"Deko in der originellen Strick-Optik - Tafeldeko\" \/>\n<meta property=\"og:description\" content=\"Die Deko ist vielf\u00e4ltiger denn je und so kann man sein Wohnreich von schlicht bis ausgefallen dekorieren. Eben jeder so, wie man es mag. Wer die\" \/>\n<meta property=\"og:url\" content=\"https:\/\/www.tafeldeko.de\/news\/deko-in-der-originellen-strick-optik\/\" \/>\n<meta property=\"og:site_name\" content=\"Tafeldeko\" \/>\n<meta property=\"article:publisher\" content=\"https:\/\/www.facebook.com\/pages\/Tafeldeko-einzigartige-Tischdekoration\/174202655894\" \/>\n<meta property=\"article:published_time\" content=\"2012-01-14T14:32:28+00:00\" \/>\n<meta name=\"author\" content=\"Christiane Stein\" \/>\n<meta name=\"twitter:label1\" content=\"Verfasst von\" \/>\n\t<meta name=\"twitter:data1\" content=\"Christiane Stein\" \/>\n\t<meta name=\"twitter:label2\" content=\"Gesch\u00e4tzte Lesezeit\" \/>\n\t<meta name=\"twitter:data2\" content=\"1 Minute\" \/>\n<script type=\"application\/ld+json\" class=\"yoast-schema-graph\">{\"@context\":\"https:\/\/schema.org\",\"@graph\":[{\"@type\":\"WebPage\",\"@id\":\"https:\/\/www.tafeldeko.de\/news\/deko-in-der-originellen-strick-optik\/\",\"url\":\"https:\/\/www.tafeldeko.de\/news\/deko-in-der-originellen-strick-optik\/\",\"name\":\"Deko in der originellen Strick-Optik - Tafeldeko\",\"isPartOf\":{\"@id\":\"https:\/\/www.tafeldeko.de\/news\/#website\"},\"datePublished\":\"2012-01-14T14:32:28+00:00\",\"dateModified\":\"2012-01-14T14:32:28+00:00\",\"author\":{\"@id\":\"https:\/\/www.tafeldeko.de\/news\/#\/schema\/person\/d2acd86447ed0b6336089a8ba83164a0\"},\"description\":\"Die Deko ist vielf\u00e4ltiger denn je und so kann man sein Wohnreich von schlicht bis ausgefallen dekorieren. Eben jeder so, wie man es mag. Wer die\",\"breadcrumb\":{\"@id\":\"https:\/\/www.tafeldeko.de\/news\/deko-in-der-originellen-strick-optik\/#breadcrumb\"},\"inLanguage\":\"de-DE\",\"potentialAction\":[{\"@type\":\"ReadAction\",\"target\":[\"https:\/\/www.tafeldeko.de\/news\/deko-in-der-originellen-strick-optik\/\"]}]},{\"@type\":\"BreadcrumbList\",\"@id\":\"https:\/\/www.tafeldeko.de\/news\/deko-in-der-originellen-strick-optik\/#breadcrumb\",\"itemListElement\":[{\"@type\":\"ListItem\",\"position\":1,\"name\":\"Tafeldeko\",\"item\":\"https:\/\/www.tafeldeko.de\/news\/\"},{\"@type\":\"ListItem\",\"position\":2,\"name\":\"Alte Beitr\u00e4ge\",\"item\":\"https:\/\/www.tafeldeko.de\/news\/alte-beitraege\/\"},{\"@type\":\"ListItem\",\"position\":3,\"name\":\"Tischdeko - Blog\",\"item\":\"https:\/\/www.tafeldeko.de\/news\/alte-beitraege\/tischdeko-blog\/\"},{\"@type\":\"ListItem\",\"position\":4,\"name\":\"Deko in der originellen Strick-Optik\"}]},{\"@type\":\"WebSite\",\"@id\":\"https:\/\/www.tafeldeko.de\/news\/#website\",\"url\":\"https:\/\/www.tafeldeko.de\/news\/\",\"name\":\"Tafeldeko\",\"description\":\"Blog mit Tischdeko und Tischdekoration Ideen\",\"potentialAction\":[{\"@type\":\"SearchAction\",\"target\":{\"@type\":\"EntryPoint\",\"urlTemplate\":\"https:\/\/www.tafeldeko.de\/news\/?s={search_term_string}\"},\"query-input\":\"required name=search_term_string\"}],\"inLanguage\":\"de-DE\"},{\"@type\":\"Person\",\"@id\":\"https:\/\/www.tafeldeko.de\/news\/#\/schema\/person\/d2acd86447ed0b6336089a8ba83164a0\",\"name\":\"Christiane Stein\",\"image\":{\"@type\":\"ImageObject\",\"inLanguage\":\"de-DE\",\"@id\":\"https:\/\/www.tafeldeko.de\/news\/#\/schema\/person\/image\/\",\"url\":\"https:\/\/secure.gravatar.com\/avatar\/2054729fbfd1ebc9d3cf1fd55361d0b6?s=96&d=mm&r=g\",\"contentUrl\":\"https:\/\/secure.gravatar.com\/avatar\/2054729fbfd1ebc9d3cf1fd55361d0b6?s=96&d=mm&r=g\",\"caption\":\"Christiane Stein\"}}]}<\/script>\n<!-- \/ Yoast SEO plugin. -->","yoast_head_json":{"title":"Deko in der originellen Strick-Optik - Tafeldeko","description":"Die Deko ist vielf\u00e4ltiger denn je und so kann man sein Wohnreich von schlicht bis ausgefallen dekorieren. Eben jeder so, wie man es mag. Wer die","robots":{"index":"index","follow":"follow","max-snippet":"max-snippet:-1","max-image-preview":"max-image-preview:large","max-video-preview":"max-video-preview:-1"},"canonical":"https:\/\/www.tafeldeko.de\/news\/deko-in-der-originellen-strick-optik\/","og_locale":"de_DE","og_type":"article","og_title":"Deko in der originellen Strick-Optik - Tafeldeko","og_description":"Die Deko ist vielf\u00e4ltiger denn je und so kann man sein Wohnreich von schlicht bis ausgefallen dekorieren. Eben jeder so, wie man es mag. Wer die","og_url":"https:\/\/www.tafeldeko.de\/news\/deko-in-der-originellen-strick-optik\/","og_site_name":"Tafeldeko","article_publisher":"https:\/\/www.facebook.com\/pages\/Tafeldeko-einzigartige-Tischdekoration\/174202655894","article_published_time":"2012-01-14T14:32:28+00:00","author":"Christiane Stein","twitter_misc":{"Verfasst von":"Christiane Stein","Gesch\u00e4tzte Lesezeit":"1 Minute"},"schema":{"@context":"https:\/\/schema.org","@graph":[{"@type":"WebPage","@id":"https:\/\/www.tafeldeko.de\/news\/deko-in-der-originellen-strick-optik\/","url":"https:\/\/www.tafeldeko.de\/news\/deko-in-der-originellen-strick-optik\/","name":"Deko in der originellen Strick-Optik - Tafeldeko","isPartOf":{"@id":"https:\/\/www.tafeldeko.de\/news\/#website"},"datePublished":"2012-01-14T14:32:28+00:00","dateModified":"2012-01-14T14:32:28+00:00","author":{"@id":"https:\/\/www.tafeldeko.de\/news\/#\/schema\/person\/d2acd86447ed0b6336089a8ba83164a0"},"description":"Die Deko ist vielf\u00e4ltiger denn je und so kann man sein Wohnreich von schlicht bis ausgefallen dekorieren. Eben jeder so, wie man es mag. Wer die","breadcrumb":{"@id":"https:\/\/www.tafeldeko.de\/news\/deko-in-der-originellen-strick-optik\/#breadcrumb"},"inLanguage":"de-DE","potentialAction":[{"@type":"ReadAction","target":["https:\/\/www.tafeldeko.de\/news\/deko-in-der-originellen-strick-optik\/"]}]},{"@type":"BreadcrumbList","@id":"https:\/\/www.tafeldeko.de\/news\/deko-in-der-originellen-strick-optik\/#breadcrumb","itemListElement":[{"@type":"ListItem","position":1,"name":"Tafeldeko","item":"https:\/\/www.tafeldeko.de\/news\/"},{"@type":"ListItem","position":2,"name":"Alte Beitr\u00e4ge","item":"https:\/\/www.tafeldeko.de\/news\/alte-beitraege\/"},{"@type":"ListItem","position":3,"name":"Tischdeko - Blog","item":"https:\/\/www.tafeldeko.de\/news\/alte-beitraege\/tischdeko-blog\/"},{"@type":"ListItem","position":4,"name":"Deko in der originellen Strick-Optik"}]},{"@type":"WebSite","@id":"https:\/\/www.tafeldeko.de\/news\/#website","url":"https:\/\/www.tafeldeko.de\/news\/","name":"Tafeldeko","description":"Blog mit Tischdeko und Tischdekoration Ideen","potentialAction":[{"@type":"SearchAction","target":{"@type":"EntryPoint","urlTemplate":"https:\/\/www.tafeldeko.de\/news\/?s={search_term_string}"},"query-input":"required name=search_term_string"}],"inLanguage":"de-DE"},{"@type":"Person","@id":"https:\/\/www.tafeldeko.de\/news\/#\/schema\/person\/d2acd86447ed0b6336089a8ba83164a0","name":"Christiane Stein","image":{"@type":"ImageObject","inLanguage":"de-DE","@id":"https:\/\/www.tafeldeko.de\/news\/#\/schema\/person\/image\/","url":"https:\/\/secure.gravatar.com\/avatar\/2054729fbfd1ebc9d3cf1fd55361d0b6?s=96&d=mm&r=g","contentUrl":"https:\/\/secure.gravatar.com\/avatar\/2054729fbfd1ebc9d3cf1fd55361d0b6?s=96&d=mm&r=g","caption":"Christiane Stein"}}]}},"_links":{"self":[{"href":"https:\/\/www.tafeldeko.de\/news\/wp-json\/wp\/v2\/posts\/3733"}],"collection":[{"href":"https:\/\/www.tafeldeko.de\/news\/wp-json\/wp\/v2\/posts"}],"about":[{"href":"https:\/\/www.tafeldeko.de\/news\/wp-json\/wp\/v2\/types\/post"}],"author":[{"embeddable":true,"href":"https:\/\/www.tafeldeko.de\/news\/wp-json\/wp\/v2\/users\/2"}],"replies":[{"embeddable":true,"href":"https:\/\/www.tafeldeko.de\/news\/wp-json\/wp\/v2\/comments?post=3733"}],"version-history":[{"count":0,"href":"https:\/\/www.tafeldeko.de\/news\/wp-json\/wp\/v2\/posts\/3733\/revisions"}],"wp:attachment":[{"href":"https:\/\/www.tafeldeko.de\/news\/wp-json\/wp\/v2\/media?parent=3733"}],"wp:term":[{"taxonomy":"category","embeddable":true,"href":"https:\/\/www.tafeldeko.de\/news\/wp-json\/wp\/v2\/categories?post=3733"},{"taxonomy":"post_tag","embeddable":true,"href":"https:\/\/www.tafeldeko.de\/news\/wp-json\/wp\/v2\/tags?post=3733"}],"curies":[{"name":"wp","href":"https:\/\/api.w.org\/{rel}","templated":true}]}}