{"id":3731,"date":"2012-01-13T21:22:34","date_gmt":"2012-01-13T19:22:34","guid":{"rendered":"http:\/\/www.tafeldeko.de\/news\/?p=3731"},"modified":"2012-01-13T21:22:34","modified_gmt":"2012-01-13T19:22:34","slug":"die-januar-deko","status":"publish","type":"post","link":"https:\/\/www.tafeldeko.de\/news\/die-januar-deko\/","title":{"rendered":"Die Januar-Deko"},"content":{"rendered":"<p>Das neue Jahr hat begonnen, die Weihnachtsdeko ist wieder verstaut und nun hei\u00dft es wieder: neu <b>dekorieren<\/b>.<br \/>\n<b>Dekorationen <\/b>haben einen recht hohen Stellenwert und man m\u00f6chte die eigenen vier W\u00e4nde stets mit diversen Accessoires versch\u00f6nern.<br \/>\nDoch die Frage ist, <b>wie kann man im Januar dekorieren?<\/b><br \/>\nEine M\u00f6glichkeit der <b>Deko im Januar <\/b>ist die <b>winterliche Deko<\/b>.<br \/>\nSchlie\u00dflich haben wir noch Winter, bis der Fr\u00fchling mit den ersten Fr\u00fchlingsboten kommt, dauert noch etwas.<br \/>\nDas hei\u00dft, die <b><a href=\"https:\/\/www.tafeldeko.de\/shop_content.php\/coID\/212_Deko.html\">Deko<\/a> im Januar <\/b>kann aus <i>Kunstschnee, Schneem\u00e4nnern und winterlichen Deko-Figuren<\/i> bestehen. Sch\u00f6n sieht es aus, wenn man auf der Fensterbank eine winterliche Landschaft zaubert. Der Vorteil der <b>Deko auf der Fensterbank<\/b> ist der, dass man die Deko liegen und stehen lassen kann, eine Deko auf dem Tisch muss eventuell auch mal wegger\u00e4umt werden, weil man den Platz ben\u00f6tigt. Aus diesem Grund ist es oftmals ratsam, <b>Dekorationen <\/b>an Stellen zu drapieren, an denen diese nicht st\u00f6ren.<br \/>\n<b>Wer nicht winterlich dekorieren m\u00f6chte<\/b>, kann auch auf eine neutrale Deko zur\u00fcckgreifen. Diese kann beispielsweise ein Arrangement aus Naturmaterialien in Vasen oder Schalen sein. Auch Teller, die mit einem angenehm duftenden Potpourri bef\u00fcllt werden, sind sch\u00f6ne <b>Dekorationen<\/b>.<br \/>\nKerzen verstr\u00f6men nat\u00fcrlich auch eine angenehme Atmosph\u00e4re, auf die man auch nicht verzichten sollte. Gerade in den Wintermonaten, wenn es fr\u00fch dunkel wird, sorgen Kerzen und ihr Kerzenschein f\u00fcr ein angenehmes Licht und Ambiente.<br \/>\nUnd gerade mit den <b>Kerzenst\u00e4ndern und Kerzenhaltern<\/b> hat man viele M\u00f6glichkeiten, sch\u00f6n zu dekorieren. Kerzen gibt es in vielen verschiedenen Ausf\u00fchrungen, als Leuchterkerzen, Stumpenkerzen oder auch in ganz au\u00dfergew\u00f6hnlichen Formen &#8211; werden diese mit tollen Kerzenst\u00e4ndern kombiniert, erh\u00e4lt man eine tolle Deko, die nicht nur im Januar sch\u00f6n und passend ist.<br \/>\n<b>Die Deko im Januar<\/b> &#8211; zum einen winterlich gestaltet, zum anderen auch bereits neutral gehalten.<br \/>\nUnd wer keine Ideen hat, wie die <b>Deko im Januar<\/b> aussehen kann, sollte sich mit einem Blick ins Internet inspirieren lassen. <\/p>\n","protected":false},"excerpt":{"rendered":"<p>Das neue Jahr hat begonnen, die Weihnachtsdeko ist wieder verstaut und nun hei\u00dft es wieder: neu dekorieren. Dekorationen haben einen recht hohen Stellenwert und man m\u00f6chte die eigenen vier W\u00e4nde stets mit diversen Accessoires versch\u00f6nern. Doch die Frage ist, wie kann man im Januar dekorieren? Eine M\u00f6glichkeit der Deko im Januar ist die winterliche Deko. [&hellip;]<\/p>\n","protected":false},"author":2,"featured_media":0,"comment_status":"open","ping_status":"open","sticky":false,"template":"","format":"standard","meta":{"footnotes":""},"categories":[1],"tags":[],"yoast_head":"<!-- This site is optimized with the Yoast SEO plugin v20.4 - https:\/\/yoast.com\/wordpress\/plugins\/seo\/ -->\n<title>Die Januar-Deko - Tafeldeko<\/title>\n<meta name=\"description\" content=\"Das neue Jahr hat begonnen, die Weihnachtsdeko ist wieder verstaut und nun hei\u00dft es wieder: neu dekorieren. Dekorationen haben einen recht hohen\" \/>\n<meta name=\"robots\" content=\"index, follow, max-snippet:-1, max-image-preview:large, max-video-preview:-1\" \/>\n<link rel=\"canonical\" href=\"https:\/\/www.tafeldeko.de\/news\/die-januar-deko\/\" \/>\n<meta property=\"og:locale\" content=\"de_DE\" \/>\n<meta property=\"og:type\" content=\"article\" \/>\n<meta property=\"og:title\" content=\"Die Januar-Deko - Tafeldeko\" \/>\n<meta property=\"og:description\" content=\"Das neue Jahr hat begonnen, die Weihnachtsdeko ist wieder verstaut und nun hei\u00dft es wieder: neu dekorieren. Dekorationen haben einen recht hohen\" \/>\n<meta property=\"og:url\" content=\"https:\/\/www.tafeldeko.de\/news\/die-januar-deko\/\" \/>\n<meta property=\"og:site_name\" content=\"Tafeldeko\" \/>\n<meta property=\"article:publisher\" content=\"https:\/\/www.facebook.com\/pages\/Tafeldeko-einzigartige-Tischdekoration\/174202655894\" \/>\n<meta property=\"article:published_time\" content=\"2012-01-13T19:22:34+00:00\" \/>\n<meta name=\"author\" content=\"Christiane Stein\" \/>\n<meta name=\"twitter:label1\" content=\"Verfasst von\" \/>\n\t<meta name=\"twitter:data1\" content=\"Christiane Stein\" \/>\n\t<meta name=\"twitter:label2\" content=\"Gesch\u00e4tzte Lesezeit\" \/>\n\t<meta name=\"twitter:data2\" content=\"2 Minuten\" \/>\n<script type=\"application\/ld+json\" class=\"yoast-schema-graph\">{\"@context\":\"https:\/\/schema.org\",\"@graph\":[{\"@type\":\"WebPage\",\"@id\":\"https:\/\/www.tafeldeko.de\/news\/die-januar-deko\/\",\"url\":\"https:\/\/www.tafeldeko.de\/news\/die-januar-deko\/\",\"name\":\"Die Januar-Deko - Tafeldeko\",\"isPartOf\":{\"@id\":\"https:\/\/www.tafeldeko.de\/news\/#website\"},\"datePublished\":\"2012-01-13T19:22:34+00:00\",\"dateModified\":\"2012-01-13T19:22:34+00:00\",\"author\":{\"@id\":\"https:\/\/www.tafeldeko.de\/news\/#\/schema\/person\/d2acd86447ed0b6336089a8ba83164a0\"},\"description\":\"Das neue Jahr hat begonnen, die Weihnachtsdeko ist wieder verstaut und nun hei\u00dft es wieder: neu dekorieren. Dekorationen haben einen recht hohen\",\"breadcrumb\":{\"@id\":\"https:\/\/www.tafeldeko.de\/news\/die-januar-deko\/#breadcrumb\"},\"inLanguage\":\"de-DE\",\"potentialAction\":[{\"@type\":\"ReadAction\",\"target\":[\"https:\/\/www.tafeldeko.de\/news\/die-januar-deko\/\"]}]},{\"@type\":\"BreadcrumbList\",\"@id\":\"https:\/\/www.tafeldeko.de\/news\/die-januar-deko\/#breadcrumb\",\"itemListElement\":[{\"@type\":\"ListItem\",\"position\":1,\"name\":\"Tafeldeko\",\"item\":\"https:\/\/www.tafeldeko.de\/news\/\"},{\"@type\":\"ListItem\",\"position\":2,\"name\":\"Alte Beitr\u00e4ge\",\"item\":\"https:\/\/www.tafeldeko.de\/news\/alte-beitraege\/\"},{\"@type\":\"ListItem\",\"position\":3,\"name\":\"Tischdeko - Blog\",\"item\":\"https:\/\/www.tafeldeko.de\/news\/alte-beitraege\/tischdeko-blog\/\"},{\"@type\":\"ListItem\",\"position\":4,\"name\":\"Die Januar-Deko\"}]},{\"@type\":\"WebSite\",\"@id\":\"https:\/\/www.tafeldeko.de\/news\/#website\",\"url\":\"https:\/\/www.tafeldeko.de\/news\/\",\"name\":\"Tafeldeko\",\"description\":\"Blog mit Tischdeko und Tischdekoration Ideen\",\"potentialAction\":[{\"@type\":\"SearchAction\",\"target\":{\"@type\":\"EntryPoint\",\"urlTemplate\":\"https:\/\/www.tafeldeko.de\/news\/?s={search_term_string}\"},\"query-input\":\"required name=search_term_string\"}],\"inLanguage\":\"de-DE\"},{\"@type\":\"Person\",\"@id\":\"https:\/\/www.tafeldeko.de\/news\/#\/schema\/person\/d2acd86447ed0b6336089a8ba83164a0\",\"name\":\"Christiane Stein\",\"image\":{\"@type\":\"ImageObject\",\"inLanguage\":\"de-DE\",\"@id\":\"https:\/\/www.tafeldeko.de\/news\/#\/schema\/person\/image\/\",\"url\":\"https:\/\/secure.gravatar.com\/avatar\/2054729fbfd1ebc9d3cf1fd55361d0b6?s=96&d=mm&r=g\",\"contentUrl\":\"https:\/\/secure.gravatar.com\/avatar\/2054729fbfd1ebc9d3cf1fd55361d0b6?s=96&d=mm&r=g\",\"caption\":\"Christiane Stein\"}}]}<\/script>\n<!-- \/ Yoast SEO plugin. -->","yoast_head_json":{"title":"Die Januar-Deko - Tafeldeko","description":"Das neue Jahr hat begonnen, die Weihnachtsdeko ist wieder verstaut und nun hei\u00dft es wieder: neu dekorieren. Dekorationen haben einen recht hohen","robots":{"index":"index","follow":"follow","max-snippet":"max-snippet:-1","max-image-preview":"max-image-preview:large","max-video-preview":"max-video-preview:-1"},"canonical":"https:\/\/www.tafeldeko.de\/news\/die-januar-deko\/","og_locale":"de_DE","og_type":"article","og_title":"Die Januar-Deko - Tafeldeko","og_description":"Das neue Jahr hat begonnen, die Weihnachtsdeko ist wieder verstaut und nun hei\u00dft es wieder: neu dekorieren. Dekorationen haben einen recht hohen","og_url":"https:\/\/www.tafeldeko.de\/news\/die-januar-deko\/","og_site_name":"Tafeldeko","article_publisher":"https:\/\/www.facebook.com\/pages\/Tafeldeko-einzigartige-Tischdekoration\/174202655894","article_published_time":"2012-01-13T19:22:34+00:00","author":"Christiane Stein","twitter_misc":{"Verfasst von":"Christiane Stein","Gesch\u00e4tzte Lesezeit":"2 Minuten"},"schema":{"@context":"https:\/\/schema.org","@graph":[{"@type":"WebPage","@id":"https:\/\/www.tafeldeko.de\/news\/die-januar-deko\/","url":"https:\/\/www.tafeldeko.de\/news\/die-januar-deko\/","name":"Die Januar-Deko - Tafeldeko","isPartOf":{"@id":"https:\/\/www.tafeldeko.de\/news\/#website"},"datePublished":"2012-01-13T19:22:34+00:00","dateModified":"2012-01-13T19:22:34+00:00","author":{"@id":"https:\/\/www.tafeldeko.de\/news\/#\/schema\/person\/d2acd86447ed0b6336089a8ba83164a0"},"description":"Das neue Jahr hat begonnen, die Weihnachtsdeko ist wieder verstaut und nun hei\u00dft es wieder: neu dekorieren. Dekorationen haben einen recht hohen","breadcrumb":{"@id":"https:\/\/www.tafeldeko.de\/news\/die-januar-deko\/#breadcrumb"},"inLanguage":"de-DE","potentialAction":[{"@type":"ReadAction","target":["https:\/\/www.tafeldeko.de\/news\/die-januar-deko\/"]}]},{"@type":"BreadcrumbList","@id":"https:\/\/www.tafeldeko.de\/news\/die-januar-deko\/#breadcrumb","itemListElement":[{"@type":"ListItem","position":1,"name":"Tafeldeko","item":"https:\/\/www.tafeldeko.de\/news\/"},{"@type":"ListItem","position":2,"name":"Alte Beitr\u00e4ge","item":"https:\/\/www.tafeldeko.de\/news\/alte-beitraege\/"},{"@type":"ListItem","position":3,"name":"Tischdeko - Blog","item":"https:\/\/www.tafeldeko.de\/news\/alte-beitraege\/tischdeko-blog\/"},{"@type":"ListItem","position":4,"name":"Die Januar-Deko"}]},{"@type":"WebSite","@id":"https:\/\/www.tafeldeko.de\/news\/#website","url":"https:\/\/www.tafeldeko.de\/news\/","name":"Tafeldeko","description":"Blog mit Tischdeko und Tischdekoration Ideen","potentialAction":[{"@type":"SearchAction","target":{"@type":"EntryPoint","urlTemplate":"https:\/\/www.tafeldeko.de\/news\/?s={search_term_string}"},"query-input":"required name=search_term_string"}],"inLanguage":"de-DE"},{"@type":"Person","@id":"https:\/\/www.tafeldeko.de\/news\/#\/schema\/person\/d2acd86447ed0b6336089a8ba83164a0","name":"Christiane Stein","image":{"@type":"ImageObject","inLanguage":"de-DE","@id":"https:\/\/www.tafeldeko.de\/news\/#\/schema\/person\/image\/","url":"https:\/\/secure.gravatar.com\/avatar\/2054729fbfd1ebc9d3cf1fd55361d0b6?s=96&d=mm&r=g","contentUrl":"https:\/\/secure.gravatar.com\/avatar\/2054729fbfd1ebc9d3cf1fd55361d0b6?s=96&d=mm&r=g","caption":"Christiane Stein"}}]}},"_links":{"self":[{"href":"https:\/\/www.tafeldeko.de\/news\/wp-json\/wp\/v2\/posts\/3731"}],"collection":[{"href":"https:\/\/www.tafeldeko.de\/news\/wp-json\/wp\/v2\/posts"}],"about":[{"href":"https:\/\/www.tafeldeko.de\/news\/wp-json\/wp\/v2\/types\/post"}],"author":[{"embeddable":true,"href":"https:\/\/www.tafeldeko.de\/news\/wp-json\/wp\/v2\/users\/2"}],"replies":[{"embeddable":true,"href":"https:\/\/www.tafeldeko.de\/news\/wp-json\/wp\/v2\/comments?post=3731"}],"version-history":[{"count":0,"href":"https:\/\/www.tafeldeko.de\/news\/wp-json\/wp\/v2\/posts\/3731\/revisions"}],"wp:attachment":[{"href":"https:\/\/www.tafeldeko.de\/news\/wp-json\/wp\/v2\/media?parent=3731"}],"wp:term":[{"taxonomy":"category","embeddable":true,"href":"https:\/\/www.tafeldeko.de\/news\/wp-json\/wp\/v2\/categories?post=3731"},{"taxonomy":"post_tag","embeddable":true,"href":"https:\/\/www.tafeldeko.de\/news\/wp-json\/wp\/v2\/tags?post=3731"}],"curies":[{"name":"wp","href":"https:\/\/api.w.org\/{rel}","templated":true}]}}