{"id":3730,"date":"2012-01-12T20:41:00","date_gmt":"2012-01-12T18:41:00","guid":{"rendered":"http:\/\/www.tafeldeko.de\/news\/?p=3730"},"modified":"2012-01-12T20:41:00","modified_gmt":"2012-01-12T18:41:00","slug":"die-deko-mit-blaettergirlanden","status":"publish","type":"post","link":"https:\/\/www.tafeldeko.de\/news\/die-deko-mit-blaettergirlanden\/","title":{"rendered":"Die Deko mit Bl\u00e4ttergirlanden"},"content":{"rendered":"<p><b>Die Wohnung<\/b> &#8211; das eigene Reich, in dem man sich nach der Arbeit und in der Freizeit erholen kann. Eine Wohnung ist f\u00fcr viele der <b>R\u00fcckzugspunkt nach einem stressigen Tag<\/b> und diesen m\u00f6chte man sich so sch\u00f6n als m\u00f6glich gestalten.<br \/>\nNeben den M\u00f6beln, mit denen man die einzelnen R\u00e4ume ausstattet, hat die <b>Deko <\/b>ebenfalls einen hohen Stellenwert eingenommen. Fiel die <b>Deko <\/b>bei unseren Gro\u00dfeltern und Ur-Gro\u00dfeltern wohl eher d\u00fcrftig aus, empfangen uns heute oftmals wahre Deko-Arrangements in den Wohnungen.<br \/>\n<b>Dekorationen mit Naturmaterialien<\/b> und vor allen mit verschiedenen Pflanzen aus der Natur sind stets beliebt. Nicht nur in Punkto <i>Weihnachtsdeko oder Herbstdeko<\/i>, sondern eben w\u00e4hrend des gesamten Jahres.<br \/>\nWas auch verst\u00e4ndlich ist: die <b><a href=\"https:\/\/www.tafeldeko.de\/shop_content.php\/coID\/212_Deko.html\">Deko<\/a> mit Bl\u00e4ttergirlanden<\/b> bietet uns viel Abwechslung und ist vor allen Dingen auch vielf\u00e4ltig einsetzbar.<i> Als Dekoration auf dem Tisch oder Schr\u00e4nken, Fensterb\u00e4nken<\/i> oder auch sch\u00f6ne Zierde f\u00fcr Treppengel\u00e4nder und andere Gel\u00e4nder &#8211; und nicht nur im Innenbereich. Auch diverse Gel\u00e4nder im Garten werden mit Bl\u00e4ttergirlanden in Szene gesetzt.<br \/>\n<b>Warum ist die Deko mit Bl\u00e4ttergirlanden zudem so beliebt?<\/b><br \/>\nDie Deko mit Bl\u00e4ttern pr\u00e4sentiert sich in verschiedenen Farben. Leuchten im Herbst die Bl\u00e4tter in roten und braunen Farben, zeigen sie sich in den <b>Fr\u00fchlingsmonaten <\/b>in einem saftigen Gr\u00fcn. Verwendet man Bl\u00e4tter oder eben \u00c4ste, die man im Garten oder im Wald gesammelt hat, muss man bedenken, dass diese nicht lange halten.<br \/>\n<b>Dekorationen mit echten Bl\u00e4ttergirlanden<\/b> sind von daher nur f\u00fcr einige Tage geeignet, beispielsweise f\u00fcr eine Feier. Danach werden diese Dekos wieder entsorgt. M\u00f6chte man l\u00e4nger an der <b>Deko mit Bl\u00e4ttergirlanden<\/b> Freude haben, sollte man auf <i>k\u00fcnstliche Arrangements<\/i> zur\u00fcckgreifen.<br \/>\nDiese bieten zudem den Vorteil, dass man sie &#8211; wenn man die Deko ver\u00e4ndern m\u00f6chte &#8211; einpacken und zu einem sp\u00e4teren Zeitpunkt wieder verwenden kann. Dies spart zum einen Geld und zum anderen erh\u00e4lt man mit der Zeit eine kleine Sammlung diverser Deko-Accessoires, die man immer wieder einsetzen kann. <\/p>\n","protected":false},"excerpt":{"rendered":"<p>Die Wohnung &#8211; das eigene Reich, in dem man sich nach der Arbeit und in der Freizeit erholen kann. Eine Wohnung ist f\u00fcr viele der R\u00fcckzugspunkt nach einem stressigen Tag und diesen m\u00f6chte man sich so sch\u00f6n als m\u00f6glich gestalten. Neben den M\u00f6beln, mit denen man die einzelnen R\u00e4ume ausstattet, hat die Deko ebenfalls einen [&hellip;]<\/p>\n","protected":false},"author":2,"featured_media":0,"comment_status":"open","ping_status":"open","sticky":false,"template":"","format":"standard","meta":{"footnotes":""},"categories":[1],"tags":[],"yoast_head":"<!-- This site is optimized with the Yoast SEO plugin v20.4 - https:\/\/yoast.com\/wordpress\/plugins\/seo\/ -->\n<title>Die Deko mit Bl\u00e4ttergirlanden - Tafeldeko<\/title>\n<meta name=\"description\" content=\"Die Wohnung - das eigene Reich, in dem man sich nach der Arbeit und in der Freizeit erholen kann. Eine Wohnung ist f\u00fcr viele der R\u00fcckzugspunkt nach einem\" \/>\n<meta name=\"robots\" content=\"index, follow, max-snippet:-1, max-image-preview:large, max-video-preview:-1\" \/>\n<link rel=\"canonical\" href=\"https:\/\/www.tafeldeko.de\/news\/die-deko-mit-blaettergirlanden\/\" \/>\n<meta property=\"og:locale\" content=\"de_DE\" \/>\n<meta property=\"og:type\" content=\"article\" \/>\n<meta property=\"og:title\" content=\"Die Deko mit Bl\u00e4ttergirlanden - Tafeldeko\" \/>\n<meta property=\"og:description\" content=\"Die Wohnung - das eigene Reich, in dem man sich nach der Arbeit und in der Freizeit erholen kann. Eine Wohnung ist f\u00fcr viele der R\u00fcckzugspunkt nach einem\" \/>\n<meta property=\"og:url\" content=\"https:\/\/www.tafeldeko.de\/news\/die-deko-mit-blaettergirlanden\/\" \/>\n<meta property=\"og:site_name\" content=\"Tafeldeko\" \/>\n<meta property=\"article:publisher\" content=\"https:\/\/www.facebook.com\/pages\/Tafeldeko-einzigartige-Tischdekoration\/174202655894\" \/>\n<meta property=\"article:published_time\" content=\"2012-01-12T18:41:00+00:00\" \/>\n<meta name=\"author\" content=\"Christiane Stein\" \/>\n<meta name=\"twitter:label1\" content=\"Verfasst von\" \/>\n\t<meta name=\"twitter:data1\" content=\"Christiane Stein\" \/>\n\t<meta name=\"twitter:label2\" content=\"Gesch\u00e4tzte Lesezeit\" \/>\n\t<meta name=\"twitter:data2\" content=\"2 Minuten\" \/>\n<script type=\"application\/ld+json\" class=\"yoast-schema-graph\">{\"@context\":\"https:\/\/schema.org\",\"@graph\":[{\"@type\":\"WebPage\",\"@id\":\"https:\/\/www.tafeldeko.de\/news\/die-deko-mit-blaettergirlanden\/\",\"url\":\"https:\/\/www.tafeldeko.de\/news\/die-deko-mit-blaettergirlanden\/\",\"name\":\"Die Deko mit Bl\u00e4ttergirlanden - Tafeldeko\",\"isPartOf\":{\"@id\":\"https:\/\/www.tafeldeko.de\/news\/#website\"},\"datePublished\":\"2012-01-12T18:41:00+00:00\",\"dateModified\":\"2012-01-12T18:41:00+00:00\",\"author\":{\"@id\":\"https:\/\/www.tafeldeko.de\/news\/#\/schema\/person\/d2acd86447ed0b6336089a8ba83164a0\"},\"description\":\"Die Wohnung - das eigene Reich, in dem man sich nach der Arbeit und in der Freizeit erholen kann. Eine Wohnung ist f\u00fcr viele der R\u00fcckzugspunkt nach einem\",\"breadcrumb\":{\"@id\":\"https:\/\/www.tafeldeko.de\/news\/die-deko-mit-blaettergirlanden\/#breadcrumb\"},\"inLanguage\":\"de-DE\",\"potentialAction\":[{\"@type\":\"ReadAction\",\"target\":[\"https:\/\/www.tafeldeko.de\/news\/die-deko-mit-blaettergirlanden\/\"]}]},{\"@type\":\"BreadcrumbList\",\"@id\":\"https:\/\/www.tafeldeko.de\/news\/die-deko-mit-blaettergirlanden\/#breadcrumb\",\"itemListElement\":[{\"@type\":\"ListItem\",\"position\":1,\"name\":\"Tafeldeko\",\"item\":\"https:\/\/www.tafeldeko.de\/news\/\"},{\"@type\":\"ListItem\",\"position\":2,\"name\":\"Alte Beitr\u00e4ge\",\"item\":\"https:\/\/www.tafeldeko.de\/news\/alte-beitraege\/\"},{\"@type\":\"ListItem\",\"position\":3,\"name\":\"Tischdeko - Blog\",\"item\":\"https:\/\/www.tafeldeko.de\/news\/alte-beitraege\/tischdeko-blog\/\"},{\"@type\":\"ListItem\",\"position\":4,\"name\":\"Die Deko mit Bl\u00e4ttergirlanden\"}]},{\"@type\":\"WebSite\",\"@id\":\"https:\/\/www.tafeldeko.de\/news\/#website\",\"url\":\"https:\/\/www.tafeldeko.de\/news\/\",\"name\":\"Tafeldeko\",\"description\":\"Blog mit Tischdeko und Tischdekoration Ideen\",\"potentialAction\":[{\"@type\":\"SearchAction\",\"target\":{\"@type\":\"EntryPoint\",\"urlTemplate\":\"https:\/\/www.tafeldeko.de\/news\/?s={search_term_string}\"},\"query-input\":\"required name=search_term_string\"}],\"inLanguage\":\"de-DE\"},{\"@type\":\"Person\",\"@id\":\"https:\/\/www.tafeldeko.de\/news\/#\/schema\/person\/d2acd86447ed0b6336089a8ba83164a0\",\"name\":\"Christiane Stein\",\"image\":{\"@type\":\"ImageObject\",\"inLanguage\":\"de-DE\",\"@id\":\"https:\/\/www.tafeldeko.de\/news\/#\/schema\/person\/image\/\",\"url\":\"https:\/\/secure.gravatar.com\/avatar\/2054729fbfd1ebc9d3cf1fd55361d0b6?s=96&d=mm&r=g\",\"contentUrl\":\"https:\/\/secure.gravatar.com\/avatar\/2054729fbfd1ebc9d3cf1fd55361d0b6?s=96&d=mm&r=g\",\"caption\":\"Christiane Stein\"}}]}<\/script>\n<!-- \/ Yoast SEO plugin. -->","yoast_head_json":{"title":"Die Deko mit Bl\u00e4ttergirlanden - Tafeldeko","description":"Die Wohnung - das eigene Reich, in dem man sich nach der Arbeit und in der Freizeit erholen kann. Eine Wohnung ist f\u00fcr viele der R\u00fcckzugspunkt nach einem","robots":{"index":"index","follow":"follow","max-snippet":"max-snippet:-1","max-image-preview":"max-image-preview:large","max-video-preview":"max-video-preview:-1"},"canonical":"https:\/\/www.tafeldeko.de\/news\/die-deko-mit-blaettergirlanden\/","og_locale":"de_DE","og_type":"article","og_title":"Die Deko mit Bl\u00e4ttergirlanden - Tafeldeko","og_description":"Die Wohnung - das eigene Reich, in dem man sich nach der Arbeit und in der Freizeit erholen kann. Eine Wohnung ist f\u00fcr viele der R\u00fcckzugspunkt nach einem","og_url":"https:\/\/www.tafeldeko.de\/news\/die-deko-mit-blaettergirlanden\/","og_site_name":"Tafeldeko","article_publisher":"https:\/\/www.facebook.com\/pages\/Tafeldeko-einzigartige-Tischdekoration\/174202655894","article_published_time":"2012-01-12T18:41:00+00:00","author":"Christiane Stein","twitter_misc":{"Verfasst von":"Christiane Stein","Gesch\u00e4tzte Lesezeit":"2 Minuten"},"schema":{"@context":"https:\/\/schema.org","@graph":[{"@type":"WebPage","@id":"https:\/\/www.tafeldeko.de\/news\/die-deko-mit-blaettergirlanden\/","url":"https:\/\/www.tafeldeko.de\/news\/die-deko-mit-blaettergirlanden\/","name":"Die Deko mit Bl\u00e4ttergirlanden - Tafeldeko","isPartOf":{"@id":"https:\/\/www.tafeldeko.de\/news\/#website"},"datePublished":"2012-01-12T18:41:00+00:00","dateModified":"2012-01-12T18:41:00+00:00","author":{"@id":"https:\/\/www.tafeldeko.de\/news\/#\/schema\/person\/d2acd86447ed0b6336089a8ba83164a0"},"description":"Die Wohnung - das eigene Reich, in dem man sich nach der Arbeit und in der Freizeit erholen kann. Eine Wohnung ist f\u00fcr viele der R\u00fcckzugspunkt nach einem","breadcrumb":{"@id":"https:\/\/www.tafeldeko.de\/news\/die-deko-mit-blaettergirlanden\/#breadcrumb"},"inLanguage":"de-DE","potentialAction":[{"@type":"ReadAction","target":["https:\/\/www.tafeldeko.de\/news\/die-deko-mit-blaettergirlanden\/"]}]},{"@type":"BreadcrumbList","@id":"https:\/\/www.tafeldeko.de\/news\/die-deko-mit-blaettergirlanden\/#breadcrumb","itemListElement":[{"@type":"ListItem","position":1,"name":"Tafeldeko","item":"https:\/\/www.tafeldeko.de\/news\/"},{"@type":"ListItem","position":2,"name":"Alte Beitr\u00e4ge","item":"https:\/\/www.tafeldeko.de\/news\/alte-beitraege\/"},{"@type":"ListItem","position":3,"name":"Tischdeko - Blog","item":"https:\/\/www.tafeldeko.de\/news\/alte-beitraege\/tischdeko-blog\/"},{"@type":"ListItem","position":4,"name":"Die Deko mit Bl\u00e4ttergirlanden"}]},{"@type":"WebSite","@id":"https:\/\/www.tafeldeko.de\/news\/#website","url":"https:\/\/www.tafeldeko.de\/news\/","name":"Tafeldeko","description":"Blog mit Tischdeko und Tischdekoration Ideen","potentialAction":[{"@type":"SearchAction","target":{"@type":"EntryPoint","urlTemplate":"https:\/\/www.tafeldeko.de\/news\/?s={search_term_string}"},"query-input":"required name=search_term_string"}],"inLanguage":"de-DE"},{"@type":"Person","@id":"https:\/\/www.tafeldeko.de\/news\/#\/schema\/person\/d2acd86447ed0b6336089a8ba83164a0","name":"Christiane Stein","image":{"@type":"ImageObject","inLanguage":"de-DE","@id":"https:\/\/www.tafeldeko.de\/news\/#\/schema\/person\/image\/","url":"https:\/\/secure.gravatar.com\/avatar\/2054729fbfd1ebc9d3cf1fd55361d0b6?s=96&d=mm&r=g","contentUrl":"https:\/\/secure.gravatar.com\/avatar\/2054729fbfd1ebc9d3cf1fd55361d0b6?s=96&d=mm&r=g","caption":"Christiane Stein"}}]}},"_links":{"self":[{"href":"https:\/\/www.tafeldeko.de\/news\/wp-json\/wp\/v2\/posts\/3730"}],"collection":[{"href":"https:\/\/www.tafeldeko.de\/news\/wp-json\/wp\/v2\/posts"}],"about":[{"href":"https:\/\/www.tafeldeko.de\/news\/wp-json\/wp\/v2\/types\/post"}],"author":[{"embeddable":true,"href":"https:\/\/www.tafeldeko.de\/news\/wp-json\/wp\/v2\/users\/2"}],"replies":[{"embeddable":true,"href":"https:\/\/www.tafeldeko.de\/news\/wp-json\/wp\/v2\/comments?post=3730"}],"version-history":[{"count":0,"href":"https:\/\/www.tafeldeko.de\/news\/wp-json\/wp\/v2\/posts\/3730\/revisions"}],"wp:attachment":[{"href":"https:\/\/www.tafeldeko.de\/news\/wp-json\/wp\/v2\/media?parent=3730"}],"wp:term":[{"taxonomy":"category","embeddable":true,"href":"https:\/\/www.tafeldeko.de\/news\/wp-json\/wp\/v2\/categories?post=3730"},{"taxonomy":"post_tag","embeddable":true,"href":"https:\/\/www.tafeldeko.de\/news\/wp-json\/wp\/v2\/tags?post=3730"}],"curies":[{"name":"wp","href":"https:\/\/api.w.org\/{rel}","templated":true}]}}