{"id":3729,"date":"2012-01-11T20:35:33","date_gmt":"2012-01-11T18:35:33","guid":{"rendered":"http:\/\/www.tafeldeko.de\/news\/?p=3729"},"modified":"2012-01-11T20:35:33","modified_gmt":"2012-01-11T18:35:33","slug":"deko-im-glas-mit-naturmaterialien","status":"publish","type":"post","link":"https:\/\/www.tafeldeko.de\/news\/deko-im-glas-mit-naturmaterialien\/","title":{"rendered":"Deko im Glas mit Naturmaterialien"},"content":{"rendered":"<p><b>Wie wohnen wir? <\/b><br \/>\nDiese Frage stellen wir uns bestimmt das eine oder andere Mal.<br \/>\n<b>Wie sieht unsere Wohnung aus, ist sie der Spiegel der Bewohner? <\/b><br \/>\nDenn oftmals ist dies f\u00fcr die Bewohner wichtig. Man m\u00f6chte eine <i>sch\u00f6ne Atmosph\u00e4re<\/i> schaffen, nicht nur f\u00fcr sich, sondern auch f\u00fcr die Besucher. Schlie\u00dflich empf\u00e4ngt die Wohnung ihre Anwohner nach einem arbeitsreichen Tag, man m\u00f6chte sich zu Hause entspannen und erholen &#8211; und dies ist in einer angenehmen Atmosph\u00e4re wunderbar m\u00f6glich.<br \/>\nAus diesem Grund greift man auch oft zu diversen <b>Dekorationen<\/b>.<br \/>\n<b>Mit der Deko innerhalb eines Raumes oder einer Wohnung<\/b> schafft man Individualit\u00e4t und Atmosph\u00e4re und einen gewissen Erholungsfaktor. Vor allem auch deshalb, weil die Dekorationen so vielf\u00e4ltig sind und jede einzelne etwas Besonderes f\u00fcr die Bewohner darstellt.<br \/>\nNat\u00fcrlich richtet man sich auch bei der <b><a href=\"https:\/\/www.tafeldeko.de\/shop_content.php\/coID\/212_Deko.html\">Deko<\/a> nach den Trends<\/b>, die es gerade gibt. Farblich und auch von der Aufmachung der Deko gibt es jedes Jahr aufs Neue gewisse Anregungen.<br \/>\nMomentan sind zum Beispiel <b>Dekorationen im Glas mit Naturmaterialien<\/b> angesagt.<br \/>\nDie Deko mit Naturmaterialien hat wohl schon immer Bestand gehabt und sich im Laufe der Jahre immer wieder in Punkto Pr\u00e4sentation ver\u00e4ndert.<br \/>\n<b>Die Deko im Glas <\/b>&#8211; entweder komplett mit <i>Naturmaterialien <\/i>oder mit diesen als Erg\u00e4nzung.<br \/>\n<i>Wurzeln, Baumrinden, \u00c4ste, Bl\u00e4tter, Beeren, Fr\u00fcchte von B\u00e4umen <\/i>&#8211; sie haben w\u00e4hrend des gesamten Jahres Bestand innerhalb der Deko. Werden diese Materialien in einer Schale oder einer Vase sch\u00f6n angerichtet und liebevoll an einer &#8211; f\u00fcr jeden sichtbaren &#8211; Stelle pr\u00e4sentiert, wird die gew\u00fcnschte Wirkung garantiert erzielt.<br \/>\n<b>Die Deko im Glas mit Naturmaterialien<\/b> kann zudem auch auf die saisonalen Feierlichkeiten angepasst werden.<br \/>\nAn <b>Halloween <\/b>zieren <i>K\u00fcrbisse <\/i>die verschiedenen Glasschalen, an <b>Weihnachten <\/b>pr\u00e4sentieren <i>Tannenzapfen, Buchecker, Thujazweige <\/i>und vieles andere mehr die Schalen.<br \/>\nAuch <b>Potpourri <\/b>sieht nicht nur in Glasschalen dekorativ aus, sondern verspr\u00fcht auch noch einen angenehmen Duft.<br \/>\n<b>Die Deko im Glas mit Naturmaterialien<\/b> &#8211; viele M\u00f6glichkeiten, sich eine eigene <b>Wohlf\u00fchl-Oase zu Hause <\/b>zu schaffen. <\/p>\n","protected":false},"excerpt":{"rendered":"<p>Wie wohnen wir? Diese Frage stellen wir uns bestimmt das eine oder andere Mal. Wie sieht unsere Wohnung aus, ist sie der Spiegel der Bewohner? Denn oftmals ist dies f\u00fcr die Bewohner wichtig. Man m\u00f6chte eine sch\u00f6ne Atmosph\u00e4re schaffen, nicht nur f\u00fcr sich, sondern auch f\u00fcr die Besucher. Schlie\u00dflich empf\u00e4ngt die Wohnung ihre Anwohner nach [&hellip;]<\/p>\n","protected":false},"author":2,"featured_media":0,"comment_status":"open","ping_status":"open","sticky":false,"template":"","format":"standard","meta":{"footnotes":""},"categories":[1],"tags":[],"yoast_head":"<!-- This site is optimized with the Yoast SEO plugin v20.4 - https:\/\/yoast.com\/wordpress\/plugins\/seo\/ -->\n<title>Deko im Glas mit Naturmaterialien - Tafeldeko<\/title>\n<meta name=\"description\" content=\"Wie wohnen wir? Diese Frage stellen wir uns bestimmt das eine oder andere Mal. Wie sieht unsere Wohnung aus, ist sie der Spiegel der Bewohner? Denn\" \/>\n<meta name=\"robots\" content=\"index, follow, max-snippet:-1, max-image-preview:large, max-video-preview:-1\" \/>\n<link rel=\"canonical\" href=\"https:\/\/www.tafeldeko.de\/news\/deko-im-glas-mit-naturmaterialien\/\" \/>\n<meta property=\"og:locale\" content=\"de_DE\" \/>\n<meta property=\"og:type\" content=\"article\" \/>\n<meta property=\"og:title\" content=\"Deko im Glas mit Naturmaterialien - Tafeldeko\" \/>\n<meta property=\"og:description\" content=\"Wie wohnen wir? Diese Frage stellen wir uns bestimmt das eine oder andere Mal. Wie sieht unsere Wohnung aus, ist sie der Spiegel der Bewohner? Denn\" \/>\n<meta property=\"og:url\" content=\"https:\/\/www.tafeldeko.de\/news\/deko-im-glas-mit-naturmaterialien\/\" \/>\n<meta property=\"og:site_name\" content=\"Tafeldeko\" \/>\n<meta property=\"article:publisher\" content=\"https:\/\/www.facebook.com\/pages\/Tafeldeko-einzigartige-Tischdekoration\/174202655894\" \/>\n<meta property=\"article:published_time\" content=\"2012-01-11T18:35:33+00:00\" \/>\n<meta name=\"author\" content=\"Christiane Stein\" \/>\n<meta name=\"twitter:label1\" content=\"Verfasst von\" \/>\n\t<meta name=\"twitter:data1\" content=\"Christiane Stein\" \/>\n\t<meta name=\"twitter:label2\" content=\"Gesch\u00e4tzte Lesezeit\" \/>\n\t<meta name=\"twitter:data2\" content=\"2 Minuten\" \/>\n<script type=\"application\/ld+json\" class=\"yoast-schema-graph\">{\"@context\":\"https:\/\/schema.org\",\"@graph\":[{\"@type\":\"WebPage\",\"@id\":\"https:\/\/www.tafeldeko.de\/news\/deko-im-glas-mit-naturmaterialien\/\",\"url\":\"https:\/\/www.tafeldeko.de\/news\/deko-im-glas-mit-naturmaterialien\/\",\"name\":\"Deko im Glas mit Naturmaterialien - Tafeldeko\",\"isPartOf\":{\"@id\":\"https:\/\/www.tafeldeko.de\/news\/#website\"},\"datePublished\":\"2012-01-11T18:35:33+00:00\",\"dateModified\":\"2012-01-11T18:35:33+00:00\",\"author\":{\"@id\":\"https:\/\/www.tafeldeko.de\/news\/#\/schema\/person\/d2acd86447ed0b6336089a8ba83164a0\"},\"description\":\"Wie wohnen wir? Diese Frage stellen wir uns bestimmt das eine oder andere Mal. Wie sieht unsere Wohnung aus, ist sie der Spiegel der Bewohner? Denn\",\"breadcrumb\":{\"@id\":\"https:\/\/www.tafeldeko.de\/news\/deko-im-glas-mit-naturmaterialien\/#breadcrumb\"},\"inLanguage\":\"de-DE\",\"potentialAction\":[{\"@type\":\"ReadAction\",\"target\":[\"https:\/\/www.tafeldeko.de\/news\/deko-im-glas-mit-naturmaterialien\/\"]}]},{\"@type\":\"BreadcrumbList\",\"@id\":\"https:\/\/www.tafeldeko.de\/news\/deko-im-glas-mit-naturmaterialien\/#breadcrumb\",\"itemListElement\":[{\"@type\":\"ListItem\",\"position\":1,\"name\":\"Tafeldeko\",\"item\":\"https:\/\/www.tafeldeko.de\/news\/\"},{\"@type\":\"ListItem\",\"position\":2,\"name\":\"Alte Beitr\u00e4ge\",\"item\":\"https:\/\/www.tafeldeko.de\/news\/alte-beitraege\/\"},{\"@type\":\"ListItem\",\"position\":3,\"name\":\"Tischdeko - Blog\",\"item\":\"https:\/\/www.tafeldeko.de\/news\/alte-beitraege\/tischdeko-blog\/\"},{\"@type\":\"ListItem\",\"position\":4,\"name\":\"Deko im Glas mit Naturmaterialien\"}]},{\"@type\":\"WebSite\",\"@id\":\"https:\/\/www.tafeldeko.de\/news\/#website\",\"url\":\"https:\/\/www.tafeldeko.de\/news\/\",\"name\":\"Tafeldeko\",\"description\":\"Blog mit Tischdeko und Tischdekoration Ideen\",\"potentialAction\":[{\"@type\":\"SearchAction\",\"target\":{\"@type\":\"EntryPoint\",\"urlTemplate\":\"https:\/\/www.tafeldeko.de\/news\/?s={search_term_string}\"},\"query-input\":\"required name=search_term_string\"}],\"inLanguage\":\"de-DE\"},{\"@type\":\"Person\",\"@id\":\"https:\/\/www.tafeldeko.de\/news\/#\/schema\/person\/d2acd86447ed0b6336089a8ba83164a0\",\"name\":\"Christiane Stein\",\"image\":{\"@type\":\"ImageObject\",\"inLanguage\":\"de-DE\",\"@id\":\"https:\/\/www.tafeldeko.de\/news\/#\/schema\/person\/image\/\",\"url\":\"https:\/\/secure.gravatar.com\/avatar\/2054729fbfd1ebc9d3cf1fd55361d0b6?s=96&d=mm&r=g\",\"contentUrl\":\"https:\/\/secure.gravatar.com\/avatar\/2054729fbfd1ebc9d3cf1fd55361d0b6?s=96&d=mm&r=g\",\"caption\":\"Christiane Stein\"}}]}<\/script>\n<!-- \/ Yoast SEO plugin. -->","yoast_head_json":{"title":"Deko im Glas mit Naturmaterialien - Tafeldeko","description":"Wie wohnen wir? Diese Frage stellen wir uns bestimmt das eine oder andere Mal. Wie sieht unsere Wohnung aus, ist sie der Spiegel der Bewohner? Denn","robots":{"index":"index","follow":"follow","max-snippet":"max-snippet:-1","max-image-preview":"max-image-preview:large","max-video-preview":"max-video-preview:-1"},"canonical":"https:\/\/www.tafeldeko.de\/news\/deko-im-glas-mit-naturmaterialien\/","og_locale":"de_DE","og_type":"article","og_title":"Deko im Glas mit Naturmaterialien - Tafeldeko","og_description":"Wie wohnen wir? Diese Frage stellen wir uns bestimmt das eine oder andere Mal. Wie sieht unsere Wohnung aus, ist sie der Spiegel der Bewohner? Denn","og_url":"https:\/\/www.tafeldeko.de\/news\/deko-im-glas-mit-naturmaterialien\/","og_site_name":"Tafeldeko","article_publisher":"https:\/\/www.facebook.com\/pages\/Tafeldeko-einzigartige-Tischdekoration\/174202655894","article_published_time":"2012-01-11T18:35:33+00:00","author":"Christiane Stein","twitter_misc":{"Verfasst von":"Christiane Stein","Gesch\u00e4tzte Lesezeit":"2 Minuten"},"schema":{"@context":"https:\/\/schema.org","@graph":[{"@type":"WebPage","@id":"https:\/\/www.tafeldeko.de\/news\/deko-im-glas-mit-naturmaterialien\/","url":"https:\/\/www.tafeldeko.de\/news\/deko-im-glas-mit-naturmaterialien\/","name":"Deko im Glas mit Naturmaterialien - Tafeldeko","isPartOf":{"@id":"https:\/\/www.tafeldeko.de\/news\/#website"},"datePublished":"2012-01-11T18:35:33+00:00","dateModified":"2012-01-11T18:35:33+00:00","author":{"@id":"https:\/\/www.tafeldeko.de\/news\/#\/schema\/person\/d2acd86447ed0b6336089a8ba83164a0"},"description":"Wie wohnen wir? Diese Frage stellen wir uns bestimmt das eine oder andere Mal. Wie sieht unsere Wohnung aus, ist sie der Spiegel der Bewohner? Denn","breadcrumb":{"@id":"https:\/\/www.tafeldeko.de\/news\/deko-im-glas-mit-naturmaterialien\/#breadcrumb"},"inLanguage":"de-DE","potentialAction":[{"@type":"ReadAction","target":["https:\/\/www.tafeldeko.de\/news\/deko-im-glas-mit-naturmaterialien\/"]}]},{"@type":"BreadcrumbList","@id":"https:\/\/www.tafeldeko.de\/news\/deko-im-glas-mit-naturmaterialien\/#breadcrumb","itemListElement":[{"@type":"ListItem","position":1,"name":"Tafeldeko","item":"https:\/\/www.tafeldeko.de\/news\/"},{"@type":"ListItem","position":2,"name":"Alte Beitr\u00e4ge","item":"https:\/\/www.tafeldeko.de\/news\/alte-beitraege\/"},{"@type":"ListItem","position":3,"name":"Tischdeko - Blog","item":"https:\/\/www.tafeldeko.de\/news\/alte-beitraege\/tischdeko-blog\/"},{"@type":"ListItem","position":4,"name":"Deko im Glas mit Naturmaterialien"}]},{"@type":"WebSite","@id":"https:\/\/www.tafeldeko.de\/news\/#website","url":"https:\/\/www.tafeldeko.de\/news\/","name":"Tafeldeko","description":"Blog mit Tischdeko und Tischdekoration Ideen","potentialAction":[{"@type":"SearchAction","target":{"@type":"EntryPoint","urlTemplate":"https:\/\/www.tafeldeko.de\/news\/?s={search_term_string}"},"query-input":"required name=search_term_string"}],"inLanguage":"de-DE"},{"@type":"Person","@id":"https:\/\/www.tafeldeko.de\/news\/#\/schema\/person\/d2acd86447ed0b6336089a8ba83164a0","name":"Christiane Stein","image":{"@type":"ImageObject","inLanguage":"de-DE","@id":"https:\/\/www.tafeldeko.de\/news\/#\/schema\/person\/image\/","url":"https:\/\/secure.gravatar.com\/avatar\/2054729fbfd1ebc9d3cf1fd55361d0b6?s=96&d=mm&r=g","contentUrl":"https:\/\/secure.gravatar.com\/avatar\/2054729fbfd1ebc9d3cf1fd55361d0b6?s=96&d=mm&r=g","caption":"Christiane Stein"}}]}},"_links":{"self":[{"href":"https:\/\/www.tafeldeko.de\/news\/wp-json\/wp\/v2\/posts\/3729"}],"collection":[{"href":"https:\/\/www.tafeldeko.de\/news\/wp-json\/wp\/v2\/posts"}],"about":[{"href":"https:\/\/www.tafeldeko.de\/news\/wp-json\/wp\/v2\/types\/post"}],"author":[{"embeddable":true,"href":"https:\/\/www.tafeldeko.de\/news\/wp-json\/wp\/v2\/users\/2"}],"replies":[{"embeddable":true,"href":"https:\/\/www.tafeldeko.de\/news\/wp-json\/wp\/v2\/comments?post=3729"}],"version-history":[{"count":0,"href":"https:\/\/www.tafeldeko.de\/news\/wp-json\/wp\/v2\/posts\/3729\/revisions"}],"wp:attachment":[{"href":"https:\/\/www.tafeldeko.de\/news\/wp-json\/wp\/v2\/media?parent=3729"}],"wp:term":[{"taxonomy":"category","embeddable":true,"href":"https:\/\/www.tafeldeko.de\/news\/wp-json\/wp\/v2\/categories?post=3729"},{"taxonomy":"post_tag","embeddable":true,"href":"https:\/\/www.tafeldeko.de\/news\/wp-json\/wp\/v2\/tags?post=3729"}],"curies":[{"name":"wp","href":"https:\/\/api.w.org\/{rel}","templated":true}]}}