{"id":3727,"date":"2012-01-09T20:50:22","date_gmt":"2012-01-09T18:50:22","guid":{"rendered":"http:\/\/www.tafeldeko.de\/news\/?p=3727"},"modified":"2012-01-09T20:50:22","modified_gmt":"2012-01-09T18:50:22","slug":"die-deko-im-garten","status":"publish","type":"post","link":"https:\/\/www.tafeldeko.de\/news\/die-deko-im-garten\/","title":{"rendered":"Die Deko im Garten"},"content":{"rendered":"<p><i>Die Wohnung, das Haus, der Garten, der Balkon, die Terrasse und vieles mehr<\/i> ist ein gewisses <b>Aush\u00e4ngeschild f\u00fcr seine Bewohner<\/b>.<br \/>\nWer Wert auf das Ansehen der Besucher oder der Nachbarn legt, sollte nicht nur auf Sauberkeit achten, sondern das Ganze auch mit etwas Deko pr\u00e4sentieren.<br \/>\n<b>Dekorationen <\/b>verleihen das pers\u00f6nliche Etwas, verk\u00f6rpern auf indirekte Weise die Individualit\u00e4t der Bewohner. Und aus diesem Grund stellt sich oft die Frage: <i>wie kann ich meinen Bereich individuell gestalten, mit welchen Deko-Gegenst\u00e4nden kann ich diese in Szene setzen?<\/i><br \/>\nIn Punkto Deko gibt es keine Faustregel oder Vorgaben &#8211; gestattet ist das, was einem pers\u00f6nlich gef\u00e4llt. Deko-Accessoires in den verschiedensten Ausf\u00fchrungen und Farben k\u00f6nnen die Grundlage der Dekorationen bilden &#8211; so auch f\u00fcr die <b>Deko im Garten<\/b>.<br \/>\nGerade die <b>saisonalen Dekorationen<\/b> haben gerade im Garten oft einen hohen Stellenwert, weil sie das Aussehen f\u00fcr alle sichtbar verk\u00f6rpern. Deshalb sieht man oft zu Ostern oder zu Weihnachten, wie wahre <a href=\"https:\/\/www.tafeldeko.de\/shop_content.php\/coID\/212_Deko.html\">Deko<\/a>-K\u00fcnstler den Garten auf liebevolle Weise versch\u00f6nern und dekorieren.<br \/>\nUnd w\u00e4hrend des gesamten Jahres werden andere <b>Dekorationen f\u00fcr den Garten<\/b> ausgew\u00e4hlt. Dies k\u00f6nnen beispielsweise sch\u00f6ne <b>Blumenarrangements <\/b>sein, entweder <i>in Blumenk\u00fcbeln, Pflanztr\u00f6gen oder auch in ganz au\u00dfergew\u00f6hnlichen Gegenst\u00e4nden<\/i> pr\u00e4sentiert. Ausgediente M\u00fclltonnen, Schiebekarren oder Holzwagen werden oftmals zu Deko-Gegenst\u00e4nden umfunktioniert. Gerade dieses &#8220;Umfunktionieren&#8221; stellt die gewisse Besonderheit dar und zeigt, dass sich die dekorierende Person Gedanken \u00fcber die <b>Einzigartigkeit der Deko im Garten <\/b>gemacht hat.<br \/>\nAuch der Vorgarten geh\u00f6rt auf gewisse Weise zu der Deko im Garten. Erstrahlt der Garten in bl\u00fchender Pracht, ganz gleich, ob im <i>Fr\u00fchjahr, Sommer oder Herbst<\/i>, dann ist dies ebenfalls ein Zeichen daf\u00fcr, dass man sich f\u00fcr ein &#8220;sch\u00f6nes Wohnen&#8221; entschieden hat.<br \/>\nWer auf Ideensuche f\u00fcr die Deko im Garten ist, kann entweder das Internet &#8220;befragen&#8221; oder sich in diversen Garten- und Deko-Zeitschriften informieren.<br \/>\nFakt ist, dass die <b>Deko im Garten<\/b> die Pers\u00f6nlichkeit seiner Besitzer verk\u00f6rpert und so bereits f\u00fcr den Besucher der erste Eindruck \u00fcbermittelt wird. Und der erste Eindruck ist doch oftmals der entscheidende &#8211; oder?<\/p>\n","protected":false},"excerpt":{"rendered":"<p>Die Wohnung, das Haus, der Garten, der Balkon, die Terrasse und vieles mehr ist ein gewisses Aush\u00e4ngeschild f\u00fcr seine Bewohner. Wer Wert auf das Ansehen der Besucher oder der Nachbarn legt, sollte nicht nur auf Sauberkeit achten, sondern das Ganze auch mit etwas Deko pr\u00e4sentieren. Dekorationen verleihen das pers\u00f6nliche Etwas, verk\u00f6rpern auf indirekte Weise die [&hellip;]<\/p>\n","protected":false},"author":2,"featured_media":0,"comment_status":"open","ping_status":"open","sticky":false,"template":"","format":"standard","meta":{"footnotes":""},"categories":[1],"tags":[],"yoast_head":"<!-- This site is optimized with the Yoast SEO plugin v20.4 - https:\/\/yoast.com\/wordpress\/plugins\/seo\/ -->\n<title>Die Deko im Garten - Tafeldeko<\/title>\n<meta name=\"description\" content=\"Die Wohnung, das Haus, der Garten, der Balkon, die Terrasse und vieles mehr ist ein gewisses Aush\u00e4ngeschild f\u00fcr seine Bewohner. Wer Wert auf das Ansehen\" \/>\n<meta name=\"robots\" content=\"index, follow, max-snippet:-1, max-image-preview:large, max-video-preview:-1\" \/>\n<link rel=\"canonical\" href=\"https:\/\/www.tafeldeko.de\/news\/die-deko-im-garten\/\" \/>\n<meta property=\"og:locale\" content=\"de_DE\" \/>\n<meta property=\"og:type\" content=\"article\" \/>\n<meta property=\"og:title\" content=\"Die Deko im Garten - Tafeldeko\" \/>\n<meta property=\"og:description\" content=\"Die Wohnung, das Haus, der Garten, der Balkon, die Terrasse und vieles mehr ist ein gewisses Aush\u00e4ngeschild f\u00fcr seine Bewohner. Wer Wert auf das Ansehen\" \/>\n<meta property=\"og:url\" content=\"https:\/\/www.tafeldeko.de\/news\/die-deko-im-garten\/\" \/>\n<meta property=\"og:site_name\" content=\"Tafeldeko\" \/>\n<meta property=\"article:publisher\" content=\"https:\/\/www.facebook.com\/pages\/Tafeldeko-einzigartige-Tischdekoration\/174202655894\" \/>\n<meta property=\"article:published_time\" content=\"2012-01-09T18:50:22+00:00\" \/>\n<meta name=\"author\" content=\"Christiane Stein\" \/>\n<meta name=\"twitter:label1\" content=\"Verfasst von\" \/>\n\t<meta name=\"twitter:data1\" content=\"Christiane Stein\" \/>\n\t<meta name=\"twitter:label2\" content=\"Gesch\u00e4tzte Lesezeit\" \/>\n\t<meta name=\"twitter:data2\" content=\"2 Minuten\" \/>\n<script type=\"application\/ld+json\" class=\"yoast-schema-graph\">{\"@context\":\"https:\/\/schema.org\",\"@graph\":[{\"@type\":\"WebPage\",\"@id\":\"https:\/\/www.tafeldeko.de\/news\/die-deko-im-garten\/\",\"url\":\"https:\/\/www.tafeldeko.de\/news\/die-deko-im-garten\/\",\"name\":\"Die Deko im Garten - Tafeldeko\",\"isPartOf\":{\"@id\":\"https:\/\/www.tafeldeko.de\/news\/#website\"},\"datePublished\":\"2012-01-09T18:50:22+00:00\",\"dateModified\":\"2012-01-09T18:50:22+00:00\",\"author\":{\"@id\":\"https:\/\/www.tafeldeko.de\/news\/#\/schema\/person\/d2acd86447ed0b6336089a8ba83164a0\"},\"description\":\"Die Wohnung, das Haus, der Garten, der Balkon, die Terrasse und vieles mehr ist ein gewisses Aush\u00e4ngeschild f\u00fcr seine Bewohner. Wer Wert auf das Ansehen\",\"breadcrumb\":{\"@id\":\"https:\/\/www.tafeldeko.de\/news\/die-deko-im-garten\/#breadcrumb\"},\"inLanguage\":\"de-DE\",\"potentialAction\":[{\"@type\":\"ReadAction\",\"target\":[\"https:\/\/www.tafeldeko.de\/news\/die-deko-im-garten\/\"]}]},{\"@type\":\"BreadcrumbList\",\"@id\":\"https:\/\/www.tafeldeko.de\/news\/die-deko-im-garten\/#breadcrumb\",\"itemListElement\":[{\"@type\":\"ListItem\",\"position\":1,\"name\":\"Tafeldeko\",\"item\":\"https:\/\/www.tafeldeko.de\/news\/\"},{\"@type\":\"ListItem\",\"position\":2,\"name\":\"Alte Beitr\u00e4ge\",\"item\":\"https:\/\/www.tafeldeko.de\/news\/alte-beitraege\/\"},{\"@type\":\"ListItem\",\"position\":3,\"name\":\"Tischdeko - Blog\",\"item\":\"https:\/\/www.tafeldeko.de\/news\/alte-beitraege\/tischdeko-blog\/\"},{\"@type\":\"ListItem\",\"position\":4,\"name\":\"Die Deko im Garten\"}]},{\"@type\":\"WebSite\",\"@id\":\"https:\/\/www.tafeldeko.de\/news\/#website\",\"url\":\"https:\/\/www.tafeldeko.de\/news\/\",\"name\":\"Tafeldeko\",\"description\":\"Blog mit Tischdeko und Tischdekoration Ideen\",\"potentialAction\":[{\"@type\":\"SearchAction\",\"target\":{\"@type\":\"EntryPoint\",\"urlTemplate\":\"https:\/\/www.tafeldeko.de\/news\/?s={search_term_string}\"},\"query-input\":\"required name=search_term_string\"}],\"inLanguage\":\"de-DE\"},{\"@type\":\"Person\",\"@id\":\"https:\/\/www.tafeldeko.de\/news\/#\/schema\/person\/d2acd86447ed0b6336089a8ba83164a0\",\"name\":\"Christiane Stein\",\"image\":{\"@type\":\"ImageObject\",\"inLanguage\":\"de-DE\",\"@id\":\"https:\/\/www.tafeldeko.de\/news\/#\/schema\/person\/image\/\",\"url\":\"https:\/\/secure.gravatar.com\/avatar\/2054729fbfd1ebc9d3cf1fd55361d0b6?s=96&d=mm&r=g\",\"contentUrl\":\"https:\/\/secure.gravatar.com\/avatar\/2054729fbfd1ebc9d3cf1fd55361d0b6?s=96&d=mm&r=g\",\"caption\":\"Christiane Stein\"}}]}<\/script>\n<!-- \/ Yoast SEO plugin. -->","yoast_head_json":{"title":"Die Deko im Garten - Tafeldeko","description":"Die Wohnung, das Haus, der Garten, der Balkon, die Terrasse und vieles mehr ist ein gewisses Aush\u00e4ngeschild f\u00fcr seine Bewohner. Wer Wert auf das Ansehen","robots":{"index":"index","follow":"follow","max-snippet":"max-snippet:-1","max-image-preview":"max-image-preview:large","max-video-preview":"max-video-preview:-1"},"canonical":"https:\/\/www.tafeldeko.de\/news\/die-deko-im-garten\/","og_locale":"de_DE","og_type":"article","og_title":"Die Deko im Garten - Tafeldeko","og_description":"Die Wohnung, das Haus, der Garten, der Balkon, die Terrasse und vieles mehr ist ein gewisses Aush\u00e4ngeschild f\u00fcr seine Bewohner. Wer Wert auf das Ansehen","og_url":"https:\/\/www.tafeldeko.de\/news\/die-deko-im-garten\/","og_site_name":"Tafeldeko","article_publisher":"https:\/\/www.facebook.com\/pages\/Tafeldeko-einzigartige-Tischdekoration\/174202655894","article_published_time":"2012-01-09T18:50:22+00:00","author":"Christiane Stein","twitter_misc":{"Verfasst von":"Christiane Stein","Gesch\u00e4tzte Lesezeit":"2 Minuten"},"schema":{"@context":"https:\/\/schema.org","@graph":[{"@type":"WebPage","@id":"https:\/\/www.tafeldeko.de\/news\/die-deko-im-garten\/","url":"https:\/\/www.tafeldeko.de\/news\/die-deko-im-garten\/","name":"Die Deko im Garten - Tafeldeko","isPartOf":{"@id":"https:\/\/www.tafeldeko.de\/news\/#website"},"datePublished":"2012-01-09T18:50:22+00:00","dateModified":"2012-01-09T18:50:22+00:00","author":{"@id":"https:\/\/www.tafeldeko.de\/news\/#\/schema\/person\/d2acd86447ed0b6336089a8ba83164a0"},"description":"Die Wohnung, das Haus, der Garten, der Balkon, die Terrasse und vieles mehr ist ein gewisses Aush\u00e4ngeschild f\u00fcr seine Bewohner. Wer Wert auf das Ansehen","breadcrumb":{"@id":"https:\/\/www.tafeldeko.de\/news\/die-deko-im-garten\/#breadcrumb"},"inLanguage":"de-DE","potentialAction":[{"@type":"ReadAction","target":["https:\/\/www.tafeldeko.de\/news\/die-deko-im-garten\/"]}]},{"@type":"BreadcrumbList","@id":"https:\/\/www.tafeldeko.de\/news\/die-deko-im-garten\/#breadcrumb","itemListElement":[{"@type":"ListItem","position":1,"name":"Tafeldeko","item":"https:\/\/www.tafeldeko.de\/news\/"},{"@type":"ListItem","position":2,"name":"Alte Beitr\u00e4ge","item":"https:\/\/www.tafeldeko.de\/news\/alte-beitraege\/"},{"@type":"ListItem","position":3,"name":"Tischdeko - Blog","item":"https:\/\/www.tafeldeko.de\/news\/alte-beitraege\/tischdeko-blog\/"},{"@type":"ListItem","position":4,"name":"Die Deko im Garten"}]},{"@type":"WebSite","@id":"https:\/\/www.tafeldeko.de\/news\/#website","url":"https:\/\/www.tafeldeko.de\/news\/","name":"Tafeldeko","description":"Blog mit Tischdeko und Tischdekoration Ideen","potentialAction":[{"@type":"SearchAction","target":{"@type":"EntryPoint","urlTemplate":"https:\/\/www.tafeldeko.de\/news\/?s={search_term_string}"},"query-input":"required name=search_term_string"}],"inLanguage":"de-DE"},{"@type":"Person","@id":"https:\/\/www.tafeldeko.de\/news\/#\/schema\/person\/d2acd86447ed0b6336089a8ba83164a0","name":"Christiane Stein","image":{"@type":"ImageObject","inLanguage":"de-DE","@id":"https:\/\/www.tafeldeko.de\/news\/#\/schema\/person\/image\/","url":"https:\/\/secure.gravatar.com\/avatar\/2054729fbfd1ebc9d3cf1fd55361d0b6?s=96&d=mm&r=g","contentUrl":"https:\/\/secure.gravatar.com\/avatar\/2054729fbfd1ebc9d3cf1fd55361d0b6?s=96&d=mm&r=g","caption":"Christiane Stein"}}]}},"_links":{"self":[{"href":"https:\/\/www.tafeldeko.de\/news\/wp-json\/wp\/v2\/posts\/3727"}],"collection":[{"href":"https:\/\/www.tafeldeko.de\/news\/wp-json\/wp\/v2\/posts"}],"about":[{"href":"https:\/\/www.tafeldeko.de\/news\/wp-json\/wp\/v2\/types\/post"}],"author":[{"embeddable":true,"href":"https:\/\/www.tafeldeko.de\/news\/wp-json\/wp\/v2\/users\/2"}],"replies":[{"embeddable":true,"href":"https:\/\/www.tafeldeko.de\/news\/wp-json\/wp\/v2\/comments?post=3727"}],"version-history":[{"count":0,"href":"https:\/\/www.tafeldeko.de\/news\/wp-json\/wp\/v2\/posts\/3727\/revisions"}],"wp:attachment":[{"href":"https:\/\/www.tafeldeko.de\/news\/wp-json\/wp\/v2\/media?parent=3727"}],"wp:term":[{"taxonomy":"category","embeddable":true,"href":"https:\/\/www.tafeldeko.de\/news\/wp-json\/wp\/v2\/categories?post=3727"},{"taxonomy":"post_tag","embeddable":true,"href":"https:\/\/www.tafeldeko.de\/news\/wp-json\/wp\/v2\/tags?post=3727"}],"curies":[{"name":"wp","href":"https:\/\/api.w.org\/{rel}","templated":true}]}}